{"id":501,"date":"2012-08-31T12:22:10","date_gmt":"2012-08-31T10:22:10","guid":{"rendered":"http:\/\/www.culture-numerique.fr\/?p=501"},"modified":"2014-09-11T16:57:47","modified_gmt":"2014-09-11T14:57:47","slug":"mitic-un-concept-original-denseignement-du-numerique","status":"publish","type":"post","link":"https:\/\/www.culture-numerique.fr\/?p=501","title":{"rendered":"Mitic, un concept original d\u2019enseignement du num\u00e9rique\u2026"},"content":{"rendered":"<p><strong><a href=\"http:\/\/www.culture-numerique.fr\/wp-content\/uploads\/2014\/04\/ctie.jpg\"><img loading=\"lazy\" decoding=\"async\" class=\"wp-image-502 alignleft\" src=\"http:\/\/www.culture-numerique.fr\/wp-content\/uploads\/2014\/04\/ctie.jpg\" alt=\"Ctie\" width=\"389\" height=\"171\" srcset=\"https:\/\/www.culture-numerique.fr\/wp-content\/uploads\/2014\/04\/ctie.jpg 580w, https:\/\/www.culture-numerique.fr\/wp-content\/uploads\/2014\/04\/ctie-300x131.jpg 300w, https:\/\/www.culture-numerique.fr\/wp-content\/uploads\/2014\/04\/ctie-100x43.jpg 100w, https:\/\/www.culture-numerique.fr\/wp-content\/uploads\/2014\/04\/ctie-150x65.jpg 150w, https:\/\/www.culture-numerique.fr\/wp-content\/uploads\/2014\/04\/ctie-200x87.jpg 200w, https:\/\/www.culture-numerique.fr\/wp-content\/uploads\/2014\/04\/ctie-450x197.jpg 450w\" sizes=\"auto, (max-width: 389px) 100vw, 389px\" \/><\/a>De retour de Berne o\u00f9 on me fit l\u2019honneur de m\u2019inviter<\/strong> \u2014 merci encore \u00e0\u00a0<a href=\"https:\/\/twitter.com\/flupe\" target=\"_blank\">Fran\u00e7ois Fl\u00fcckiger<\/a>\u00a0\u2014 pour un\u00a0<a href=\"http:\/\/ctie.educa.ch\/fr\/concepts-tic-date-limite\" target=\"_blank\">colloque de rentr\u00e9e<\/a>\u00a0consacr\u00e9 au num\u00e9rique \u00e0 l\u2019\u00e9cole (voir mon\u00a0<a href=\"http:\/\/gingko.neottia.net\/post\/30245844362\/lecole-dans-un-monde-qui-change\" target=\"_blank\">dernier billet<\/a>\u00a0\u00e0 ce sujet), j\u2019ai eu l\u2019occasion d\u2019\u00eatre tremp\u00e9 dans le bain des\u00a0<strong>Mitic<\/strong>, un concept typiquement helv\u00e9tique, si bien d\u00e9crit par\u00a0<a href=\"http:\/\/fr.wikipedia.org\/wiki\/M%C3%A9dias,_images_et_technologies_de_l%27information_et_de_la_communication\" target=\"_blank\">l\u2019article Wikipedia<\/a>\u00a0qui en parle\u00a0:<\/p>\n<blockquote><p><em>La notion de\u00a0M\u00e9dias, images et technologies de l\u2019information et de la communication, ou\u00a0MITIC, cr\u00e9\u00e9e en\u00a0Suisse\u00a0\u00e0\u00a0Gen\u00e8ve\u00a0par le service en charge du domaine concern\u00e9 au D\u00e9partement de l\u2019instruction publique, tend \u00e0 \u00e9largir le concept de\u00a0TIC (Technologies de l\u2019information et de la communication)\u00a0en prenant \u00e9galement en compte les convergences multim\u00e9dias et les aspects \u00e9thiques, soci\u00e9taux et l\u00e9gaux induits par l\u2019expansion et la g\u00e9n\u00e9ralisation des usages des nouvelles technologies.<\/em><\/p><\/blockquote>\n<p>Pour ma part\u00a0\u2014 mes anciens coll\u00e8gues du Clemi peuvent en t\u00e9moigner \u2014, j\u2019ai toujours milit\u00e9 (sans trop y parvenir du c\u00f4t\u00e9 du Clemi alors que ce fut plus facile dans mon acad\u00e9mie de rattachement) pour un rapprochement des Tice et de l\u2019\u00e9ducation aux m\u00e9dias, plaidant que les premi\u00e8res ne pouvaient se passer de l\u2019\u00e9clairage critique et citoyen de la\u00a0<a style=\"color: #2c32f6;\" href=\"http:\/\/fr.wikipedia.org\/wiki\/Litt%C3%A9ratie\" target=\"_blank\">litt\u00e9ratie<\/a>\u00a0informationnelle et m\u00e9diatique, ouvrant d\u2019ailleurs ainsi la voie \u00e0 une\u00a0<strong>litt\u00e9ratie num\u00e9rique<\/strong>, et que le champ de la deuxi\u00e8me ne pouvait en aucun cas ne pas se pr\u00e9occuper des usages et surtout des techniques num\u00e9riques, si fortement pr\u00e9sentes.<\/p>\n<p>Je ne peux que me r\u00e9jouir que les coll\u00e8gues suisses, et en particulier romands, aient d\u00e9cider d\u2019int\u00e9grer, dans leur Plan d\u2019\u00e9tudes, un enseignement dit Mitic en formation g\u00e9n\u00e9rale transversale.<\/p>\n<p><a href=\"http:\/\/www.culture-numerique.fr\/wp-content\/uploads\/2014\/04\/fleche_720x540.png\"><img loading=\"lazy\" decoding=\"async\" class=\"size-full wp-image-503 aligncenter\" src=\"http:\/\/www.culture-numerique.fr\/wp-content\/uploads\/2014\/04\/fleche_720x540.png\" alt=\"Mitic\" width=\"720\" height=\"540\" srcset=\"https:\/\/www.culture-numerique.fr\/wp-content\/uploads\/2014\/04\/fleche_720x540.png 720w, https:\/\/www.culture-numerique.fr\/wp-content\/uploads\/2014\/04\/fleche_720x540-300x225.png 300w, https:\/\/www.culture-numerique.fr\/wp-content\/uploads\/2014\/04\/fleche_720x540-100x75.png 100w, https:\/\/www.culture-numerique.fr\/wp-content\/uploads\/2014\/04\/fleche_720x540-150x112.png 150w, https:\/\/www.culture-numerique.fr\/wp-content\/uploads\/2014\/04\/fleche_720x540-200x150.png 200w, https:\/\/www.culture-numerique.fr\/wp-content\/uploads\/2014\/04\/fleche_720x540-450x337.png 450w, https:\/\/www.culture-numerique.fr\/wp-content\/uploads\/2014\/04\/fleche_720x540-600x450.png 600w\" sizes=\"auto, (max-width: 720px) 100vw, 720px\" \/><\/a><\/p>\n<p>M\u00eame s\u2019il persiste \u00e7\u00e0 et l\u00e0 un enseignement optionnel de l\u2019informatique, c\u2019est donc bien l\u2019ensemble des disciplines qui est concern\u00e9 par cet enseignement des Mitic.<\/p>\n<p>Au cycle 2, par exemple, qui correspond pour nous \u00e0 la fin de l\u2019\u00e9cole \u00e9l\u00e9mentaire et au d\u00e9but du coll\u00e8ge, le Plan d\u2019\u00e9tudes pr\u00e9voit\u00a0:<\/p>\n<blockquote><p><em>Dans le cadre scolaire, les\u00a0Mitic\u00a0jouent des r\u00f4les multiples, comme\u00a0:<\/em><\/p>\n<ul>\n<li><em>discipline scolaire par l\u2019apprentissage des outils informatiques et\u00a0multim\u00e9dias\u00a0;<\/em><\/li>\n<li><em>outils permettant de d\u00e9velopper et \u00e9largir les pratiques scolaires en g\u00e9n\u00e9ral\u00a0;<\/em><\/li>\n<li><em>d\u00e9veloppement de l\u2019esprit et de l\u2019ind\u00e9pendance critiques face aux m\u00e9dias, voire aux d\u00e9veloppements technologiques, participant ainsi \u00e0 l\u2019\u00c9ducation \u00e0 la citoyennet\u00e9.<\/em><\/li>\n<\/ul>\n<\/blockquote>\n<p><a href=\"http:\/\/www.plandetudes.ch\/web\/guest\/fg\/cg2\/#mitic\" target=\"_blank\">Des objectifs pr\u00e9cis<\/a>\u00a0sont assign\u00e9s dans chacun des quatre grands champs disciplinaires (langues, math\u00e9matiques et sciences de la nature, sciences humaines et sociales, arts).<\/p>\n<p>On peut prendre connaissance de l\u2019ensemble du r\u00e9f\u00e9rentiel sur\u00a0<a href=\"http:\/\/www.plandetudes.ch\/web\/guest\/mitic\" target=\"_blank\">cette page<\/a>. Dans le canton de Fribourg, un dispositif sp\u00e9cial est mis en place, appel\u00e9\u00a0<a href=\"http:\/\/permitic.friportail.ch\/\" target=\"_blank\">Permitic<\/a>, qui pr\u00e9voit la cr\u00e9ation d\u2019un\u00a0<a href=\"http:\/\/www.fri-tic.ch\/dyn\/9.asp?url=40668%2Easp\" target=\"_blank\">r\u00e9seau de personnes-ressources Tic<\/a>\u00a0form\u00e9es, avec un\u00a0<a href=\"http:\/\/www.fri-tic.ch\/dyn\/bin\/40668-44013-1-cc_pers_ressources_250208.pdf\" target=\"_blank\">cahier des charges<\/a>\u00a0et un\u00a0<a href=\"http:\/\/www.fri-tic.ch\/dyn\/bin\/40668-43381-1-pr_refcomp_280903.pdf\" target=\"_blank\">r\u00e9f\u00e9rentiel<\/a>\u00a0tr\u00e8s pr\u00e9cis, enseignants qui ont la charge \u00ab\u00a0[d\u2019]<em>assurer le conseil et l\u2019assistance p\u00e9dagogiques lors de l\u2019int\u00e9gration des MITIC dans l\u2019enseignement.<\/em>\u00a0\u00bb<\/p>\n<p>Je vous engage vivement \u00e0 ne pas vous priver de cliquer sur les liens ci-dessus. Il y a assur\u00e9ment l\u00e0 de tr\u00e8s bonnes id\u00e9es \u00e0 prendre qui permettraient de sortir des carcans du C2I, pour les enseignants, ou du B2I, pour les \u00e9l\u00e8ves, si d\u00e9connect\u00e9s des r\u00e9alit\u00e9s de l\u2019enseignement, pour permettre une int\u00e9gration plus rapide et moins douloureuse du num\u00e9rique et de sa culture dans les pratiques disciplinaires, y compris en documentation.<\/p>\n<p>Michel Guillou\u00a0<a style=\"color: #2c32f6;\" title=\"Twitter\" href=\"https:\/\/twitter.com\/#!\/michelguillou\" target=\"_blank\">@michelguillou<br \/>\n<\/a><\/p>\n<p><a style=\"color: #2c32f6;\" href=\"http:\/\/creativecommons.org\/licenses\/by-nc-sa\/2.0\/fr\/\" target=\"_blank\" rel=\"license\"><img decoding=\"async\" src=\"http:\/\/i.creativecommons.org\/l\/by-nc-sa\/2.0\/fr\/80x15.png\" alt=\"Licence Creative Commons\" \/><\/a><\/p>\n<p>&nbsp;<\/p>\n","protected":false},"excerpt":{"rendered":"<p><strong><a href=\"http:\/\/www.culture-numerique.fr\/wp-content\/uploads\/2014\/04\/ctie.jpg\"><img loading=\"lazy\" decoding=\"async\" class=\"wp-image-502 alignleft\" src=\"http:\/\/www.culture-numerique.fr\/wp-content\/uploads\/2014\/04\/ctie.jpg\" alt=\"Ctie\" width=\"389\" height=\"171\" srcset=\"https:\/\/www.culture-numerique.fr\/wp-content\/uploads\/2014\/04\/ctie.jpg 580w, https:\/\/www.culture-numerique.fr\/wp-content\/uploads\/2014\/04\/ctie-300x131.jpg 300w, https:\/\/www.culture-numerique.fr\/wp-content\/uploads\/2014\/04\/ctie-100x43.jpg 100w, https:\/\/www.culture-numerique.fr\/wp-content\/uploads\/2014\/04\/ctie-150x65.jpg 150w, https:\/\/www.culture-numerique.fr\/wp-content\/uploads\/2014\/04\/ctie-200x87.jpg 200w, https:\/\/www.culture-numerique.fr\/wp-content\/uploads\/2014\/04\/ctie-450x197.jpg 450w\" sizes=\"auto, (max-width: 389px) 100vw, 389px\" \/><\/a>De retour de Berne o\u00f9 on me fit l\u2019honneur de m\u2019inviter<\/strong> \u2014 merci encore \u00e0\u00a0<a href=\"https:\/\/twitter.com\/flupe\" target=\"_blank\">Fran\u00e7ois Fl\u00fcckiger<\/a>\u00a0\u2014 pour un\u00a0<a href=\"http:\/\/ctie.educa.ch\/fr\/concepts-tic-date-limite\" target=\"_blank\">colloque de rentr\u00e9e<\/a>\u00a0consacr\u00e9 au num\u00e9rique \u00e0 l\u2019\u00e9cole (voir mon\u00a0<a href=\"http:\/\/gingko.neottia.net\/post\/30245844362\/lecole-dans-un-monde-qui-change\" target=\"_blank\">dernier billet<\/a>\u00a0\u00e0 ce sujet),<\/p>\n<p><span class=\"ellipsis\">&hellip;<\/span><\/p>\n<div class=\"read-more\"><a href=\"https:\/\/www.culture-numerique.fr\/?p=501\">Lire la suite &#8250;<\/a><\/div>\n<p><!-- end of .read-more --><\/p>\n","protected":false},"author":1,"featured_media":503,"comment_status":"open","ping_status":"open","sticky":false,"template":"","format":"standard","meta":{"jetpack_post_was_ever_published":false,"_jetpack_newsletter_access":"","_jetpack_dont_email_post_to_subs":false,"_jetpack_newsletter_tier_id":0,"_jetpack_memberships_contains_paywalled_content":false,"_jetpack_memberships_contains_paid_content":false,"footnotes":""},"categories":[20],"tags":[111,335,207,336,2,338,337,54,41],"class_list":["post-501","post","type-post","status-publish","format-standard","has-post-thumbnail","hentry","category-breves","tag-education-aux-medias","tag-litteratie","tag-medias","tag-mitic","tag-numerique","tag-plan-detudes-romand","tag-suisse","tag-tic","tag-tice"],"jetpack_featured_media_url":"https:\/\/www.culture-numerique.fr\/wp-content\/uploads\/2014\/04\/fleche_720x540.png","jetpack_sharing_enabled":true,"_links":{"self":[{"href":"https:\/\/www.culture-numerique.fr\/index.php?rest_route=\/wp\/v2\/posts\/501","targetHints":{"allow":["GET"]}}],"collection":[{"href":"https:\/\/www.culture-numerique.fr\/index.php?rest_route=\/wp\/v2\/posts"}],"about":[{"href":"https:\/\/www.culture-numerique.fr\/index.php?rest_route=\/wp\/v2\/types\/post"}],"author":[{"embeddable":true,"href":"https:\/\/www.culture-numerique.fr\/index.php?rest_route=\/wp\/v2\/users\/1"}],"replies":[{"embeddable":true,"href":"https:\/\/www.culture-numerique.fr\/index.php?rest_route=%2Fwp%2Fv2%2Fcomments&post=501"}],"version-history":[{"count":3,"href":"https:\/\/www.culture-numerique.fr\/index.php?rest_route=\/wp\/v2\/posts\/501\/revisions"}],"predecessor-version":[{"id":1687,"href":"https:\/\/www.culture-numerique.fr\/index.php?rest_route=\/wp\/v2\/posts\/501\/revisions\/1687"}],"wp:featuredmedia":[{"embeddable":true,"href":"https:\/\/www.culture-numerique.fr\/index.php?rest_route=\/wp\/v2\/media\/503"}],"wp:attachment":[{"href":"https:\/\/www.culture-numerique.fr\/index.php?rest_route=%2Fwp%2Fv2%2Fmedia&parent=501"}],"wp:term":[{"taxonomy":"category","embeddable":true,"href":"https:\/\/www.culture-numerique.fr\/index.php?rest_route=%2Fwp%2Fv2%2Fcategories&post=501"},{"taxonomy":"post_tag","embeddable":true,"href":"https:\/\/www.culture-numerique.fr\/index.php?rest_route=%2Fwp%2Fv2%2Ftags&post=501"}],"curies":[{"name":"wp","href":"https:\/\/api.w.org\/{rel}","templated":true}]}}