{"id":4927,"date":"2016-05-02T18:55:40","date_gmt":"2016-05-02T16:55:40","guid":{"rendered":"http:\/\/www.culture-numerique.fr\/?p=4927"},"modified":"2016-09-11T23:47:52","modified_gmt":"2016-09-11T21:47:52","slug":"numerique-educatif-tout-plan-est-voue-a-lechec","status":"publish","type":"post","link":"https:\/\/www.culture-numerique.fr\/?p=4927","title":{"rendered":"Num\u00e9rique \u00e9ducatif\u00a0: tout plan est vou\u00e9 \u00e0 l&rsquo;\u00e9chec"},"content":{"rendered":"<p><img loading=\"lazy\" decoding=\"async\" class=\"aligncenter size-full wp-image-4929\" src=\"http:\/\/www.culture-numerique.fr\/wp-content\/uploads\/2016\/04\/chess-433071_1280.jpg\" alt=\"\u00c9checs\" width=\"1280\" height=\"851\" srcset=\"https:\/\/www.culture-numerique.fr\/wp-content\/uploads\/2016\/04\/chess-433071_1280.jpg 1280w, https:\/\/www.culture-numerique.fr\/wp-content\/uploads\/2016\/04\/chess-433071_1280-300x199.jpg 300w, https:\/\/www.culture-numerique.fr\/wp-content\/uploads\/2016\/04\/chess-433071_1280-1024x681.jpg 1024w, https:\/\/www.culture-numerique.fr\/wp-content\/uploads\/2016\/04\/chess-433071_1280-100x66.jpg 100w, https:\/\/www.culture-numerique.fr\/wp-content\/uploads\/2016\/04\/chess-433071_1280-150x100.jpg 150w, https:\/\/www.culture-numerique.fr\/wp-content\/uploads\/2016\/04\/chess-433071_1280-200x133.jpg 200w, https:\/\/www.culture-numerique.fr\/wp-content\/uploads\/2016\/04\/chess-433071_1280-450x299.jpg 450w, https:\/\/www.culture-numerique.fr\/wp-content\/uploads\/2016\/04\/chess-433071_1280-600x399.jpg 600w, https:\/\/www.culture-numerique.fr\/wp-content\/uploads\/2016\/04\/chess-433071_1280-900x598.jpg 900w\" sizes=\"auto, (max-width: 1280px) 100vw, 1280px\" \/><\/p>\n<p><strong>\u00c7a semblait pourtant avoir bien commenc\u00e9<\/strong>. Rappelez-vous, on nous a d&#8217;embl\u00e9e propos\u00e9, en juillet 2013, une prometteuse\u00a0<a href=\"http:\/\/www.education.gouv.fr\/pid29462\/la-refondation-de-l-ecole-de-la-republique.html\" target=\"_blank\">loi de refondation de l&rsquo;\u00e9cole<\/a> dont un des six objectifs est de \u00ab\u00a0<span style=\"color: #800000;\"><em>faire entrer l&rsquo;\u00e9cole dans l&rsquo;\u00e8re du num\u00e9rique afin de prendre v\u00e9ritablement en compte ses enjeux et atouts pour l&rsquo;\u00e9cole\u00a0<\/em><\/span>\u00bb.\u00a0Bon, le slogan \u00ab\u00a0<strong>Faire entrer l&rsquo;\u00e9cole dans l&rsquo;\u00e8re du num\u00e9rique<\/strong>\u00a0\u00bb \u00e9tait particuli\u00e8rement mal choisi, tant il \u00e9tait porteur d&rsquo;un gros doute sur la capacit\u00e9 de l&rsquo;\u00e9cole \u00e0 changer en quoi que ce soit. \u00c0 cette fameuse entr\u00e9e, il s&rsquo;agissait davantage d&rsquo;un l\u00e9ger frisson que du s\u00e9isme disruptif auquel on pouvait s&rsquo;attendre \u00e0 l&rsquo;\u00e9coute des discours particuli\u00e8rement \u00e9clair\u00e9s et volontaristes de <a href=\"https:\/\/fr.wikipedia.org\/wiki\/Vincent_Peillon\" target=\"_blank\">Vincent Peillon<\/a> (1).<\/p>\n<h3>Quid de\u00a0la refondation de l&rsquo;\u00e9cole num\u00e9rique\u00a0?<\/h3>\n<p><img loading=\"lazy\" decoding=\"async\" class=\"aligncenter wp-image-4939 size-full\" src=\"http:\/\/www.culture-numerique.fr\/wp-content\/uploads\/2016\/04\/2016-04-30_220937.png\" alt=\"Mesures\" width=\"514\" height=\"173\" srcset=\"https:\/\/www.culture-numerique.fr\/wp-content\/uploads\/2016\/04\/2016-04-30_220937.png 514w, https:\/\/www.culture-numerique.fr\/wp-content\/uploads\/2016\/04\/2016-04-30_220937-300x101.png 300w, https:\/\/www.culture-numerique.fr\/wp-content\/uploads\/2016\/04\/2016-04-30_220937-100x34.png 100w, https:\/\/www.culture-numerique.fr\/wp-content\/uploads\/2016\/04\/2016-04-30_220937-150x50.png 150w, https:\/\/www.culture-numerique.fr\/wp-content\/uploads\/2016\/04\/2016-04-30_220937-200x67.png 200w, https:\/\/www.culture-numerique.fr\/wp-content\/uploads\/2016\/04\/2016-04-30_220937-450x151.png 450w\" sizes=\"auto, (max-width: 514px) 100vw, 514px\" \/>Aujourd&rsquo;hui, o\u00f9 en est-on\u00a0de\u00a0quatre\u00a0mesures cl\u00e9s, celles qui concernent le num\u00e9rique, voir ci-dessus, parmi les vingt-cinq de la loi de refondation\u00a0? Seul peut-\u00eatre le point 9, la cr\u00e9ation d&rsquo;un service public de l&rsquo;enseignement num\u00e9rique, modulo quelques l\u00e9g\u00e8res modifications de vocabulaire, a-t-il \u00e9t\u00e9 mis en \u0153uvre. En effet, on a cr\u00e9\u00e9 au minist\u00e8re une nouvelle direction, dite du <a href=\"http:\/\/www.education.gouv.fr\/cid77084\/direction-du-numerique-pour-l-education-dne.html\" target=\"_blank\">num\u00e9rique pour l&rsquo;\u00e9ducation<\/a>\u00a0qui se d\u00e9cline, dans chaque acad\u00e9mie, en directions acad\u00e9miques sous l&rsquo;autorit\u00e9 des recteurs. On a ensuite mis en place tout un tas de services en forme de portails web qui rendent d&rsquo;\u00e9minents services. Puis on a mis en musique non la strat\u00e9gie num\u00e9rique ch\u00e8re \u00e0 Vincent Peillon mais un Plan num\u00e9rique con\u00e7u dans les alc\u00f4ves des cabinets pr\u00e9sidentiels. J&rsquo;y reviens.<\/p>\n<p>Parmi les portails d\u00e9di\u00e9s, il faut noter la cr\u00e9ation r\u00e9cente d&rsquo;un site g\u00e9n\u00e9raliste \u00ab\u00a0<a href=\"http:\/\/ecolenumerique.education.gouv.fr\/\" target=\"_blank\">Les grandes \u00e9tapes du plan num\u00e9rique<\/a>\u00a0\u00bb d\u00e9roulant sous forme de frise chronologique, au cas o\u00f9 on n&rsquo;aurait pas compris, la planification en cours. Il commence par cette \u00e9tonnante question\u00a0:<\/p>\n<p><img loading=\"lazy\" decoding=\"async\" class=\"size-full wp-image-4951 aligncenter\" src=\"http:\/\/www.culture-numerique.fr\/wp-content\/uploads\/2016\/05\/2016-05-02_150057.png\" alt=\"Le choix ?\" width=\"861\" height=\"190\" srcset=\"https:\/\/www.culture-numerique.fr\/wp-content\/uploads\/2016\/05\/2016-05-02_150057.png 861w, https:\/\/www.culture-numerique.fr\/wp-content\/uploads\/2016\/05\/2016-05-02_150057-300x66.png 300w, https:\/\/www.culture-numerique.fr\/wp-content\/uploads\/2016\/05\/2016-05-02_150057-100x22.png 100w, https:\/\/www.culture-numerique.fr\/wp-content\/uploads\/2016\/05\/2016-05-02_150057-150x33.png 150w, https:\/\/www.culture-numerique.fr\/wp-content\/uploads\/2016\/05\/2016-05-02_150057-200x44.png 200w, https:\/\/www.culture-numerique.fr\/wp-content\/uploads\/2016\/05\/2016-05-02_150057-450x99.png 450w, https:\/\/www.culture-numerique.fr\/wp-content\/uploads\/2016\/05\/2016-05-02_150057-600x132.png 600w\" sizes=\"auto, (max-width: 861px) 100vw, 861px\" \/><\/p>\n<p>Comme si la question valait d&rsquo;\u00eatre pos\u00e9e\u00a0! <strong>Comme si l&rsquo;\u00e9cole avait le choix\u00a0!<\/strong><\/p>\n<p>Tout cela ressemble en effet \u00e0 un service public du num\u00e9rique pour l&rsquo;\u00e9ducation, en effet. Mais pour le reste\u2026 La r\u00e9partition des comp\u00e9tences entre \u00c9tat et collectivit\u00e9s territoriales est encore en chantier, chacun s&rsquo;effor\u00e7ant, sur fond de tensions politiques majeures, de d\u00e9penser le moins possible d&rsquo;argent public, en tout cas moins que le partenaire. Par ailleurs, l&rsquo;\u00c9tat ne joue pas son r\u00f4le et les in\u00e9galit\u00e9s\u00a0entre collectivit\u00e9s riches et pauvres se renforcent dans les territoires. Toutes les enqu\u00eates internationales montrent une aggravation du retard, comparativement \u00e0 nos voisins, tant pour ce qui concerne le raccordement au tr\u00e8s haut d\u00e9bit dont ont besoin les \u00e9coles, coll\u00e8ges et lyc\u00e9es que pour ce qui concerne les \u00e9quipements, dont on sait que s&rsquo;ils ne constituent pas un pr\u00e9alable \u00e0 l\u2019engagement num\u00e9rique de l&rsquo;\u00e9cole (2), ils sont tout de m\u00eame bien utiles, en classe. L&rsquo;exception p\u00e9dagogique n&rsquo;a pas boug\u00e9 d&rsquo;un iota et les lobbys sont si puissants en ce domaine que le service public tarde \u00e0 promouvoir <strong>des Communs de l&rsquo;\u00e9ducation<\/strong> ou m\u00eame, simplement, \u00e0 faire avancer les dossiers si importants du libre et de l&rsquo;interop\u00e9rabilit\u00e9. Enfin, l&rsquo;\u00ab\u00a0\u00e9ducation au num\u00e9rique\u00a0\u00bb est encore tr\u00e8s \u00e0 la tra\u00eene, elle aussi, dans le socle commun, dans des nouveaux programmes insipides qui n&rsquo;ont du num\u00e9rique qu&rsquo;une vision utilitaire ou dans des enseignements ou dispositifs transversaux dont la mise en \u0153uvre s&rsquo;av\u00e8re plus que compliqu\u00e9e \u2014\u00a0je pense en particulier \u00e0 une \u00e9ducation aux m\u00e9dias et \u00e0 l&rsquo;information souvent laiss\u00e9e pour compte. Enfin, qu&rsquo;on ne me dise pas que les nouveaux enseignements optionnels au lyc\u00e9e dits \u00ab\u00a0informatique et sciences du num\u00e9rique\u00a0\u00bb ou l&rsquo;enseignement du \u00ab\u00a0codage\u00a0\u00bb (sic) au premier degr\u00e9, qui d\u00e9sesp\u00e8re tant et \u00e0 juste titre les professeurs d&rsquo;\u00e9cole, sont une r\u00e9ponse pertinente au probl\u00e8me quand il ne s&rsquo;agit que du mis\u00e9rable r\u00e9sultat du travail forcen\u00e9 d&rsquo;un lobby\u00a0!<\/p>\n<p>\u00c0\u00a0cette \u00e9poque-l\u00e0, j&rsquo;ai f\u00e2ch\u00e9 un certain nombre de mes lecteurs en disant que <strong>la refondation serait num\u00e9rique ou ne serait pas<\/strong>. Je ne regrette rien.\u00a0Je note que la transformation num\u00e9rique de l&rsquo;\u00e9cole n&rsquo;a pas encore commenc\u00e9 (3), contrairement d&rsquo;ailleurs \u00e0 ce qui se passe dans la soci\u00e9t\u00e9 ou les entreprises, en cons\u00e9quence de quoi la refondation s&rsquo;av\u00e8re \u00e9videmment plus compliqu\u00e9e \u00e0 mettre en \u0153uvre. En t\u00e9moigne <a href=\"https:\/\/theconversation.com\/refondation-de-lecole-de-bonnes-questions-mais-des-reponses-timides-58667\" target=\"_blank\">le commentaire r\u00e9cent<\/a> de la sociologue\u00a0<a href=\"https:\/\/www.u-cergy.fr\/fr\/_plugins\/mypage\/mypage\/content\/bmabilonbo.html\" target=\"_blank\">B\u00e9atrice Mabilon-Bonfils<\/a> dans <a href=\"https:\/\/theconversation.com\/\" target=\"_blank\"><em>The Conversation<\/em><\/a>.<\/p>\n<blockquote><p>\u00ab Le plan num\u00e9rique pour l\u2019\u00e9cole est un vrai enjeu dans une soci\u00e9t\u00e9 des savoirs o\u00f9 ni l\u2019enseignant ni l\u2019\u00e9cole ne peuvent revendiquer le monopole de l\u2019acc\u00e8s aux savoirs. Mais il n\u2019existe aucune vraie rupture p\u00e9dagogique et didactique seule \u00e0 m\u00eame d\u2019induire de vraies diff\u00e9rences. \u00bb<\/p><\/blockquote>\n<h3>De la strat\u00e9gie au grand Plan<\/h3>\n<p>Revenons \u00e0 notre histoire. Apr\u00e8s l&rsquo;annonce de la refondation et la cr\u00e9ation de la direction du num\u00e9rique, il y a eu la prometteuse <a href=\"http:\/\/www.education.gouv.fr\/cid88688\/restitution-de-la-concertation-nationale-sur-le-numerique-pour-l-education.html\" target=\"_blank\">concertation nationale sur le num\u00e9rique pour l&rsquo;\u00e9ducation<\/a>, d\u00e9but 2015, prometteuse parce qu&rsquo;elle avait suscit\u00e9 la r\u00e9flexion et les intelligentes propositions de la base, comme on dit. Du pur \u00ab\u00a0<em>bottom up<\/em>\u00a0\u00bb, si on s&rsquo;essaie \u00e0 manipuler la langue des branch\u00e9s. Et il y a eu cette d\u00e9cision fort heureuse de changer de slogan, en contradiction d&rsquo;ailleurs avec la question du choix not\u00e9e plus haut\u00a0:<\/p>\n<p><img loading=\"lazy\" decoding=\"async\" class=\"aligncenter size-full wp-image-3097\" src=\"http:\/\/www.culture-numerique.fr\/wp-content\/uploads\/2015\/05\/2015-05-06_214950.jpg\" alt=\"\u00c9cole num\u00e9rique\" width=\"395\" height=\"167\" srcset=\"https:\/\/www.culture-numerique.fr\/wp-content\/uploads\/2015\/05\/2015-05-06_214950.jpg 395w, https:\/\/www.culture-numerique.fr\/wp-content\/uploads\/2015\/05\/2015-05-06_214950-300x127.jpg 300w, https:\/\/www.culture-numerique.fr\/wp-content\/uploads\/2015\/05\/2015-05-06_214950-100x42.jpg 100w, https:\/\/www.culture-numerique.fr\/wp-content\/uploads\/2015\/05\/2015-05-06_214950-150x63.jpg 150w, https:\/\/www.culture-numerique.fr\/wp-content\/uploads\/2015\/05\/2015-05-06_214950-200x85.jpg 200w\" sizes=\"auto, (max-width: 395px) 100vw, 395px\" \/><\/p>\n<p>D\u00e9but 2014, <a href=\"https:\/\/fr.wikipedia.org\/wiki\/Alain_Boissinot\" target=\"_blank\">Alain Boissinot<\/a>, premier pr\u00e9sident du nouveau Conseil sup\u00e9rieur des programmes, disait (4), avec des mots qui lui sont propres\u00a0:<\/p>\n<blockquote><p>\u00ab\u00a0Je crois que, de m\u00eame que nous sommes sortis d\u2019un certain nombre de pratiques traditionnelles, nous sommes aussi sortis d\u2019une logique o\u00f9 l\u2019institution pouvait pr\u00e9tendre fixer depuis la rue de Grenelle, en ayant consult\u00e9 quelques experts, si comp\u00e9tents soient-ils, l\u2019ensemble des pratiques p\u00e9dagogiques que devaient mettre en \u0153uvre tous les enseignants de France.\u00a0\u00bb<\/p><\/blockquote>\n<blockquote><p>\u00ab\u00a0L\u2019\u00e9poque o\u00f9 le ministre pouvait d\u00e9cider du jour et de l\u2019heure \u00e0 laquelle tous les \u00e9l\u00e8ves de France feraient leur dict\u00e9e, elle est d\u00e9cid\u00e9ment bien termin\u00e9e\u2026\u00a0\u00bb<\/p><\/blockquote>\n<p>Puis, \u00e0 propos de la mise en \u0153uvre du num\u00e9rique dans l&rsquo;\u00e9cole, il militait ardemment pour\u00a0:<\/p>\n<blockquote><p>\u00ab\u00a0\u2026ce qui doit \u00eatre laiss\u00e9 \u00e0 l\u2019initiative des \u00e9quipes pour permettre une adaptation suffisamment fluide, suffisamment rapide aux \u00e9volutions des m\u0153urs, des id\u00e9es et des techniques.\u00a0\u00bb<\/p><\/blockquote>\n<p>En d\u00e9non\u00e7ant cette conception autoritaire, verticale, centralisatrice du pilotage institutionnel, qu&rsquo;il croyait r\u00e9volue, Alain Boissinot n&rsquo;imaginait sans doute pas la naissance d&rsquo;un in\u00e9narrable plan num\u00e9rique pour l&rsquo;\u00e9ducation, n\u00e9 bien ailleurs qu&rsquo;au minist\u00e8re. Car c&rsquo;est bien dans les cabinets des conseillers du pr\u00e9sident, soumis aux pressions de tous les lobbys, dont les constructeurs de mat\u00e9riels ou les \u00e9diteurs de ressources les premiers, qu&rsquo;est n\u00e9 ce Plan d&rsquo;un autre \u00e2ge. <strong>On attendait une vision strat\u00e9gique, on a eu un Plan, <\/strong>\u00e0 peine quelques mois apr\u00e8s la concertation nationale, histoire de faire comme si elle n&rsquo;avait pas eu lieu. Nombreux sont ceux qui en ont d\u00e9nonc\u00e9 les travers (5), \u00e0 commencer par l&rsquo;impossibilit\u00e9 de laisser une place pr\u00e9pond\u00e9rante \u00e0 l\u2019initiative, \u00e0 l\u2019innovation et au projet.<\/p>\n<p>Tout r\u00e9cemment encore,\u00a0<a href=\"http:\/\/www.icp.fr\/bourgatte-michael-15591.kjsp\" target=\"_blank\">Micha\u00ebl Bourgatte<\/a>, sans trop prendre de risques,\u00a0<a href=\"https:\/\/theconversation.com\/comprendre-le-plan-numerique-pour-leducation-58377\" target=\"_blank\">notait<\/a> dans <a href=\"https:\/\/theconversation.com\/\" target=\"_blank\"><em>The Conversation<\/em><\/a>\u00a0:<\/p>\n<blockquote><p>\u00ab\u00a0On s\u2019interrogera cependant sur les modes d\u2019acquisition massifs et uniformis\u00e9s de tablettes (notamment face \u00e0 la question du libre arbitre et du libre \u00e9quipement de chacun).\u00a0\u00bb<\/p><\/blockquote>\n<h3>Le contresens<\/h3>\n<p>C&rsquo;est l&rsquo;int\u00e9gralit\u00e9 de la politique num\u00e9rique en mati\u00e8re d&rsquo;\u00e9ducation qui est ainsi marqu\u00e9e du sceau de la planification autoritaire. Il s&rsquo;agit l\u00e0 d&rsquo;<strong>un contresens absolu<\/strong>. Le num\u00e9rique est vecteur de flux, on organise le stock\u00a0\u2014\u00a0se r\u00e9f\u00e9rer \u00e0 ces splendides portails web dont je disais du bien mais qui ne participent en rien \u00e0 la circulation et \u00e0 l&rsquo;enrichissement mutuel des ressources. Le num\u00e9rique est vecteur d&rsquo;innovation et de disruption, on organise la norme et l&rsquo;injonction. Le num\u00e9rique s&rsquo;\u00e9panouit dans l&rsquo;horizontalit\u00e9 r\u00e9ticulaire, on r\u00e9tablit en haut lieu la verticalit\u00e9 descendante. Le num\u00e9rique est paradigmatique, on organise en haut lieu son \u00ab\u00a0d\u00e9ploiement\u00a0\u00bb, voir ci-dessous, dont j&rsquo;ai d\u00e9j\u00e0 dit qu&rsquo;il n&rsquo;avait tout simplement pas de sens (6).<\/p>\n<blockquote class=\"twitter-tweet\" data-width=\"550\" data-dnt=\"true\">\n<p lang=\"fr\" dir=\"ltr\">\u00c9tat du d\u00e9ploiement du plan <a href=\"https:\/\/twitter.com\/hashtag\/EcoleNumerique?src=hash&amp;ref_src=twsrc%5Etfw\">#EcoleNumerique<\/a> <a href=\"https:\/\/twitter.com\/hashtag\/RefondationEcole?src=hash&amp;ref_src=twsrc%5Etfw\">#RefondationEcole<\/a> <a href=\"https:\/\/t.co\/VA20Y8SM4a\">pic.twitter.com\/VA20Y8SM4a<\/a><\/p>\n<p>&mdash; Philippe Roederer (@PhilRoederer) <a href=\"https:\/\/twitter.com\/PhilRoederer\/status\/727040376956178432?ref_src=twsrc%5Etfw\">May 2, 2016<\/a><\/p><\/blockquote>\n<p><script async src=\"https:\/\/platform.twitter.com\/widgets.js\" charset=\"utf-8\"><\/script><\/p>\n<p>Et puis quel sens a, \u00e0 l&rsquo;heure du num\u00e9rique, un Plan d\u00e9cid\u00e9 en 2015 qui devrait voir, au mieux, son premier terme en 2019, tout en ne touchant d&rsquo;ailleurs qu&rsquo;une partie des \u00e9coles et \u00e9tablissements\u00a0? Comment n&rsquo;a-t-on pas compris\u00a0\u2014\u00a0un de mes prochains billets sera sans doute consacr\u00e9 \u00e0 la c\u00e9cit\u00e9 en la mati\u00e8re de nos pr\u00e9tendues \u00e9lites\u00a0\u2014 qu&rsquo;il y avait urgence et que cette derni\u00e8re ne pouvait s&rsquo;accommoder d&rsquo;une planification autoritaire, qu&rsquo;il convenait enfin de mettre<strong> de la souplesse et du flux<\/strong> dans les rouages (l&rsquo;\u00e9quipement, la formation, les ressources), tout en s&rsquo;adaptant aux v\u00e9ritables besoins des professeurs, sur le terrain, et en changeant radicalement, en concertation avec eux bien s\u00fbr, les missions et les services de l&rsquo;encadrement et des enseignants. Comment faire autrement\u00a0?<\/p>\n<p><a href=\"https:\/\/fr.wikipedia.org\/wiki\/Axelle_Lemaire\" target=\"_blank\">Axelle Lemaire<\/a>\u00a0a bien raison, une fois de plus, en <a href=\"https:\/\/www.nextinpact.com\/news\/99595-interview-pour-axelle-lemaire-numerique-evolue-plus-vite-que-programmes-politiques.htm\" target=\"_blank\">estimant<\/a>, dans <em><a href=\"https:\/\/www.nextinpact.com\/\" target=\"_blank\">Nextinpact\u00a0<\/a>:<\/em><\/p>\n<blockquote><p>\u00ab\u00a0En fin de compte, je pense que le num\u00e9rique \u00e9volue plus vite que les programmes politiques, donc nous devons mettre \u00e0 jour notre action en permanence pour en tenir compte.\u00a0\u00bb<\/p><\/blockquote>\n<p>En revanche, en mentionnant le Plan num\u00e9rique comme une r\u00e9ponse \u00e0 cette \u00e9volution, Axelle Lemaire se trompe sur toute la ligne, m\u00eame si elle est \u00e9videmment dans son r\u00f4le. <strong>Car un plan ne peut plus \u00eatre une r\u00e9ponse \u00e0 quoi que ce soit<\/strong>, et surtout pas pour r\u00e9soudre les difficult\u00e9s de l&rsquo;\u00e9cole num\u00e9rique.<\/p>\n<p>\u00c0 moins que \u00e7a ne soit <a href=\"https:\/\/fr.wikipedia.org\/wiki\/Najat_Vallaud-Belkacem\" target=\"_blank\">Najat Vallaud-Belkacem<\/a> qui ait raison, cit\u00e9e ci-dessous par <a href=\"https:\/\/twitter.com\/PhilRoederer\" target=\"_blank\">Philippe Roederer<\/a>\u00a0:<\/p>\n<blockquote class=\"twitter-tweet\" data-width=\"550\" data-dnt=\"true\">\n<p lang=\"fr\" dir=\"ltr\">L&#39;<a href=\"https:\/\/twitter.com\/hashtag\/ecolenumerique?src=hash&amp;ref_src=twsrc%5Etfw\">#ecolenumerique<\/a> ce n&#39;est pas brancher un ordinateur dans la classe. C&#39;est pr\u00e9parer les \u00e9l\u00e8ves au monde qui les entoure. <a href=\"https:\/\/twitter.com\/hashtag\/RefondationEcole?src=hash&amp;ref_src=twsrc%5Etfw\">#RefondationEcole<\/a><\/p>\n<p>&mdash; Philippe Roederer (@PhilRoederer) <a href=\"https:\/\/twitter.com\/PhilRoederer\/status\/727064030993612801?ref_src=twsrc%5Etfw\">May 2, 2016<\/a><\/p><\/blockquote>\n<p><script async src=\"https:\/\/platform.twitter.com\/widgets.js\" charset=\"utf-8\"><\/script><\/p>\n<p>Y a-t-il encore de l&rsquo;espoir\u00a0?<\/p>\n<p>Michel Guillou\u00a0<a href=\"https:\/\/twitter.com\/michelguillou\" target=\"_blank\">@michelguillou<\/a><\/p>\n<p><a href=\"http:\/\/creativecommons.org\/licenses\/by-nc-sa\/2.0\/fr\/\" target=\"_blank\"><img loading=\"lazy\" decoding=\"async\" src=\"http:\/\/i.creativecommons.org\/l\/by-nc-sa\/2.0\/fr\/80x15.png\" alt=\"image\" width=\"80\" height=\"15\" data-pin-nopin=\"true\" \/><\/a><\/p>\n<p>Cr\u00e9dit photo\u00a0: via <a href=\"https:\/\/pixabay.com\/fr\/d-%C3%A9checs-jeu-%C3%A9chiquier-verre-433071\/\" target=\"_blank\">Pixabay<\/a> en licence CC0<\/p>\n<ol>\n<li>La fracture num\u00e9rique est au minist\u00e8re\u00a0!\u00a0<a href=\"http:\/\/www.culture-numerique.fr\/?p=270\" target=\"_blank\">http:\/\/www.culture-numerique.fr\/?p=270<\/a><\/li>\n<li>L\u2019\u00e9quipement ne peut pas \u00eatre un pr\u00e9alable \u00e0 la transformation num\u00e9rique de l\u2019\u00e9cole\u00a0<a href=\"http:\/\/www.culture-numerique.fr\/?p=2663\" target=\"_blank\">http:\/\/www.culture-numerique.fr\/?p=2663<\/a><\/li>\n<li>Le plan num\u00e9rique ne s\u2019accompagne d\u2019aucune transformation de l\u2019\u00e9cole\u00a0<a href=\"http:\/\/www.culture-numerique.fr\/?p=4524\" target=\"_blank\">http:\/\/www.culture-numerique.fr\/?p=4524<\/a><\/li>\n<li>Alain Boissinot\u00a0: \u00ab\u00a0Il devient \u00e0 la fois possible et n\u00e9cessaire, gr\u00e2ce au num\u00e9rique, d\u2019enseigner autrement\u00a0\u00bb\u00a0<a href=\"http:\/\/www.culture-numerique.fr\/?p=190\" target=\"_blank\">http:\/\/www.culture-numerique.fr\/?p=190<\/a><\/li>\n<li>Un \u00e9ni\u00e8me plan num\u00e9rique pour l&rsquo;\u00e9cole\u00a0tardif, opaque, illisible et presque surr\u00e9aliste\u00a0<a href=\"http:\/\/www.culture-numerique.fr\/?p=2074\" target=\"_blank\">http:\/\/www.culture-numerique.fr\/?p=2074<\/a><\/li>\n<li>\u00ab\u00a0D\u00e9ployer le num\u00e9rique \u00e0 l\u2019\u00e9cole\u00a0\u00bb ne veut rien dire, tout simplement\u00a0<a href=\"http:\/\/www.culture-numerique.fr\/?p=4771\" target=\"_blank\">http:\/\/www.culture-numerique.fr\/?p=4771<\/a><\/li>\n<\/ol>\n<p>[cite]<\/p>\n","protected":false},"excerpt":{"rendered":"<p><img loading=\"lazy\" decoding=\"async\" class=\"aligncenter size-full wp-image-4929\" src=\"http:\/\/www.culture-numerique.fr\/wp-content\/uploads\/2016\/04\/chess-433071_1280.jpg\" alt=\"\u00c9checs\" width=\"1280\" height=\"851\" srcset=\"https:\/\/www.culture-numerique.fr\/wp-content\/uploads\/2016\/04\/chess-433071_1280.jpg 1280w, https:\/\/www.culture-numerique.fr\/wp-content\/uploads\/2016\/04\/chess-433071_1280-300x199.jpg 300w, https:\/\/www.culture-numerique.fr\/wp-content\/uploads\/2016\/04\/chess-433071_1280-1024x681.jpg 1024w, https:\/\/www.culture-numerique.fr\/wp-content\/uploads\/2016\/04\/chess-433071_1280-100x66.jpg 100w, https:\/\/www.culture-numerique.fr\/wp-content\/uploads\/2016\/04\/chess-433071_1280-150x100.jpg 150w, https:\/\/www.culture-numerique.fr\/wp-content\/uploads\/2016\/04\/chess-433071_1280-200x133.jpg 200w, https:\/\/www.culture-numerique.fr\/wp-content\/uploads\/2016\/04\/chess-433071_1280-450x299.jpg 450w, https:\/\/www.culture-numerique.fr\/wp-content\/uploads\/2016\/04\/chess-433071_1280-600x399.jpg 600w, https:\/\/www.culture-numerique.fr\/wp-content\/uploads\/2016\/04\/chess-433071_1280-900x598.jpg 900w\" sizes=\"auto, (max-width: 1280px) 100vw, 1280px\" \/><\/p>\n<p><strong>\u00c7a semblait pourtant avoir bien commenc\u00e9<\/strong>. Rappelez-vous, on nous a d&#8217;embl\u00e9e propos\u00e9, en juillet 2013, une prometteuse\u00a0<a href=\"http:\/\/www.education.gouv.fr\/pid29462\/la-refondation-de-l-ecole-de-la-republique.html\" target=\"_blank\">loi de refondation de l&rsquo;\u00e9cole<\/a> dont un des six objectifs est de \u00ab\u00a0<span style=\"color: #800000;\"><em>faire entrer l&rsquo;\u00e9cole dans l&rsquo;\u00e8re du num\u00e9rique afin de prendre v\u00e9ritablement en compte ses enjeux et atouts pour l&rsquo;\u00e9cole\u00a0<\/em><\/span>\u00bb.\u00a0<\/p>\n<p><span class=\"ellipsis\">&hellip;<\/span><\/p>\n<div class=\"read-more\"><a href=\"https:\/\/www.culture-numerique.fr\/?p=4927\">Lire la suite &#8250;<\/a><\/div>\n<p><!-- end of .read-more --><\/p>\n","protected":false},"author":1,"featured_media":4929,"comment_status":"open","ping_status":"open","sticky":false,"template":"","format":"standard","meta":{"jetpack_post_was_ever_published":false,"_jetpack_newsletter_access":"","_jetpack_dont_email_post_to_subs":true,"_jetpack_newsletter_tier_id":0,"_jetpack_memberships_contains_paywalled_content":false,"_jetpack_memberships_contains_paid_content":false,"footnotes":""},"categories":[9],"tags":[199,4,320,748,65],"class_list":["post-4927","post","type-post","status-publish","format-standard","has-post-thumbnail","hentry","category-billets-dhumeur","tag-fracture-numerique","tag-numerique-educatif","tag-plan-numerique","tag-planification","tag-refondation"],"jetpack_featured_media_url":"https:\/\/www.culture-numerique.fr\/wp-content\/uploads\/2016\/04\/chess-433071_1280.jpg","jetpack_sharing_enabled":true,"_links":{"self":[{"href":"https:\/\/www.culture-numerique.fr\/index.php?rest_route=\/wp\/v2\/posts\/4927","targetHints":{"allow":["GET"]}}],"collection":[{"href":"https:\/\/www.culture-numerique.fr\/index.php?rest_route=\/wp\/v2\/posts"}],"about":[{"href":"https:\/\/www.culture-numerique.fr\/index.php?rest_route=\/wp\/v2\/types\/post"}],"author":[{"embeddable":true,"href":"https:\/\/www.culture-numerique.fr\/index.php?rest_route=\/wp\/v2\/users\/1"}],"replies":[{"embeddable":true,"href":"https:\/\/www.culture-numerique.fr\/index.php?rest_route=%2Fwp%2Fv2%2Fcomments&post=4927"}],"version-history":[{"count":23,"href":"https:\/\/www.culture-numerique.fr\/index.php?rest_route=\/wp\/v2\/posts\/4927\/revisions"}],"predecessor-version":[{"id":5338,"href":"https:\/\/www.culture-numerique.fr\/index.php?rest_route=\/wp\/v2\/posts\/4927\/revisions\/5338"}],"wp:featuredmedia":[{"embeddable":true,"href":"https:\/\/www.culture-numerique.fr\/index.php?rest_route=\/wp\/v2\/media\/4929"}],"wp:attachment":[{"href":"https:\/\/www.culture-numerique.fr\/index.php?rest_route=%2Fwp%2Fv2%2Fmedia&parent=4927"}],"wp:term":[{"taxonomy":"category","embeddable":true,"href":"https:\/\/www.culture-numerique.fr\/index.php?rest_route=%2Fwp%2Fv2%2Fcategories&post=4927"},{"taxonomy":"post_tag","embeddable":true,"href":"https:\/\/www.culture-numerique.fr\/index.php?rest_route=%2Fwp%2Fv2%2Ftags&post=4927"}],"curies":[{"name":"wp","href":"https:\/\/api.w.org\/{rel}","templated":true}]}}