{"id":492,"date":"2012-09-13T11:46:45","date_gmt":"2012-09-13T09:46:45","guid":{"rendered":"http:\/\/www.culture-numerique.fr\/?p=492"},"modified":"2016-11-04T16:02:31","modified_gmt":"2016-11-04T15:02:31","slug":"stocker-cest-confisquer","status":"publish","type":"post","link":"https:\/\/www.culture-numerique.fr\/?p=492","title":{"rendered":"Stocker, c\u2019est confisquer"},"content":{"rendered":"<p><strong>Ceux qui se sont aventur\u00e9s<\/strong>, ces derni\u00e8res ann\u00e9es, \u00e0 tracer les grandes lignes de ce que pourrait devenir le\u00a0num\u00e9rique\u00a0\u00e9ducatif, ont peu ou prou lanc\u00e9 les m\u00eames id\u00e9es, dress\u00e9 les m\u00eames plans, avec le peu de r\u00e9ussite que chacun sait.<\/p>\n<p>Partout fut propos\u00e9, selon des modalit\u00e9s parfois diverses, le m\u00eame sch\u00e9ma, en forme de tr\u00e9pied\u00a0:\u00a0<strong>le mat\u00e9riel, la formation, les ressources<\/strong>.<\/p>\n<p>Du coup, \u00e0 travailler \u00e0 r\u00e9ussir la consolidation de chacun de ces piliers, on n\u00e9glige de faire \u00e9voluer \u2014 radicalement, cela va de soi \u2014 les organisations, les syst\u00e8mes, les hi\u00e9rarchies, en supposant et en esp\u00e9rant leur capacit\u00e9 \u00e0 s\u2019adapter. Mais le changement de paradigme est tel, avec la surrection du num\u00e9rique, et le choc si brutal, que les r\u00e9formettes et les prises de conscience ne suffisent pas. J\u2019y reviendrai.<\/p>\n<p>Il y aurait tant \u00e0 dire sur chacun des points \u00e9voqu\u00e9s plus haut, notamment sur les erreurs ou incompr\u00e9hensions qui sont la cause du retard que nous avons pris. Ce billet se contentera de revenir sur l\u2019\u00e9pineux probl\u00e8me des ressources\u2026 que j\u2019avais d\u00e9j\u00e0 a<img loading=\"lazy\" decoding=\"async\" class=\"alignright wp-image-1678 size-full\" src=\"http:\/\/www.culture-numerique.fr\/wp-content\/uploads\/2012\/09\/tumblr_ma8uzuysTe1r0uc0h.jpg\" alt=\"tumblr_ma8uzuysTe1r0uc0h\" width=\"334\" height=\"500\" srcset=\"https:\/\/www.culture-numerique.fr\/wp-content\/uploads\/2012\/09\/tumblr_ma8uzuysTe1r0uc0h.jpg 334w, https:\/\/www.culture-numerique.fr\/wp-content\/uploads\/2012\/09\/tumblr_ma8uzuysTe1r0uc0h-200x299.jpg 200w, https:\/\/www.culture-numerique.fr\/wp-content\/uploads\/2012\/09\/tumblr_ma8uzuysTe1r0uc0h-100x149.jpg 100w, https:\/\/www.culture-numerique.fr\/wp-content\/uploads\/2012\/09\/tumblr_ma8uzuysTe1r0uc0h-150x224.jpg 150w, https:\/\/www.culture-numerique.fr\/wp-content\/uploads\/2012\/09\/tumblr_ma8uzuysTe1r0uc0h-300x449.jpg 300w\" sizes=\"auto, (max-width: 334px) 100vw, 334px\" \/>bord\u00e9\u00a0<a href=\"http:\/\/gingko.neottia.net\/post\/13305437801\/sans-ressources-quest-ce-quil-reste-du-numerique\" target=\"_blank\">l\u00e0<\/a>.<\/p>\n<h3><strong>Le mod\u00e8le de la biblioth\u00e8que<\/strong><\/h3>\n<p>Toute notre culture, nos mod\u00e8les de pens\u00e9es, nos constructions mentales\u00a0sont faites sur ce mod\u00e8le. Nous avons pass\u00e9 notre vie, avec plus ou moins de z\u00e8le et d\u2019efficacit\u00e9, \u00e0 ranger, \u00e0 classer, \u00e0 empiler, \u00e0 conserver, \u00e0\u00a0<strong>stocker<\/strong>.<\/p>\n<p>C\u2019est ainsi, c\u2019est quasi g\u00e9n\u00e9tique.<\/p>\n<p>Quand il s\u2019agit de biens mat\u00e9riels, \u00e7a va, tout le monde comprend l\u2019utilit\u00e9 du stock organis\u00e9. Ranger \u2014 et donc savoir retrouver \u2014 des casseroles, des vis, des jouets, des affaires\u2026 est naturel et souvent obligatoire. Quand il s\u2019agit de bien culturels, c\u2019est un peu plus compliqu\u00e9, d\u00e9j\u00e0. Ranger des livres, des disques, ne proc\u00e8de pas tout \u00e0 fait de la m\u00eame d\u00e9marche. Il devient vite n\u00e9cessaire de multiplier les \u00e9tag\u00e8res, de mettre des \u00e9tiquettes, des rep\u00e8res, des index, diraient certains sp\u00e9cialistes, pour s\u2019y retrouver.<\/p>\n<p>Pour ce qui concerne les ressources num\u00e9riques, quelles qu\u2019elles soient, bard\u00e9es de leurs m\u00e9tadonn\u00e9es, tout devient beaucoup plus compliqu\u00e9. Oh\u00a0! on a bien essay\u00e9 de reproduire les m\u00eames sch\u00e9mas ancestraux et de fabriquer de grandes biblioth\u00e8ques num\u00e9riques officielles ou pas, de classer tout \u00e7a en d\u00e9coupant et le rassemblant sur des supports mat\u00e9riels (cl\u00e9s, disques mobiles, c\u00e9d\u00e9roms, d\u00e9v\u00e9d\u00e9roms) ou d\u00e9mat\u00e9rialis\u00e9s (web et succ\u00e9dan\u00e9s) mais rien ne fut vraiment tr\u00e8s concluant. M\u00eame le commerce ne s\u2019y retrouve pas, c\u2019est dire\u00a0!<\/p>\n<p>Dans le domaine scolaire, on a successivement observ\u00e9 l\u2019arriv\u00e9e\u00a0:<\/p>\n<ul>\n<li>des catalogues conventionnels et tristounets des \u00e9diteurs scolaires, tardivement venus au num\u00e9rique\u00a0;<\/li>\n<li>de tentatives pour f\u00e9d\u00e9rer les ressources que ces \u00e9diteurs produisent ou recyclent, dans des \u00ab\u00a0canaux\u00a0\u00bb ou \u00ab\u00a0kiosques\u00a0\u00bb num\u00e9riques propos\u00e9s via les ENT aux collectivit\u00e9s ou aux \u00e9tablissements\u00a0;<\/li>\n<li>d\u2019initiatives priv\u00e9es, individuelles \u2014 des profs qui partagent les ressources qu\u2019ils produisent sur des sites persos\u00a0;<\/li>\n<li>d\u2019initiatives collectives \u2014 de nombreuses associations de professeurs sp\u00e9cialistes s\u2019y essaient et partagent et \u00e9changent des ressources diverses de grande qualit\u00e9\u00a0;<\/li>\n<li>d\u2019initiatives de grande ampleur, institutionnelles ou acad\u00e9miques, pour f\u00e9d\u00e9rer, classer, centraliser, stocker des ressources issues de tous les milieux, gratuites ou commerciales, libres ou bard\u00e9es de droits (<a href=\"http:\/\/correlyce.regionpaca.fr\/actus\/\" target=\"_blank\">Correlyce<\/a>,\u00a0<a href=\"http:\/\/www.cndp.fr\/caren\/\" target=\"_blank\">Caren<\/a>,\u00a0<a href=\"http:\/\/www.cndp.fr\/sialle\/\" target=\"_blank\">Sialle<\/a>,\u00a0<a href=\"http:\/\/www.educasources.education.fr\/\" target=\"_blank\">Educasources<\/a>,\u00a0<a href=\"http:\/\/www.audio-lingua.eu\/\" target=\"_blank\">Audio-lingua<\/a>, etc.), certaines d\u2019entre elles adoptant \u2014 c\u2019est un progr\u00e8s \u2014 des modes de production collaboratifs\u00a0;<\/li>\n<li>d\u2019une autre initiative minist\u00e9rielle soutenue par le grand emprunt, un portail dit \u00ab\u00a0<a href=\"http:\/\/eduscol.education.fr\/plan-numerique\/catalogue-cheque-ressources\/index.action\" target=\"_blank\">catalogue ch\u00e8que ressources du plan num\u00e9rique<\/a>\u00a0\u00bb, \u00e9ni\u00e8me mani\u00e8re de tenir \u00e0 bouts de bras une \u00e9dition scolaire priv\u00e9e souvent moribonde et incapable d\u2019innover.<\/li>\n<\/ul>\n<p>Tout r\u00e9cemment encore, la cr\u00e9ation d\u2019un nouveau grand portail \u00e9ducatif de ressources num\u00e9riques diverses a \u00e9t\u00e9 \u00e9voqu\u00e9e par les deux derniers candidats \u00e0 l\u2019\u00e9lection pr\u00e9sidentielle comme, apr\u00e8s sa nomination, par l\u2019actuel ministre de l\u2019\u00e9ducation. On parle d\u2019un nouvel espace de stockage central et centralis\u00e9, pilot\u00e9 par une agence nationale des usages num\u00e9riques.<\/p>\n<p>Il s\u2019agit l\u00e0 d\u2019une proposition tellement consensuelle qu\u2019on la retrouve \u00e9mise quasiment dans les m\u00eames termes tant dans les\u00a0<a href=\"http:\/\/www.missionfourgous-tice.fr\/missionfourgous2\/spip.php?article15\" target=\"_blank\">rapports Fourgous<\/a>\u00a0que dans les propositions de la\u00a0<a href=\"http:\/\/www.fondation-adn.org\/fichiers\/ADN_noe_propositions.pdf\" target=\"_blank\">Fondation ADN<\/a>\u2026<\/p>\n<p>Et c\u2019est une fausse bonne id\u00e9e. \u00c0 mon avis.<\/p>\n<p>Ce qu\u2019on nous propose n\u2019est qu\u2019un syst\u00e8me central, proc\u00e9dant d\u2019une vision traditionnelle verticale descendante, hi\u00e9rarchique. C\u2019est du\u00a0<a href=\"http:\/\/www.fdn.fr\/internet-libre-ou-minitel-2.html\" target=\"_blank\">Minitel 2.0<\/a>, parce que \u00e7a ne se conforme en rien \u00e0 la fa\u00e7on dont se diffusent, se distribuent, se transportent, s\u2019\u00e9changent aujourd\u2019hui\u00a0les donn\u00e9es et ressources num\u00e9riques, de mani\u00e8re tr\u00e8s horizontale. Dans un milieu scolaire comme dans la vraie vie.<\/p>\n<p>C\u2019est du stock, qui pr\u00e9serve du contr\u00f4le, de l\u2019influence, de la capacit\u00e9 cr\u00e9atrice des utilisateurs, du stock qui confisque, du stock qui assigne aux utilisateurs citoyens un r\u00f4le unique de consommateur\u2026 Et ce n\u2019est pas \u00e7a l\u2019Internet.<\/p>\n<h3><strong>La logique n\u00e9cessaire du flux<\/strong><\/h3>\n<p><a href=\"http:\/\/fr.wikipedia.org\/wiki\/Benjamin_Bayart\" target=\"_blank\">Benjamin Bayart<\/a>\u00a0ne manque jamais une occasion de rappeler que\u00a0le r\u00e9seau a permis aux citoyens d\u2019user de leur droit \u00e0 l\u2019expression publique et universelle et qu\u2019il s\u2019agit l\u00e0 d\u2019un acquis nouveau et consid\u00e9rable.<\/p>\n<p>Dans un\u00a0<a href=\"http:\/\/gingko.neottia.net\/post\/13305437801\/sans-ressources-quest-ce-quil-reste-du-numerique\" target=\"_blank\">article r\u00e9cent<\/a>, je me demandais, sans trop m\u2019inqui\u00e9ter, ce que deviendrait le num\u00e9rique \u00e9ducatif sans ressources, gageant alors sur la capacit\u00e9 du r\u00e9seau, des r\u00e9seaux, \u00e0 s\u2019organiser pour produire en leur sein de quoi nourrir l\u2019app\u00e9tit des foules.<\/p>\n<p>J\u2019y rapportais aussi que les professeurs avaient appris, depuis longtemps d\u00e9j\u00e0, devant l\u2019inanit\u00e9 des ressources commerciales propos\u00e9es non interop\u00e9rables, \u00e0 produire les leurs, \u00e0 les \u00e9changer, \u00e0 les partager, sur des sites web collaboratifs ou, mieux, dans d\u2019occultes r\u00e9seaux pair \u00e0 pair, dans le plus joyeux\u00a0<a href=\"http:\/\/gingko.neottia.net\/post\/20225557481\/de-linformatique-du-numerique-et-du-bordel-ambiant\" target=\"_blank\">bordel ambiant<\/a>, en l\u2019absence de\u00a0<a href=\"http:\/\/gingko.neottia.net\/post\/22652817331\/illusion-du-tampon\" target=\"_blank\">validation institutionnelle<\/a>.<\/p>\n<p><em>C\u2019<\/em>est ce type d\u2019\u00e9changes qu\u2019il est n\u00e9cessaire de promouvoir, une diffusion horizontale de toutes les ressources num\u00e9riques \u00e9ducatives, non valid\u00e9es\u00a0<em>a priori<\/em>, images, textes, vid\u00e9os, animations, sons, sous toutes leurs formes, cours, manuels, exercices, diaporamas, s\u00e9quences, parcours, progressions, \u00e9valuations, par des applicatifs utilisant, de pr\u00e9f\u00e9rence, des protocoles de communication pair \u00e0 pair (<a href=\"http:\/\/fr.wikipedia.org\/wiki\/Pair_%C3%A0_pair\" target=\"_blank\">peer-to-peer ou P2P<\/a>) ou se rapprochant de ces derniers.<\/p>\n<p><img decoding=\"async\" class=\"alignleft\" src=\"http:\/\/media.tumblr.com\/tumblr_maa7ni7CDR1r0uc0h.jpg\" alt=\"\" align=\"right\" \/><\/p>\n<p>Le d\u00e9bat en cours sur la taxation des moteurs de recherche, suppos\u00e9s coupables de gagner de l\u2019argent en pointant sur les infos \u00e9labor\u00e9es par les m\u00e9dias, permet de rappeler \u00e0 tous ceux qui veulent s\u2019associer \u00e0 cette stupide id\u00e9e de taxation qu\u2019une information \u2014 et cela vaut de la m\u00eame mani\u00e8re pour une ressource \u00e9ducative \u2014 ne produit de valeur, non par le fait qu\u2019elle existe quelque part, mais parce que des liens l\u2019indexent et la valorisent, permettant ainsi sa diffusion, ce qui est la raison d\u2019\u00eatre de toute information ou de toute ressource.<\/p>\n<p>L\u2019image ci-contre, qui me rappelle la fa\u00e7on dont je m\u2019amusais, avec mes camarades, dans la cour de r\u00e9cr\u00e9ation, quand j\u2019\u00e9tais m\u00f4me, illustre assez bien, \u00e0 condition de multiplier les fils et les bo\u00eetes, la fa\u00e7on dont se diffuse aujourd\u2019hui la connaissance, dans une logique de flux permanent. Les ressources commerciales non neutres et \u00ab\u00a0propri\u00e9taires\u00a0\u00bb s\u2019accommodent mal de ce type de diffusion. Il y a certes un nouveau mod\u00e8le \u00e9conomique \u00e0 trouver, et les \u00e9diteurs, scolaires ou pas, vont devoir y r\u00e9fl\u00e9chir, de telle mani\u00e8re \u00e0 l\u2019adapter au r\u00e9seau, tel qu\u2019il est, et non tel qu\u2019ils voudraient qu\u2019il soit.<\/p>\n<p>De la m\u00eame mani\u00e8re, l\u2019encadrement de l\u2019\u00c9ducation nationale sera aussi contraint \u00e0 adopter d\u2019autres modes de pilotage qui soient plus respectueux de l\u2019intelligence collective et qui ne censurent pas l\u2019innovation et l\u2019initiative. Le r\u00f4le des cadres et de la hi\u00e9rarchie doit n\u00e9cessairement \u00e9voluer pour mieux accompagner, pour conseiller, susciter, proposer, \u00e9mettre des \u00e9l\u00e9ments d\u2019\u00e9valuation permettant aux usagers, les enseignants, de valider eux-m\u00eames les ressources\u00a0<em>a posteriori\u2026<\/em>\u00a0Pour les cadres aussi, il faudra changer de posture, de mani\u00e8re radicale, et oublier les modes de management du pass\u00e9.<\/p>\n<p><strong>Une autre mani\u00e8re de refonder l\u2019\u00e9cole\u00a0?<\/strong><\/p>\n<p>Michel Guillou\u00a0<a style=\"color: #2c32f6;\" title=\"Twitter\" href=\"https:\/\/twitter.com\/#!\/michelguillou\" target=\"_blank\">@michelguillou<br \/>\n<\/a><\/p>\n<p><a style=\"color: #2c32f6;\" href=\"http:\/\/creativecommons.org\/licenses\/by-nc-sa\/2.0\/fr\/\" target=\"_blank\" rel=\"license\"><img decoding=\"async\" src=\"http:\/\/i.creativecommons.org\/l\/by-nc-sa\/2.0\/fr\/80x15.png\" alt=\"Licence Creative Commons\" \/><\/a><\/p>\n<p>Cr\u00e9dit photo\u00a0:\u00a0<a href=\"http:\/\/www.flickr.com\/photos\/casieliza\/5990769554\/\" target=\"_blank\">Boby Lize<\/a>\u00a0et\u00a0\u00a0<a href=\"http:\/\/www.flickr.com\/photos\/fadderuri\/2715777726\/\" target=\"_blank\">FadderUri<\/a>\u00a0via\u00a0<a href=\"http:\/\/photopin.com\/\" target=\"_blank\">photo pin<\/a>\u00a0<a href=\"http:\/\/creativecommons.org\/licenses\/by-nc-nd\/2.0\/\" target=\"_blank\">cc<\/a><\/p>\n<p>[cite]<\/p>\n","protected":false},"excerpt":{"rendered":"<p><strong>Ceux qui se sont aventur\u00e9s<\/strong>, ces derni\u00e8res ann\u00e9es, \u00e0 tracer les grandes lignes de ce que pourrait devenir le\u00a0num\u00e9rique\u00a0\u00e9ducatif, ont peu ou prou lanc\u00e9 les m\u00eames id\u00e9es, dress\u00e9 les m\u00eames plans, avec le peu de r\u00e9ussite que chacun sait.<\/p>\n<p><span class=\"ellipsis\">&hellip;<\/span><\/p>\n<div class=\"read-more\"><a href=\"https:\/\/www.culture-numerique.fr\/?p=492\">Lire la suite &#8250;<\/a><\/div>\n<p><!-- end of .read-more --><\/p>\n","protected":false},"author":1,"featured_media":1678,"comment_status":"open","ping_status":"open","sticky":false,"template":"","format":"standard","meta":{"jetpack_post_was_ever_published":false,"_jetpack_newsletter_access":"","_jetpack_dont_email_post_to_subs":true,"_jetpack_newsletter_tier_id":0,"_jetpack_memberships_contains_paywalled_content":false,"_jetpack_memberships_contains_paid_content":false,"footnotes":""},"categories":[9],"tags":[219,2,640,83,218],"class_list":["post-492","post","type-post","status-publish","format-standard","has-post-thumbnail","hentry","category-billets-dhumeur","tag-flux","tag-numerique","tag-ressources","tag-ressources-numeriques","tag-stock"],"jetpack_featured_media_url":"https:\/\/www.culture-numerique.fr\/wp-content\/uploads\/2012\/09\/tumblr_ma8uzuysTe1r0uc0h.jpg","jetpack_sharing_enabled":true,"_links":{"self":[{"href":"https:\/\/www.culture-numerique.fr\/index.php?rest_route=\/wp\/v2\/posts\/492","targetHints":{"allow":["GET"]}}],"collection":[{"href":"https:\/\/www.culture-numerique.fr\/index.php?rest_route=\/wp\/v2\/posts"}],"about":[{"href":"https:\/\/www.culture-numerique.fr\/index.php?rest_route=\/wp\/v2\/types\/post"}],"author":[{"embeddable":true,"href":"https:\/\/www.culture-numerique.fr\/index.php?rest_route=\/wp\/v2\/users\/1"}],"replies":[{"embeddable":true,"href":"https:\/\/www.culture-numerique.fr\/index.php?rest_route=%2Fwp%2Fv2%2Fcomments&post=492"}],"version-history":[{"count":8,"href":"https:\/\/www.culture-numerique.fr\/index.php?rest_route=\/wp\/v2\/posts\/492\/revisions"}],"predecessor-version":[{"id":5557,"href":"https:\/\/www.culture-numerique.fr\/index.php?rest_route=\/wp\/v2\/posts\/492\/revisions\/5557"}],"wp:featuredmedia":[{"embeddable":true,"href":"https:\/\/www.culture-numerique.fr\/index.php?rest_route=\/wp\/v2\/media\/1678"}],"wp:attachment":[{"href":"https:\/\/www.culture-numerique.fr\/index.php?rest_route=%2Fwp%2Fv2%2Fmedia&parent=492"}],"wp:term":[{"taxonomy":"category","embeddable":true,"href":"https:\/\/www.culture-numerique.fr\/index.php?rest_route=%2Fwp%2Fv2%2Fcategories&post=492"},{"taxonomy":"post_tag","embeddable":true,"href":"https:\/\/www.culture-numerique.fr\/index.php?rest_route=%2Fwp%2Fv2%2Ftags&post=492"}],"curies":[{"name":"wp","href":"https:\/\/api.w.org\/{rel}","templated":true}]}}