{"id":4882,"date":"2016-04-05T19:02:35","date_gmt":"2016-04-05T17:02:35","guid":{"rendered":"http:\/\/www.culture-numerique.fr\/?p=4882"},"modified":"2016-09-06T00:55:13","modified_gmt":"2016-09-05T22:55:13","slug":"internet-responsable-lirresponsabilite-nest-decidement-pas-la-ou-on-la-croit","status":"publish","type":"post","link":"https:\/\/www.culture-numerique.fr\/?p=4882","title":{"rendered":"Internet responsable\u00a0: l&rsquo;irresponsabilit\u00e9 n&rsquo;est d\u00e9cid\u00e9ment pas l\u00e0 o\u00f9 on la croit"},"content":{"rendered":"<p><img loading=\"lazy\" decoding=\"async\" class=\"aligncenter size-full wp-image-4888\" src=\"http:\/\/www.culture-numerique.fr\/wp-content\/uploads\/2016\/04\/16490051576_d463887d81_b.jpg\" alt=\"Vid\u00e9o\" width=\"1024\" height=\"768\" srcset=\"https:\/\/www.culture-numerique.fr\/wp-content\/uploads\/2016\/04\/16490051576_d463887d81_b.jpg 1024w, https:\/\/www.culture-numerique.fr\/wp-content\/uploads\/2016\/04\/16490051576_d463887d81_b-300x225.jpg 300w, https:\/\/www.culture-numerique.fr\/wp-content\/uploads\/2016\/04\/16490051576_d463887d81_b-100x75.jpg 100w, https:\/\/www.culture-numerique.fr\/wp-content\/uploads\/2016\/04\/16490051576_d463887d81_b-150x113.jpg 150w, https:\/\/www.culture-numerique.fr\/wp-content\/uploads\/2016\/04\/16490051576_d463887d81_b-200x150.jpg 200w, https:\/\/www.culture-numerique.fr\/wp-content\/uploads\/2016\/04\/16490051576_d463887d81_b-450x338.jpg 450w, https:\/\/www.culture-numerique.fr\/wp-content\/uploads\/2016\/04\/16490051576_d463887d81_b-600x450.jpg 600w, https:\/\/www.culture-numerique.fr\/wp-content\/uploads\/2016\/04\/16490051576_d463887d81_b-900x675.jpg 900w\" sizes=\"auto, (max-width: 1024px) 100vw, 1024px\" \/><\/p>\n<p><strong>Ludovic a dix ans<\/strong>. Ludovic est en CM2 et aime jouer avec ses camarades et fabriquer avec eux des photos ou de courtes vid\u00e9os. Quand elles sont dr\u00f4les et bien ficel\u00e9es, il les publie sur <a href=\"https:\/\/www.youtube.com\/\" target=\"_blank\">YouTube<\/a>.<\/p>\n<p>Allez, je vous raconte toute l&rsquo;histoire, car tout n&rsquo;est pas si simple. En ce mercredi apr\u00e8s-midi de mars, Ludovic s&rsquo;est amus\u00e9 au-del\u00e0 du raisonnable. La vid\u00e9o qu&rsquo;ils ont produite avec ses amis est beaucoup moins dr\u00f4le. Beaucoup moins. Ludovic s&rsquo;est laiss\u00e9 aller \u00e0 injurier copieusement quelques camarades absents et des adultes de l&rsquo;\u00e9cole, dont sa ma\u00eetresse. Ce n&rsquo;\u00e9tait pas dr\u00f4le du tout. Et ce qui devait arriver arriva. Ce qui devait \u00eatre r\u00e9serv\u00e9 au seul visionnage priv\u00e9 s&rsquo;est retrouv\u00e9 publi\u00e9 illico sur la cha\u00eene Youtube de Ludovic. Ce dernier ne sait plus si c&rsquo;est lui ou un de ses camarades qui a cliqu\u00e9 sur [Envoyer]. Trop tard, la vid\u00e9o a \u00e9t\u00e9 vue par les camarades de Ludovic puis par leurs parents qui se sont empress\u00e9s d&rsquo;alerter la ma\u00eetresse de Ludovic et la directrice de l&rsquo;\u00e9cole, laquelle a pr\u00e9venu sa hi\u00e9rarchie.<\/p>\n<p>Ludovic s&rsquo;est aper\u00e7u de son erreur et des d\u00e9g\u00e2ts commis. Il a alors publi\u00e9 sans trop r\u00e9fl\u00e9chir une autre vid\u00e9o dans laquelle il explique qu&rsquo;il s&rsquo;agit d&rsquo;une mauvaise blague et pr\u00e9sente ses excuses. Trop tard encore. Tout s&#8217;emballe. Tout le monde est maintenant au courant, surtout ceux qui n&rsquo;ont rien vu. Les parents de Ludovic sont convoqu\u00e9s sans tarder dans le bureau de la directrice, en pr\u00e9sence de la ma\u00eetresse.<\/p>\n<p>La d\u00e9cision est prise et communiqu\u00e9e aux parents : <strong>l&rsquo;inspectrice de circonscription a exclu Ludovic de son \u00e9cole<\/strong>. C&rsquo;est comme \u00e7a. Il sera accueilli dans une \u00e9cole voisine.<\/p>\n<p>Les parents de Ludovic sont interloqu\u00e9s. Aucune explication n&rsquo;est donn\u00e9e. Aucun recours ne semble alors possible. Les autres parents sont sollicit\u00e9s par la directrice de l&rsquo;\u00e9cole pour appuyer la d\u00e9cision de l&rsquo;institution. On p\u00e9titionne, on s&rsquo;enflamme, on manipule. De leur c\u00f4t\u00e9, les parents de Ludovic veulent agir, faire appel, obtenir un rendez-vous, alerter le maire et les associations de parents, interpeller le rectorat. Rien n&rsquo;y fait. La lettre qu&rsquo;ils \u00e9crivent aux autres parents pour leur dire ce qu&rsquo;ils ressentent n&rsquo;est pas distribu\u00e9e\u00a0:<\/p>\n<blockquote><p>\u00ab\u00a0Nous ne voulons exprimer par ce courrier qu\u2019un sentiment d\u2019incompr\u00e9hension, de m\u00e9contentement et sans doute d\u2019injustice\u2026\u00a0\u00bb<\/p><\/blockquote>\n<p>La vid\u00e9o de Ludovic est vite retir\u00e9e, bien s\u00fbr.<\/p>\n<h3>Une proc\u00e9dure d&rsquo;exclusion irr\u00e9guli\u00e8re donc un fiasco \u00e9ducatif<\/h3>\n<p>En mati\u00e8re disciplinaire, c&rsquo;est <a href=\"http:\/\/circulaire.legifrance.gouv.fr\/pdf\/2009\/04\/cir_986.pdf\" target=\"_blank\">la circulaire n\u00b0\u00a091-124 du 6 juin 1991<\/a> qu&rsquo;il faut consulter et qui fait r\u00e9f\u00e9rence. Son chapitre 3 dit \u00ab\u00a0<strong>Vie scolaire<\/strong>\u00a0\u00bb pr\u00e9cise, \u00e0 propos des cas graves\u00a0\u2014\u00a0s&rsquo;agit-il d&rsquo;un cas grave\u00a0?\u00a0:<\/p>\n<blockquote><p>\u00ab\u00a0Dans le cas de difficult\u00e9s particuli\u00e8rement graves affectant le comportement de l&rsquo;\u00e9l\u00e8ve dans son milieu\u00a0scolaire, sa situation doit \u00eatre soumise \u00e0 l&rsquo;examen de l&rsquo;\u00e9quipe \u00e9ducative, pr\u00e9vue \u00e0 l&rsquo;article 21 du d\u00e9cret n\u00b0\u00a090-788 du 6 septembre 1990.<br \/>\nLe m\u00e9decin charg\u00e9 du contr\u00f4le m\u00e9dical scolaire et\/ou un membre du r\u00e9seau d&rsquo;aides sp\u00e9cialis\u00e9es devront\u00a0obligatoirement participer \u00e0 cette r\u00e9union.<br \/>\nS&rsquo;il appara\u00eet, apr\u00e8s une p\u00e9riode probatoire d&rsquo;un mois, qu&rsquo;aucune am\u00e9lioration n&rsquo;a pu \u00eatre apport\u00e9e au\u00a0comportement de l&rsquo;enfant, une d\u00e9cision de changement d&rsquo;\u00e9cole pourra \u00eatre prise par l&rsquo;inspecteur de\u00a0l&rsquo;\u00c9ducation nationale, sur proposition du directeur et apr\u00e8s avis du conseil d&rsquo;\u00e9cole. La famille doit \u00eatre\u00a0consult\u00e9e sur le choix de la nouvelle \u00e9cole. Elle peut faire appel de la d\u00e9cision de transfert devant l&rsquo;inspecteur\u00a0d&rsquo;acad\u00e9mie, directeur des services d\u00e9partementaux de l&rsquo;Education nationale.\u00a0\u00bb<\/p><\/blockquote>\n<p>Dans le cas qui nous occupe, <strong>l&rsquo;\u00e9quipe \u00e9ducative n&rsquo;a pas \u00e9t\u00e9 r\u00e9unie ni consult\u00e9e pour avis<\/strong>, le m\u00e9decin scolaire non plus, il n&rsquo;y a pas eu de p\u00e9riode probatoire d\u00e9finie et le conseil d&rsquo;\u00e9cole n&rsquo;a pas \u00e9t\u00e9 r\u00e9uni. La famille n&rsquo;a pas \u00e9t\u00e9 consult\u00e9e en amont de la d\u00e9cision d&rsquo;exclusion non plus qu&rsquo;elle a \u00e9t\u00e9 consult\u00e9e sur le choix de la nouvelle \u00e9cole. Enfin, <strong>les parents n&rsquo;ont jamais \u00e9t\u00e9 inform\u00e9s des voies d&rsquo;appel<\/strong> pr\u00e9vues par les dispositions ci-dessus. Pire\u00a0! on leur a fait savoir qu&rsquo;ils n&rsquo;y avait pas de recours\u00a0!<\/p>\n<p><strong>Bref un magnifique et scandaleux d\u00e9ni de justice<\/strong>. La premi\u00e8re fois de sa vie que Ludovic doit subir une sanction disciplinaire \u00e0 l&rsquo;\u00e9cole, celle-ci s&rsquo;av\u00e8re inique, radicale, autoritaire, sans sursis et sans appel. Tous les textes <a href=\"http:\/\/eduscol.education.fr\/cid86010\/fiches-ressources-sur-les-sanctions-disciplinaires.html\" target=\"_blank\">dont cette fiche sur Eduscol<\/a>,\u00a0qui accompagnent la vie scolaire\u00a0et sont disponibles pour aider les chefs d&rsquo;\u00e9tablissement \u00e0 prendre les bonnes d\u00e9cisions, rappellent un certain nombre de principes\u00a0:<\/p>\n<ul>\n<li>des mesures de <a href=\"http:\/\/cache.media.eduscol.education.fr\/file\/Sanctions_disciplinaires\/84\/4\/02-les-mesures-de-responsabilisation_197844.pdf\" target=\"_blank\">responsabilisation<\/a> dont \u00ab\u00a0<span style=\"color: #800000;\"><em>La port\u00e9e symbolique et \u00e9ducative de la d\u00e9marche doit primer sur le souci de la r\u00e9paration mat\u00e9rielle\u00a0du dommage caus\u00e9 aux biens ou du pr\u00e9judice caus\u00e9 \u00e0 un autre \u00e9l\u00e8ve<\/em><\/span>\u00a0\u00bb\u00a0;<\/li>\n<li>le <a href=\"http:\/\/cache.media.eduscol.education.fr\/file\/Sanctions_disciplinaires\/85\/2\/06-le-principe-du-contradictoire_197852.pdf\" target=\"_blank\">contradictoire<\/a>\u00a0dont l&rsquo;objectif est \u00ab\u00a0<span style=\"color: #800000;\"><em>&#8230;d&rsquo;\u00e9couter, de permettre \u00e0 l&rsquo;\u00e9l\u00e8ve d&rsquo;exprimer son point de vue. Il convient \u00e9galement de lui\u00a0expliquer sa faute et la sanction qu&rsquo;il encourt.<\/em><\/span>\u00a0\u00bb\u00a0;<\/li>\n<li>l&rsquo;<a href=\"http:\/\/cache.media.eduscol.education.fr\/file\/Sanctions_disciplinaires\/85\/4\/07-individualisation-et-proportionnalite-de-la-sanction_197854.pdf\" target=\"_blank\">individualisation et la proportionnalit\u00e9<\/a> de la sanction qui pr\u00e9cise notamment que \u00ab\u00a0<span style=\"color: #800000;\"><em>La graduation des punitions et des sanctions permet \u00e0 l&rsquo;\u00e9l\u00e8ve de bien prendre conscience de la\u00a0<\/em><\/span><span style=\"color: #800000;\"><em>gravit\u00e9 de ses actes par rapport \u00e0 une \u00e9chelle de valeurs.<\/em><\/span>\u00a0\u00bb.<\/li>\n<\/ul>\n<p>En l&rsquo;occurrence, aucun de ces principes fondamentaux du droit n&rsquo;a \u00e9t\u00e9 respect\u00e9. Comment douter du caract\u00e8re outrancier et disproportionn\u00e9 de la sanction qui frappe un \u00e9l\u00e8ve de 10 ans ne posant pas par ailleurs de probl\u00e8mes de vie scolaire\u00a0?<\/p>\n<h3>Des comp\u00e9tences non travaill\u00e9es donc un \u00e9chec p\u00e9dagogique<\/h3>\n<p>L\u00e0 encore, les textes disent clairement quelles comp\u00e9tences doivent avoir \u00e9t\u00e9 acquises par les \u00e9l\u00e8ves \u00e0 leur sortie du premier degr\u00e9. En CM2, on travaille les 7 comp\u00e9tences du <a href=\"http:\/\/www.education.gouv.fr\/cid2770\/le-socle-commun-de-connaissances-et-de-competences.html\" target=\"_blank\">socle commun<\/a> dont celle, relative \u00e0 \u00ab\u00a0La ma\u00eetrise des techniques usuelles de l\u2019information et de la communication\u00a0\u00bb o\u00f9 \u00ab\u00a0<span style=\"color: #800000;\"><em>Chaque \u00e9l\u00e8ve apprend \u00e0 faire un usage responsable<\/em><\/span>\u00a0\u00bb de ces technologies. Il est pr\u00e9cis\u00e9 que le <a href=\"http:\/\/cache.media.eduscol.education.fr\/file\/Certification_B2i\/82\/6\/Referentiel_B2i_ecole_decembre_2011_202826.pdf\" target=\"_blank\">Brevet informatique et Internet dit B2i<\/a> confirme la ma\u00eetrise de ces techniques, m\u00eame si, je l&rsquo;ai d\u00e9j\u00e0 dit, les comp\u00e9tences attendues n&rsquo;ont pas grand chose de technique.<\/p>\n<p><a href=\"http:\/\/cache.media.eduscol.education.fr\/file\/Certification_B2i\/82\/6\/Referentiel_B2i_ecole_decembre_2011_202826.pdf\"><img loading=\"lazy\" decoding=\"async\" class=\"aligncenter wp-image-4901 size-full\" src=\"http:\/\/www.culture-numerique.fr\/wp-content\/uploads\/2016\/04\/B2i.png\" alt=\"B2i 4\" width=\"1016\" height=\"238\" srcset=\"https:\/\/www.culture-numerique.fr\/wp-content\/uploads\/2016\/04\/B2i.png 1016w, https:\/\/www.culture-numerique.fr\/wp-content\/uploads\/2016\/04\/B2i-300x70.png 300w, https:\/\/www.culture-numerique.fr\/wp-content\/uploads\/2016\/04\/B2i-100x23.png 100w, https:\/\/www.culture-numerique.fr\/wp-content\/uploads\/2016\/04\/B2i-150x35.png 150w, https:\/\/www.culture-numerique.fr\/wp-content\/uploads\/2016\/04\/B2i-200x47.png 200w, https:\/\/www.culture-numerique.fr\/wp-content\/uploads\/2016\/04\/B2i-450x105.png 450w, https:\/\/www.culture-numerique.fr\/wp-content\/uploads\/2016\/04\/B2i-600x141.png 600w, https:\/\/www.culture-numerique.fr\/wp-content\/uploads\/2016\/04\/B2i-900x211.png 900w\" sizes=\"auto, (max-width: 1016px) 100vw, 1016px\" \/><\/a>Je souhaite mettre en exergue ce qui correspond plus pr\u00e9cis\u00e9ment au cas de Ludovic\u00a0:<\/p>\n<blockquote><p>\u00ab Il respecte les autres dans le cadre de la communication \u00e9lectronique et de la publication en ligne (propos injurieux, diffamatoires, atteinte \u00e0 la vie priv\u00e9e ou toute autre forme d\u2019atteinte). \u00bb<\/p><\/blockquote>\n<p>Par ailleurs, la comp\u00e9tence 6 du socle aborde les comp\u00e9tences sociales et civiques\u00a0: \u00ab<span style=\"color: #800000;\"><em>\u00a0Il s\u2019agit de ma\u00eetriser, comme individu et comme citoyen, les r\u00e8gles \u00e9l\u00e9mentaires de la vie en soci\u00e9t\u00e9 et de les mettre en \u0153uvre dans le cadre scolaire. L\u2019\u00e9l\u00e8ve acquiert des rep\u00e8res dans plusieurs domaines :\u00a0les droits et les devoirs du citoyen,\u00a0les notions de responsabilit\u00e9 et de libert\u00e9 et le lien qui existe entre elles.<\/em><\/span>\u00a0\u00bb.<\/p>\n<p>\u00c0 la connaissance des parents de Ludovic, qui souhaitent eux aussi <strong>assumer pleinement leur responsabilit\u00e9<\/strong> dans cette triste histoire, jamais aucun travail sp\u00e9cifique n&rsquo;a \u00e9t\u00e9 men\u00e9 en classe dans ce domaine pour v\u00e9rifier les comp\u00e9tences attendues des \u00e9l\u00e8ves en fin de premier degr\u00e9. Ludovic n&rsquo;a donc jamais appris en classe ce que signifie, concr\u00e8tement, \u00ab <strong>publier<\/strong>\u00a0\u00bb et n&rsquo;a pas acquis les comp\u00e9tences civiques et sociales lui permettant de le faire en toute consid\u00e9ration et respect du droit de ses \u00e9ventuels lecteurs ou spectateurs, enfants ou adultes.<\/p>\n<p>Comme d&rsquo;habitude \u2014\u00a0oh\u00a0! il y a de notables exceptions\u2026\u00a0\u2014, l&rsquo;ensemble du B2i a \u00e9t\u00e9 valid\u00e9 \u00ab\u00a0\u00e0 la vol\u00e9e\u00a0\u00bb sans aucun contr\u00f4le de qui que ce soit sur la r\u00e9alit\u00e9 du travail p\u00e9dagogique mis en \u0153uvre.<\/p>\n<p>Comment alors, en toute logique, faire le reproche \u00e0 Ludovic de transgresser des r\u00e8gles qu&rsquo;il n&rsquo;est pas cens\u00e9 conna\u00eetre\u00a0? Comment lui reprocher\u00a0de ne pas \u00eatre capable de tracer les limites entre son intimit\u00e9 et la sph\u00e8re publique\u00a0? Qui lui aurait appris \u00e7a\u00a0?<\/p>\n<h3>Un long cort\u00e8ge de comportements institutionnels irresponsables<\/h3>\n<p>L&rsquo;histoire de Ludovic vient nous rappeler, de mani\u00e8re fort inopportune, que tout cela n&rsquo;est pas tr\u00e8s nouveau.<\/p>\n<p>En 2013, je rappelais (1) qu&rsquo;on avait perdu 10 ans en mati\u00e8re d&rsquo;\u00e9ducation, \u00e0 propos de l&rsquo;affaire de trois jeunes lyc\u00e9ennes, elles aussi exclues <em>manu militari<\/em>, qui se sont fait pincer \u00e0 insulter, sans la nommer, l\u2019une de leurs professeurs sur Twitter, cons\u00e9quence d\u2019\u00e9changes li\u00e9s \u00e0 la rumeur d\u2019un contr\u00f4le surprise. Cette affaire venait quelques longues ann\u00e9es apr\u00e8s l&rsquo;aventure \u00e9pique des \u00ab\u00a0Skyblogs\u00a0\u00bb, \u00e0 propos desquels je vous ai racont\u00e9 l&rsquo;autre triste histoire de trois jeunes coll\u00e9giennes valdoisiennes (2), elles aussi exclues sans attendre, coupables en 2005 de commentaires calomnieux \u00e0 l&rsquo;encontre d&rsquo;un de leurs professeurs.<\/p>\n<p>\u00ab\u00a0Et pendant ce temps-l\u00e0, septembre ne prend toujours pas fin et s\u2019alanguit\u2026\u00a0\u00bb disais-je alors, car les cas de sanctions de ce type sont pl\u00e9thore.<\/p>\n<p><a href=\"https:\/\/fr.wikipedia.org\/wiki\/Najat_Vallaud-Belkacem\" target=\"_blank\">Najat Vallaud-Belkacem<\/a> rappelait, <a href=\"http:\/\/www.najat-vallaud-belkacem.com\/2016\/03\/23\/leducation-aux-medias-et-a-linformation-une-necessite-pour-nos-eleves\/\" target=\"_blank\">tout r\u00e9cemment encore<\/a>, la n\u00e9cessit\u00e9 pour les \u00e9l\u00e8ves\u00a0d&rsquo;une \u00e9ducation aux m\u00e9dias et \u00e0 l\u2019information. Cette derni\u00e8re ne peut en aucun cas se r\u00e9sumer \u00e0 la seule consultation d&rsquo;une presse suppos\u00e9e qualifi\u00e9e (3) et tri\u00e9e sur le volet, mais s&rsquo;\u00e9tendre au commentaire critique de l&rsquo;ensemble des informations, o\u00f9 qu&rsquo;elle soient, d&rsquo;o\u00f9 qu&rsquo;elles viennent, auxquelles les \u00e9l\u00e8ves peuvent acc\u00e9der. De plus, je rappelle, une fois de plus\u00a0\u2014\u00a0je pr\u00e9viens, on n&rsquo;a pas fini de m&rsquo;entendre sur ce sujet\u00a0\u2014 que publier doit s&rsquo;inscrire comme une comp\u00e9tence fondamentale de l&rsquo;\u00e9cole, au m\u00eame titre que lire, \u00e9crire et compter.<\/p>\n<p>\u00c0 ce sujet, \u00e0 l&rsquo;automne dernier, je tentais de r\u00e9pondre \u00e0 la question suivante\u00a0: \u00ab\u00a0Apprendre \u00e0 publier \u00e0 10 ans, n\u2019est-ce pas trop t\u00f4t\u00a0?\u00a0\u00bb (4). \u00a0La triste histoire de Ludovic nous rappelle que<strong> publier est une comp\u00e9tence fondamentale pour exercer une libert\u00e9<\/strong>\u00a0mais que c&rsquo;est un exercice bougrement difficile. Qui s&rsquo;apprend. <strong>Et qu&rsquo;apprendre \u00e7a \u00e0 10 ans, c&rsquo;est presque trop tard<\/strong>.<\/p>\n<p>[Bien entendu, Ludovic ne s&rsquo;appelle pas ainsi. Suite \u00e0 son exclusion, il\u00a0a chang\u00e9 d&rsquo;\u00e9cole. Il ne veut pas regarder en arri\u00e8re et ne pense qu&rsquo;\u00e0 sa prochaine rentr\u00e9e au coll\u00e8ge. O\u00f9 on lui apprendra sans doute \u00e0 devenir responsable\u2026 Qui peut en douter\u00a0?]<\/p>\n<p>Michel Guillou\u00a0<a href=\"https:\/\/twitter.com\/michelguillou\" target=\"_blank\">@michelguillou<\/a><\/p>\n<p><a href=\"http:\/\/creativecommons.org\/licenses\/by-nc-sa\/2.0\/fr\/\" target=\"_blank\"><img loading=\"lazy\" decoding=\"async\" src=\"http:\/\/i.creativecommons.org\/l\/by-nc-sa\/2.0\/fr\/80x15.png\" alt=\"image\" width=\"80\" height=\"15\" data-pin-nopin=\"true\" \/><\/a><\/p>\n<p>Cr\u00e9dit photo\u00a0: <a title=\"Attribution License\" href=\"https:\/\/creativecommons.org\/licenses\/by\/2.0\/\">certains droits r\u00e9serv\u00e9s<\/a> par <a id=\"yui_3_11_0_3_1459782435684_325\" href=\"https:\/\/www.flickr.com\/photos\/wfryer\/\">Wesley Fryer<\/a><\/p>\n<ol>\n<li>\u00c9ducation civique et num\u00e9rique : 10 ans de perdus !\u00a0<a href=\"http:\/\/www.culture-numerique.fr\/?p=333\" target=\"_blank\">http:\/\/www.culture-numerique.fr\/?p=333<\/a><\/li>\n<li>Il y a 20 ans, ils appelaient \u00e7a \u00ab septembre sans fin \u00bb\u2026\u00a0<a href=\"http:\/\/www.culture-numerique.fr\/?p=2506\" target=\"_blank\">http:\/\/www.culture-numerique.fr\/?p=2506<\/a><\/li>\n<li>\u00c9duquer aux m\u00e9dias, certes, mais aux seuls m\u00e9dias valid\u00e9s par l\u2019institution\u00a0<a href=\"http:\/\/www.culture-numerique.fr\/?p=4804\" target=\"_blank\">http:\/\/www.culture-numerique.fr\/?p=4804<\/a><\/li>\n<li>Apprendre \u00e0 publier \u00e0 10 ans, n\u2019est-ce pas trop t\u00f4t\u00a0?\u00a0<a href=\"http:\/\/www.culture-numerique.fr\/?p=4154\" target=\"_blank\">http:\/\/www.culture-numerique.fr\/?p=4154<\/a><\/li>\n<\/ol>\n<p>[cite]<\/p>\n","protected":false},"excerpt":{"rendered":"<p><img loading=\"lazy\" decoding=\"async\" class=\"aligncenter size-full wp-image-4888\" src=\"http:\/\/www.culture-numerique.fr\/wp-content\/uploads\/2016\/04\/16490051576_d463887d81_b.jpg\" alt=\"Vid\u00e9o\" width=\"1024\" height=\"768\" srcset=\"https:\/\/www.culture-numerique.fr\/wp-content\/uploads\/2016\/04\/16490051576_d463887d81_b.jpg 1024w, https:\/\/www.culture-numerique.fr\/wp-content\/uploads\/2016\/04\/16490051576_d463887d81_b-300x225.jpg 300w, https:\/\/www.culture-numerique.fr\/wp-content\/uploads\/2016\/04\/16490051576_d463887d81_b-100x75.jpg 100w, https:\/\/www.culture-numerique.fr\/wp-content\/uploads\/2016\/04\/16490051576_d463887d81_b-150x113.jpg 150w, https:\/\/www.culture-numerique.fr\/wp-content\/uploads\/2016\/04\/16490051576_d463887d81_b-200x150.jpg 200w, https:\/\/www.culture-numerique.fr\/wp-content\/uploads\/2016\/04\/16490051576_d463887d81_b-450x338.jpg 450w, https:\/\/www.culture-numerique.fr\/wp-content\/uploads\/2016\/04\/16490051576_d463887d81_b-600x450.jpg 600w, https:\/\/www.culture-numerique.fr\/wp-content\/uploads\/2016\/04\/16490051576_d463887d81_b-900x675.jpg 900w\" sizes=\"auto, (max-width: 1024px) 100vw, 1024px\" \/><\/p>\n<p><strong>Ludovic a dix ans<\/strong>. Ludovic est en CM2 et aime jouer avec ses camarades et fabriquer avec eux des photos ou de courtes vid\u00e9os. Quand elles sont dr\u00f4les et bien ficel\u00e9es, il les publie sur <a href=\"https:\/\/www.youtube.com\/\" target=\"_blank\">YouTube<\/a>.<\/p>\n<p><span class=\"ellipsis\">&hellip;<\/span><\/p>\n<div class=\"read-more\"><a href=\"https:\/\/www.culture-numerique.fr\/?p=4882\">Lire la suite &#8250;<\/a><\/div>\n<p><!-- end of .read-more --><\/p>\n","protected":false},"author":1,"featured_media":4888,"comment_status":"open","ping_status":"open","sticky":false,"template":"","format":"standard","meta":{"jetpack_post_was_ever_published":false,"_jetpack_newsletter_access":"","_jetpack_dont_email_post_to_subs":false,"_jetpack_newsletter_tier_id":0,"_jetpack_memberships_contains_paywalled_content":false,"_jetpack_memberships_contains_paid_content":false,"footnotes":""},"categories":[9],"tags":[161,530,529,13,18,17,155,724,53,298,159],"class_list":["post-4882","post","type-post","status-publish","format-standard","has-post-thumbnail","hentry","category-billets-dhumeur","tag-b2i","tag-education-aux-medias-et-a-linformation","tag-emi","tag-liberte-dexpression","tag-publication","tag-publier","tag-responsabilite","tag-sanctions-disciplinaires","tag-socle-commun","tag-video","tag-vie-scolaire"],"jetpack_featured_media_url":"https:\/\/www.culture-numerique.fr\/wp-content\/uploads\/2016\/04\/16490051576_d463887d81_b.jpg","jetpack_sharing_enabled":true,"_links":{"self":[{"href":"https:\/\/www.culture-numerique.fr\/index.php?rest_route=\/wp\/v2\/posts\/4882","targetHints":{"allow":["GET"]}}],"collection":[{"href":"https:\/\/www.culture-numerique.fr\/index.php?rest_route=\/wp\/v2\/posts"}],"about":[{"href":"https:\/\/www.culture-numerique.fr\/index.php?rest_route=\/wp\/v2\/types\/post"}],"author":[{"embeddable":true,"href":"https:\/\/www.culture-numerique.fr\/index.php?rest_route=\/wp\/v2\/users\/1"}],"replies":[{"embeddable":true,"href":"https:\/\/www.culture-numerique.fr\/index.php?rest_route=%2Fwp%2Fv2%2Fcomments&post=4882"}],"version-history":[{"count":34,"href":"https:\/\/www.culture-numerique.fr\/index.php?rest_route=\/wp\/v2\/posts\/4882\/revisions"}],"predecessor-version":[{"id":5300,"href":"https:\/\/www.culture-numerique.fr\/index.php?rest_route=\/wp\/v2\/posts\/4882\/revisions\/5300"}],"wp:featuredmedia":[{"embeddable":true,"href":"https:\/\/www.culture-numerique.fr\/index.php?rest_route=\/wp\/v2\/media\/4888"}],"wp:attachment":[{"href":"https:\/\/www.culture-numerique.fr\/index.php?rest_route=%2Fwp%2Fv2%2Fmedia&parent=4882"}],"wp:term":[{"taxonomy":"category","embeddable":true,"href":"https:\/\/www.culture-numerique.fr\/index.php?rest_route=%2Fwp%2Fv2%2Fcategories&post=4882"},{"taxonomy":"post_tag","embeddable":true,"href":"https:\/\/www.culture-numerique.fr\/index.php?rest_route=%2Fwp%2Fv2%2Ftags&post=4882"}],"curies":[{"name":"wp","href":"https:\/\/api.w.org\/{rel}","templated":true}]}}