{"id":487,"date":"2012-09-22T01:19:56","date_gmt":"2012-09-21T23:19:56","guid":{"rendered":"http:\/\/www.culture-numerique.fr\/?p=487"},"modified":"2016-10-20T16:27:33","modified_gmt":"2016-10-20T14:27:33","slug":"sur-internet-personne-ne-sait-que-vous-etes-un-cadre","status":"publish","type":"post","link":"https:\/\/www.culture-numerique.fr\/?p=487","title":{"rendered":"Sur Internet, personne ne sait que vous \u00eates un cadre"},"content":{"rendered":"<p><img loading=\"lazy\" decoding=\"async\" class=\"wp-image-1671 size-full alignright\" src=\"http:\/\/www.culture-numerique.fr\/wp-content\/uploads\/2012\/09\/Internet_dog.jpg\" alt=\"Internet_dog\" width=\"300\" height=\"335\" srcset=\"https:\/\/www.culture-numerique.fr\/wp-content\/uploads\/2012\/09\/Internet_dog.jpg 300w, https:\/\/www.culture-numerique.fr\/wp-content\/uploads\/2012\/09\/Internet_dog-268x300.jpg 268w, https:\/\/www.culture-numerique.fr\/wp-content\/uploads\/2012\/09\/Internet_dog-100x111.jpg 100w, https:\/\/www.culture-numerique.fr\/wp-content\/uploads\/2012\/09\/Internet_dog-150x167.jpg 150w, https:\/\/www.culture-numerique.fr\/wp-content\/uploads\/2012\/09\/Internet_dog-200x223.jpg 200w\" sizes=\"auto, (max-width: 300px) 100vw, 300px\" \/><\/p>\n<p><strong>Le dessin de presse ci-contre<\/strong> est sans doute un des plus connus. Paru en 1993 (d\u00e9j\u00e0\u00a0!) dans le <em><a title=\"The New Yorker\" href=\"http:\/\/fr.wikipedia.org\/wiki\/The_New_Yorker\" target=\"_blank\">New-Yorker<\/a><\/em>, il voulait mettre en \u00e9vidence (d\u00e9j\u00e0\u00a0!) l&rsquo;anonymat suppos\u00e9 v\u00e9cu ou ressenti par chaque internaute.<\/p>\n<p>Presque vingt ans plus tard, le microcosme ne cesse de gloser sur l\u2019anonymat ou sur l\u2019identit\u00e9 num\u00e9rique, comme si c\u2019\u00e9tait le sujet du si\u00e8cle. En mati\u00e8re d\u2019\u00e9ducation aux m\u00e9dias, par exemple, l\u2019identit\u00e9 num\u00e9rique est devenue le sujet central sinon unique de la r\u00e9flexion de ceux qui veulent bien s\u2019y coller\u00a0! C\u2019est pourtant, \u00e0 mon avis, plus un probl\u00e8me d\u2019adulte qu\u2019un sujet de pr\u00e9occupation pour les jeunes dans leurs usages des r\u00e9seaux et m\u00e9dias num\u00e9riques. Pour s\u2019en convaincre, relire\u00a0<a href=\"http:\/\/gingko.neottia.net\/post\/18064247282\/identite-numerique-quand-les-eleves-font-la-loi\" target=\"_blank\">cet article<\/a>.<\/p>\n<p>Mais tel n\u2019est pas mon propos aujourd\u2019hui.<\/p>\n<p>\u00ab\u00a0<strong>Sur Internet, personne ne sait que vous \u00eates un chien<\/strong>\u00a0\u00bb disait Peter Steiner. De son c\u00f4t\u00e9, Pierre Frackowiak, qui sait de quoi il parle, d\u00e9non\u00e7ait\u00a0<a href=\"http:\/\/www.educavox.fr\/actualite\/debats\/article\/refondation-la-peur-des-ruptures\" target=\"_blank\">l\u00e0<\/a>\u00a0r\u00e9cemment l\u2019incapacit\u00e9 cong\u00e9nitale de l\u2019encadrement \u00e0 s\u2019adapter au num\u00e9rique\u00a0:<\/p>\n<blockquote><p>\u00ab<em>\u00a0Prenons l\u2019exemple de la gouvernance. Pyramidale, autoritaire, par tuyaux d\u2019orgue pour la descente et parapluies \u00e0 chaque \u00e9tage pour la remont\u00e9e. Scolaro-centr\u00e9e.\u00a0Il faudra bien mettre plus d\u2019horizontalit\u00e9, de confiance, d\u2019espace et de temps pour la mobilisation de l\u2019intelligence collective.\u00a0<\/em>\u00bb<\/p><\/blockquote>\n<p>Le d\u00e9fi du num\u00e9rique est d\u2019ores et d\u00e9j\u00e0 relev\u00e9 par nombre de professeurs. C\u2019est d\u2019abord un moyen pour eux de r\u00e9nover leurs pratiques et de r\u00e9soudre les difficult\u00e9s de ceux des \u00e9l\u00e8ves que leur enseignement traditionnel laissait sur le bord de la route.\u00a0J\u2019ai une foi indestructible dans la capacit\u00e9 des enseignants \u00e0 bousculer les vieux sch\u00e9mas, \u00e0 changer de posture et \u00e0 innover avec le num\u00e9rique.<\/p>\n<p>En revanche, je suis beaucoup plus pessimiste sur la capacit\u00e9 des cadres \u00e0 \u00e9voluer et \u00e0 s\u2019engager. J\u2019ai d\u00e9j\u00e0 \u00e9voqu\u00e9 longuement les raisons qui motivent mon point de vue, dans cet article \u00ab\u00a0<a title=\"\u00c9cole\u00a0: la fracture num\u00e9rique nest pas l\u00e0 o\u00f9 on la croit&amp;\" href=\"http:\/\/gingko.neottia.net\/post\/12681330238\/ecole-la-fracture-numerique-nest-pas-la-ou-on-la\" target=\"_blank\">\u00c9cole\u00a0: la fracture num\u00e9rique n\u2019est pas l\u00e0 o\u00f9 on la croit\u2026<\/a>\u00a0\u00bb.<\/p>\n<h3><strong>Or, sur Internet, personne ne sait que vous \u00eates un cadre<\/strong><\/h3>\n<p>De tous les effets induits par la surrection du num\u00e9rique, le plus perturbateur et d\u00e9stabilisant pour les cadres est, de loin, la multiplication de pratiques collaboratives horizontales, de pair \u00e0 pair, entre les enseignants. Ces derniers ont pris la d\u00e9plorable habitude de produire et d\u2019\u00e9changer leurs propres ressources, de les partager et donc des les enrichir, de concevoir des projets collectifs innovants, d\u2019y travailler encore et encore, voire de fabriquer des manuels num\u00e9riques \u2014\u00a0<a href=\"http:\/\/www.ralentirtravaux.com\/\" target=\"_blank\">voir l\u2019initiative<\/a>\u00a0de\u00a0<a href=\"https:\/\/twitter.com\/yannhoury\" target=\"_blank\">Yann Houry<\/a>\u00a0\u2014 sans surtout demander d\u2019autorisation ou de validation \u00e0 personne\u00a0! Quelle outrecuidance\u00a0!<\/p>\n<p>Les cadres, de leur c\u00f4t\u00e9, rompus \u00e0 des pratiques de gouvernance autoritaire, centrale, verticale et injonctive, se retrouvent alors fort d\u00e9sempar\u00e9s. Leurs consignes, leurs injonctions, leurs circulaires, leurs rappels aux textes sont v\u00e9cus comme autant de traumatismes bridant l\u2019initiative, l\u2019intelligence collective et l\u2019innovation. J\u2019ai plein d\u2019anecdotes \u00e0 raconter \u00e0 ce sujet, la plus exemplaire \u00e9tant peut-\u00eatre celle de cette liste de diffusion de professeurs de math\u00e9matiques, \u00e9changeant tous de mani\u00e8re tr\u00e8s active et collaborative sur la mani\u00e8re d\u2019utiliser le tableau num\u00e9rique dans leur discipline, liste dont l\u2019activit\u00e9 s\u2019est arr\u00eat\u00e9e illico d\u00e8s que l\u2019inspecteur p\u00e9dagogique r\u00e9gional local, inscrit lui aussi sur la liste, a indiqu\u00e9 \u00e8s-qualit\u00e9s qu\u2019il convenait de proc\u00e9der diff\u00e9remment\u00a0!<\/p>\n<p>Quand les cadres p\u00e9dagogiques comprendront-ils qu\u2019ils ne sont plus en capacit\u00e9, le tampon institutionnel \u00e0 la main, de passer leur temps \u00e0 valider ou invalider\u00a0<em>a priori<\/em>\u00a0les d\u00e9marches, les s\u00e9quences, les ressources, les progressions des enseignants\u00a0? J\u2019avais propos\u00e9, dans\u00a0<a href=\"http:\/\/gingko.neottia.net\/post\/22652817331\/illusion-du-tampon\" target=\"_blank\">cet article<\/a>, qu\u2019ils se transforment en de fins curateurs de leur discipline\u2026<\/p>\n<p><strong>Personne ne sait que vous \u00eates un cadre<\/strong>\u00a0tant que vous n\u2019utilisez pas les m\u00e9thodes traditionnelles de l\u2019encadrement.\u00a0Ces pratiques des inspecteurs, \u00e0 peine autoritaires mais dont ils ont l\u2019habitude parce qu\u2019ils ont \u00e9t\u00e9 form\u00e9s \u00e0 un\u00a0<a href=\"http:\/\/www.educavox.fr\/actualite\/debats\/article\/pilotage-et-lavage-de-cerveau\" target=\"_blank\">pilotage d\u00e9shumanis\u00e9<\/a>, peuvent \u00eatre tol\u00e9r\u00e9es lors d\u2019\u00e9changes dans des rencontres \u00ab\u00a0en vrai\u00a0\u00bb mais sont, de fait, tr\u00e8s mal tol\u00e9r\u00e9es voire, comme dans le cas pr\u00e9c\u00e9dent, d\u00e9finitivement rejet\u00e9es d\u00e8s qu\u2019elles s\u2019expriment dans les espaces virtuels.<\/p>\n<p>Il leur faut donc changer de m\u00e9thode. Ainsi, la tr\u00e8s grande majorit\u00e9 des corps d\u2019inspection n\u2019ont pas du tout l\u2019habitude des pratiques de travail coop\u00e9ratif ou collaboratif et n\u2019ont donc pas acquis la pratique usuelle de la coordination, du conseil ou de l\u2019impulsion, de la curation aussi. Le management des \u00e9quipes de professeurs est au pire catastrophique, au mieux chaotique.<\/p>\n<p>Les chefs d\u2019\u00e9tablissement, eux, comme les cadres administratifs, n\u2019y comprennent goutte, le plus souvent. Incapables de percevoir les enjeux du num\u00e9rique \u00e9ducatif, ils persistent dans une vision utilitariste et consum\u00e9riste de l\u2019informatique bureautique administrative, centr\u00e9e sur des pr\u00e9occupations scolaires et administratives, fort \u00e9loign\u00e9es des pr\u00e9occupations du terrain.<\/p>\n<p>Le num\u00e9rique les d\u00e9passe, eux aussi, les g\u00eane parfois. Soumis aux pressions des collectivit\u00e9s locales qui ont des comptes \u00e0 rendre aux parents \u00e9lecteurs, ils \u00e9laborent des projets num\u00e9riques sans queue ni t\u00eate, inad\u00e9quats aux ambitions d\u2019une p\u00e9dagogie moderne et innovante. La gestion locale des mat\u00e9riels et logiciels, sous leur responsabilit\u00e9, est, le plus souvent, un immense g\u00e2chis. On ne compte plus les mat\u00e9riels inutilis\u00e9s stock\u00e9s et oubli\u00e9s dans d\u2019improbables armoires, les machines jamais r\u00e9par\u00e9es, les c\u00e2blages d\u00e9fectueux, les r\u00e9seaux en panne faute de personnel pour les maintenir, les connexions \u00e0 l\u2019Internet an\u00e9miques, les quantit\u00e9s invraisemblables de ressources num\u00e9riques achet\u00e9es et qui ne servent absolument jamais (d\u2019ailleurs, qui sait qu\u2019elles sont disponibles\u00a0?). Ils mettent en place et font voter par leurs conseils d\u2019administration, sous la pression, il est vrai, de leur tutelle comme parfois de certains professeurs, des r\u00e8gles iniques et anachroniques de gestion des terminaux num\u00e9riques des \u00e9l\u00e8ves.<\/p>\n<p>La place qui est donn\u00e9e, autour de la vie scolaire, \u00e0 l\u2019am\u00e9lioration des comp\u00e9tences civiques des \u00e9l\u00e8ves, \u00e0 leur capacit\u00e9 \u00e0 devenir plus autonomes et responsables, est, au contraire de ce qu\u2019on pouvait attendre compte tenu des pratiques num\u00e9riques massives des jeunes, r\u00e9duite \u00e0 la portion congrue.<\/p>\n<p>Au lieu de valoriser et de responsabiliser, on censure, on interdit, on diabolise.<\/p>\n<p><strong>Personne ne sait donc,\u00a0<em>a priori<\/em>, si vous \u00eates un cadre<\/strong>\u00a0sur les r\u00e9seaux num\u00e9riques ou sur Internet, sauf \u00e0 l\u2019afficher. Vous l\u2019avez compris, il y a donc deux mani\u00e8res de le faire\u00a0: la premi\u00e8re, traditionnelle, autoritaire, vaudra aux cadres d\u2019\u00eatre rejet\u00e9s, peut-\u00eatre m\u00eame raill\u00e9s, sans aucun doute\u00a0; la deuxi\u00e8me, toute en \u00e9coute, en impulsion, en accompagnement, en animation et en curation, vaudra aux cadres d\u2019\u00eatre reconnus. Ils ont le choix\u2026<\/p>\n<p>J\u2019en connais ou reconnais quelques-uns, sur les r\u00e9seaux sociaux, et je sais que ce sont des cadres, inspecteurs ou chefs d\u2019\u00e9tablissement. Et pourtant, ils ne s\u2019annoncent ou ne se pr\u00e9sentent pas comme tels. Certains se sont mu\u00e9s m\u00eame en animateurs de communaut\u00e9 \u00e9ducative, des \u00ab\u00a0<em><a href=\"http:\/\/fr.wikipedia.org\/wiki\/Gestionnaire_de_communaut%C3%A9\" target=\"_blank\">community managers<\/a><\/em>\u00a0\u00bb comme on dit dans l\u2019entreprise 2.0.<\/p>\n<p>Comme quoi il faut rester optimiste. Ce sont les nouveaux pionniers, sans doute. Il en faut. En ont-ils conscience\u00a0?<\/p>\n<p>Michel Guillou\u00a0<a title=\"Twitter\" href=\"https:\/\/twitter.com\/#!\/michelguillou\" target=\"_blank\">@michelguillou<\/a><\/p>\n<p><a style=\"color: #2c32f6;\" href=\"http:\/\/creativecommons.org\/licenses\/by-nc-sa\/2.0\/fr\/\" target=\"_blank\"><img loading=\"lazy\" decoding=\"async\" src=\"http:\/\/i.creativecommons.org\/l\/by-nc-sa\/2.0\/fr\/80x15.png\" alt=\"\" width=\"80\" height=\"15\" \/><\/a><\/p>\n<p>[cite]<\/p>\n","protected":false},"excerpt":{"rendered":"<p><img loading=\"lazy\" decoding=\"async\" class=\"wp-image-1671 size-full alignright\" src=\"http:\/\/www.culture-numerique.fr\/wp-content\/uploads\/2012\/09\/Internet_dog.jpg\" alt=\"Internet_dog\" width=\"300\" height=\"335\" srcset=\"https:\/\/www.culture-numerique.fr\/wp-content\/uploads\/2012\/09\/Internet_dog.jpg 300w, https:\/\/www.culture-numerique.fr\/wp-content\/uploads\/2012\/09\/Internet_dog-268x300.jpg 268w, https:\/\/www.culture-numerique.fr\/wp-content\/uploads\/2012\/09\/Internet_dog-100x111.jpg 100w, https:\/\/www.culture-numerique.fr\/wp-content\/uploads\/2012\/09\/Internet_dog-150x167.jpg 150w, https:\/\/www.culture-numerique.fr\/wp-content\/uploads\/2012\/09\/Internet_dog-200x223.jpg 200w\" sizes=\"auto, (max-width: 300px) 100vw, 300px\" \/><\/p>\n<p><strong>Le dessin de presse ci-contre<\/strong> est sans doute un des plus connus. Paru en 1993 (d\u00e9j\u00e0\u00a0!) dans le <em><a title=\"The New Yorker\" href=\"http:\/\/fr.wikipedia.org\/wiki\/The_New_Yorker\" target=\"_blank\">New-Yorker<\/a><\/em>, il voulait mettre en \u00e9vidence (d\u00e9j\u00e0\u00a0!) l&rsquo;anonymat suppos\u00e9 v\u00e9cu ou ressenti par chaque internaute.<\/p>\n<p><span class=\"ellipsis\">&hellip;<\/span><\/p>\n<div class=\"read-more\"><a href=\"https:\/\/www.culture-numerique.fr\/?p=487\">Lire la suite &#8250;<\/a><\/div>\n<p><!-- end of .read-more --><\/p>\n","protected":false},"author":1,"featured_media":488,"comment_status":"open","ping_status":"open","sticky":false,"template":"","format":"standard","meta":{"jetpack_post_was_ever_published":false,"_jetpack_newsletter_access":"","_jetpack_dont_email_post_to_subs":true,"_jetpack_newsletter_tier_id":0,"_jetpack_memberships_contains_paywalled_content":false,"_jetpack_memberships_contains_paid_content":false,"footnotes":""},"categories":[9],"tags":[326,328,38,30,4,327,85],"class_list":["post-487","post","type-post","status-publish","format-standard","has-post-thumbnail","hentry","category-billets-dhumeur","tag-cadres","tag-chien","tag-encadrement","tag-internet","tag-numerique-educatif","tag-politiques-educatives","tag-reseaux-sociaux"],"jetpack_featured_media_url":"https:\/\/www.culture-numerique.fr\/wp-content\/uploads\/2014\/04\/Internet_dog.jpg","jetpack_sharing_enabled":true,"_links":{"self":[{"href":"https:\/\/www.culture-numerique.fr\/index.php?rest_route=\/wp\/v2\/posts\/487","targetHints":{"allow":["GET"]}}],"collection":[{"href":"https:\/\/www.culture-numerique.fr\/index.php?rest_route=\/wp\/v2\/posts"}],"about":[{"href":"https:\/\/www.culture-numerique.fr\/index.php?rest_route=\/wp\/v2\/types\/post"}],"author":[{"embeddable":true,"href":"https:\/\/www.culture-numerique.fr\/index.php?rest_route=\/wp\/v2\/users\/1"}],"replies":[{"embeddable":true,"href":"https:\/\/www.culture-numerique.fr\/index.php?rest_route=%2Fwp%2Fv2%2Fcomments&post=487"}],"version-history":[{"count":15,"href":"https:\/\/www.culture-numerique.fr\/index.php?rest_route=\/wp\/v2\/posts\/487\/revisions"}],"predecessor-version":[{"id":5468,"href":"https:\/\/www.culture-numerique.fr\/index.php?rest_route=\/wp\/v2\/posts\/487\/revisions\/5468"}],"wp:featuredmedia":[{"embeddable":true,"href":"https:\/\/www.culture-numerique.fr\/index.php?rest_route=\/wp\/v2\/media\/488"}],"wp:attachment":[{"href":"https:\/\/www.culture-numerique.fr\/index.php?rest_route=%2Fwp%2Fv2%2Fmedia&parent=487"}],"wp:term":[{"taxonomy":"category","embeddable":true,"href":"https:\/\/www.culture-numerique.fr\/index.php?rest_route=%2Fwp%2Fv2%2Fcategories&post=487"},{"taxonomy":"post_tag","embeddable":true,"href":"https:\/\/www.culture-numerique.fr\/index.php?rest_route=%2Fwp%2Fv2%2Ftags&post=487"}],"curies":[{"name":"wp","href":"https:\/\/api.w.org\/{rel}","templated":true}]}}