{"id":484,"date":"2012-10-01T01:13:15","date_gmt":"2012-09-30T23:13:15","guid":{"rendered":"http:\/\/www.culture-numerique.fr\/?p=484"},"modified":"2015-09-18T00:45:27","modified_gmt":"2015-09-17T22:45:27","slug":"la-vraie-revolution-digitale","status":"publish","type":"post","link":"https:\/\/www.culture-numerique.fr\/?p=484","title":{"rendered":"La vraie r\u00e9volution digitale"},"content":{"rendered":"<p><a href=\"http:\/\/www.culture-numerique.fr\/wp-content\/uploads\/2014\/04\/medium_577671123.jpg\"><img loading=\"lazy\" decoding=\"async\" class=\"wp-image-485 aligncenter\" src=\"http:\/\/www.culture-numerique.fr\/wp-content\/uploads\/2014\/04\/medium_577671123.jpg\" alt=\"Doigt\" width=\"838\" height=\"545\" srcset=\"https:\/\/www.culture-numerique.fr\/wp-content\/uploads\/2014\/04\/medium_577671123.jpg 640w, https:\/\/www.culture-numerique.fr\/wp-content\/uploads\/2014\/04\/medium_577671123-300x195.jpg 300w, https:\/\/www.culture-numerique.fr\/wp-content\/uploads\/2014\/04\/medium_577671123-100x65.jpg 100w, https:\/\/www.culture-numerique.fr\/wp-content\/uploads\/2014\/04\/medium_577671123-150x97.jpg 150w, https:\/\/www.culture-numerique.fr\/wp-content\/uploads\/2014\/04\/medium_577671123-200x130.jpg 200w, https:\/\/www.culture-numerique.fr\/wp-content\/uploads\/2014\/04\/medium_577671123-450x292.jpg 450w, https:\/\/www.culture-numerique.fr\/wp-content\/uploads\/2014\/04\/medium_577671123-600x390.jpg 600w\" sizes=\"auto, (max-width: 838px) 100vw, 838px\" \/><\/a><\/p>\n<p><strong>Extrait du\u00a0<a style=\"color: #2c32f6;\" href=\"http:\/\/fr.wiktionary.org\/wiki\/digital\" target=\"_blank\">Wiktionnaire<\/a><\/strong>\u00a0:<\/p>\n<blockquote><p><strong>digital<\/strong>\u00a0<em>masculin<\/em><\/p>\n<ol>\n<li><span id=\"anatomie\"><span class=\"term\"><em>(<span class=\"texte\">Anatomie<\/span>)<\/em><\/span><\/span>\u00a0Qui\u00a0<a style=\"color: #2c32f6;\" title=\"appartenir\" href=\"http:\/\/fr.wiktionary.org\/wiki\/appartenir\" target=\"_blank\">appartient<\/a>\u00a0aux\u00a0<a style=\"color: #2c32f6;\" title=\"doigt\" href=\"http:\/\/fr.wiktionary.org\/wiki\/doigt\" target=\"_blank\">doigts<\/a>.<\/li>\n<\/ol>\n<\/blockquote>\n<p>Bon, il y a bien une autre acception usit\u00e9e de cet adjectif, dans le sens de \u00ab\u00a0num\u00e9rique\u00a0\u00bb mais il s\u2019agit bien \u00e9videmment d\u2019un anglicisme. Je sais \u00e0 quel point les anglicismes de cet acabit plaisent aux n\u00e9o-branch\u00e9s qui y voient l\u00e0 la mani\u00e8re de montrer au microcosme leur branchitude et leur suppos\u00e9e appartenance aux clans si ferm\u00e9s de la technologie et des m\u00e9dias\u2026 Mais passons.<\/p>\n<p>Non, la vraie r\u00e9volution digitale, c\u2019est celle du doigt que les \u00e9lites autoproclam\u00e9es se mettent dans l\u2019\u0153il.<\/p>\n<p><img decoding=\"async\" class=\"aligncenter\" src=\"http:\/\/media.tumblr.com\/tumblr_mb7zquY0my1r0uc0h.jpg\" alt=\"\" \/><\/p>\n<p>Un bel exemple de cette morgue et de cette suffisance des \u00e9lites nous est fourni encore ces jours-ci par la publication, sur le site Vousnousils, l\u2019\u00ab\u00a0e-mag de l\u2019\u00e9ducation\u00a0\u00bb \u2014 quand je vous disais qu\u2019on \u00e9tait fou des anglicismes, dans les m\u00e9dias branch\u00e9s\u00a0! \u2014 d\u2019une\u00a0<a style=\"color: #2c32f6;\" href=\"http:\/\/www.vousnousils.fr\/fiche-pedagogique\/comptes-twitter-education\" target=\"_blank\">fiche p\u00e9dagogique<\/a>\u00a0(sic) des comptes Twitter du monde de l\u2019\u00e9ducation.<\/p>\n<p>C\u2019est\u00a0<a style=\"color: #2c32f6;\" href=\"https:\/\/twitter.com\/frompennylane\" target=\"_blank\">Laurence Juin<\/a>\u00a0qui, la premi\u00e8re, a relev\u00e9 la chose sur Twitter et s\u2019est offusqu\u00e9e, \u00e0 juste titre\u00a0:<\/p>\n<p><img decoding=\"async\" src=\"http:\/\/media.tumblr.com\/tumblr_mb82bm9NNW1r0uc0h.jpg\" alt=\"\" \/><\/p>\n<p>Que trouve-t-on dans cette liste manifestement b\u00e2cl\u00e9e\u00a0? Les comptes officiels du minist\u00e8re et du site Eduscol, les comptes des ministres (y compris celui du ministre de la culture et de la communication\u00a0! allez savoir pourquoi\u2026 ), les comptes officiels des syndicats, de quelques journalistes sp\u00e9cialis\u00e9s (il en manque, pas grave\u00a0!), les comptes des m\u00e9dias (attention\u00a0! pas n\u2019importe quels m\u00e9dias, les \u00ab\u00a0grands\u00a0\u00bb m\u00e9dias, les vrais, les officiels, pas ceux de l\u2019Internet\u2026), les comptes de quelques mus\u00e9es (attention encore\u00a0! l\u00e0 aussi, c\u2019est du s\u00e9rieux, du parisien exclusif), les comptes officiels de sites de ressources et d\u2019associations divers, les comptes de quatre \u00ab\u00a0sp\u00e9cialistes\u00a0\u00bb dont aucun n\u2019est enseignant (si, un seul, Philippe Watrelot, mais il n\u2019est pas pr\u00e9sent\u00e9 comme tel puisqu\u2019il appara\u00eet comme pr\u00e9sident des\u00a0<a style=\"color: #2c32f6;\" href=\"http:\/\/cahiers-pedagogiques.com\/\" target=\"_blank\">Cahiers p\u00e9dagogiques<\/a>), les comptes des acad\u00e9mies enfin.<\/p>\n<p>\u00c0 ce sujet, pour r\u00e9pondre fort justement \u00e0 cette annonce, on me signale fort justement une curiosit\u00e9\u00a0:<\/p>\n<p><img decoding=\"async\" class=\"aligncenter\" src=\"http:\/\/media.tumblr.com\/tumblr_mb8366ZqOE1r0uc0h.jpg\" alt=\"\" \/><\/p>\n<p>Comme il est dit fort justement\u00a0<a style=\"color: #2c32f6;\" href=\"https:\/\/twitter.com\/fdomon\/status\/252795556957675521\" target=\"_blank\">l\u00e0<\/a>, on ne risque pas d\u2019\u00eatre bien inform\u00e9\u00a0!<\/p>\n<p>On pourrait, par ailleurs, s\u2019amuser \u00e0 relever les oublis, nombreux, des comptes de grands sites, associations ou services, qui traitent d\u2019\u00e9ducation mais qui ont la malchance de ne publier que les points de vue de\u00a0<em>minus habens<\/em>\u00a0ou de proposer un travail contributif et collaboratif. Je ne veux pas les citer tous, de peur d\u2019en oublier, mais comment ne pas \u00e9voquer\u00a0<a style=\"color: #2c32f6;\" href=\"https:\/\/twitter.com\/educavox\" target=\"_blank\">Educavox<\/a>,\u00a0<a style=\"color: #2c32f6;\" href=\"https:\/\/twitter.com\/thot\" target=\"_blank\">Thot Cursus<\/a>,\u00a0<a style=\"color: #2c32f6;\" href=\"https:\/\/twitter.com\/cafepedagogique\" target=\"_blank\">Le Caf\u00e9 p\u00e9dagogique<\/a>,\u00a0<a style=\"color: #2c32f6;\" href=\"https:\/\/twitter.com\/weblettres\" target=\"_blank\">Weblettres<\/a>,\u00a0<a style=\"color: #2c32f6;\" href=\"https:\/\/twitter.com\/sesamath\" target=\"_blank\">S\u00e9samath<\/a>,\u00a0<a style=\"color: #2c32f6;\" href=\"https:\/\/twitter.com\/Numericole\" target=\"_blank\">Numericole<\/a>,\u00a0<a style=\"color: #2c32f6;\" href=\"https:\/\/twitter.com\/sankore2015\" target=\"_blank\">Sankor\u00e9<\/a>,\u00a0<a style=\"color: #2c32f6;\" href=\"https:\/\/twitter.com\/PedagoTIC\" target=\"_blank\">Pedago-TIC<\/a>,\u00a0<a style=\"color: #2c32f6;\" href=\"https:\/\/twitter.com\/educ_medias\" target=\"_blank\">Apte<\/a>,\u00a0<a style=\"color: #2c32f6;\" href=\"https:\/\/twitter.com\/elab_asso\" target=\"_blank\">\u00e9-l@b<\/a>\u2026\u00a0?<\/p>\n<p>L\u00e0, \u00e7a y est, je suis f\u00e2ch\u00e9 avec tous ceux, si nombreux, que j\u2019ai oubli\u00e9s\u2026<\/p>\n<p>Mais revenons sur cette extraordinaire morgue de certains, persuad\u00e9s que tout vient des \u00e9lites et passe par elles, en notant, comme Laurence Juin l\u2019a relev\u00e9, l\u2019incroyable absence des comptes de professeurs\u00a0!<\/p>\n<p>Vousnousils n\u2019\u00e9tait pas oblig\u00e9 de les citer tous, mais il en est tellement d\u2019actifs et particuli\u00e8rement int\u00e9ressants et fructueux, tous degr\u00e9s, de la maternelle \u00e0 l\u2019Universit\u00e9, toutes disciplines, qu\u2019il \u00e9tait impossible de les rater et de n\u2019en pas mentionner certains. La plupart d\u2019entre eux produisent tr\u00e8s souvent, \u00e0 titre personnel ou parce qu\u2019ils la relaient, une information plus nombreuse et bien plus riche que les sites institutionnels ou de m\u00e9dias mentionn\u00e9s supra. Et puis, il y a les si nombreux sites de classes ou d\u2019\u00e9l\u00e8ves qui travaillent sur ou avec Twitter\u00a0! On pouvait au moins mentionner les\u00a0<a style=\"color: #2c32f6;\" href=\"http:\/\/twittclasses.posterous.com\/\" target=\"_blank\">Twittclasses<\/a>\u2026<\/p>\n<p>Ne comptez pas sur moi pour d\u00e9noncer les manquants\u2026<\/p>\n<p>Il en existe \u00e9videmment de nombreux dans l\u2019acad\u00e9mie de Clermont-Ferrand qui auraient bien des choses \u00e0 montrer et \u00e0 partager\u2026<\/p>\n<p>En l\u2019occurrence, le r\u00e9dacteur de cette invraisemblable liste \u2014 je n\u2019ose croire qu\u2019il s\u2019agit d\u2019un journaliste \u2014 fait la preuve de son incomp\u00e9tence et de sa\u00a0m\u00e9connaissance\u00a0de Twitter, c\u2019est une \u00e9vidence. Il montre par ailleurs, comme d\u2019autres, sa m\u00e9connaissance de ce qu\u2019Internet et les r\u00e9seaux num\u00e9riques ont modifi\u00e9 profond\u00e9ment dans les modes de transmission et de construction des savoirs et de la connaissance, mettant ainsi en \u00e9vidence la sagesse des foules bien \u00e9videmment, l\u2019intelligence collective mais aussi la capacit\u00e9 de n\u2019importe qui, \u00e0 titre individuel, oui vraiment n\u2019importe qui, de porter ses points de vue, ses convictions et l\u2019information dont il dispose \u00e0 la face du monde, de les partager, d\u2019\u00e9changer et de coop\u00e9rer.<\/p>\n<p>J\u2019ai, dans\u00a0<a style=\"color: #2c32f6;\" href=\"http:\/\/gingko.neottia.net\/post\/32059383026\/sur-internet-personne-ne-sait-que-vous-etes-un-cadre\" target=\"_blank\">mon billet pr\u00e9c\u00e9dent<\/a>, rappel\u00e9 comment l\u2019encadrement du syst\u00e8me \u00e9ducatif \u00e9tait maintenant dans l\u2019obligation de faire \u00e9voluer son comportement et son exposition en ligne pour \u00eatre \u00e0 l\u2019\u00e9coute des pratiques innovantes du terrain. De m\u00eame, les cadres, comme les \u00e9lites des m\u00e9dias, doivent comprendre \u2014 je confirme que certains, pas encore assez nombreux, l\u2019ont d\u00e9j\u00e0 compris \u2014 que le lecteur, le citoyen, le professeur sont maintenant \u00e0 m\u00eame de pouvoir influer directement sur les tendances, les \u00e9volutions, l\u2019innovation, et d\u2019apporter chacun pour leur part un \u00e9cot \u00e0 la construction de savoirs ou de comp\u00e9tences citoyennes et p\u00e9dagogiques partag\u00e9s.<\/p>\n<p>En ignorant le travail des professeurs de terrain, en en faisant fi pour n\u2019\u00eatre \u00e0 l\u2019\u00e9coute que de ce qui aurait pignon sur rue et viendrait du haut, les \u00e9lites m\u00e9diatiques et p\u00e9dagogiques, main dans la main, pour le coup, se fourrent le doigt dans l\u2019\u0153il.<\/p>\n<p>Ne serait-ce pas la vraie r\u00e9volution digitale\u00a0?<\/p>\n<p>Michel Guillou\u00a0<a style=\"color: #2c32f6;\" title=\"Twitter\" href=\"https:\/\/twitter.com\/#!\/michelguillou\" target=\"_blank\">@michelguillou<\/a><\/p>\n<p><a style=\"color: #2c32f6;\" href=\"http:\/\/creativecommons.org\/licenses\/by-nc-sa\/2.0\/fr\/\" target=\"_blank\"><img loading=\"lazy\" decoding=\"async\" src=\"http:\/\/i.creativecommons.org\/l\/by-nc-sa\/2.0\/fr\/80x15.png\" alt=\"\" width=\"80\" height=\"15\" \/><\/a><\/p>\n<p>Cr\u00e9dit photo\u00a0:\u00a0<a style=\"color: #2c32f6;\" href=\"http:\/\/www.flickr.com\/photos\/dhammza\/577671123\/\" target=\"_blank\">dhammza<\/a>\u00a0et\u00a0<a style=\"color: #2c32f6;\" href=\"http:\/\/www.flickr.com\/photos\/bu7amd\/3018419587\/\" target=\"_blank\">Sanctuary photography \u2192 No Longer Active<\/a>\u00a0via\u00a0<a style=\"color: #2c32f6;\" href=\"http:\/\/photopin.com\/\" target=\"_blank\">photopin<\/a>\u00a0<a style=\"color: #2c32f6;\" href=\"http:\/\/creativecommons.org\/licenses\/by-nc-sa\/2.0\/\" target=\"_blank\">cc<\/a><\/p>\n<p>&nbsp;<\/p>\n","protected":false},"excerpt":{"rendered":"<p><a href=\"http:\/\/www.culture-numerique.fr\/wp-content\/uploads\/2014\/04\/medium_577671123.jpg\"><img loading=\"lazy\" decoding=\"async\" class=\"wp-image-485 aligncenter\" src=\"http:\/\/www.culture-numerique.fr\/wp-content\/uploads\/2014\/04\/medium_577671123.jpg\" alt=\"Doigt\" width=\"838\" height=\"545\" srcset=\"https:\/\/www.culture-numerique.fr\/wp-content\/uploads\/2014\/04\/medium_577671123.jpg 640w, https:\/\/www.culture-numerique.fr\/wp-content\/uploads\/2014\/04\/medium_577671123-300x195.jpg 300w, https:\/\/www.culture-numerique.fr\/wp-content\/uploads\/2014\/04\/medium_577671123-100x65.jpg 100w, https:\/\/www.culture-numerique.fr\/wp-content\/uploads\/2014\/04\/medium_577671123-150x97.jpg 150w, https:\/\/www.culture-numerique.fr\/wp-content\/uploads\/2014\/04\/medium_577671123-200x130.jpg 200w, https:\/\/www.culture-numerique.fr\/wp-content\/uploads\/2014\/04\/medium_577671123-450x292.jpg 450w, https:\/\/www.culture-numerique.fr\/wp-content\/uploads\/2014\/04\/medium_577671123-600x390.jpg 600w\" sizes=\"auto, (max-width: 838px) 100vw, 838px\" \/><\/a><\/p>\n<p><strong>Extrait du\u00a0<a style=\"color: #2c32f6;\" href=\"http:\/\/fr.wiktionary.org\/wiki\/digital\" target=\"_blank\">Wiktionnaire<\/a><\/strong>\u00a0:<\/p>\n<p><strong>digital<\/strong>\u00a0<em>masculin<\/em><\/p>\n<ol>\n<li><span id=\"anatomie\"><span class=\"term\"><em>(<span class=\"texte\">Anatomie<\/span>)<\/em><\/span><\/span>\u00a0Qui\u00a0<a style=\"color: #2c32f6;\" title=\"appartenir\" href=\"http:\/\/fr.wiktionary.org\/wiki\/appartenir\" target=\"_blank\">appartient<\/a>\u00a0aux\u00a0<a style=\"color: #2c32f6;\" title=\"doigt\" href=\"http:\/\/fr.wiktionary.org\/wiki\/doigt\" target=\"_blank\">doigts<\/a>.<\/li>\n<\/ol>\n<p><span class=\"ellipsis\">&hellip;<\/span><\/p>\n<div class=\"read-more\"><a href=\"https:\/\/www.culture-numerique.fr\/?p=484\">Lire la suite &#8250;<\/a><\/div>\n<p><!-- end of .read-more --><\/p>\n","protected":false},"author":1,"featured_media":485,"comment_status":"open","ping_status":"open","sticky":false,"template":"","format":"standard","meta":{"jetpack_post_was_ever_published":false,"_jetpack_newsletter_access":"","_jetpack_dont_email_post_to_subs":false,"_jetpack_newsletter_tier_id":0,"_jetpack_memberships_contains_paywalled_content":false,"_jetpack_memberships_contains_paid_content":false,"footnotes":""},"categories":[9],"tags":[323,325,38,30,324,81,244],"class_list":["post-484","post","type-post","status-publish","format-standard","has-post-thumbnail","hentry","category-billets-dhumeur","tag-doigt","tag-elites","tag-encadrement","tag-internet","tag-oeil","tag-pratiques-numeriques","tag-twitter"],"jetpack_featured_media_url":"https:\/\/www.culture-numerique.fr\/wp-content\/uploads\/2014\/04\/medium_577671123.jpg","jetpack_sharing_enabled":true,"_links":{"self":[{"href":"https:\/\/www.culture-numerique.fr\/index.php?rest_route=\/wp\/v2\/posts\/484","targetHints":{"allow":["GET"]}}],"collection":[{"href":"https:\/\/www.culture-numerique.fr\/index.php?rest_route=\/wp\/v2\/posts"}],"about":[{"href":"https:\/\/www.culture-numerique.fr\/index.php?rest_route=\/wp\/v2\/types\/post"}],"author":[{"embeddable":true,"href":"https:\/\/www.culture-numerique.fr\/index.php?rest_route=\/wp\/v2\/users\/1"}],"replies":[{"embeddable":true,"href":"https:\/\/www.culture-numerique.fr\/index.php?rest_route=%2Fwp%2Fv2%2Fcomments&post=484"}],"version-history":[{"count":3,"href":"https:\/\/www.culture-numerique.fr\/index.php?rest_route=\/wp\/v2\/posts\/484\/revisions"}],"predecessor-version":[{"id":3883,"href":"https:\/\/www.culture-numerique.fr\/index.php?rest_route=\/wp\/v2\/posts\/484\/revisions\/3883"}],"wp:featuredmedia":[{"embeddable":true,"href":"https:\/\/www.culture-numerique.fr\/index.php?rest_route=\/wp\/v2\/media\/485"}],"wp:attachment":[{"href":"https:\/\/www.culture-numerique.fr\/index.php?rest_route=%2Fwp%2Fv2%2Fmedia&parent=484"}],"wp:term":[{"taxonomy":"category","embeddable":true,"href":"https:\/\/www.culture-numerique.fr\/index.php?rest_route=%2Fwp%2Fv2%2Fcategories&post=484"},{"taxonomy":"post_tag","embeddable":true,"href":"https:\/\/www.culture-numerique.fr\/index.php?rest_route=%2Fwp%2Fv2%2Ftags&post=484"}],"curies":[{"name":"wp","href":"https:\/\/api.w.org\/{rel}","templated":true}]}}