{"id":4804,"date":"2016-03-25T09:18:20","date_gmt":"2016-03-25T08:18:20","guid":{"rendered":"http:\/\/www.culture-numerique.fr\/?p=4804"},"modified":"2016-09-13T21:42:58","modified_gmt":"2016-09-13T19:42:58","slug":"semaine-de-la-presse-le-projet-frileux-dun-kiosque-de-presse-validee-par-linstitution","status":"publish","type":"post","link":"https:\/\/www.culture-numerique.fr\/?p=4804","title":{"rendered":"\u00c9duquer aux m\u00e9dias, certes, mais aux seuls m\u00e9dias valid\u00e9s par l&rsquo;institution"},"content":{"rendered":"<p><img loading=\"lazy\" decoding=\"async\" class=\"aligncenter size-full wp-image-4810\" src=\"http:\/\/www.culture-numerique.fr\/wp-content\/uploads\/2016\/03\/magazines-609359_1280.jpg\" alt=\"Kiosque\" width=\"1280\" height=\"930\" srcset=\"https:\/\/www.culture-numerique.fr\/wp-content\/uploads\/2016\/03\/magazines-609359_1280.jpg 1280w, https:\/\/www.culture-numerique.fr\/wp-content\/uploads\/2016\/03\/magazines-609359_1280-300x218.jpg 300w, https:\/\/www.culture-numerique.fr\/wp-content\/uploads\/2016\/03\/magazines-609359_1280-1024x744.jpg 1024w, https:\/\/www.culture-numerique.fr\/wp-content\/uploads\/2016\/03\/magazines-609359_1280-100x73.jpg 100w, https:\/\/www.culture-numerique.fr\/wp-content\/uploads\/2016\/03\/magazines-609359_1280-150x109.jpg 150w, https:\/\/www.culture-numerique.fr\/wp-content\/uploads\/2016\/03\/magazines-609359_1280-200x145.jpg 200w, https:\/\/www.culture-numerique.fr\/wp-content\/uploads\/2016\/03\/magazines-609359_1280-450x327.jpg 450w, https:\/\/www.culture-numerique.fr\/wp-content\/uploads\/2016\/03\/magazines-609359_1280-600x436.jpg 600w, https:\/\/www.culture-numerique.fr\/wp-content\/uploads\/2016\/03\/magazines-609359_1280-900x654.jpg 900w\" sizes=\"auto, (max-width: 1280px) 100vw, 1280px\" \/><\/p>\n<p><strong>On en apprend de bonnes<\/strong> au fil des lectures que me propose mon microcosme pr\u00e9f\u00e9r\u00e9. Tous ceux qui, comme moi, ont port\u00e9 \u00e0 bouts de bras la Semaine de la presse \u00e0 l&rsquo;\u00e9cole, qu&rsquo;on appelle depuis quelques ann\u00e9es Semaine de la presse et des m\u00e9dias \u00e0 l&rsquo;\u00e9cole, l&rsquo;\u00e9v\u00e9nement annuel cens\u00e9 c\u00e9l\u00e9brer le travail de toute une ann\u00e9e d&rsquo;\u00e9ducation aux m\u00e9dias, se retrouvaient autour de <strong>certaines valeurs<\/strong>, de certains principes qu&rsquo;on croyait essentiels et intangibles.<\/p>\n<p>Pour s&rsquo;en convaincre, il suffit de relire le bulletin officiel qui annonce l&rsquo;\u00e9v\u00e9nement pour cette ann\u00e9e #spme2016 qui se d\u00e9roule en ce moment m\u00eame dans les \u00e9coles et \u00e9tablissements et a \u00e0 nouveau pour th\u00e8me \u00ab\u00a0<b>La libert\u00e9 d&rsquo;expression, \u00e7a s&rsquo;apprend<\/b>\u00a0\u00bb\u00a0:<\/p>\n<blockquote><p>\u00ab\u00a0L\u2019\u00e9ducation des \u00e9l\u00e8ves aux m\u00e9dias et \u00e0 l\u2019information s\u2019impose comme <strong>un enseignement au pluralisme<\/strong>, \u00e0 la libert\u00e9 d\u2019opinion, \u00e0 la libert\u00e9 d\u2019expression et au respect du d\u00e9bat d\u00e9mocratique dans une R\u00e9publique la\u00efque. C\u2019est un enjeu de citoyennet\u00e9 majeur pour apprendre le vivre ensemble.\u00a0\u00bb<\/p><\/blockquote>\n<p>C&rsquo;est clair, net, incisif, tr\u00e8s adapt\u00e9 \u00e0 la triste actualit\u00e9 d&rsquo;aujourd&rsquo;hui et de ces derniers mois. C&rsquo;est un floril\u00e8ge de valeurs. Je m&rsquo;y retrouve, pour ma part. Concernant, par exemple, la libert\u00e9 d&rsquo;expression, je n&rsquo;ai eu de cesse de r\u00e9p\u00e9ter qu&rsquo;il s&rsquo;agissait, aujourd&rsquo;hui plus que jamais, d&rsquo;une action prioritaire (1, 2, 3), m\u00eame si certains, en sous-main, s&rsquo;acharnent \u00e0 en limiter l&rsquo;exercice.<\/p>\n<p>Le Clemi soi-m\u00eame, cette v\u00e9n\u00e9rable institution, est d\u00e9fini ainsi dans le m\u00eame bulletin officiel\u00a0:<\/p>\n<blockquote><p>\u00ab\u00a0[Il] a pour mission de promouvoir, notamment par des actions de formation, <strong>l\u2019utilisation pluraliste<\/strong> des moyens d\u2019information dans l\u2019enseignement afin de favoriser une meilleure compr\u00e9hension par les \u00e9l\u00e8ves du monde qui les entoure tout en d\u00e9veloppant leur sens critique.\u00a0\u00bb<\/p><\/blockquote>\n<h3>Le pluralisme, valeur fondamentale d&rsquo;une \u00e9ducation aux m\u00e9dias et \u00e0 l&rsquo;information<\/h3>\n<p>Quoi de plus riche, quand on travaille sur l&rsquo;actualit\u00e9, que de comparer comment tous les organes de presse s&rsquo;en emparent, quel angle choisissent-ils pour la traiter&#8230;\u00a0? <strong>Toute la presse, tous les m\u00e9dias, sur tous les supports<\/strong>.\u00a0Si un m\u00e9dia est autoris\u00e9 \u00e0 publier, si sa diffusion n&rsquo;est pas restreinte aux adultes, <strong>il a sa place en classe, \u00e0 l&rsquo;\u00e9cole<\/strong>, d\u00e8s qu&rsquo;il s&rsquo;agit de travailler sur l&rsquo;actualit\u00e9 et l&rsquo;information. On ne peut d\u00e9cemment \u00ab\u00a0d\u00e9crypter\u00a0\u00bb ou d\u00e9chiffrer les m\u00e9dias que si l&rsquo;on peut mettre le traitement de l&rsquo;actualit\u00e9 en perspective et les comparer, dans toute leur diversit\u00e9 et la multitude de leurs approches.<\/p>\n<p><a href=\"https:\/\/lamouettebblog.wordpress.com\/\"><img loading=\"lazy\" decoding=\"async\" class=\"alignright wp-image-4827 size-medium\" src=\"http:\/\/www.culture-numerique.fr\/wp-content\/uploads\/2016\/03\/4889553_6_305f_dessin-de-la-mouette-baillonnee-apres-les_06260fb9a2ea3ff269187f2fe0808417-300x169.jpg\" alt=\"La Mouette b\u00e2illonn\u00e9e\" width=\"300\" height=\"169\" srcset=\"https:\/\/www.culture-numerique.fr\/wp-content\/uploads\/2016\/03\/4889553_6_305f_dessin-de-la-mouette-baillonnee-apres-les_06260fb9a2ea3ff269187f2fe0808417-300x169.jpg 300w, https:\/\/www.culture-numerique.fr\/wp-content\/uploads\/2016\/03\/4889553_6_305f_dessin-de-la-mouette-baillonnee-apres-les_06260fb9a2ea3ff269187f2fe0808417-100x56.jpg 100w, https:\/\/www.culture-numerique.fr\/wp-content\/uploads\/2016\/03\/4889553_6_305f_dessin-de-la-mouette-baillonnee-apres-les_06260fb9a2ea3ff269187f2fe0808417-150x84.jpg 150w, https:\/\/www.culture-numerique.fr\/wp-content\/uploads\/2016\/03\/4889553_6_305f_dessin-de-la-mouette-baillonnee-apres-les_06260fb9a2ea3ff269187f2fe0808417-200x112.jpg 200w, https:\/\/www.culture-numerique.fr\/wp-content\/uploads\/2016\/03\/4889553_6_305f_dessin-de-la-mouette-baillonnee-apres-les_06260fb9a2ea3ff269187f2fe0808417-450x253.jpg 450w, https:\/\/www.culture-numerique.fr\/wp-content\/uploads\/2016\/03\/4889553_6_305f_dessin-de-la-mouette-baillonnee-apres-les_06260fb9a2ea3ff269187f2fe0808417.jpg 534w\" sizes=\"auto, (max-width: 300px) 100vw, 300px\" \/><\/a><strong>C&rsquo;est \u00e7a, le pluralisme<\/strong>, c&rsquo;est donner la possibilit\u00e9 d&rsquo;acc\u00e9der \u00e0 ce qui n&rsquo;est pas, chez soi, sur la table du salon ou dans la salle d&rsquo;attente du dentiste, ou m\u00eame parmi les abonnements du centre de documentation et d&rsquo;information, de <em><a href=\"http:\/\/www.jeunejolie.fr\/\" target=\"_blank\">Jeune et Jolie<\/a><\/em>\u00a0au <em><a href=\"http:\/\/www.lenouveaudetective.com\/\" target=\"_blank\">Nouveau D\u00e9tective<\/a><\/em>, de <em><a href=\"https:\/\/www.mediapart.fr\/\" target=\"_blank\">M\u00e9diapart<\/a><\/em> au <em><a href=\"http:\/\/www.lefigaro.fr\/\" target=\"_blank\">Figaro<\/a><\/em>, de <em><a href=\"http:\/\/www.pointdevue.fr\/\" target=\"_blank\">Point de vue<\/a><\/em>\u00a0\u00e0 <em><a href=\"http:\/\/www.francefootball.fr\/\" target=\"_blank\">France-Football<\/a><\/em>, du <em><a href=\"http:\/\/www.lechasseurfrancais.com\/\" target=\"_blank\">Chasseur fran\u00e7ais<\/a><\/em> \u00e0 <em><a href=\"http:\/\/www.valeursactuelles.com\/\" target=\"_blank\">Valeurs actuelles<\/a><\/em>, de <em><a href=\"http:\/\/www.rtl.fr\/\" target=\"_blank\">RTL<\/a><\/em> au <em><a href=\"http:\/\/www.letelegramme.fr\/\" target=\"_blank\">T\u00e9l\u00e9gramme<\/a><\/em>, de <em><a href=\"http:\/\/www.telez.fr\/\" target=\"_blank\">T\u00e9l\u00e9 Z<\/a><\/em>\u00a0\u00e0 <em><a href=\"http:\/\/www.france4.fr\/\" target=\"_blank\">France 4<\/a><\/em> et aux nouvelles cha\u00eenes sur <em><a href=\"https:\/\/www.youtube.com\/\" target=\"_blank\">Youtube<\/a><\/em>\u2026 Sans tri pr\u00e9alable, parce qu&rsquo;il n&rsquo;y a pas de \u00ab\u00a0bonne\u00a0\u00bb ou de \u00ab\u00a0mauvaise\u00a0\u00bb presse, parce qu&rsquo;il n&rsquo;y a pas de m\u00e9dias \u00e9lus, parce que la libert\u00e9 de la presse ne se n\u00e9gocie pas\u00a0\u2014\u00a0c&rsquo;est l&rsquo;occasion de rendre hommage, voir ci-contre, <a href=\"http:\/\/www.lemonde.fr\/campus\/article\/2016\/03\/24\/reprendre-la-plume-dans-mon-journal-lyceen-c-etait-pour-moi-mettre-fin-aux-menaces_4889555_4401467.html\" target=\"_blank\">au jeune journaliste<\/a>\u00a0qui\u00a0a, apr\u00e8s Charlie, tenu bon face aux menaces.<\/p>\n<h3>Et puis est arriv\u00e9 le portail gouvernemental officiel d&rsquo;acc\u00e8s \u00e0 la presse\u2026<\/h3>\n<p>\u00c7a s&rsquo;appelle <a href=\"http:\/\/lirelactu.fr\/\" target=\"_blank\">Lirelactu.fr<\/a>\u00a0et\u00a0<a href=\"http:\/\/www.education.gouv.fr\/cid100319\/najat-vallaud-belkacem-lance-la-plateforme-lirelactu.fr-pour-un-acces-gratuit-a-la-presse-dans-les-colleges-et-les-lycees.html\" target=\"_blank\">\u00e7a vient de sortir<\/a>.<\/p>\n<p><img loading=\"lazy\" decoding=\"async\" class=\"aligncenter wp-image-4814 size-full\" src=\"http:\/\/www.culture-numerique.fr\/wp-content\/uploads\/2016\/03\/2016-03-22_171120-e1458836614650.png\" alt=\"LireLactu\" width=\"516\" height=\"159\" srcset=\"https:\/\/www.culture-numerique.fr\/wp-content\/uploads\/2016\/03\/2016-03-22_171120-e1458836614650.png 516w, https:\/\/www.culture-numerique.fr\/wp-content\/uploads\/2016\/03\/2016-03-22_171120-e1458836614650-300x92.png 300w, https:\/\/www.culture-numerique.fr\/wp-content\/uploads\/2016\/03\/2016-03-22_171120-e1458836614650-100x31.png 100w, https:\/\/www.culture-numerique.fr\/wp-content\/uploads\/2016\/03\/2016-03-22_171120-e1458836614650-150x46.png 150w, https:\/\/www.culture-numerique.fr\/wp-content\/uploads\/2016\/03\/2016-03-22_171120-e1458836614650-200x62.png 200w, https:\/\/www.culture-numerique.fr\/wp-content\/uploads\/2016\/03\/2016-03-22_171120-e1458836614650-450x139.png 450w\" sizes=\"auto, (max-width: 516px) 100vw, 516px\" \/>L&rsquo;ouverture n&rsquo;est pr\u00e9vue qu&rsquo;au printemps pour des d\u00e9buts officiels \u00e0 la rentr\u00e9e 2016 mais, d\u00e9j\u00e0, la presse ne bruisse que de \u00e7a\u00a0!\u00a0La derni\u00e8re chance pour faire lire la presse aux adolescents, s&rsquo;interrogent les journalistes\u00a0? Notre ministre de l&rsquo;\u00c9ducation nationale s&rsquo;enflamme\u00a0:<\/p>\n<blockquote><p>\u00ab\u00a0Aujourd&rsquo;hui, les \u00e9l\u00e8ves s&rsquo;informent beaucoup via internet, mais souvent sans pr\u00eater attention \u00e0 la source des informations qu&rsquo;ils y trouvent. J&rsquo;ai donc souhait\u00e9 leur donner acc\u00e8s, par le biais du num\u00e9rique, \u00e0 des titres de presse qu&rsquo;ils n&rsquo;ont pas l&rsquo;habitude de lire pour qu&rsquo;ils en per\u00e7oivent la qualit\u00e9 et la diversit\u00e9.\u00a0\u00bb<\/p><\/blockquote>\n<p>Et d&rsquo;ajouter, dans le m\u00eame mouvement\u00a0:<\/p>\n<blockquote><p>\u00ab\u00a0[Ce kiosque]\u00a0va ainsi contribuer \u00e0 apprendre aux \u00e9l\u00e8ves \u00e0 distinguer, d&rsquo;une part, ce qui rel\u00e8ve de contenus \u00e9crits par des journalistes professionnels et, d&rsquo;autre part, ce qui rel\u00e8ve moins de l&rsquo;information que de l&rsquo;opinion, parfois outranci\u00e8re voire mensong\u00e8re, qui est relay\u00e9e sur les r\u00e9seaux sociaux.\u00a0\u00bb<\/p><\/blockquote>\n<p>Je vous avoue que les bras m&rsquo;en tombent. Ces deux phrases v\u00e9hiculent des clich\u00e9s convenus qui t\u00e9moignent d&rsquo;une profonde m\u00e9connaissance des pratiques m\u00e9diatiques des jeunes et de la mani\u00e8re dont ils acc\u00e8dent \u00e0 l&rsquo;information et la partagent. <strong>Caract\u00e9riser et g\u00e9n\u00e9raliser ainsi ces pratiques n&rsquo;est pas tr\u00e8s s\u00e9rieux<\/strong> et il n&rsquo;y a pas un mot ci-dessus qui ne puisse \u00eatre contredit par les faits ou pour le moins\u00a0questionn\u00e9. Ces prol\u00e9gom\u00e8nes sont, comment dire\u00a0? compl\u00e8tement d\u00e9connect\u00e9s de la r\u00e9alit\u00e9. On les dirait souffl\u00e9s par les\u00a0responsables de la presse \u00e9crite d&rsquo;information g\u00e9n\u00e9rale partenaires du projet, dont le puissant syndicat de la presse quotidienne nationale.<\/p>\n<h3>Le tampon institutionnel sur une presse qualifi\u00e9e<\/h3>\n<p>Par ailleurs, on se demande quelle mouche a piqu\u00e9 la ministre et ses conseillers. Je passe sur cette insupportable mode des portails web \u2014\u00a0\u00e0 quand un portail de portails\u00a0?\u00a0\u2014 qui accentuent la centralisation du web et de l&rsquo;Internet. C&rsquo;est inutile, il y a bien longtemps que les jeunes, les \u00e9l\u00e8ves, ont appris \u00e0 se servir d&rsquo;un moteur de recherche, m\u00eame si la m\u00e9thode leur fait parfois d\u00e9faut, et ils n&rsquo;ont nul besoin d&rsquo;\u00eatre ainsi pris par la main. Mais comment oser, au moment o\u00f9 l&rsquo;on travaille en classe et dans les centres de documentation et d&rsquo;information <strong>sur les tous les m\u00e9dias<\/strong>, oui, tous, comment oser restreindre l&rsquo;\u00e9chantillon, je cite, \u00e0 \u00ab\u00a0<em><span style=\"color: #800000;\">une quinzaine de titres de la presse \u00e9crite quotidienne nationale et \u00e9trang\u00e8re, <strong>s\u00e9lectionn\u00e9s<\/strong> par le minist\u00e8re<\/span><\/em>\u00a0\u00bb ou, comme dit par ailleurs, \u00e0 \u00ab\u00a0<span style=\"color: #800000;\"><em>une presse <strong>qualifi\u00e9e<\/strong><\/em><\/span>\u00a0\u00bb.<\/p>\n<p><strong>Qui s\u00e9lectionne, qui valide, qui tamponne\u00a0?<\/strong> Qui ose faire \u00e7a\u00a0? Qui d\u00e9cide que <em><a href=\"http:\/\/www.lesechos.fr\/\" target=\"_blank\">Les \u00c9chos<\/a><\/em> est une presse autoris\u00e9e et qualifi\u00e9e et que <em><a href=\"http:\/\/www.20minutes.fr\/\" target=\"_blank\">20 Minutes<\/a><\/em> ne l&rsquo;est pas, non plus que les autres quotidiens gratuits, par exemple ? Qui a d\u00e9cid\u00e9 qu&rsquo;il n&rsquo;\u00e9tait que de bonne information g\u00e9n\u00e9rale que sur le papier et que les journaux en ligne \u00e9taient exclus du panel\u00a0? Qui a d\u00e9cid\u00e9 du choix des deux seuls journaux \u00e9trangers\u00a0? J&rsquo;ai pos\u00e9 la question mais n&rsquo;ai toujours pas re\u00e7u la r\u00e9ponse\u00a0:<\/p>\n<blockquote class=\"twitter-tweet\" data-width=\"550\" data-dnt=\"true\">\n<p lang=\"fr\" dir=\"ltr\">Bonjour <a href=\"https:\/\/twitter.com\/lirelactu_fr?ref_src=twsrc%5Etfw\">@lirelactu_fr<\/a> Je repose ma question : que signifie la phrase \u00ab\u00a0une presse qualifi\u00e9e\u00a0\u00bb ? <a href=\"https:\/\/twitter.com\/hashtag\/spme2016?src=hash&amp;ref_src=twsrc%5Etfw\">#spme2016<\/a><\/p>\n<p>&mdash; Michel Guillou \ud83c\udf31 (@michelguillou) <a href=\"https:\/\/twitter.com\/michelguillou\/status\/712573173804478464?ref_src=twsrc%5Etfw\">March 23, 2016<\/a><\/p><\/blockquote>\n<p><script async src=\"https:\/\/platform.twitter.com\/widgets.js\" charset=\"utf-8\"><\/script><\/p>\n<p>M\u00eame s&rsquo;il est question d&rsquo;ouvrir plus tard ce portail \u00e0 la presse quotidienne r\u00e9gionale et aux hebdomadaires d&rsquo;information g\u00e9n\u00e9rale, qui pouvait s&rsquo;attendre \u00e0 \u00e7a\u00a0? Qui pouvait croire\u00a0que ne soit ainsi pr\u00e9sent\u00e9e aux coll\u00e9giens et aux lyc\u00e9ens, dans un pays d\u00e9mocratique, qu&rsquo;<strong>une presse s\u00e9lectionn\u00e9e, qualifi\u00e9e, valid\u00e9e, tamponn\u00e9e par l&rsquo;institution<\/strong>\u00a0?<\/p>\n<p>Il convient, <em>a contrario<\/em>, de travailler \u00e0 la lecture et la compr\u00e9hension critique et distanci\u00e9e de l&rsquo;information \u00e0 laquelle acc\u00e8dent vraiment les \u00e9l\u00e8ves, sur Facebook, Snapchat, Youtube ou ailleurs sur le web ou ses r\u00e9seaux sociaux. De la m\u00eame mani\u00e8re qu&rsquo;il est vain\u00a0de vouloir travailler \u00e0 \u00e9duquer aux m\u00e9dias et \u00e0 l&rsquo;information en censurant massivement cette derni\u00e8re (4) comme cela se pratique malheureusement sur les r\u00e9seaux des \u00e9tablissements solaires, une information\u00a0\u00e0 laquelle acc\u00e8dent pourtant les jeunes partout ailleurs qu&rsquo;\u00e0 l&rsquo;\u00e9cole, il est tout aussi vain de vouloir \u00ab\u00a0d\u00e9crypter\u00a0\u00bb ou d\u00e9chiffrer quoi que ce soit <strong>dans le seul p\u00e9rim\u00e8tre d&rsquo;un \u00e9chantillon restreint \u00e0 une presse suppos\u00e9ment qualifi\u00e9e<\/strong>.<\/p>\n<h3>D&rsquo;autres questions se posent qui t\u00e9moignent d&rsquo;autres incultures<\/h3>\n<p>\u00c0 supposer, comme le pr\u00e9tend la ministre, qu&rsquo;il s&rsquo;agit de lutter contre la suppos\u00e9e d\u00e9sinformation v\u00e9hicul\u00e9e sur les r\u00e9seaux sociaux, pourquoi cette op\u00e9ration est-elle limit\u00e9e aux seuls coll\u00e9giens et lyc\u00e9ens\u00a0? Les \u00e9coliers n&rsquo;y ont pas droit\u00a0? Il y a bien longtemps qu&rsquo;on sait qu&rsquo;ils sont tr\u00e8s nombreux, eux aussi, d\u00e8s huit ou neuf ans, avec ou sans l&rsquo;autorisation de leurs parents, pr\u00e9sents dans ces espaces\u00a0et sur le web o\u00f9 ils s&rsquo;informent. Oui, oui, je vous assure\u2026<\/p>\n<blockquote><p>\u00ab\u00a0Les \u00e9l\u00e8ves et leurs enseignants pourront y acc\u00e9der au sein de leurs coll\u00e8ges et lyc\u00e9es et lire les articles de la presse du jour en streaming sur ordinateur ou sur tablette. Ce service sera consultable en se connectant au wifi de l&rsquo;\u00e9tablissement, sans possibilit\u00e9 de t\u00e9l\u00e9chargement ou d&rsquo;impression pour les utilisateurs.\u00a0\u00bb<\/p><\/blockquote>\n<p>Lire la presse \u00e9crite en \u00ab\u00a0streaming\u00a0\u00bb\u00a0? Les r\u00e9dacteurs savent-il bien de quoi ils parlent\u00a0? Il ne s&rsquo;agit ni d&rsquo;un film ni d&rsquo;une vid\u00e9o\u2026 Sur ordinateur ou tablette\u00a0? Et les \u00ab\u00a0smartphones\u00a0\u00bb des \u00e9l\u00e8ves\u00a0? Je comprends bien que les promoteurs de cette initiative veulent restreindre l&rsquo;acc\u00e8s aux r\u00e9seaux internes des \u00e9tablissements mais <strong>quelle est la finalit\u00e9 de tant de pr\u00e9cautions<\/strong>\u00a0? Les jeunes ne sont \u00e9videmment pas habitu\u00e9s \u00e0 de tels contenus num\u00e9riques bard\u00e9s de droits et surprot\u00e9g\u00e9s qu&rsquo;il n&rsquo;est m\u00eame pas possible d&rsquo;enregistrer ou d&rsquo;imprimer \u2014 rassurez-vous\u00a0! les \u00e9l\u00e8ves savent d\u00e9j\u00e0 comment enregistrer ou imprimer un \u00e9cran, pas de souci pour eux\u00a0!<strong> Tant de restrictions et de barri\u00e8res techniques n&rsquo;a pas le moindre sens<\/strong>. Qui peut imaginer, \u00e0 supposer que les \u00e9l\u00e8ves se soient un moment int\u00e9ress\u00e9s \u00e0 l&rsquo;affaire, qu&rsquo;ils puissent, lass\u00e9s de tant de freins, investir davantage un tel espace\u00a0?<\/p>\n<p>Qui peut imaginer qu&rsquo;ils vont laisser tomber Snapchat pour aller lire <em><a href=\"http:\/\/www.liberation.fr\/\" target=\"_blank\">Lib\u00e9ration<\/a><\/em>\u00a0?<\/p>\n<p>Peut-\u00eatre y seront-ils incit\u00e9s par leurs professeurs mais d\u00e9j\u00e0, certains se posent des questions\u00a0:<\/p>\n<blockquote class=\"twitter-tweet\" data-width=\"550\" data-dnt=\"true\">\n<p lang=\"fr\" dir=\"ltr\">lireLactu.fr : acc\u00e8s &quot;\u00e0 la presse \u00e9crite via le wifi sur tablettes ou ordinateurs des coll\u00e8ges\/lyc\u00e9es &#8230; WIFI en &quot;libre&quot; acc\u00e8s donc ??? :o)<\/p>\n<p>&mdash; christophe poupet (@cpoupet) <a href=\"https:\/\/twitter.com\/cpoupet\/status\/712571212938002432?ref_src=twsrc%5Etfw\">March 23, 2016<\/a><\/p><\/blockquote>\n<p><script async src=\"https:\/\/platform.twitter.com\/widgets.js\" charset=\"utf-8\"><\/script><\/p>\n<p>Derni\u00e8re interrogation\u00a0: pourquoi n&rsquo;a-t-on pas ouvert un tel kiosque num\u00e9rique <strong>il y a dix ou douze ans<\/strong>\u00a0? Quelque chose qu&rsquo;on aurait pu ouvrir peu \u00e0 peu \u00e0 toute la presse, y compris \u00e0 la presse scolaire. Aujourd&rsquo;hui, ce projet frileux transpire le repli sur soi et la suffisance de ses journalistes promoteurs. Et puis c&rsquo;est trop tard.<\/p>\n<p>Bient\u00f4t\u00a0s&rsquo;ouvre un <a href=\"http:\/\/ecolenumerique.education.gouv.fr\/2016\/03\/24\/2e-seminaire-national-de-formation-au-numerique-eduquer-aux-usages-responsables-des-reseaux-sociaux\/\" target=\"_blank\">nouveau s\u00e9minaire national<\/a> de <strong>formation au num\u00e9rique concernant les r\u00e9seaux sociaux<\/strong>. La probl\u00e9matique est \u00e9nonc\u00e9e ainsi\u00a0:<\/p>\n<blockquote><p>\u00ab\u00a0Le d\u00e9veloppement des m\u00e9dias sociaux et l\u2019usage des r\u00e9seaux sociaux par les jeunes occupent une\u00a0place importante dans leurs pratiques num\u00e9riques quotidiennes, en classe et hors la classe. Il en va\u00a0de m\u00eame pour les \u00e9quipes p\u00e9dagogiques et \u00e9ducatives. Ces pratiques ont de nombreuses\u00a0r\u00e9percussions dans la vie des \u00e9tablissements scolaires et des \u00e9coles. <strong>Si les aspects positifs sont\u00a0ind\u00e9niables<\/strong>, leur essor favorise la construction de comp\u00e9tences en termes de communication et de\u00a0cr\u00e9ation, d\u2019autres, r\u00e9sultant d\u2019usages mal ma\u00eetris\u00e9s, interpellent la communaut\u00e9 \u00e9ducative.\u00a0\u00bb<\/p><\/blockquote>\n<p><strong>Quelle cacophonie\u00a0!<\/strong> Qu&rsquo;y a-t-il de commun entre notre kiosque num\u00e9rique d&rsquo;un autre \u00e2ge cens\u00e9 promouvoir la parole des \u00ab\u00a0vrais\u00a0\u00bb journalistes contre l&rsquo;information relay\u00e9e sur les r\u00e9seaux sociaux suppos\u00e9e \u00eatre outranci\u00e8re et mensong\u00e8re et les bonnes et bienveillantes d\u00e9clarations d&rsquo;intention \u00e0 l&rsquo;\u00e9gard de ces derniers et des pratiques des jeunes\u00a0? O\u00f9 va-t-on ainsi\u00a0? Les chefs d&rsquo;\u00e9tablissement <a href=\"http:\/\/www.liberation.fr\/france\/2016\/03\/23\/dans-les-colleges-et-lycees-les-chefs-d-etablissement-n-en-peuvent-plus_1441309\" target=\"_blank\">se plaignaient r\u00e9cemment<\/a> d&rsquo;injonctions contradictoires mais on va finir par se demander, avec eux, qui d\u00e9finit vraiment la politique \u00e9ducative de ce pays.<\/p>\n<p>Michel Guillou\u00a0<a href=\"https:\/\/twitter.com\/michelguillou\" target=\"_blank\">@michelguillou<\/a><\/p>\n<p><a href=\"http:\/\/creativecommons.org\/licenses\/by-nc-sa\/2.0\/fr\/\" target=\"_blank\"><img loading=\"lazy\" decoding=\"async\" src=\"http:\/\/i.creativecommons.org\/l\/by-nc-sa\/2.0\/fr\/80x15.png\" alt=\"image\" width=\"80\" height=\"15\" data-pin-nopin=\"true\" \/><\/a><\/p>\n<p>Cr\u00e9dit photo\u00a0: via <a href=\"https:\/\/pixabay.com\/fr\/magazines-kiosque-presse-609359\/\" target=\"_blank\">Pixabay<\/a> en licence CC0<\/p>\n<ol>\n<li>Semaine de la presse\u00a0: apprendre la libert\u00e9 d\u2019expression ou apprendre comment on s\u2019acharne \u00e0 la limiter\u00a0?\u00a0<a href=\"http:\/\/www.culture-numerique.fr\/?p=2864\" target=\"_blank\">http:\/\/www.culture-numerique.fr\/?p=2864<\/a><\/li>\n<li>La libert\u00e9 d\u2019expression doit imp\u00e9rativement s\u2019enseigner\u00a0<a href=\"http:\/\/www.culture-numerique.fr\/?p=2562\" target=\"_blank\">http:\/\/www.culture-numerique.fr\/?p=2562<\/a><\/li>\n<li>Exercer sa libert\u00e9 d\u2019expression, \u00e7a doit s\u2019apprendre aussi \u00e0 l\u2019\u00e9cole\u00a0<a href=\"http:\/\/www.culture-numerique.fr\/?p=1248\" target=\"_blank\">http:\/\/www.culture-numerique.fr\/?p=1248<\/a><\/li>\n<li>L\u2019\u00e9ducation aux m\u00e9dias et \u00e0 l\u2019information est incompatible avec la censure g\u00e9n\u00e9ralis\u00e9e du web\u00a0<a href=\"http:\/\/www.culture-numerique.fr\/?p=2591\" target=\"_blank\">http:\/\/www.culture-numerique.fr\/?p=2591<\/a><\/li>\n<\/ol>\n<p>[cite]<\/p>\n","protected":false},"excerpt":{"rendered":"<p><img loading=\"lazy\" decoding=\"async\" class=\"aligncenter size-full wp-image-4810\" src=\"http:\/\/www.culture-numerique.fr\/wp-content\/uploads\/2016\/03\/magazines-609359_1280.jpg\" alt=\"Kiosque\" width=\"1280\" height=\"930\" srcset=\"https:\/\/www.culture-numerique.fr\/wp-content\/uploads\/2016\/03\/magazines-609359_1280.jpg 1280w, https:\/\/www.culture-numerique.fr\/wp-content\/uploads\/2016\/03\/magazines-609359_1280-300x218.jpg 300w, https:\/\/www.culture-numerique.fr\/wp-content\/uploads\/2016\/03\/magazines-609359_1280-1024x744.jpg 1024w, https:\/\/www.culture-numerique.fr\/wp-content\/uploads\/2016\/03\/magazines-609359_1280-100x73.jpg 100w, https:\/\/www.culture-numerique.fr\/wp-content\/uploads\/2016\/03\/magazines-609359_1280-150x109.jpg 150w, https:\/\/www.culture-numerique.fr\/wp-content\/uploads\/2016\/03\/magazines-609359_1280-200x145.jpg 200w, https:\/\/www.culture-numerique.fr\/wp-content\/uploads\/2016\/03\/magazines-609359_1280-450x327.jpg 450w, https:\/\/www.culture-numerique.fr\/wp-content\/uploads\/2016\/03\/magazines-609359_1280-600x436.jpg 600w, https:\/\/www.culture-numerique.fr\/wp-content\/uploads\/2016\/03\/magazines-609359_1280-900x654.jpg 900w\" sizes=\"auto, (max-width: 1280px) 100vw, 1280px\" \/><\/p>\n<p><strong>On en apprend de bonnes<\/strong> au fil des lectures que me propose mon microcosme pr\u00e9f\u00e9r\u00e9. Tous ceux qui, comme moi, ont port\u00e9 \u00e0 bouts de bras la Semaine de la presse \u00e0 l&rsquo;\u00e9cole, qu&rsquo;on appelle depuis quelques ann\u00e9es Semaine de la presse et des m\u00e9dias \u00e0 l&rsquo;\u00e9cole,<\/p>\n<p><span class=\"ellipsis\">&hellip;<\/span><\/p>\n<div class=\"read-more\"><a href=\"https:\/\/www.culture-numerique.fr\/?p=4804\">Lire la suite &#8250;<\/a><\/div>\n<p><!-- end of .read-more --><\/p>\n","protected":false},"author":1,"featured_media":4810,"comment_status":"open","ping_status":"open","sticky":false,"template":"","format":"standard","meta":{"jetpack_post_was_ever_published":false,"_jetpack_newsletter_access":"","_jetpack_dont_email_post_to_subs":true,"_jetpack_newsletter_tier_id":0,"_jetpack_memberships_contains_paywalled_content":false,"_jetpack_memberships_contains_paid_content":false,"footnotes":""},"categories":[9],"tags":[46,130,111,530,529,722,13,207,723,721,183],"class_list":["post-4804","post","type-post","status-publish","format-standard","has-post-thumbnail","hentry","category-billets-dhumeur","tag-citoyennete","tag-clemi","tag-education-aux-medias","tag-education-aux-medias-et-a-linformation","tag-emi","tag-kiosque-numerique","tag-liberte-dexpression","tag-medias","tag-pluralisme","tag-presse","tag-semaine-de-la-presse-et-des-medias-a-lecole"],"jetpack_featured_media_url":"https:\/\/www.culture-numerique.fr\/wp-content\/uploads\/2016\/03\/magazines-609359_1280.jpg","jetpack_sharing_enabled":true,"_links":{"self":[{"href":"https:\/\/www.culture-numerique.fr\/index.php?rest_route=\/wp\/v2\/posts\/4804","targetHints":{"allow":["GET"]}}],"collection":[{"href":"https:\/\/www.culture-numerique.fr\/index.php?rest_route=\/wp\/v2\/posts"}],"about":[{"href":"https:\/\/www.culture-numerique.fr\/index.php?rest_route=\/wp\/v2\/types\/post"}],"author":[{"embeddable":true,"href":"https:\/\/www.culture-numerique.fr\/index.php?rest_route=\/wp\/v2\/users\/1"}],"replies":[{"embeddable":true,"href":"https:\/\/www.culture-numerique.fr\/index.php?rest_route=%2Fwp%2Fv2%2Fcomments&post=4804"}],"version-history":[{"count":37,"href":"https:\/\/www.culture-numerique.fr\/index.php?rest_route=\/wp\/v2\/posts\/4804\/revisions"}],"predecessor-version":[{"id":5364,"href":"https:\/\/www.culture-numerique.fr\/index.php?rest_route=\/wp\/v2\/posts\/4804\/revisions\/5364"}],"wp:featuredmedia":[{"embeddable":true,"href":"https:\/\/www.culture-numerique.fr\/index.php?rest_route=\/wp\/v2\/media\/4810"}],"wp:attachment":[{"href":"https:\/\/www.culture-numerique.fr\/index.php?rest_route=%2Fwp%2Fv2%2Fmedia&parent=4804"}],"wp:term":[{"taxonomy":"category","embeddable":true,"href":"https:\/\/www.culture-numerique.fr\/index.php?rest_route=%2Fwp%2Fv2%2Fcategories&post=4804"},{"taxonomy":"post_tag","embeddable":true,"href":"https:\/\/www.culture-numerique.fr\/index.php?rest_route=%2Fwp%2Fv2%2Ftags&post=4804"}],"curies":[{"name":"wp","href":"https:\/\/api.w.org\/{rel}","templated":true}]}}