{"id":478,"date":"2012-10-08T01:03:53","date_gmt":"2012-10-07T23:03:53","guid":{"rendered":"http:\/\/www.culture-numerique.fr\/?p=478"},"modified":"2015-09-18T00:58:20","modified_gmt":"2015-09-17T22:58:20","slug":"refondation-la-grande-parade-du-numerique","status":"publish","type":"post","link":"https:\/\/www.culture-numerique.fr\/?p=478","title":{"rendered":"Refondation : la grande parade du num\u00e9rique"},"content":{"rendered":"<p><a href=\"http:\/\/www.culture-numerique.fr\/wp-content\/uploads\/2014\/04\/medium_146681779.jpg\"><img loading=\"lazy\" decoding=\"async\" class=\"wp-image-479 aligncenter\" src=\"http:\/\/www.culture-numerique.fr\/wp-content\/uploads\/2014\/04\/medium_146681779.jpg\" alt=\"Paon\" width=\"853\" height=\"572\" srcset=\"https:\/\/www.culture-numerique.fr\/wp-content\/uploads\/2014\/04\/medium_146681779.jpg 640w, https:\/\/www.culture-numerique.fr\/wp-content\/uploads\/2014\/04\/medium_146681779-300x201.jpg 300w, https:\/\/www.culture-numerique.fr\/wp-content\/uploads\/2014\/04\/medium_146681779-100x67.jpg 100w, https:\/\/www.culture-numerique.fr\/wp-content\/uploads\/2014\/04\/medium_146681779-150x100.jpg 150w, https:\/\/www.culture-numerique.fr\/wp-content\/uploads\/2014\/04\/medium_146681779-200x134.jpg 200w, https:\/\/www.culture-numerique.fr\/wp-content\/uploads\/2014\/04\/medium_146681779-450x301.jpg 450w, https:\/\/www.culture-numerique.fr\/wp-content\/uploads\/2014\/04\/medium_146681779-600x402.jpg 600w\" sizes=\"auto, (max-width: 853px) 100vw, 853px\" \/><\/a><\/p>\n<p><strong>L\u2019occasion m\u2019est donn\u00e9e<\/strong>, puisque je suis invit\u00e9 ce mardi 9 octobre \u00e0 dire ce que je pense des \u00ab\u00a0<a style=\"color: #2c32f6;\" href=\"http:\/\/www.fondation-adn.org\/fichiers\/ADN_NOE_programme_9oct12.pdf\" target=\"_blank\">Nouveaux outils de l\u2019\u00e9ducation<\/a>\u00a0\u00bb, de commenter le rapport remis, apr\u00e8s ces semaines de travail d\u2019\u00e9t\u00e9, au ministre \u00e0 propos de la refondation de l\u2019\u00e9cole.<\/p>\n<p>Vous le trouverez sur\u00a0<a style=\"color: #2c32f6;\" href=\"http:\/\/www.refondonslecole.gouv.fr\/wp-content\/uploads\/2012\/10\/refondons_l_ecole_de_la_republique_rapport_de_la_concertation1.pdf\" target=\"_blank\">cette page<\/a>\u00a0en ligne, sous forme de PDF de 52 pages.<\/p>\n<p>Vous me connaissez, je fais \u00e7a de mani\u00e8re r\u00e9flexe, pardon, je tape tout de suite \u00ab\u00a0Rechercher &#8211; Num\u00e9rique \u00bb\u2026 et tombe sur un sous-chapite intitul\u00e9 \u00ab\u00a0<strong>Le num\u00e9rique, une priorit\u00e9 pour la r\u00e9ussite<\/strong>\u00a0\u00bb qui m\u2019am\u00e8ne directement page 49\u00a0o\u00f9 je lis les superbes mots ci-dessous\u00a0:<\/p>\n<blockquote><p>\u00ab\u00a0<em>Parce que notre monde vit une mutation de nature comparable \u00e0 ce qui s\u2019est pass\u00e9 avec\u00a0l\u2019imprimerie, parce que toute la soci\u00e9t\u00e9, les sciences, la vie quotidienne et \u00e9conomique sont\u00a0aujourd\u2019hui conditionn\u00e9es par ces bouleversements, l\u2019\u00c9cole doit aujourd\u2019hui pleinement entrer dans\u00a0l\u2019\u00e8re du num\u00e9rique.<\/em>\u00a0\u00bb<\/p><\/blockquote>\n<p><img decoding=\"async\" class=\"aligncenter\" src=\"http:\/\/media.tumblr.com\/tumblr_mbl9bmjYAx1r0uc0h.jpg\" alt=\"\" \/><\/p>\n<p>La comparaison de l\u2019\u00e9mergence du num\u00e9rique avec l\u2019apparition, au milieu du 15e si\u00e8cle, de l\u2019imprimerie n\u2019est pas nouvelle. C\u2019est m\u00eame devenu quasiment un lieu commun. C\u2019est pourtant une id\u00e9e tr\u00e8s int\u00e9ressante et, \u00e0 mon avis, fort pertinente. Les bouleversements induits semblent en effet du m\u00eame ordre, politiques, \u00e9conomiques, \u00e9ducatifs \u00e9videmment, accompagnant un changement radical de paradigme culturel, encore mal compris, d\u2019ailleurs \u2014 voir les invraisemblables d\u00e9bats d\u2019aujourd\u2019hui sur le droit des auteurs.<\/p>\n<p>Mais de l\u00e0 \u00e0 parler \u2014 seulement \u2014 de mutation quant\u00a0<strong>il s\u2019agit \u00e0 l\u2019\u00e9vidence d\u2019une r\u00e9volution<\/strong>\u2026 Qui oserait parler de mutation \u00e0 propos de l\u2019imprimerie\u00a0?<\/p>\n<p>Par ailleurs, s\u2019il faut entendre bien s\u00fbr que l\u2019\u00e9cole doit changer parce que tous les pans de la soci\u00e9t\u00e9 changent et int\u00e8grent le num\u00e9rique, ce rapport n\u00e9glige et oublie de dire que\u00a0<strong>les pratiques num\u00e9riques massives des jeunes<\/strong>\u00a0constituent une deuxi\u00e8me raison d\u2019ailleurs suffisante pour que l\u2019\u00e9cole s\u2019adapte. Dommage de si mal conna\u00eetre ces jeunes, nos \u00e9l\u00e8ves\u00a0!<\/p>\n<p>La fin du paragraphe ci-dessus reproduit \u00e9num\u00e8re l\u2019ensembles des domaines de l\u2019\u00e9ducation qui sont ainsi concern\u00e9s. Rien ne manque et c\u2019est assez \u00e9difiant\u00a0!<\/p>\n<blockquote><p>\u00ab\u00a0<em>Tous les domaines de l\u2019\u00e9ducation sont concern\u00e9s\u00a0: architecture des\u00a0\u00e9tablissements scolaires, \u00e9quipement des salles de classe, des \u00e9l\u00e8ves et des enseignants, formation\u00a0des enseignants, pilotage du syst\u00e8me, recherche et production de ressources, mod\u00e8le \u00e9conomique\u00a0de la ressource p\u00e9dagogique, politique industrielle du num\u00e9rique, apprentissage de la\u00a0compr\u00e9hension de la culture num\u00e9rique, insertion professionnelle par le num\u00e9rique\u2026<\/em>\u00a0\u00a0\u00bb<\/p><\/blockquote>\n<p>J\u2019ai d\u00e9j\u00e0 \u00e9voqu\u00e9, dans des billets pr\u00e9c\u00e9dents, la plupart des points soulev\u00e9s, l\u2019architecture, l\u2019\u00e9quipement, la formation et le pilotage, les ressources, la culture num\u00e9rique, \u00e0 croire que ceux qui ont r\u00e9dig\u00e9 ce rapport me font l\u2019honneur de me lire\u00a0!<\/p>\n<p>Je ne vais pas non plus reprendre une par une les quelques propositions, finalement peu nombreuses, de ce rapport qui concernent le num\u00e9rique. Quelques\u00a0<strong>id\u00e9es presque originales<\/strong>\u00a0rarement lues dans d\u2019autres rapports\u00a0sont pourtant \u00e0 relever qui m\u00e9ritent d\u2019\u00eatre mises en \u0153uvre sans tarder\u00a0:<\/p>\n<ul>\n<li>la valorisation de l\u2019exp\u00e9rience des pionniers\u00a0;<\/li>\n<li>l\u2019inscription dans la loi de l\u2019\u00e9ducation aux m\u00e9dias et \u00e0 l\u2019information \u2014 j\u2019en ai parl\u00e9 abondamment pr\u00e9c\u00e9demment \u2014\u00a0;<\/li>\n<li>la mention que \u00ab\u00a0d<em>es\u00a0personnels d\u00e9di\u00e9s doivent \u00e9galement \u00eatre pr\u00e9sents dans les \u00e9tablissements pour accompagner\u00a0les enseignants et se charger de la maintenance du r\u00e9seau et des \u00e9quipements<\/em>\u00a0\u00bb \u2014 les m\u00eames\u00a0?\u00a0;<\/li>\n<li>l\u2019encouragement \u00e0 la cr\u00e9ativit\u00e9 des enseignants pour produire des ressources\u00a0;<\/li>\n<li>l\u2019essaimage et la diffusion de l\u2019innovation \u2014 \u00e7a aussi, j\u2019en ai parl\u00e9 r\u00e9cemment \u2014\u00a0;<\/li>\n<li>l\u2019\u00e9laboration d\u2019une carte d\u2019am\u00e9nagement territorial\u00a0num\u00e9rique, en relation avec les collectivit\u00e9s.<\/li>\n<\/ul>\n<p>En revanche, j\u2019ai du mal \u00e0 comprendre pourquoi seul et\u00a0<em>a priori<\/em>\u00a0le premier degr\u00e9 devrait \u00eatre concern\u00e9 par un \u00ab\u00a0plan num\u00e9rique\u00a0\u00bb tr\u00e8s vague dont on ne sait exactement ce qu\u2019il comporte.<strong>C\u2019est l\u2019ensemble de l\u2019\u00e9cole, de la maternelle \u00e0 l\u2019Universit\u00e9, qui doit \u00eatre concern\u00e9, d\u2019urgence par un plan num\u00e9rique\u00a0!<\/strong><\/p>\n<p><img decoding=\"async\" class=\"aligncenter\" src=\"http:\/\/media.tumblr.com\/tumblr_mbldpkDA7y1r0uc0h.jpg\" alt=\"\" \/><\/p>\n<p>Non, le plus incroyable \u00e0 propos de cette\u00a0<strong>priorit\u00e9<\/strong>\u00a0r\u00e9volutionnaire annonc\u00e9e par ce paragraphe, c\u2019est qu\u2019il faille attendre la 3e et derni\u00e8re partie, dans le point n\u00b0 2 d\u2019un 4e alin\u00e9a, \u00e0 la 49e page d\u2019un rapport qui en contient 52, pour en entendre parler\u00a0!<\/p>\n<p><img decoding=\"async\" class=\"aligncenter\" src=\"http:\/\/media.tumblr.com\/tumblr_mbledjX1Rj1r0uc0h.jpg\" alt=\"\" \/><\/p>\n<p>Ce positionnement ridicule est d\u2019ailleurs une particularit\u00e9 assez constante de la politique \u00e9ducative ces derni\u00e8res ann\u00e9es, quelle que soit la majorit\u00e9 qui nous gouverne\u00a0: tout le monde parle du num\u00e9rique, tout le monde sait bien que c\u2019est l\u2019affaire la plus importante du d\u00e9but de ce mill\u00e9naire pour l\u2019\u00e9ducation, et puis\u2026 il ne se passe rien\u00a0!<\/p>\n<p>Pour le naturaliste que je suis, cette mani\u00e8re de gouverner me fait toujours penser \u00e0 la parade nuptiale du paon qui n\u2019aboutit, le plus souvent, \u00e0 rien, sinon \u00e0 une immense frustration\u00a0! Beaucoup de brillant et de clinquant et peu d\u2019actes\u2026<\/p>\n<p>On comprend que les nouveaux modes d\u2019acc\u00e8s aux savoirs conditionnent l\u2019ensemble des apprentissages, qu\u2019ils ont des cons\u00e9quences non n\u00e9gligeables sur les postures magistrales, que prendre des d\u00e9cisions, faire des choix n\u2019est pas simple. Mais c\u2019est bien ce qu\u2019on attend d\u2019un pouvoir politique quand tout est si urgent\u00a0!<\/p>\n<p>Comment, pour reprendre les points \u00e9voqu\u00e9s dans ce rapport, poser la question des r\u00e9sultats qui baissent sans \u00e9voquer l\u2019apport possible du num\u00e9rique\u00a0? Comment redonner confiance \u00e0 l\u2019\u00e9cole en omettant de parler du num\u00e9rique\u00a0? Comment engager l\u2019\u00e9cole dans le XXIe si\u00e8cle sans prendre en compte le num\u00e9rique qui l\u2019impr\u00e8gne\u00a0? Comment parler de l\u2019\u00e9cole comme lieu de formation civique et \u00e9thique en \u00e9vacuant la dimension hautement soci\u00e9tale du num\u00e9rique\u00a0? Comment r\u00e9nover l\u2019action publique en \u00e9ducation sans le num\u00e9rique\u00a0?<\/p>\n<p><strong>La refondation sera p\u00e9dagogique ou ne sera pas, comme elle sera num\u00e9rique ou ne sera pas<\/strong>. Comment alors refonder la p\u00e9dagogie sans le num\u00e9rique\u00a0? Comment \u00e9voquer encore le socle commun et le lyc\u00e9e de la r\u00e9ussite sans le num\u00e9rique\u00a0? Comment se mobiliser contre le d\u00e9crochage en n\u00e9gligeant les apports sp\u00e9cifiques du num\u00e9rique\u00a0? Comment \u00e9duquer les \u00e9l\u00e8ves \u00e0 la citoyennet\u00e9 sans prendre en compte leurs pratiques num\u00e9riques\u00a0? Comment r\u00e9nover les apprentissages sans la dimension num\u00e9rique\u00a0?<\/p>\n<p>Comment, comme c\u2019est le leitmotiv de l\u2019actualit\u00e9, penser de nouveaux rythmes scolaires sans r\u00e9fl\u00e9chir \u00e0 ce que le num\u00e9rique \u00e9ducatif peut changer aux contenus, aux programmes, \u00e0 l\u2019organisation et la succession des s\u00e9quences d\u2019enseignement\u00a0?<\/p>\n<p>Comment r\u00e9nover la gouvernance hors de la culture num\u00e9rique que doit acqu\u00e9rir l\u2019encadrement\u00a0?<\/p>\n<p>Oui, comment est-ce possible\u00a0?<\/p>\n<p>Michel Guillou\u00a0<a style=\"color: #2c32f6;\" title=\"Twitter\" href=\"https:\/\/twitter.com\/#!\/michelguillou\" target=\"_blank\">@michelguillou<\/a><\/p>\n<p><a style=\"color: #2c32f6;\" href=\"http:\/\/creativecommons.org\/licenses\/by-nc-sa\/2.0\/fr\/\" target=\"_blank\"><img loading=\"lazy\" decoding=\"async\" src=\"http:\/\/i.creativecommons.org\/l\/by-nc-sa\/2.0\/fr\/80x15.png\" alt=\"\" width=\"80\" height=\"15\" \/><\/a><\/p>\n<p>Cr\u00e9dit photo\u00a0:\u00a0<a style=\"color: #2c32f6;\" href=\"http:\/\/www.flickr.com\/photos\/rappensuncle\/146681779\/\" target=\"_blank\">rappensuncle<\/a>\u00a0via\u00a0<a style=\"color: #2c32f6;\" href=\"http:\/\/photopin.com\/\" target=\"_blank\">photopin<\/a>\u00a0<a style=\"color: #2c32f6;\" href=\"http:\/\/creativecommons.org\/licenses\/by-sa\/2.0\/\" target=\"_blank\">cc<\/a><\/p>\n<p>&nbsp;<\/p>\n","protected":false},"excerpt":{"rendered":"<p><a href=\"http:\/\/www.culture-numerique.fr\/wp-content\/uploads\/2014\/04\/medium_146681779.jpg\"><img loading=\"lazy\" decoding=\"async\" class=\"wp-image-479 aligncenter\" src=\"http:\/\/www.culture-numerique.fr\/wp-content\/uploads\/2014\/04\/medium_146681779.jpg\" alt=\"Paon\" width=\"853\" height=\"572\" srcset=\"https:\/\/www.culture-numerique.fr\/wp-content\/uploads\/2014\/04\/medium_146681779.jpg 640w, https:\/\/www.culture-numerique.fr\/wp-content\/uploads\/2014\/04\/medium_146681779-300x201.jpg 300w, https:\/\/www.culture-numerique.fr\/wp-content\/uploads\/2014\/04\/medium_146681779-100x67.jpg 100w, https:\/\/www.culture-numerique.fr\/wp-content\/uploads\/2014\/04\/medium_146681779-150x100.jpg 150w, https:\/\/www.culture-numerique.fr\/wp-content\/uploads\/2014\/04\/medium_146681779-200x134.jpg 200w, https:\/\/www.culture-numerique.fr\/wp-content\/uploads\/2014\/04\/medium_146681779-450x301.jpg 450w, https:\/\/www.culture-numerique.fr\/wp-content\/uploads\/2014\/04\/medium_146681779-600x402.jpg 600w\" sizes=\"auto, (max-width: 853px) 100vw, 853px\" \/><\/a><\/p>\n<p><strong>L\u2019occasion m\u2019est donn\u00e9e<\/strong>, puisque je suis invit\u00e9 ce mardi 9 octobre \u00e0 dire ce que je pense des \u00ab\u00a0<a style=\"color: #2c32f6;\" href=\"http:\/\/www.fondation-adn.org\/fichiers\/ADN_NOE_programme_9oct12.pdf\" target=\"_blank\">Nouveaux outils de l\u2019\u00e9ducation<\/a>\u00a0\u00bb, de commenter le rapport remis, apr\u00e8s ces semaines de travail d\u2019\u00e9t\u00e9,<\/p>\n<p><span class=\"ellipsis\">&hellip;<\/span><\/p>\n<div class=\"read-more\"><a href=\"https:\/\/www.culture-numerique.fr\/?p=478\">Lire la suite &#8250;<\/a><\/div>\n<p><!-- end of .read-more --><\/p>\n","protected":false},"author":1,"featured_media":479,"comment_status":"open","ping_status":"open","sticky":false,"template":"","format":"standard","meta":{"jetpack_post_was_ever_published":false,"_jetpack_newsletter_access":"","_jetpack_dont_email_post_to_subs":false,"_jetpack_newsletter_tier_id":0,"_jetpack_memberships_contains_paywalled_content":false,"_jetpack_memberships_contains_paid_content":false,"footnotes":""},"categories":[9],"tags":[19,2,26,320,318,65,319],"class_list":["post-478","post","type-post","status-publish","format-standard","has-post-thumbnail","hentry","category-billets-dhumeur","tag-apprentissages","tag-numerique","tag-pedagogie","tag-plan-numerique","tag-priorites","tag-refondation","tag-urgence"],"jetpack_featured_media_url":"https:\/\/www.culture-numerique.fr\/wp-content\/uploads\/2014\/04\/medium_146681779.jpg","jetpack_sharing_enabled":true,"_links":{"self":[{"href":"https:\/\/www.culture-numerique.fr\/index.php?rest_route=\/wp\/v2\/posts\/478","targetHints":{"allow":["GET"]}}],"collection":[{"href":"https:\/\/www.culture-numerique.fr\/index.php?rest_route=\/wp\/v2\/posts"}],"about":[{"href":"https:\/\/www.culture-numerique.fr\/index.php?rest_route=\/wp\/v2\/types\/post"}],"author":[{"embeddable":true,"href":"https:\/\/www.culture-numerique.fr\/index.php?rest_route=\/wp\/v2\/users\/1"}],"replies":[{"embeddable":true,"href":"https:\/\/www.culture-numerique.fr\/index.php?rest_route=%2Fwp%2Fv2%2Fcomments&post=478"}],"version-history":[{"count":3,"href":"https:\/\/www.culture-numerique.fr\/index.php?rest_route=\/wp\/v2\/posts\/478\/revisions"}],"predecessor-version":[{"id":3892,"href":"https:\/\/www.culture-numerique.fr\/index.php?rest_route=\/wp\/v2\/posts\/478\/revisions\/3892"}],"wp:featuredmedia":[{"embeddable":true,"href":"https:\/\/www.culture-numerique.fr\/index.php?rest_route=\/wp\/v2\/media\/479"}],"wp:attachment":[{"href":"https:\/\/www.culture-numerique.fr\/index.php?rest_route=%2Fwp%2Fv2%2Fmedia&parent=478"}],"wp:term":[{"taxonomy":"category","embeddable":true,"href":"https:\/\/www.culture-numerique.fr\/index.php?rest_route=%2Fwp%2Fv2%2Fcategories&post=478"},{"taxonomy":"post_tag","embeddable":true,"href":"https:\/\/www.culture-numerique.fr\/index.php?rest_route=%2Fwp%2Fv2%2Ftags&post=478"}],"curies":[{"name":"wp","href":"https:\/\/api.w.org\/{rel}","templated":true}]}}