{"id":4771,"date":"2016-03-15T12:30:58","date_gmt":"2016-03-15T11:30:58","guid":{"rendered":"http:\/\/www.culture-numerique.fr\/?p=4771"},"modified":"2016-03-15T12:30:58","modified_gmt":"2016-03-15T11:30:58","slug":"deployer-le-numerique-a-lecole-ne-veut-rien-dire-tout-simplement","status":"publish","type":"post","link":"https:\/\/www.culture-numerique.fr\/?p=4771","title":{"rendered":"\u00ab\u00a0D\u00e9ployer le num\u00e9rique \u00e0 l&rsquo;\u00e9cole\u00a0\u00bb ne veut rien dire, tout simplement"},"content":{"rendered":"<p><img loading=\"lazy\" decoding=\"async\" class=\"aligncenter size-full wp-image-4773\" src=\"http:\/\/www.culture-numerique.fr\/wp-content\/uploads\/2016\/03\/6093905128_c4764d70e9_b.jpg\" alt=\"Perroquets\" width=\"1024\" height=\"678\" srcset=\"https:\/\/www.culture-numerique.fr\/wp-content\/uploads\/2016\/03\/6093905128_c4764d70e9_b.jpg 1024w, https:\/\/www.culture-numerique.fr\/wp-content\/uploads\/2016\/03\/6093905128_c4764d70e9_b-300x199.jpg 300w, https:\/\/www.culture-numerique.fr\/wp-content\/uploads\/2016\/03\/6093905128_c4764d70e9_b-100x66.jpg 100w, https:\/\/www.culture-numerique.fr\/wp-content\/uploads\/2016\/03\/6093905128_c4764d70e9_b-150x99.jpg 150w, https:\/\/www.culture-numerique.fr\/wp-content\/uploads\/2016\/03\/6093905128_c4764d70e9_b-200x132.jpg 200w, https:\/\/www.culture-numerique.fr\/wp-content\/uploads\/2016\/03\/6093905128_c4764d70e9_b-450x298.jpg 450w, https:\/\/www.culture-numerique.fr\/wp-content\/uploads\/2016\/03\/6093905128_c4764d70e9_b-600x397.jpg 600w, https:\/\/www.culture-numerique.fr\/wp-content\/uploads\/2016\/03\/6093905128_c4764d70e9_b-900x596.jpg 900w\" sizes=\"auto, (max-width: 1024px) 100vw, 1024px\" \/><\/p>\n<p><strong>La communication politique<\/strong> a des motivations et des moyens qui laissent parfois pantois. D\u00e9j\u00e0, sur le tout r\u00e9cent \u00e9v\u00e9nement <a href=\"http:\/\/www.educatec-educatice.com\/\" target=\"_blank\">\u00c9ducatice<\/a>\u00a0\u2014 bon sang\u00a0! quand va-t-on supprimer cette appellation dat\u00e9e et devenue stupide\u00a0?\u00a0\u2014, on \u00e9voquait sans honte le \u00ab\u00a0<em>coding<\/em>\u00a0\u00bb sur une table ronde organis\u00e9e par un m\u00e9dia scolaire et l&rsquo;abscons \u00ab\u00a0<strong>usages<\/strong>\u00a0\u00bb \u00e9tait mis \u00e0 toutes les sauces, d\u00e8s qu&rsquo;il s&rsquo;agissait de choses qu&rsquo;on ne comprenait pas.<\/p>\n<p>Quelques exemples tir\u00e9s du programme officiel pour la seule premi\u00e8re journ\u00e9e : \u00ab\u00a0une politique r\u00e9ussie de d\u00e9veloppement massif des <strong>usages<\/strong> partout en France\u00a0\u00bb, \u00ab\u00a0la g\u00e9n\u00e9ralisation des <strong>usages<\/strong> num\u00e9riques\u00a0\u00bb, \u00ab\u00a0p\u00e9dagogie invers\u00e9e et nouveaux <strong>usages<\/strong>\u00a0\u00bb, \u00ab\u00a0retours d&rsquo;exp\u00e9riences sur les <strong>usages<\/strong>\u00a0\u00bb, \u00ab\u00a0constat actuel des <strong>usages<\/strong> d\u2019Internet\u00a0\u00bb. La majorit\u00e9 de ceux qui participaient aux tables rondes en question, des cadres m\u00e2les pour la plupart d&rsquo;entre eux,\u00a0seraient bien incapables de dire ce que signifient pr\u00e9cis\u00e9ment ces usages. Des pratiques professionnelles\u00a0? Des modalit\u00e9s d&rsquo;enseignement, de formation\u00a0? Des statistiques\u00a0? Des engagements\u00a0? Des apprentissages transversaux, disciplinaires\u00a0? Nul ne sait\u2026<\/p>\n<p>Fort heureusement, le sens le plus courant para\u00eet \u00eatre celui de pratique professionnelle. Dans cette hypoth\u00e8se, pourquoi n&rsquo;utilise-t-on pas ce mot\u00a0? A-t-on peur de dire ou d&rsquo;\u00e9crire que les professeurs sont \u00e0 la fois <strong>des praticiens et des professionnels de l&rsquo;\u00e9ducation<\/strong>\u00a0? Pr\u00e9f\u00e8re-t-on les r\u00e9duire, \u00e0 l&rsquo;image des autres acteurs, \u00e9l\u00e8ves et parents, au simple r\u00f4le <strong>d&rsquo;usagers et de consommateurs<\/strong>\u00a0? Il est comme \u00e7a des mots qui finissent par prendre racine dans la langue de bois officielle et qui finissent par faire consensus par la seule vacuit\u00e9 du sens qu&rsquo;on s&rsquo;accorde \u00e0 leur donner trop souvent\u2026<\/p>\n<p>Il en est d&rsquo;autres encore qui font flor\u00e8s. On peut \u00e9voquer le fameux \u00ab\u00a0<strong>essaimage<\/strong>\u00a0\u00bb dont il convient de redouter, je l&rsquo;ai d\u00e9j\u00e0 dit (1) \u00e0 propos de sa redondance dans le discours institutionnel, qu&rsquo;il ne serve, une fois de plus, qu&rsquo;\u00e0 procrastiner.<\/p>\n<h3><img loading=\"lazy\" decoding=\"async\" class=\"size-full wp-image-4776 alignright\" src=\"http:\/\/www.culture-numerique.fr\/wp-content\/uploads\/2016\/03\/2016-03-14_161201.png\" alt=\"D\u00e9ployer\" width=\"296\" height=\"405\" srcset=\"https:\/\/www.culture-numerique.fr\/wp-content\/uploads\/2016\/03\/2016-03-14_161201.png 296w, https:\/\/www.culture-numerique.fr\/wp-content\/uploads\/2016\/03\/2016-03-14_161201-219x300.png 219w, https:\/\/www.culture-numerique.fr\/wp-content\/uploads\/2016\/03\/2016-03-14_161201-100x137.png 100w, https:\/\/www.culture-numerique.fr\/wp-content\/uploads\/2016\/03\/2016-03-14_161201-150x205.png 150w, https:\/\/www.culture-numerique.fr\/wp-content\/uploads\/2016\/03\/2016-03-14_161201-200x274.png 200w\" sizes=\"auto, (max-width: 296px) 100vw, 296px\" \/>D\u00e9ployer le num\u00e9rique \u00e0 l&rsquo;\u00e9cole<\/h3>\n<p>C&rsquo;est le plus r\u00e9cent, le plus \u00ab\u00a0hype\u00a0\u00bb. Si on vous demande ce que vous faites, dites que vous d\u00e9ployez, \u00e7a n&rsquo;engage \u00e0 rien.<\/p>\n<p>Le minist\u00e8re, convaincu de l&rsquo;importance du projet et quelque peu alert\u00e9\u00a0\u2014\u00a0oh\u00a0! pas dans tous ses services\u00a0!\u00a0\u2014 quant aux enjeux, a ouvert un site web <em>ad hoc<\/em> appel\u00e9\u00a0<a href=\"http:\/\/ecolenumerique.education.gouv.fr\/\" target=\"_blank\">ecolenumerique.education.gouv.fr<\/a> qui reprend la communication en cours, de fort belle facture \u00e0 mon avis, qui pr\u00e9tend que \u00ab\u00a0<strong>L&rsquo;\u00e9cole change avec le num\u00e9rique\u00a0<\/strong>\u00bb, slogan auquel j&rsquo;adh\u00e8re pleinement. Ainsi on entend bien dans ce discours que ce dernier\u00a0est, plus qu&rsquo;un outil, un nouveau mod\u00e8le qui s&rsquo;applique aussi \u00e0 l&rsquo;\u00e9cole et peut constituer, pour elle, <strong>un fort levier pour son changement<\/strong>.<\/p>\n<p>La ministre en titre <a href=\"http:\/\/www.education.gouv.fr\/cid97842\/salon-international-du-numerique-educatif-bett-a-londres-discours-de-najat-vallaud-belkacem.html\" target=\"_blank\">disait r\u00e9cemment<\/a>, \u00e0 Londres, \u00e0 propos du num\u00e9rique\u00a0:<\/p>\n<blockquote><p>\u00ab\u00a0Je l\u2019ai dit, il n\u2019est pas dans l\u2019habitude de la France de passer \u00e0 c\u00f4t\u00e9 des r\u00e9volutions. Aussi, vous pouvez \u00eatre assur\u00e9s que nous ne raterons pas celle-ci. Autrement nous courons un grand risque\u00a0: celui de voir s\u2019accro\u00eetre un foss\u00e9 entre, d\u2019une part, le monde dans lequel vivent nos \u00e9l\u00e8ves, et, d\u2019autre part, l\u2019\u00c9cole.\u00a0\u00bb<\/p><\/blockquote>\n<p>Ainsi l&rsquo;\u00e9cole ne craint pas le changement, elle entend tirer profit des mutations induites par le num\u00e9rique pour changer et mieux \u00eatre en accord avec le monde qui l&rsquo;entoure et les jeunes \u00e0 qui elle est cens\u00e9e enseigner et qu&rsquo;elle accompagne.<\/p>\n<p>Dans ce contexte, \u00ab\u00a0d\u00e9ployer\u00a0\u00bb pourrait alors signifier faire en sorte qu&rsquo;il y ait, dans les \u00e9coles et \u00e9tablissements de ce pays, toujours plus nombreux, encore plus d&rsquo;outils et de ressources num\u00e9riques.<\/p>\n<p>C&rsquo;est certes int\u00e9ressant mais cela n&rsquo;a pas grand chose \u00e0 voir avec notre propos ! <strong>On ne peut pas d\u00e9ployer le num\u00e9rique<\/strong>, comme on ne peut pas d\u00e9ployer l&rsquo;air du temps ou le fr\u00e9missement du printemps. Les entreprises ne d\u00e9ploient pas le num\u00e9rique, elles se transforment avec lui. Nul besoin de d\u00e9ployer quoi que ce soit, le num\u00e9rique est l\u00e0, \u00e0 l&rsquo;\u00e9cole, dans la culture des \u00e9l\u00e8ves et donc dans leur poche (2), autant que partout ailleurs. Dire qu&rsquo;on veut d\u00e9ployer le num\u00e9rique, c&rsquo;est passer \u00e0 c\u00f4t\u00e9 du sujet, c&rsquo;est n&rsquo;avoir pas compris sa dimension sp\u00e9cifique et les enjeux qui lui sont propres.<\/p>\n<p>Encore une fois, les artisans de ce discours confondent, comme j&rsquo;ai d\u00e9j\u00e0 eu l&rsquo;occasion de le dire (3), le num\u00e9rique, paradigme social et culturel, qui modifie au fond la transmission et la construction des savoirs, avec les outils et les ressources du m\u00eame nom qui n&rsquo;en sont que des artefacts de moindre importance, m\u00eame si personne ne doit oublier\u00a0qu&rsquo;ils ne sont jamais neutres.<\/p>\n<blockquote><p>\u00ab\u00a0Qu\u2019on se serve ou pas des outils ou technologies num\u00e9riques n\u2019a que <strong>de faibles cons\u00e9quences sur la transformation num\u00e9rique<\/strong> de l\u2019enseignement comme sur celle de l\u2019\u00e9cole en g\u00e9n\u00e9ral.\u00a0\u00bb<\/p><\/blockquote>\n<p>C&rsquo;est m\u00eame la raison principale pour laquelle la question de savoir \u00ab\u00a0si c&rsquo;est mieux ou pas avec le num\u00e9rique\u00a0\u00bb n&rsquo;a pas de sens. Je me r\u00e9p\u00e8te donc.<\/p>\n<h3>Transformer l&rsquo;\u00e9cole avec le num\u00e9rique<\/h3>\n<p>Vous l&rsquo;avez compris, au-del\u00e0 des effets caricaturaux\u00a0de la communication politique, l&rsquo;\u00e9cole peut changer avec le num\u00e9rique <strong>si ses acteurs s&rsquo;engagent et changent<\/strong>, si les professeurs prennent conscience des enjeux relatifs \u00e0 la transmission, \u00e0 l&rsquo;appropriation des connaissances, \u00e0 l&rsquo;acquisition de nouvelles comp\u00e9tences, dont une nouvelle citoyennet\u00e9 num\u00e9rique, \u00e0 la mise en \u0153uvre de nouvelles modalit\u00e9s d&rsquo;apprendre, de s&rsquo;\u00e9valuer et d&rsquo;\u00eatre \u00e9valu\u00e9, \u00e0 l&rsquo;importance d&rsquo;une \u00e9ducation aux m\u00e9dias et \u00e0 l&rsquo;information, \u00e0 l&rsquo;organisation sociale\u2026 bien au-del\u00e0 de la ma\u00eetrise technique des outils et des ressources.<\/p>\n<p>Et si on commen\u00e7ait, pour une fois, par impliquer\u00a0\u2014\u00a0j&rsquo;\u00e9tais \u00e0 deux doigts d&rsquo;\u00e9crire \u00ab\u00a0compromettre\u00a0\u00bb\u00a0\u2014 les cadres administratifs et p\u00e9dagogiques, <strong>inspecteurs et chefs d&rsquo;\u00e9tablissement<\/strong>\u00a0? Et si on s\u2019attelait \u00e0 cette t\u00e2che d&rsquo;abord et sans tarder ? Il serait particuli\u00e8rement improductif que l&rsquo;encadrement soit \u00e0 la remorque des innovations du terrain\u00a0! Non\u00a0?<\/p>\n<p>Soyez patients, je vous en reparle bient\u00f4t.<\/p>\n<p>Michel Guillou\u00a0<a href=\"https:\/\/twitter.com\/michelguillou\" target=\"_blank\">@michelguillou<\/a><\/p>\n<p><a href=\"http:\/\/creativecommons.org\/licenses\/by-nc-sa\/2.0\/fr\/\" target=\"_blank\"><img loading=\"lazy\" decoding=\"async\" class=\"alignnone\" src=\"http:\/\/i.creativecommons.org\/l\/by-nc-sa\/2.0\/fr\/80x15.png\" alt=\"image\" width=\"80\" height=\"15\" data-pin-nopin=\"true\" \/><\/a><\/p>\n<p>Cr\u00e9dit photo\u00a0: via <a href=\"https:\/\/www.flickr.com\/photos\/jrguillaumin\/6093905128\" target=\"_blank\">Flickr<\/a> en licence <a href=\"https:\/\/creativecommons.org\/licenses\/by-sa\/2.0\/\" target=\"_blank\">CC<\/a><\/p>\n<ol>\n<li>Attendre l\u2019essaimage des bonnes pratiques num\u00e9riques, ne serait-ce pas procrastiner un peu ?\u00a0<a href=\"http:\/\/www.culture-numerique.fr\/?p=1780\" target=\"_blank\">http:\/\/www.culture-numerique.fr\/?p=1780<\/a><\/li>\n<li>L\u2019\u00e9cole num\u00e9rique est bien dans la seule poche de ses \u00e9l\u00e8ves\u00a0<a href=\"http:\/\/www.culture-numerique.fr\/?p=4307\" target=\"_blank\">http:\/\/www.culture-numerique.fr\/?p=4307<\/a><\/li>\n<li>Num\u00e9rique : quand personne ne parle de la m\u00eame chose\u2026 et c\u2019est \u00e9reintant !\u00a0<a href=\"http:\/\/www.culture-numerique.fr\/?p=4665\" target=\"_blank\">http:\/\/www.culture-numerique.fr\/?p=4665<\/a><\/li>\n<\/ol>\n","protected":false},"excerpt":{"rendered":"<p><img loading=\"lazy\" decoding=\"async\" class=\"aligncenter size-full wp-image-4773\" src=\"http:\/\/www.culture-numerique.fr\/wp-content\/uploads\/2016\/03\/6093905128_c4764d70e9_b.jpg\" alt=\"Perroquets\" width=\"1024\" height=\"678\" srcset=\"https:\/\/www.culture-numerique.fr\/wp-content\/uploads\/2016\/03\/6093905128_c4764d70e9_b.jpg 1024w, https:\/\/www.culture-numerique.fr\/wp-content\/uploads\/2016\/03\/6093905128_c4764d70e9_b-300x199.jpg 300w, https:\/\/www.culture-numerique.fr\/wp-content\/uploads\/2016\/03\/6093905128_c4764d70e9_b-100x66.jpg 100w, https:\/\/www.culture-numerique.fr\/wp-content\/uploads\/2016\/03\/6093905128_c4764d70e9_b-150x99.jpg 150w, https:\/\/www.culture-numerique.fr\/wp-content\/uploads\/2016\/03\/6093905128_c4764d70e9_b-200x132.jpg 200w, https:\/\/www.culture-numerique.fr\/wp-content\/uploads\/2016\/03\/6093905128_c4764d70e9_b-450x298.jpg 450w, https:\/\/www.culture-numerique.fr\/wp-content\/uploads\/2016\/03\/6093905128_c4764d70e9_b-600x397.jpg 600w, https:\/\/www.culture-numerique.fr\/wp-content\/uploads\/2016\/03\/6093905128_c4764d70e9_b-900x596.jpg 900w\" sizes=\"auto, (max-width: 1024px) 100vw, 1024px\" \/><\/p>\n<p><strong>La communication politique<\/strong> a des motivations et des moyens qui laissent parfois pantois. D\u00e9j\u00e0, sur le tout r\u00e9cent \u00e9v\u00e9nement <a href=\"http:\/\/www.educatec-educatice.com\/\" target=\"_blank\">\u00c9ducatice<\/a>\u00a0\u2014 bon sang\u00a0! quand va-t-on supprimer cette appellation dat\u00e9e et devenue stupide\u00a0?\u00a0<\/p>\n<p><span class=\"ellipsis\">&hellip;<\/span><\/p>\n<div class=\"read-more\"><a href=\"https:\/\/www.culture-numerique.fr\/?p=4771\">Lire la suite &#8250;<\/a><\/div>\n<p><!-- end of .read-more --><\/p>\n","protected":false},"author":1,"featured_media":4773,"comment_status":"open","ping_status":"open","sticky":false,"template":"","format":"standard","meta":{"jetpack_post_was_ever_published":false,"_jetpack_newsletter_access":"","_jetpack_dont_email_post_to_subs":false,"_jetpack_newsletter_tier_id":0,"_jetpack_memberships_contains_paywalled_content":false,"_jetpack_memberships_contains_paid_content":false,"footnotes":""},"categories":[9],"tags":[596,479,718,719,720,4,642,83,708,138],"class_list":["post-4771","post","type-post","status-publish","format-standard","has-post-thumbnail","hentry","category-billets-dhumeur","tag-changement","tag-communication","tag-deploiement","tag-essaimage","tag-formation-des-cadres","tag-numerique-educatif","tag-outils-numeriques","tag-ressources-numeriques","tag-transformation-numerique","tag-usages"],"jetpack_featured_media_url":"https:\/\/www.culture-numerique.fr\/wp-content\/uploads\/2016\/03\/6093905128_c4764d70e9_b.jpg","jetpack_sharing_enabled":true,"_links":{"self":[{"href":"https:\/\/www.culture-numerique.fr\/index.php?rest_route=\/wp\/v2\/posts\/4771","targetHints":{"allow":["GET"]}}],"collection":[{"href":"https:\/\/www.culture-numerique.fr\/index.php?rest_route=\/wp\/v2\/posts"}],"about":[{"href":"https:\/\/www.culture-numerique.fr\/index.php?rest_route=\/wp\/v2\/types\/post"}],"author":[{"embeddable":true,"href":"https:\/\/www.culture-numerique.fr\/index.php?rest_route=\/wp\/v2\/users\/1"}],"replies":[{"embeddable":true,"href":"https:\/\/www.culture-numerique.fr\/index.php?rest_route=%2Fwp%2Fv2%2Fcomments&post=4771"}],"version-history":[{"count":19,"href":"https:\/\/www.culture-numerique.fr\/index.php?rest_route=\/wp\/v2\/posts\/4771\/revisions"}],"predecessor-version":[{"id":4798,"href":"https:\/\/www.culture-numerique.fr\/index.php?rest_route=\/wp\/v2\/posts\/4771\/revisions\/4798"}],"wp:featuredmedia":[{"embeddable":true,"href":"https:\/\/www.culture-numerique.fr\/index.php?rest_route=\/wp\/v2\/media\/4773"}],"wp:attachment":[{"href":"https:\/\/www.culture-numerique.fr\/index.php?rest_route=%2Fwp%2Fv2%2Fmedia&parent=4771"}],"wp:term":[{"taxonomy":"category","embeddable":true,"href":"https:\/\/www.culture-numerique.fr\/index.php?rest_route=%2Fwp%2Fv2%2Fcategories&post=4771"},{"taxonomy":"post_tag","embeddable":true,"href":"https:\/\/www.culture-numerique.fr\/index.php?rest_route=%2Fwp%2Fv2%2Ftags&post=4771"}],"curies":[{"name":"wp","href":"https:\/\/api.w.org\/{rel}","templated":true}]}}