{"id":476,"date":"2012-10-12T23:51:34","date_gmt":"2012-10-12T21:51:34","guid":{"rendered":"http:\/\/www.culture-numerique.fr\/?p=476"},"modified":"2016-11-04T17:32:22","modified_gmt":"2016-11-04T16:32:22","slug":"journaliste-professeur-meme-combat","status":"publish","type":"post","link":"https:\/\/www.culture-numerique.fr\/?p=476","title":{"rendered":"Journaliste, professeur, m\u00eame combat ?"},"content":{"rendered":"<p><strong>\u00c0 la fin du dernier mill\u00e9naire, alors que l\u2019Internet devenait populaire<\/strong>, que le web grandissait et que les m\u00e9dias commen\u00e7aient \u00e0 vouloir s\u2019y glisser, ne sachant d\u2019ailleurs pas trop ce qu\u2019ils pouvaient en faire, l\u2019occasion m\u2019a \u00e9t\u00e9 donn\u00e9e de m\u2019interroger sur ces mutations avec des professeurs grecs et fran\u00e7ais de\u00a0<a style=\"color: #2c32f6;\" href=\"http:\/\/fr.wikipedia.org\/wiki\/Fle\" target=\"_blank\">FLE<\/a>, \u00e0 l\u2019<a style=\"color: #2c32f6;\" href=\"http:\/\/www.ifa.gr\/\" target=\"_blank\">Institut fran\u00e7ais d\u2019Ath\u00e8nes<\/a>. Une bonne mani\u00e8re de finir l\u2019\u00e9t\u00e9, en quelque sorte.<\/p>\n<p>L\u2019objectif \u00e9tait de travailler sur les m\u00e9dias en ligne et, en particulier, bien entendu, sur la presse francophone, alors en pleine \u00e9volution. Ce qui me semblait caract\u00e9riser cette derni\u00e8re sur les sites de presse en ligne \u2014 pas encore de \u00ab\u00a0pure players\u00a0\u00bb \u00e0 l\u2019horizon\u00a0!\u00a0\u2014, c\u2019\u00e9tait la volont\u00e9 des m\u00e9dias de vouloir fid\u00e9liser le lecteur en lui proposant de r\u00e9agir sur l\u2019actualit\u00e9 avec la r\u00e9daction. D\u2019o\u00f9 la multiplication de dispositifs techniques, plut\u00f4t mal fichus, d\u2019ailleurs, ouvrant des espaces d\u2019expression, sur le mod\u00e8le \u00e9largi du traditionnel courrier des lecteurs, o\u00f9 ces derniers pouvaient \u00e9changer avec la r\u00e9daction mais aussi entre eux.<\/p>\n<p>G\u00e9n\u00e9ralement, on a appel\u00e9 \u00e7a\u00a0<strong>des forums<\/strong>, qui \u00e9taient alors souvent tr\u00e8s nombreux et th\u00e9matiques. Rapidement aussi, on s\u2019est aper\u00e7u que la libert\u00e9 d\u2019expression avait des limites \u2014 oh\u00a0! la grande d\u00e9couverte\u00a0! \u2014 et qu\u2019il devenait opportun d\u2019assigner \u00e0 certains pigistes, car la t\u00e2che n\u2019\u00e9tait pas consid\u00e9r\u00e9e comme noble, la fonction de r\u00e9gulateur et de mod\u00e9rateur.<\/p>\n<h3><strong>Faisons alors un grand saut de dix \u00e0 douze ans jusqu\u2019aux \u00ab\u00a0community managers\u00a0\u00bb et \u00e0 Twitter\u2026 \u00a0<\/strong><\/h3>\n<p><a href=\"http:\/\/www.culture-numerique.fr\/wp-content\/uploads\/2012\/10\/tumblr_mbscujz3h01r0uc0h.jpg\"><img loading=\"lazy\" decoding=\"async\" class=\"wp-image-1657 aligncenter\" src=\"http:\/\/www.culture-numerique.fr\/wp-content\/uploads\/2012\/10\/tumblr_mbscujz3h01r0uc0h.jpg\" alt=\"Oiseau\" width=\"845\" height=\"566\" srcset=\"https:\/\/www.culture-numerique.fr\/wp-content\/uploads\/2012\/10\/tumblr_mbscujz3h01r0uc0h.jpg 500w, https:\/\/www.culture-numerique.fr\/wp-content\/uploads\/2012\/10\/tumblr_mbscujz3h01r0uc0h-300x201.jpg 300w, https:\/\/www.culture-numerique.fr\/wp-content\/uploads\/2012\/10\/tumblr_mbscujz3h01r0uc0h-100x67.jpg 100w, https:\/\/www.culture-numerique.fr\/wp-content\/uploads\/2012\/10\/tumblr_mbscujz3h01r0uc0h-150x100.jpg 150w, https:\/\/www.culture-numerique.fr\/wp-content\/uploads\/2012\/10\/tumblr_mbscujz3h01r0uc0h-200x134.jpg 200w, https:\/\/www.culture-numerique.fr\/wp-content\/uploads\/2012\/10\/tumblr_mbscujz3h01r0uc0h-450x301.jpg 450w\" sizes=\"auto, (max-width: 845px) 100vw, 845px\" \/><\/a><\/p>\n<p>Bon, on sait bien que, depuis un moment d\u00e9j\u00e0, il n\u2019est pas un site d\u2019info en ligne qui ne propose, en un lieu bien visible, de relayer et de partager l\u2019information, via\u00a0<a style=\"color: #2c32f6;\" href=\"https:\/\/twitter.com\/\" target=\"_blank\">Twitter<\/a>,\u00a0<a style=\"color: #2c32f6;\" href=\"http:\/\/www.facebook.com\/\" target=\"_blank\">Facebook<\/a>,\u00a0<a style=\"color: #2c32f6;\" href=\"https:\/\/plus.google.com\/\" target=\"_blank\">Google+<\/a>\u00a0etc. Ce blog n\u2019\u00e9chappe pas non plus \u00e0 la r\u00e8gle. C\u2019est un fait, une information lue mais pas relay\u00e9e et partag\u00e9e ne vaut pas grand chose. Elle ne prend de la valeur que par la multiplication des actions de relais et de partage qui la valorisent, au sens propre quand le mod\u00e8le \u00e9conomique des m\u00e9dias gratuits, par exemple, repose sur les recettes publicitaires.<\/p>\n<p>Twitter, en particulier, m\u00e9dia social de masse encore d\u00e9pourvu de toute publicit\u00e9, est aussi d\u00e9j\u00e0 largement utilis\u00e9, depuis plusieurs ann\u00e9es, dans les colloques ou autres \u00e9v\u00e9nements du m\u00eame type. En g\u00e9n\u00e9ral, l\u2019organisateur choisit un \u00ab\u00a0<strong>#hashtag<\/strong>\u00a0\u00bb ou mot-cl\u00e9 que peuvent utiliser tous ceux qui veulent interagir avec les conf\u00e9renciers ou intervenants des tables rondes en les interpellant ou m\u00eame en les critiquant. Le flux dynamique de tweets s\u2019affiche alors \u00e0 la vue de tous et un animateur mod\u00e9rateur d\u00e9sign\u00e9 ou les intervenants eux-m\u00eames peuvent choisir de commenter telle ou telle remarque, de rebondir sur telle ou telle proposition, d\u2019engager \u00e0 tout moment le d\u00e9bat avec \u00ab\u00a0la salle\u00a0\u00bb.<\/p>\n<p>Ces dispositifs pr\u00e9sentent au moins l\u2019immense avantage d\u2019\u00e9viter les insupportables questions de fin de table ronde o\u00f9 l\u2019on fait semblant de donner la parole \u00e0 l\u2019auditoire et o\u00f9 personne n\u2019\u00e9coute plus personne\u00a0!<\/p>\n<p>Une fois l\u2019\u00e9v\u00e9nement termin\u00e9, il est enfin possible de publier une narration verticale interactive qui r\u00e9capitule l\u2019ensemble des commentaires et \u00e9changes \u2014 \u00a0voir\u00a0<a style=\"color: #2c32f6;\" href=\"http:\/\/storify.com\/\" target=\"_blank\">Storify<\/a>, par exemple, qui fait \u00e7a tr\u00e8s bien.<\/p>\n<p>Les m\u00e9dias audiovisuels, au premiers rang desquels la t\u00e9l\u00e9vision, toujours prompts \u00e0 se lancer \u00e0 corps perdu dans une innovation d\u00e9brid\u00e9e, se sont r\u00e9cemment saisis du ph\u00e9nom\u00e8ne Twitter. Le Blog de\u00a0<a style=\"color: #2c32f6;\" href=\"http:\/\/www.atelier.net\/\" target=\"_blank\">l\u2019Atelier<\/a>\u00a0nous a expliqu\u00e9 tout \u00e7a dans un\u00a0<a style=\"color: #2c32f6;\" href=\"http:\/\/www.atelier.net\/blog\/2012\/10\/10\/rt-latelevision-appelle-twittos\" target=\"_blank\">article r\u00e9cent<\/a>\u00a0en donnant la parole \u00e0 la directrice de la communication Europe de Twitter\u00a0:<\/p>\n<blockquote><p>\u00ab<em>\u00a0Les cha\u00eenes TV les plus perspicaces ont d\u00e9cel\u00e9 une occasion d\u2019augmenter l\u2019audience de leurs \u00e9missions. Une des meilleures fa\u00e7ons de le faire est d\u2019organiser la conversation autour d\u2019un hashtag particulier et d\u2019afficher celui-ci sur le fil afin que les t\u00e9l\u00e9spectateurs sachent comment tweeter en direct\u00a0<\/em>\u00bb<\/p><\/blockquote>\n<p>Les mots utilis\u00e9s dans cet article pour d\u00e9crire ces interactions sont\u00a0: \u00ab\u00a0<strong>prolonger l\u2019exp\u00e9rience et \u00e9changer<\/strong>\u00a0\u00bb, \u00ab\u00a0<strong>discuter en temps r\u00e9el<\/strong>\u00a0\u00bb, \u00ab\u00a0<strong>chacun donne son avis, commente, cr\u00e9e le d\u00e9bat<\/strong>\u00a0\u00bb, \u00ab\u00a0<strong>commenter en direct<\/strong>\u00a0\u00bb, \u00ab\u00a0<strong>partager [<\/strong>ses<strong>] exp\u00e9riences<\/strong>\u00a0\u00bb. On est donc bien toujours dans l\u2019esprit du web nouveau et des r\u00e9seaux sociaux, dans la dimension du partage, du d\u00e9bat et de l\u2019\u00e9change que connaissent aussi bien les journalistes de l\u2019Atelier que la directrice qui s\u2019exprime au nom de Twitter.<\/p>\n<p>Aucun doute l\u00e0-dessus pour tous les t\u00e9l\u00e9spectateurs qui, le moment de l\u2019\u00e9mission venu, le plus souvent en direct, participent \u00e0 fabriquer, \u00e0 leur mesure, le contenu de l\u2019\u00e9mission qui se vit autant en ligne sur le 2e \u00e9cran de la tablette ou du mobile que dans le grand \u00e9cran 16\/9 du salon.<\/p>\n<h3><strong>Ce n\u2019est, semble-t-il pas du tout du tout l\u2019avis des journalistes ou des animateurs du grand \u00e9cran\u00a0!<\/strong><\/h3>\n<p>Commen\u00e7ons par\u00a0<a style=\"color: #2c32f6;\" href=\"http:\/\/www.m6.fr\/\" target=\"_blank\">M6<\/a>\u00a0qui, dans le profil de son compte, annonce d\u00e9j\u00e0 la couleur\u00a0: derri\u00e8re ce compte, il y a quelqu\u2019un qui r\u00e9pond aux questions\u00a0!<\/p>\n<p><img decoding=\"async\" class=\"aligncenter\" src=\"http:\/\/media.tumblr.com\/tumblr_mbr536i1jE1r0uc0h.jpg\" alt=\"\" \/><\/p>\n<p>On retrouve le m\u00eame sch\u00e9ma sur\u00a0<a style=\"color: #2c32f6;\" href=\"http:\/\/www.tf1.fr\/\" target=\"_blank\">TF1<\/a>\u00a0: si l\u2019internaute veut participer et tweeter, il le peut en posant des questions. En incrustation sur l\u2019\u00e9cran, on lui rappelle \u00e0 la fois le \u00ab\u00a0hashtag\u00a0\u00bb et la consigne \u00ab\u00a0Posez vos questions\u00a0\u00bb.<\/p>\n<p><img decoding=\"async\" class=\"aligncenter\" src=\"http:\/\/media.tumblr.com\/tumblr_mbr53qActX1r0uc0h.jpg\" alt=\"\" \/><img decoding=\"async\" class=\"aligncenter\" src=\"http:\/\/media.tumblr.com\/tumblr_mbr52pW37D1r0uc0h.jpg\" alt=\"\" \/><\/p>\n<p>Les cha\u00eenes publiques ne sont pas en reste\u00a0: il faut suivre\u00a0<a style=\"color: #2c32f6;\" href=\"http:\/\/www.mytaratata.com\/\" target=\"_blank\">Taratata<\/a>\u00a0sur Twitter\u2026<\/p>\n<p><img decoding=\"async\" class=\"aligncenter\" src=\"http:\/\/media.tumblr.com\/tumblr_mbr50hkPXh1r0uc0h.jpg\" alt=\"\" \/><\/p>\n<p>Il faut poser ses questions \u00e0\u00a0<a style=\"color: #2c32f6;\" href=\"http:\/\/fr.wikipedia.org\/wiki\/Laurent_Boyer\" target=\"_blank\">Laurent Boyer<\/a>\u00a0et \u00e0 ses invit\u00e9s (on peut r\u00e9agir, il est vrai, Laurent Boyer prend l\u00e0 un gros risque\u00a0!)\u2026<\/p>\n<p><img decoding=\"async\" class=\"aligncenter\" src=\"http:\/\/media.tumblr.com\/tumblr_mbr511gEkL1r0uc0h.jpg\" alt=\"\" \/><\/p>\n<p>Ici, dans une \u00e9mission sur\u00a0<a style=\"color: #2c32f6;\" href=\"http:\/\/cote-d-azur.france3.fr\/\" target=\"_blank\">France 3\u00a0C\u00f4te-d\u2019Azur<\/a>\u2026<\/p>\n<p><img decoding=\"async\" class=\"aligncenter\" src=\"http:\/\/media.tumblr.com\/tumblr_mbr54vopYF1r0uc0h.jpg\" alt=\"\" \/><\/p>\n<p>Comme il faut suivre \u00ab\u00a0<a style=\"color: #2c32f6;\" href=\"http:\/\/www.france2.fr\/emissions\/on-nest-pas-couche\" target=\"_blank\">On n\u2019est pas couch\u00e9<\/a>\u00a0\u00bb sur\u00a0<a style=\"color: #2c32f6;\" href=\"http:\/\/www.france2.fr\/\" target=\"_blank\">France 2<\/a>\u00a0avec le \u00ab\u00a0hashtag\u00a0\u00bb #onpc. Suivre, vous dit-on, qui est le leitmotiv des cha\u00eenes du service public. Twitter, c\u2019est fait pour suivre les \u00e9missions\u00a0!<\/p>\n<p><img decoding=\"async\" class=\"aligncenter\" src=\"http:\/\/media.tumblr.com\/tumblr_mbr55vX9bJ1r0uc0h.jpg\" alt=\"\" \/><\/p>\n<p>Ce terme \u00ab\u00a0Suivez nous\u00a0\u00bb est d\u2019ailleurs ambigu. S\u2019agit-il de s\u2019abonner au compte de l\u2019\u00e9mission, ou au fil d\u2019information tri\u00e9 contenant le bon \u00ab\u00a0hashtag\u00a0\u00bb\u00a0?<\/p>\n<p>Sur\u00a0<a style=\"color: #2c32f6;\" href=\"http:\/\/www.publicsenat.fr\/\" target=\"_blank\">Public S\u00e9nat<\/a>, s\u2019exerce au grand jour la d\u00e9mocratie\u00a0:<\/p>\n<p><img decoding=\"async\" class=\"aligncenter\" src=\"http:\/\/media.tumblr.com\/tumblr_mbr56ls9U61r0uc0h.jpg\" alt=\"\" \/><\/p>\n<p>Les radios ne sont pas en reste qui conseillent, comme ici sur\u00a0<a style=\"color: #2c32f6;\" href=\"http:\/\/www.rmc.fr\/\" target=\"_blank\">RMC<\/a>\u00a0:<\/p>\n<p><img decoding=\"async\" src=\"http:\/\/media.tumblr.com\/tumblr_mbr51yWfmG1r0uc0h.jpg\" alt=\"\" \/><\/p>\n<p>Pour \u00eatre tout \u00e0 fait honn\u00eate, on commence \u00e0 voir, de ci, de l\u00e0 \u2014 en si petit nombre que le relever est insignifiant \u2014 quelques conseils comme \u00ab\u00a0commentez, r\u00e9agissez\u00a0\u00bb. Rarement, vous dit-on.<\/p>\n<p>Plus rares encore sont les \u00e9missions o\u00f9 les tweets re\u00e7us, savamment tri\u00e9s, sont affich\u00e9s en incrustation \u00e0 l\u2019\u00e9cran, m\u00eame s\u2019ils sont critiques envers les invit\u00e9s ou, plus rarement, \u00e0 l\u2019\u00e9gard de la production, des journalistes ou des animateurs. Deux exemples, peut-\u00eatre\u00a0: \u00ab\u00a0<a style=\"color: #2c32f6;\" href=\"http:\/\/www.canalplus.fr\/c-infos-documentaires\/pid3847-c-la-nouvelle-edition.html\" target=\"_blank\">La nouvelle \u00e9dition<\/a>\u00a0\u00bb sur\u00a0<a style=\"color: #2c32f6;\" href=\"http:\/\/www.canalplus.fr\/\" target=\"_blank\">Canal +<\/a>\u00a0avec #lne ou, sur\u00a0<a style=\"color: #2c32f6;\" href=\"http:\/\/www.france2.fr\/\" target=\"_blank\">France 2<\/a>\u00a0et\u00a0<a style=\"color: #2c32f6;\" href=\"http:\/\/www.france5.fr\/\" target=\"_blank\">France 5<\/a>, les \u00e9missions d\u2019<a style=\"color: #2c32f6;\" href=\"http:\/\/fr.wikipedia.org\/wiki\/Yves_Calvi\" target=\"_blank\">Yves Calvi<\/a>, \u00ab\u00a0<a style=\"color: #2c32f6;\" href=\"http:\/\/www.france5.fr\/c-dans-l-air\/\" target=\"_blank\">C dans l\u2019air<\/a>\u00a0\u00bb #cdanslair et \u00ab\u00a0<a style=\"color: #2c32f6;\" href=\"http:\/\/mots-croises.france2.fr\/\" target=\"_blank\">Mots crois\u00e9s<\/a>\u00a0\u00bb #motscroises.<\/p>\n<p>Le r\u00e9flexe, pourtant, dans le premier cas est de rester dans un sch\u00e9ma classique et peu d\u00e9rangeant de questions et de r\u00e9ponses\u00a0:<\/p>\n<p><img decoding=\"async\" class=\"aligncenter\" src=\"http:\/\/media.tumblr.com\/tumblr_mbr79poUt61r0uc0h.jpg\" alt=\"\" \/><\/p>\n<p>De son c\u00f4t\u00e9,\u00a0<a style=\"color: #2c32f6;\" href=\"https:\/\/twitter.com\/EricScherer\/\" target=\"_blank\">\u00c9ric Scherer<\/a>,\u00a0directeur de la prospective, de la strat\u00e9gie num\u00e9rique et des relations internationales li\u00e9es aux nouveaux m\u00e9dias \u00e0 France T\u00e9l\u00e9visions, principal auteur du blog\u00a0<a style=\"color: #2c32f6;\" href=\"http:\/\/meta-media.fr\/\" target=\"_blank\">M\u00e9ta-m\u00e9dia<\/a>, disait hier aux Tribunes de la presse d\u2019Arcachon, m\u2019a-t-on rapport\u00e9 car je n\u2019y \u00e9tais pas, que\u00a0<strong>le journaliste devait redescendre de son pi\u00e9destal\u00a0: il n\u2019est plus seul \u00e0 dire le monde<\/strong>. Par ailleurs, il pr\u00e9disait pour demain que\u00a0<strong>le journalisme, ce sera surtout beaucoup de nous\u00a0<\/strong>(lecteurs, auditeurs, spectateurs, citoyens, commentateurs actifs et concern\u00e9s sur les r\u00e9seaux sociaux)<strong>\u00a0avec un peu d\u2019eux\u00a0<\/strong>(les journalistes).<\/p>\n<p>Pour les grands m\u00e9dias de la radio et de la t\u00e9l\u00e9vision, dont beaucoup disent aujourd\u2019hui qu\u2019ils sont en panne d\u2019innovation \u2014 voir\u00a0<a style=\"color: #2c32f6;\" href=\"http:\/\/www.mediaculture.fr\/2012\/10\/09\/les-grands-groupes-medias-peuvent-ils-encore-innover\/\" target=\"_blank\">cet article<\/a>, par exemple \u2014, la confrontation brutale avec le num\u00e9rique s\u2019av\u00e8re d\u00e9cid\u00e9ment trop compliqu\u00e9e. Si les probl\u00e8mes techniques sont r\u00e9solus assez rapidement, les postures professionnelles des journalistes sont mises \u00e0 mal. Beaucoup d\u2019entre ces derniers ne s\u2019accommodent que tr\u00e8s mal de la confrontation au \u00ab\u00a0public\u00a0\u00bb, \u00e0 sa capacit\u00e9 \u00e0 interagir, \u00e0 commenter, \u00e0 gloser voire \u00e0 analyser, discuter, enfin \u2014 quelle outrecuidance\u00a0! \u2014 \u00e0 contredire ou d\u00e9sapprouver.<\/p>\n<p>Un exemple r\u00e9cent nous a \u00e9t\u00e9 donn\u00e9 par la r\u00e9action stupide de\u00a0<a style=\"color: #2c32f6;\" href=\"https:\/\/twitter.com\/LaProlon\" target=\"_blank\">Patrick Montel<\/a>, journaliste sportif sur France 2 qui n\u2019a pas support\u00e9, mais alors pas du tout, au point d\u2019annoncer l<a style=\"color: #2c32f6;\" href=\"https:\/\/twitter.com\/LaProlon\/status\/253142596820561920\" target=\"_blank\">e clap de fin<\/a>\u00a0sur Twitter, d\u2019avoir \u00e9t\u00e9 critiqu\u00e9 suite \u00e0\u00a0<a style=\"color: #2c32f6;\" href=\"http:\/\/blog.france2.fr\/patrick-montel-la-prolongation\/2012\/09\/26\/lhistoire-de-la-rencontre-truquee-montpellier-cesson-de-handball\/\" target=\"_blank\">un article<\/a>\u00a0sur son blog.<\/p>\n<p><img decoding=\"async\" src=\"http:\/\/media.tumblr.com\/tumblr_mbsa2y6lWw1r0uc0h.jpg\" alt=\"\" \/><\/p>\n<p>Le plus incroyable, dans cette histoire, ce n\u2019est pas tant ce clap de fin que les explications donn\u00e9es par P. Montel dans\u00a0<a style=\"color: #2c32f6;\" href=\"http:\/\/blog.france2.fr\/patrick-montel-la-prolongation\/2012\/10\/02\/tweet-avant-lautoroute\/\" target=\"_blank\">un autre article<\/a>\u00a0:<\/p>\n<blockquote><p>\u00ab\u00a0<em>Il faut \u00e9videmment vivre avec son temps. La toile a tiss\u00e9 aujourd\u2019hui des maillons indestructibles qui constituent une source\u00a0<\/em><em><strong>d\u2019information importante pour les journalistes<\/strong><\/em><em>. Soit mais je ne suis pas non plus oblig\u00e9 de pr\u00eater le flanc \u00e0 toutes les bassesses, \u00e0 toutes les ignominies.<\/em>\u00a0\u00bb<\/p><\/blockquote>\n<p>J\u2019ai lu les bassesses qu\u2019\u00e9voque P. Montel. Il y avait certes des tweets insultants auxquels est confront\u00e9 un jour ou l\u2019autre tout journaliste qui s\u2019expose mais qu\u2019il faut \u00e9videmment n\u00e9gliger et laisser de c\u00f4t\u00e9. Mais beaucoup des commentaires qui lui \u00e9taient adress\u00e9s \u00e9taient des critiques, certes virulentes, mais pas plus que les fameux coups de gueule que se croit autoriser P. Montel \u00e0 pousser lui-m\u00eame, comme le nom de son blog le propose. P. Montel interdit \u00e0 son auditoire ce qu\u2019il s\u2019autorise soi-m\u00eame\u00a0!<\/p>\n<p>Par ailleurs, il est int\u00e9ressant de noter que les avis des lecteurs ou t\u00e9l\u00e9spectateurs qui s\u2019expriment sur Twitter sont, pour P. Montel, non des pairs avec qui \u00e9changer et partager de l\u2019information, mais \u00ab\u00a0<em>une source\u00a0<\/em><em>d\u2019information importante<\/em>\u00a0\u00bb\u00a0!<\/p>\n<p>Cet exemple de condescendance est un parmi beaucoup d\u2019autres. Curieusement, ce bouleversement que connaissent aujourd\u2019hui les journalistes m\u00e9diateurs de l\u2019information dans la remise en cause des postures qu\u2019ils ont traditionnellement adopt\u00e9es, me fait immanquablement penser \u00e0 d\u2019autres m\u00e9diateurs des savoirs, les professeurs, confront\u00e9s \u00e0 la remise en cause de leurs postures magistrales traditionnelles.<\/p>\n<p>Il est temps maintenant pour tout le monde de redescendre des chaires, des tribunes, des estrades\u2026 Les magist\u00e8res, les mandarinats, l\u2019autorit\u00e9 en g\u00e9n\u00e9ral, l\u2019encadrement sont bouscul\u00e9s, confront\u00e9s \u00e0 l\u2019intelligence et \u00e0 la sagesse collectives des foules.<\/p>\n<p>Le probl\u00e8me, comme le dit\u00a0<a style=\"color: #2c32f6;\" href=\"http:\/\/fr.wikipedia.org\/wiki\/Benjamin_Bayart\" target=\"_blank\">Benjamin Bayart<\/a>, c\u2019est qu\u2019Internet a donn\u00e9 \u00e0 tous la possibilit\u00e9 et la libert\u00e9 d\u2019\u00e9crire, de s\u2019exprimer. Le plus incroyable, c\u2019est que nombreux sont ceux, notamment parmi les jeunes, \u00e0 en user\u00a0!<\/p>\n<p>Rappelez-vous, sur Internet,\u00a0<a style=\"color: #2c32f6;\" href=\"http:\/\/gingko.neottia.net\/post\/32059383026\/sur-internet-personne-ne-sait-que-vous-etes-un-cadre\" target=\"_blank\">personne ne sait que vous \u00eates un chien<\/a>\u00a0!<\/p>\n<p>Michel Guillou\u00a0<a style=\"color: #2c32f6;\" title=\"Twitter\" href=\"https:\/\/twitter.com\/#!\/michelguillou\" target=\"_blank\">@michelguillou<\/a><\/p>\n<p><a style=\"color: #2c32f6;\" href=\"http:\/\/creativecommons.org\/licenses\/by-nc-sa\/2.0\/fr\/\" target=\"_blank\"><img loading=\"lazy\" decoding=\"async\" src=\"http:\/\/i.creativecommons.org\/l\/by-nc-sa\/2.0\/fr\/80x15.png\" alt=\"\" width=\"80\" height=\"15\" \/><\/a><\/p>\n<p>Cr\u00e9dit photo\u00a0:\u00a0<a style=\"color: #2c32f6;\" href=\"http:\/\/www.flickr.com\/photos\/37149125@N04\/5530199444\/\" target=\"_blank\">Phil du Valois<\/a>\u00a0via\u00a0<a style=\"color: #2c32f6;\" href=\"http:\/\/photopin.com\/\" target=\"_blank\">photopin<\/a>\u00a0<a style=\"color: #2c32f6;\" href=\"http:\/\/creativecommons.org\/licenses\/by-nc-sa\/2.0\/\" target=\"_blank\">cc<\/a><\/p>\n<p>[cite]<\/p>\n","protected":false},"excerpt":{"rendered":"<p><strong>\u00c0 la fin du dernier mill\u00e9naire, alors que l\u2019Internet devenait populaire<\/strong>, que le web grandissait et que les m\u00e9dias commen\u00e7aient \u00e0 vouloir s\u2019y glisser, ne sachant d\u2019ailleurs pas trop ce qu\u2019ils pouvaient en faire, l\u2019occasion m\u2019a \u00e9t\u00e9 donn\u00e9e de m\u2019interroger sur ces mutations avec des professeurs grecs et fran\u00e7ais de\u00a0<a style=\"color: #2c32f6;\" href=\"http:\/\/fr.wikipedia.org\/wiki\/Fle\" target=\"_blank\">FLE<\/a>,<\/p>\n<p><span class=\"ellipsis\">&hellip;<\/span><\/p>\n<div class=\"read-more\"><a href=\"https:\/\/www.culture-numerique.fr\/?p=476\">Lire la suite &#8250;<\/a><\/div>\n<p><!-- end of .read-more --><\/p>\n","protected":false},"author":1,"featured_media":1657,"comment_status":"open","ping_status":"open","sticky":false,"template":"","format":"standard","meta":{"jetpack_post_was_ever_published":false,"_jetpack_newsletter_access":"","_jetpack_dont_email_post_to_subs":true,"_jetpack_newsletter_tier_id":0,"_jetpack_memberships_contains_paywalled_content":false,"_jetpack_memberships_contains_paid_content":false,"footnotes":""},"categories":[9],"tags":[317,248,2,150,197,85,244],"class_list":["post-476","post","type-post","status-publish","format-standard","has-post-thumbnail","hentry","category-billets-dhumeur","tag-interaction","tag-journalisme","tag-numerique","tag-posture","tag-professeur","tag-reseaux-sociaux","tag-twitter"],"jetpack_featured_media_url":"https:\/\/www.culture-numerique.fr\/wp-content\/uploads\/2012\/10\/tumblr_mbscujz3h01r0uc0h.jpg","jetpack_sharing_enabled":true,"_links":{"self":[{"href":"https:\/\/www.culture-numerique.fr\/index.php?rest_route=\/wp\/v2\/posts\/476","targetHints":{"allow":["GET"]}}],"collection":[{"href":"https:\/\/www.culture-numerique.fr\/index.php?rest_route=\/wp\/v2\/posts"}],"about":[{"href":"https:\/\/www.culture-numerique.fr\/index.php?rest_route=\/wp\/v2\/types\/post"}],"author":[{"embeddable":true,"href":"https:\/\/www.culture-numerique.fr\/index.php?rest_route=\/wp\/v2\/users\/1"}],"replies":[{"embeddable":true,"href":"https:\/\/www.culture-numerique.fr\/index.php?rest_route=%2Fwp%2Fv2%2Fcomments&post=476"}],"version-history":[{"count":5,"href":"https:\/\/www.culture-numerique.fr\/index.php?rest_route=\/wp\/v2\/posts\/476\/revisions"}],"predecessor-version":[{"id":5567,"href":"https:\/\/www.culture-numerique.fr\/index.php?rest_route=\/wp\/v2\/posts\/476\/revisions\/5567"}],"wp:featuredmedia":[{"embeddable":true,"href":"https:\/\/www.culture-numerique.fr\/index.php?rest_route=\/wp\/v2\/media\/1657"}],"wp:attachment":[{"href":"https:\/\/www.culture-numerique.fr\/index.php?rest_route=%2Fwp%2Fv2%2Fmedia&parent=476"}],"wp:term":[{"taxonomy":"category","embeddable":true,"href":"https:\/\/www.culture-numerique.fr\/index.php?rest_route=%2Fwp%2Fv2%2Fcategories&post=476"},{"taxonomy":"post_tag","embeddable":true,"href":"https:\/\/www.culture-numerique.fr\/index.php?rest_route=%2Fwp%2Fv2%2Ftags&post=476"}],"curies":[{"name":"wp","href":"https:\/\/api.w.org\/{rel}","templated":true}]}}