{"id":4699,"date":"2016-02-24T14:39:12","date_gmt":"2016-02-24T13:39:12","guid":{"rendered":"http:\/\/www.culture-numerique.fr\/?p=4699"},"modified":"2016-03-10T14:27:14","modified_gmt":"2016-03-10T13:27:14","slug":"serge-aurier-un-grand-enfant-de-lecole-de-france","status":"publish","type":"post","link":"https:\/\/www.culture-numerique.fr\/?p=4699","title":{"rendered":"Serge Aurier, un grand enfant de l&rsquo;\u00e9cole de France"},"content":{"rendered":"<p><img loading=\"lazy\" decoding=\"async\" class=\"size-full wp-image-4705 aligncenter\" src=\"http:\/\/www.culture-numerique.fr\/wp-content\/uploads\/2016\/02\/Serge-Aurier.png\" alt=\"Serge Aurier\" width=\"1024\" height=\"574\" srcset=\"https:\/\/www.culture-numerique.fr\/wp-content\/uploads\/2016\/02\/Serge-Aurier.png 1024w, https:\/\/www.culture-numerique.fr\/wp-content\/uploads\/2016\/02\/Serge-Aurier-300x168.png 300w, https:\/\/www.culture-numerique.fr\/wp-content\/uploads\/2016\/02\/Serge-Aurier-100x56.png 100w, https:\/\/www.culture-numerique.fr\/wp-content\/uploads\/2016\/02\/Serge-Aurier-150x84.png 150w, https:\/\/www.culture-numerique.fr\/wp-content\/uploads\/2016\/02\/Serge-Aurier-200x112.png 200w, https:\/\/www.culture-numerique.fr\/wp-content\/uploads\/2016\/02\/Serge-Aurier-450x252.png 450w, https:\/\/www.culture-numerique.fr\/wp-content\/uploads\/2016\/02\/Serge-Aurier-600x336.png 600w, https:\/\/www.culture-numerique.fr\/wp-content\/uploads\/2016\/02\/Serge-Aurier-900x504.png 900w\" sizes=\"auto, (max-width: 1024px) 100vw, 1024px\" \/><\/p>\n<p><strong>Qui ne conna\u00eet <a href=\"https:\/\/fr.wikipedia.org\/wiki\/Serge_Aurier\" target=\"_blank\">Serge Aurier<\/a>\u00a0?<\/strong> Impossible d&rsquo;\u00e9chapper \u00e0 l&rsquo;information m\u00eame pour qui\u00a0ne cultive aucun int\u00e9r\u00eat particulier pour le football ou son business. Pour r\u00e9sumer la situation et pour ceux d&rsquo;entre vous qui ont pass\u00e9 les derni\u00e8res semaines dans une iourte mongole, le quidam est un joueur professionnel du <a href=\"https:\/\/fr.wikipedia.org\/wiki\/Paris_Saint-Germain_Football_Club\" target=\"_blank\">Paris Saint-Germain<\/a> qui a copieusement insult\u00e9 ses petits camarades sur <a href=\"https:\/\/www.periscope.tv\/\" target=\"_blank\">Periscope<\/a> il y a peu.<\/p>\n<p>Anecdotique, me direz-vous\u00a0? Pas tant que \u00e7a\u2026<\/p>\n<h3>Des applications puissantes et fort utiles<\/h3>\n<p>D&rsquo;abord parce que cette affaire, comme d&rsquo;autres qui concernent Periscope, montre bien <strong>la puissance de ces applications<\/strong> aujourd&rsquo;hui disponibles sur nos smartphones. R\u00e9cemment, \u00e0 l&rsquo;invitation de <a href=\"https:\/\/twitter.com\/lesticeenclasse\" target=\"_blank\">Ghislain Domin\u00e9<\/a>, j&rsquo;ai anim\u00e9 au <a href=\"http:\/\/www.cndp.fr\/crdp-lille\/\" target=\"_blank\">Canop\u00e9 de Lille<\/a> un atelier dont les \u00e9changes ont \u00e9t\u00e9 diffus\u00e9s en ligne et en direct via Periscope. \u00a0Nul besoin donc d&rsquo;un attirail technique important pour diffuser quoi que ce soit, un concert, une conf\u00e9rence, un cours, une d\u00e9monstration\u2026 Les applications p\u00e9dagogiques sont nombreuses, il ne reste qu&rsquo;\u00e0 mettre en \u0153uvre et commenter.<\/p>\n<p><em><a href=\"http:\/\/www.metronews.fr\/info\/video-il-n-y-a-pas-que-serge-aurier-eux-aussi-ont-ete-trahis-par-periscope\/mpbw!2bCUqIUh569QM\/\" target=\"_blank\">Metronews<\/a><\/em> raconte comment d&rsquo;autres que Serge Aurier se sont laiss\u00e9s aller ainsi \u00e0 des diffusions publiques qui auraient trouv\u00e9 avantage \u00e0 rester dans un environnement plus intime : un prisonnier dans sa cellule, des cambrioleurs qui filment leur forfait, une conductrice ivre\u2026 Et puis Periscope est aussi connu maintenant pour des activit\u00e9s plus coquines r\u00e9serv\u00e9es aux adultes\u2026<\/p>\n<p>Comme d&rsquo;habitude, comme si l&rsquo;histoire ne produisait pas de le\u00e7ons, <strong>c&rsquo;est le m\u00e9dia ou le support<\/strong> qui sont montr\u00e9s du doigt par les observateurs \u00e0 courte vue dans le cas de ces usages non pertinents voire perturbateurs. Dans la droite ligne des malheureuses et stupides initiatives consistant, plut\u00f4t que de changer les \u00e9preuves du baccalaur\u00e9at pour les adapter \u00e0 leur temps, \u00e0 installer des d\u00e9tecteurs d&rsquo;appareils connect\u00e9s, notre dernier ministre de la Justice <a href=\"http:\/\/www.leparisien.fr\/faits-divers\/detenu-filme-sur-periscope-urvoas-veut-faire-brouiller-les-portables-en-prison-23-02-2016-5570697.php\" target=\"_blank\">imagine installer<\/a> en prison des brouilleurs de smartphones, entamant ainsi une course technique sans fin dont les r\u00e9sultats sont connus d&rsquo;avance&#8230;<\/p>\n<h3>Les le\u00e7ons d&rsquo;hier n&rsquo;ont pas \u00e9t\u00e9 apprises<\/h3>\n<p>Mais cette histoire nous rappelle autre chose\u2026 Serge Aurier a certes pass\u00e9 son enfance\u00a0en C\u00f4te-d&rsquo;Ivoire mais il a rejoint rapidement, avec sa famille, le territoire fran\u00e7ais dont il a fr\u00e9quent\u00e9 l&rsquo;\u00e9cole et les centres de formation des clubs professionnels. En 2006, \u00e0 14 ans, il rejoint le <a href=\"https:\/\/fr.wikipedia.org\/wiki\/Racing_Club_de_Lens\" target=\"_blank\">Racing Club de Lens<\/a>, nous apprend <a href=\"https:\/\/fr.wikipedia.org\/wiki\/Serge_Aurier\" target=\"_blank\">Wikip\u00e9dia<\/a>. Rappelez-vous, 2006, c&rsquo;est le plein essor des \u00ab <a href=\"https:\/\/fr.wikipedia.org\/wiki\/Skyrock.com\" target=\"_blank\">Skyblogs<\/a> \u00bb. Je ne doute pas une seconde que Serge Aurier, comme tous les gar\u00e7ons et les filles de son \u00e2ge, avait son blogue sur la plateforme de <em><a href=\"http:\/\/www.skyrock.com\/\" target=\"_blank\">Skyrock<\/a><\/em>. Rappelez-vous, en 2009, ce sont pr\u00e8s de 20 millions de profils qui l&rsquo;ont rejointe pour pr\u00e8s de 30 millions de blogues ! Les Fran\u00e7ais \u00e9taient champions du Monde de cette pratique !<\/p>\n<p>Ainsi, fort probablement, en 2006, Serge Aurier a-t-il fait un large usage de sa libert\u00e9 d&rsquo;expression et a-t-il, sans doute, comme la grande majorit\u00e9 de ses camarades de son \u00e2ge, fait voler en \u00e9clats les limites entre sa vie personnelle et priv\u00e9e et une exposition plus publique. Qui peut le lui reprocher\u00a0? L&rsquo;\u00e9cole de France, comme les parents d&rsquo;ailleurs, surtout \u00e0 cette \u00e9poque, ne se sont jamais pr\u00e9occup\u00e9s de cela, non plus d&rsquo;ailleurs sans doute que les enseignants des centres de formation, plus pr\u00e9occup\u00e9s de former des athl\u00e8tes surgonfl\u00e9s que des citoyens avertis. L&rsquo;\u00e9cole n&rsquo;a jamais, de mani\u00e8re g\u00e9n\u00e9rale, travaill\u00e9 \u00e0 d\u00e9velopper les comp\u00e9tences des \u00e9l\u00e8ves dans leur engagement citoyen sur Internet. Quel professeur, en 2006, a expliqu\u00e9 \u00e0 ses \u00e9l\u00e8ves ce qu&rsquo;\u00e9tait l&rsquo;intimit\u00e9, ce que pouvait signifier d&rsquo;en d\u00e9voiler certains de ses pans et quelles cons\u00e9quences cela pouvait avoir ? Alors que les enjeux sont consid\u00e9rables, aujourd&rsquo;hui encore,<strong> la comp\u00e9tence \u00ab\u00a0publier\u00a0 \u00bb, au sens de ma\u00eetriser une parole publique<\/strong>, n&rsquo;a jamais rejoint les programmes officiels. Ce n&rsquo;est pas faute d&rsquo;avoir insist\u00e9, pourtant (1).<\/p>\n<p>Pire\u00a0! \u00a0L&rsquo;\u00e9cole, \u00e0 cette \u00e9poque d\u00e9j\u00e0, <strong>a r\u00e9prim\u00e9 certains de ces comportements<\/strong> d\u00e9viants de mani\u00e8re parfois extr\u00eamement violente. Je vous ai racont\u00e9 l&rsquo;aventure incroyable de ces trois jeunes adolescents qui bloguaient en 2005 (2). Serge Aurier aurait pu \u00eatre l&rsquo;un d&rsquo;entre eux. Serge Aurier \u00e9tait, lui aussi, embarqu\u00e9 dans un\u00a0\u00ab\u00a0<a href=\"https:\/\/fr.wikipedia.org\/wiki\/Septembre_%C3%A9ternel\" target=\"_blank\">septembre sans fin<\/a>\u00a0\u00bb.<\/p>\n<p>Dix ans apr\u00e8s, Serge Aurier est maintenant un adulte mais est rest\u00e9 un grand enfant de l&rsquo;\u00e9cole de France, incapable de percevoir quand il s&rsquo;exprime dans l&rsquo;intimit\u00e9 du cercle de ses amis, chez soi,\u00a0ou quand il est face au public, incapable non plus de faire la diff\u00e9rence entre la parole r\u00e9fl\u00e9chie, la moquerie \u2014\u00a0le \u00ab\u00a0chambrage\u00a0\u00bb comme on dit dans le milieu\u00a0\u2014 et les propos injurieux.<\/p>\n<p>Dix ans apr\u00e8s, <strong>Serge Aurier n&rsquo;a toujours pas fini son mois de septembre<\/strong>.<\/p>\n<p>Et l&rsquo;\u00e9cole non plus.<\/p>\n<p>Michel Guillou\u00a0<a href=\"https:\/\/twitter.com\/michelguillou\" target=\"_blank\">@michelguillou<\/a><\/p>\n<p><a href=\"http:\/\/creativecommons.org\/licenses\/by-nc-sa\/2.0\/fr\/\" target=\"_blank\"><img loading=\"lazy\" decoding=\"async\" src=\"http:\/\/i.creativecommons.org\/l\/by-nc-sa\/2.0\/fr\/80x15.png\" alt=\"image\" width=\"80\" height=\"15\" data-pin-nopin=\"true\" \/><\/a><\/p>\n<p>Cr\u00e9dit photo\u00a0:\u00a0Serge Aurier &#8211; Capture d&rsquo;\u00e9cran \u00a9 Periscope par <a href=\"https:\/\/www.francebleu.fr\/sports\/football\/ligue-1-psg-serge-aurier-t-il-une-nouvelle-fois-derape-sur-les-reseaux-sociaux-1455417408\" target=\"_blank\">France Bleu<\/a><\/p>\n<ol>\n<li>Socle\u00a0: tous les \u00e9l\u00e8ves doivent savoir publier\u00a0<a href=\"http:\/\/www.culture-numerique.fr\/?p=843\" target=\"_blank\">http:\/\/www.culture-numerique.fr\/?p=843<\/a><\/li>\n<li>Il y a 20 ans, ils appelaient \u00e7a \u00ab\u00a0septembre sans fin\u00a0\u00bb\u2026 <a href=\"http:\/\/www.culture-numerique.fr\/?p=2506\" target=\"_blank\">http:\/\/www.culture-numerique.fr\/?p=2506<\/a><\/li>\n<\/ol>\n","protected":false},"excerpt":{"rendered":"<p><img loading=\"lazy\" decoding=\"async\" class=\"size-full wp-image-4705 aligncenter\" src=\"http:\/\/www.culture-numerique.fr\/wp-content\/uploads\/2016\/02\/Serge-Aurier.png\" alt=\"Serge Aurier\" width=\"1024\" height=\"574\" srcset=\"https:\/\/www.culture-numerique.fr\/wp-content\/uploads\/2016\/02\/Serge-Aurier.png 1024w, https:\/\/www.culture-numerique.fr\/wp-content\/uploads\/2016\/02\/Serge-Aurier-300x168.png 300w, https:\/\/www.culture-numerique.fr\/wp-content\/uploads\/2016\/02\/Serge-Aurier-100x56.png 100w, https:\/\/www.culture-numerique.fr\/wp-content\/uploads\/2016\/02\/Serge-Aurier-150x84.png 150w, https:\/\/www.culture-numerique.fr\/wp-content\/uploads\/2016\/02\/Serge-Aurier-200x112.png 200w, https:\/\/www.culture-numerique.fr\/wp-content\/uploads\/2016\/02\/Serge-Aurier-450x252.png 450w, https:\/\/www.culture-numerique.fr\/wp-content\/uploads\/2016\/02\/Serge-Aurier-600x336.png 600w, https:\/\/www.culture-numerique.fr\/wp-content\/uploads\/2016\/02\/Serge-Aurier-900x504.png 900w\" sizes=\"auto, (max-width: 1024px) 100vw, 1024px\" \/><\/p>\n<p><strong>Qui ne conna\u00eet <a href=\"https:\/\/fr.wikipedia.org\/wiki\/Serge_Aurier\" target=\"_blank\">Serge Aurier<\/a>\u00a0?<\/strong> Impossible d&rsquo;\u00e9chapper \u00e0 l&rsquo;information m\u00eame pour qui\u00a0ne cultive aucun int\u00e9r\u00eat particulier pour le football ou son business. Pour r\u00e9sumer la situation et pour ceux d&rsquo;entre vous qui ont pass\u00e9 les derni\u00e8res semaines dans une iourte mongole,<\/p>\n<p><span class=\"ellipsis\">&hellip;<\/span><\/p>\n<div class=\"read-more\"><a href=\"https:\/\/www.culture-numerique.fr\/?p=4699\">Lire la suite &#8250;<\/a><\/div>\n<p><!-- end of .read-more --><\/p>\n","protected":false},"author":1,"featured_media":4705,"comment_status":"open","ping_status":"open","sticky":false,"template":"","format":"standard","meta":{"jetpack_post_was_ever_published":false,"_jetpack_newsletter_access":"","_jetpack_dont_email_post_to_subs":false,"_jetpack_newsletter_tier_id":0,"_jetpack_memberships_contains_paywalled_content":false,"_jetpack_memberships_contains_paid_content":false,"footnotes":""},"categories":[9],"tags":[714,437,527,440,208,713,526,712,45],"class_list":["post-4699","post","type-post","status-publish","format-standard","has-post-thumbnail","hentry","category-billets-dhumeur","tag-competences-citoyennes","tag-education-aux-medias-numeriques","tag-endless-september","tag-intimite","tag-medias-numeriques","tag-periscope","tag-septembre-sans-fin","tag-serge-aurier","tag-vie-privee"],"jetpack_featured_media_url":"https:\/\/www.culture-numerique.fr\/wp-content\/uploads\/2016\/02\/Serge-Aurier.png","jetpack_sharing_enabled":true,"_links":{"self":[{"href":"https:\/\/www.culture-numerique.fr\/index.php?rest_route=\/wp\/v2\/posts\/4699","targetHints":{"allow":["GET"]}}],"collection":[{"href":"https:\/\/www.culture-numerique.fr\/index.php?rest_route=\/wp\/v2\/posts"}],"about":[{"href":"https:\/\/www.culture-numerique.fr\/index.php?rest_route=\/wp\/v2\/types\/post"}],"author":[{"embeddable":true,"href":"https:\/\/www.culture-numerique.fr\/index.php?rest_route=\/wp\/v2\/users\/1"}],"replies":[{"embeddable":true,"href":"https:\/\/www.culture-numerique.fr\/index.php?rest_route=%2Fwp%2Fv2%2Fcomments&post=4699"}],"version-history":[{"count":19,"href":"https:\/\/www.culture-numerique.fr\/index.php?rest_route=\/wp\/v2\/posts\/4699\/revisions"}],"predecessor-version":[{"id":4722,"href":"https:\/\/www.culture-numerique.fr\/index.php?rest_route=\/wp\/v2\/posts\/4699\/revisions\/4722"}],"wp:featuredmedia":[{"embeddable":true,"href":"https:\/\/www.culture-numerique.fr\/index.php?rest_route=\/wp\/v2\/media\/4705"}],"wp:attachment":[{"href":"https:\/\/www.culture-numerique.fr\/index.php?rest_route=%2Fwp%2Fv2%2Fmedia&parent=4699"}],"wp:term":[{"taxonomy":"category","embeddable":true,"href":"https:\/\/www.culture-numerique.fr\/index.php?rest_route=%2Fwp%2Fv2%2Fcategories&post=4699"},{"taxonomy":"post_tag","embeddable":true,"href":"https:\/\/www.culture-numerique.fr\/index.php?rest_route=%2Fwp%2Fv2%2Ftags&post=4699"}],"curies":[{"name":"wp","href":"https:\/\/api.w.org\/{rel}","templated":true}]}}