{"id":4665,"date":"2016-02-15T09:25:56","date_gmt":"2016-02-15T08:25:56","guid":{"rendered":"http:\/\/www.culture-numerique.fr\/?p=4665"},"modified":"2016-10-29T14:30:14","modified_gmt":"2016-10-29T12:30:14","slug":"numerique-quand-personne-ne-parle-de-la-meme-chose","status":"publish","type":"post","link":"https:\/\/www.culture-numerique.fr\/?p=4665","title":{"rendered":"Num\u00e9rique\u00a0: quand personne ne parle de la m\u00eame chose\u2026 et c&rsquo;est \u00e9reintant\u00a0!"},"content":{"rendered":"<p><img loading=\"lazy\" decoding=\"async\" class=\"aligncenter size-full wp-image-4666\" src=\"http:\/\/www.culture-numerique.fr\/wp-content\/uploads\/2016\/02\/1000px-PHPCode_HelloWorld.svg_.png\" alt=\"PHP\" width=\"1000\" height=\"441\" srcset=\"https:\/\/www.culture-numerique.fr\/wp-content\/uploads\/2016\/02\/1000px-PHPCode_HelloWorld.svg_.png 1000w, https:\/\/www.culture-numerique.fr\/wp-content\/uploads\/2016\/02\/1000px-PHPCode_HelloWorld.svg_-300x132.png 300w, https:\/\/www.culture-numerique.fr\/wp-content\/uploads\/2016\/02\/1000px-PHPCode_HelloWorld.svg_-100x44.png 100w, https:\/\/www.culture-numerique.fr\/wp-content\/uploads\/2016\/02\/1000px-PHPCode_HelloWorld.svg_-150x66.png 150w, https:\/\/www.culture-numerique.fr\/wp-content\/uploads\/2016\/02\/1000px-PHPCode_HelloWorld.svg_-200x88.png 200w, https:\/\/www.culture-numerique.fr\/wp-content\/uploads\/2016\/02\/1000px-PHPCode_HelloWorld.svg_-450x198.png 450w, https:\/\/www.culture-numerique.fr\/wp-content\/uploads\/2016\/02\/1000px-PHPCode_HelloWorld.svg_-600x265.png 600w, https:\/\/www.culture-numerique.fr\/wp-content\/uploads\/2016\/02\/1000px-PHPCode_HelloWorld.svg_-900x397.png 900w\" sizes=\"auto, (max-width: 1000px) 100vw, 1000px\" \/><\/p>\n<p><strong>Pauvre num\u00e9rique, si mal compris de tous<\/strong>, en particulier dans le syst\u00e8me \u00e9ducatif\u00a0! Les m\u00e9dias mettent en effet tout leur c\u0153ur \u00e0 diffuser un discours rebattu et convenu, sous influence des lobbys tout puissants dans la place, discours relay\u00e9 parfois par l&rsquo;institution elle-m\u00eame, ignorante et sous l&rsquo;influence elle-m\u00eame d&rsquo;une communication politique cacophonique. Il en d\u00e9coule que le num\u00e9rique est r\u00e9guli\u00e8rement pris en otage par ceux qui n&rsquo;y comprennent goutte ou, plus grave\u00a0!, par ceux encore qui n&rsquo;ont d&rsquo;autre but que de faire progresser leur petite affaire, que leurs buts soient mercantiles ou id\u00e9ologiques. Du lobbying, vous dis-je, avec des m\u00e9thodes similaires dans les deux cas\u2026<\/p>\n<h3>Le num\u00e9rique confondu avec ses outils ou ses technologies<\/h3>\n<p>Interrogez, pour voir, des enseignants \u00e0 propos de l&rsquo;\u00e9mergence du num\u00e9rique, des cons\u00e9quences sur leur pratique professionnelle, et on vous r\u00e9pondra g\u00e9n\u00e9ralement, la bouche en c\u0153ur, que \u00e7a ne marche pas faute de tablettes, d&rsquo;ordinateurs ou d&rsquo;Internet ou [mettez ici n&rsquo;importe quel outil num\u00e9rique,\u00a0cela importe peu]\u2026 ou qu&rsquo;on n&rsquo;a pas \u00e9t\u00e9 form\u00e9 donc qu&rsquo;il n&rsquo;est pas question de s&rsquo;en servir (sic) ou encore [mettez ici l&rsquo;une des dix raisons d&rsquo;y \u00e9chapper que j&rsquo;avais list\u00e9es il y a plus de deux ans d\u00e9j\u00e0 (1)]\u2026<\/p>\n<p><img loading=\"lazy\" decoding=\"async\" class=\"alignright size-medium wp-image-117\" src=\"http:\/\/www.culture-numerique.fr\/wp-content\/uploads\/2014\/04\/medium_2950977019-179x300.jpg\" alt=\"medium_2950977019\" width=\"179\" height=\"300\" srcset=\"https:\/\/www.culture-numerique.fr\/wp-content\/uploads\/2014\/04\/medium_2950977019-179x300.jpg 179w, https:\/\/www.culture-numerique.fr\/wp-content\/uploads\/2014\/04\/medium_2950977019-100x167.jpg 100w, https:\/\/www.culture-numerique.fr\/wp-content\/uploads\/2014\/04\/medium_2950977019-150x250.jpg 150w, https:\/\/www.culture-numerique.fr\/wp-content\/uploads\/2014\/04\/medium_2950977019-200x334.jpg 200w, https:\/\/www.culture-numerique.fr\/wp-content\/uploads\/2014\/04\/medium_2950977019.jpg 299w\" sizes=\"auto, (max-width: 179px) 100vw, 179px\" \/>Entendre \u00e7a d&rsquo;un professeur d\u00e9butant est presque compr\u00e9hensible tant sa formation initiale l&rsquo;a tenu \u00e9loign\u00e9 de ces consid\u00e9rations \u2014\u00a0quand va-t-on se pr\u00e9occuper enfin de ce qui se passe, c&rsquo;est-\u00e0-dire pas grand chose \u00e0 ce sujet, dans les <a href=\"http:\/\/www.espe.education.fr\/\" target=\"_blank\">ESPE<\/a>\u00a0?\u00a0\u2014, mais entendre \u00e7a d&rsquo;un professeur d\u00e9j\u00e0 rompu \u00e0 la r\u00e9flexion p\u00e9dagogique et \u00e0 l&rsquo;innovation ne laisse pas d&rsquo;\u00e9tonner. \u00c0 y r\u00e9fl\u00e9chir, et pour l&rsquo;excuser quelque peu, c&rsquo;est aussi <strong>le m\u00eame discours qui est tenu par les \u00e9lites<\/strong> de l&rsquo;institution elle-m\u00eame ou hors cette derni\u00e8re, par les politiques ou les fonctionnaires des collectivit\u00e9s territoriales.<\/p>\n<p>On peut vous r\u00e9pondre aussi, ce qui revient strictement au m\u00eame, qu&rsquo;on \u00ab\u00a0fait du num\u00e9rique\u00a0\u00bb parce qu&rsquo;on propose des cours ou des vid\u00e9os en ligne, ou qu&rsquo;on se sert du tableau num\u00e9rique\u2026 ou des tablettes, au choix, ou encore qu&rsquo;on fait des recherches sur Internet\u2026 peu importe\u00a0!<\/p>\n<p>Il importe peu, en effet. Qu&rsquo;on se serve ou pas des outils ou technologies num\u00e9riques n&rsquo;a que <strong>de faibles cons\u00e9quences sur la transformation num\u00e9rique<\/strong> de l&rsquo;enseignement comme sur celle de l&rsquo;\u00e9cole en g\u00e9n\u00e9ral. Non, l&rsquo;\u00e9cole ne changera pas, ne change pas avec le num\u00e9rique, comme le propose fort justement le slogan de la <a href=\"http:\/\/www.education.gouv.fr\/cid77084\/direction-du-numerique-pour-l-education-dne.html\" target=\"_blank\">DNE<\/a>, parce qu&rsquo;on installe \u00e7\u00e0 et l\u00e0 des tablettes ou parce qu&rsquo;on ouvre un portail de ressources en ligne. Par exemple.<\/p>\n<h3>Le dogme grand-guignolesque du code<\/h3>\n<p>Vous connaissez mon sentiment \u00e0 ce sujet (2, 3), je vais pourtant y revenir&#8230;<\/p>\n<p>Je vous avais d\u00e9j\u00e0 racont\u00e9 comment <a href=\"https:\/\/twitter.com\/alicanth\" target=\"_blank\">Alice Antheaume<\/a> avait interrog\u00e9 la ministre <a href=\"https:\/\/fr.wikipedia.org\/wiki\/Axelle_Lemaire\" target=\"_blank\">Axelle Lemaire<\/a> \u00e0 propos de l&rsquo;enseignement du code alors que cette derni\u00e8re semblait avoir pris conscience des enjeux et n&rsquo;en parlait d\u00e9j\u00e0 plus (4). R\u00e9cemment, \u00e0 Bayonne, <a href=\"https:\/\/twitter.com\/louisetourret\" target=\"_blank\">Louise Tourret<\/a> interrogeait <a href=\"https:\/\/fr.wikipedia.org\/wiki\/Milad_Doueihi\" target=\"_blank\">Milad Doueihi<\/a>\u00a0: la culture num\u00e9rique est-elle r\u00e9ellement entr\u00e9e \u00e0 l\u2019\u00e9cole\u00a0? Merveilleux sujet choisi l\u00e0 par les organisateurs d&rsquo;<a href=\"http:\/\/eidos64.fr\/programme-2016\/\" target=\"_blank\">Eidos64<\/a>\u00a0! Apr\u00e8s avoir curieusement oubli\u00e9 de demander \u00e0 ce chercheur pourquoi l&rsquo;expression \u00ab\u00a0culture num\u00e9rique\u00a0\u00bb \u00e9tait absente du socle ou des programmes, la journaliste a os\u00e9, d\u00e8s sa troisi\u00e8me question\u00a0: \u00ab\u00a0Et le code\u00a0?\u00a0\u00bb, m\u00ealant d&rsquo;ailleurs sans vergogne \u00ab\u00a0codage\u00a0\u00bb et \u00ab\u00a0programmation\u00a0\u00bb ! Quel risque fou\u00a0!<\/p>\n<p>Moins convenu, ce n&rsquo;est pas possible, les m\u00e9dias d\u00e9bordant de consid\u00e9rations hasardeuses autant que stupides sur le code, nouveau langage du nouveau mill\u00e9naire\u00a0! Plus d\u00e9cal\u00e9, c&rsquo;\u00e9tait difficile aussi tant le code et son apprentissage, m\u00eame s&rsquo;ils sont \u00e0 coup s\u00fbr partie prenante de la culture num\u00e9rique, n&rsquo;en constituent certes pas le noyau ou la partie essentielle. C&rsquo;est d&rsquo;ailleurs ce qu&rsquo;a r\u00e9pondu, Milad Doueihi, tr\u00e8s intelligemment.<\/p>\n<p><strong>Mais on a vu pire depuis\u00a0!<\/strong><\/p>\n<blockquote class=\"twitter-tweet\" data-width=\"550\" data-dnt=\"true\">\n<p lang=\"fr\" dir=\"ltr\">&quot;Il faut apprendre \u00e0 coder le + t\u00f4t possible : je suis pour le PHP \u00e0 l&#39;\u00e9cole primaire&quot; <a href=\"https:\/\/twitter.com\/mazaic?ref_src=twsrc%5Etfw\">@mazaic<\/a> <a href=\"https:\/\/twitter.com\/BlaBlaCar?ref_src=twsrc%5Etfw\">@BlaBlaCar<\/a> <a href=\"https:\/\/twitter.com\/hashtag\/DSFemploi?src=hash&amp;ref_src=twsrc%5Etfw\">#DSFemploi<\/a> <a href=\"https:\/\/t.co\/RAqUsNcFrE\">pic.twitter.com\/RAqUsNcFrE<\/a><\/p>\n<p>&mdash; Delphine Cuny (@DelphineCuny) <a href=\"https:\/\/twitter.com\/DelphineCuny\/status\/694804343825002497?ref_src=twsrc%5Etfw\">February 3, 2016<\/a><\/p><\/blockquote>\n<p><script async src=\"https:\/\/platform.twitter.com\/widgets.js\" charset=\"utf-8\"><\/script><\/p>\n<p><a href=\"https:\/\/twitter.com\/DelphineCuny\" target=\"_blank\">Delphine Cuny<\/a> nous rapporte l\u00e0 les paroles r\u00e9centes et stup\u00e9fiantes d&rsquo;un entrepreneur de la \u00ab\u00a0<a href=\"https:\/\/fr.wikipedia.org\/wiki\/French_Tech\" target=\"_blank\">French Tech<\/a> \u00bb,\u00a0<a href=\"https:\/\/twitter.com\/mazaic\" target=\"_blank\">Fred Mazzella<\/a>, qui dirige une jeune et dynamique entreprise. Ce tweet a \u00e9t\u00e9 retweet\u00e9 27 fois et aim\u00e9 28 fois. Il a re\u00e7u aussi de nombreuses critiques\u00a0:<\/p>\n<blockquote class=\"twitter-tweet\" data-width=\"550\" data-dnt=\"true\">\n<p lang=\"fr\" dir=\"ltr\">.<a href=\"https:\/\/twitter.com\/DelphineCuny?ref_src=twsrc%5Etfw\">@DelphineCuny<\/a> <a href=\"https:\/\/twitter.com\/mazaic?ref_src=twsrc%5Etfw\">@mazaic<\/a> <a href=\"https:\/\/twitter.com\/BlaBlaCar?ref_src=twsrc%5Etfw\">@BlaBlaCar<\/a> Et pourquoi pas la m\u00e9canique ? Ou la cuisine ? Ou la comptabilit\u00e9 ? C&#39;est bien la comptabilit\u00e9 aussi.<\/p>\n<p>&mdash; Steven Le Rouzic (@steven_lr) <a href=\"https:\/\/twitter.com\/steven_lr\/status\/695183658609729536?ref_src=twsrc%5Etfw\">February 4, 2016<\/a><\/p><\/blockquote>\n<p><script async src=\"https:\/\/platform.twitter.com\/widgets.js\" charset=\"utf-8\"><\/script><\/p>\n<blockquote class=\"twitter-tweet\" data-width=\"550\" data-dnt=\"true\">\n<p lang=\"fr\" dir=\"ltr\"><a href=\"https:\/\/twitter.com\/DelphineCuny?ref_src=twsrc%5Etfw\">@DelphineCuny<\/a> <a href=\"https:\/\/twitter.com\/dr_l_alexandre?ref_src=twsrc%5Etfw\">@dr_l_alexandre<\/a> <a href=\"https:\/\/twitter.com\/mazaic?ref_src=twsrc%5Etfw\">@mazaic<\/a> <a href=\"https:\/\/twitter.com\/BlaBlaCar?ref_src=twsrc%5Etfw\">@BlaBlaCar<\/a> Sans doute, le parangon de la fausse bonne id\u00e9e&#8230;<\/p>\n<p>&mdash; Dr Palatan Michael (@mika04091971) <a href=\"https:\/\/twitter.com\/mika04091971\/status\/695234213126238209?ref_src=twsrc%5Etfw\">February 4, 2016<\/a><\/p><\/blockquote>\n<p><script async src=\"https:\/\/platform.twitter.com\/widgets.js\" charset=\"utf-8\"><\/script><\/p>\n<p><strong>Comment dire\u00a0? Les mots me manquent\u2026<\/strong><\/p>\n<p>Dans quel \u00e9tat est tomb\u00e9 ce pays qui voit ses chefs d&rsquo;entreprise faire des propositions aussi ineptes\u00a0? Comment m\u00e9conna\u00eetre \u00e0 ce point l&rsquo;\u00e9cole et <strong>les enjeux de l&rsquo;\u00e9ducation<\/strong>, \u00e0 l&rsquo;heure du num\u00e9rique\u00a0? Comment ne pas comprendre qu&rsquo;il est plus important, mille fois plus important, de <strong>former aujourd&rsquo;hui de jeunes citoyens<\/strong> sachant lire, \u00e9crire et parler le fran\u00e7ais, compter, sauter, lancer, courir, dessiner, fabriquer, observer\u2026 vivre ensemble, surtout vivre ensemble\u00a0?<\/p>\n<p>Et, s&rsquo;il reste un peu de temps, \u00e0 l&rsquo;\u00e9cole ou en atelier p\u00e9riscolaire, pourquoi pas\u00a0? programmer\u2026 ou d\u00e9coder mais pas coder\u00a0\u2014\u00a0coder quoi\u00a0? pour quoi faire\u00a0? pour former \u00e0 sept ou huit ans de jeunes d\u00e9veloppeurs web\u00a0?<\/p>\n<p>Et que dire du choix invraisemblable de ce langage de programmation professionnel mais abscons, habituellement utilis\u00e9 pour afficher des pages web dynamiques\u00a0? <strong>Trop, c&rsquo;est trop<\/strong>. Tout cela n&rsquo;a aucun rapport avec le num\u00e9rique, strictement aucun. C&rsquo;est juste du cirque et du grand-guignol dont il est ais\u00e9 de deviner qui en sont les tristes artisans lobbyistes.<\/p>\n<h3>Le num\u00e9rique, c&rsquo;est de la culture et rien d&rsquo;autre<\/h3>\n<p>Vous n&rsquo;avez pas termin\u00e9 de m&rsquo;entendre le r\u00e9p\u00e9ter. Rassurez-vous, je ne vais pas vous redire\u00a0un \u00e0 un les arguments d&rsquo;un billet r\u00e9cent (5) mais tout de m\u00eame, je vous encourage, si vous en trouvez le temps, \u00e0 relire ce billet en r\u00e9f\u00e9rence. Sa lecture vous prendra peu de temps. Et, tant que vous y \u00eates, tentez de lire aussi mon camarade <a href=\"https:\/\/twitter.com\/moiraud\" target=\"_blank\">Jean-Paul Moiraud<\/a> qui, sur <a href=\"https:\/\/moiraudjp.wordpress.com\/\" target=\"_blank\">son blogue<\/a>, ne cesse de crier, un peu dans le vide regrette-t-il, que la transformation num\u00e9rique atteint d&rsquo;abord les temps et les espaces et qu&rsquo;elle change aussi notablement les postures et les gestes professionnels et qu&rsquo;il convient de s&rsquo;y attarder et de comprendre ce qui se passe\u2026<\/p>\n<p>Ne serait-ce que pour vous convaincre que le num\u00e9rique n&rsquo;est ni son outillage seul, ni ses technologies seules, ni la science informatique seule et encore moins la programmation, non rien de tout \u00e7a, mais <strong>un changement fondamental de paradigme culturel et social<\/strong>.<\/p>\n<p>Voil\u00e0, c&rsquo;est dit.<\/p>\n<p>Et si nos \u00e9lites voulaient bien cesser de nous rouler dans la farine avec certaines doxas, d&rsquo;une part, cesser d&rsquo;autre part d&rsquo;\u00e9voquer le num\u00e9rique comme un outil ou de le confondre avec ses outils ou ses technologies, ce serait encore mieux.<\/p>\n<p>Michel Guillou\u00a0<a href=\"https:\/\/twitter.com\/michelguillou\" target=\"_blank\">@michelguillou<\/a><\/p>\n<p><a href=\"http:\/\/creativecommons.org\/licenses\/by-nc-sa\/2.0\/fr\/\" target=\"_blank\"><img loading=\"lazy\" decoding=\"async\" src=\"http:\/\/i.creativecommons.org\/l\/by-nc-sa\/2.0\/fr\/80x15.png\" alt=\"image\" width=\"80\" height=\"15\" data-pin-nopin=\"true\" \/><\/a><\/p>\n<p>Cr\u00e9dit image par \u00ab\u00a0derivative work\u00a0\u00bb : \u2014 <a href=\"https:\/\/upload.wikimedia.org\/wikipedia\/commons\/5\/5c\/PHPCode_HelloWorld.svg\" target=\"_blank\">Lasse Havelund<\/a> (p) (t) [Domaine public], de\u00a0<a href=\"https:\/\/commons.wikimedia.org\/wiki\/File%3APHPCode_HelloWorld.svg\">Wikimedia Commons<\/a><\/p>\n<ol>\n<li>Profs d\u00e9butants : 10 bonnes raisons d\u2019\u00e9chapper au num\u00e9rique\u00a0<a href=\"http:\/\/www.culture-numerique.fr\/?p=238\" target=\"_blank\">http:\/\/www.culture-numerique.fr\/?p=238<\/a><\/li>\n<li>Bien entendu, on peut sauter sur sa chaise comme un cabri en disant le code\u00a0! le code\u00a0! le code\u00a0!\u2026\u00a0<a href=\"http:\/\/www.culture-numerique.fr\/?p=634\" target=\"_blank\">http:\/\/www.culture-numerique.fr\/?p=634<\/a><\/li>\n<li>Apprendre \u00e0 exercer sa libert\u00e9 d\u2019expression ou apprendre \u00e0 coder\u00a0?\u00a0<a href=\"http:\/\/www.culture-numerique.fr\/?p=153\" target=\"_blank\">http:\/\/www.culture-numerique.fr\/?p=153<\/a><\/li>\n<li>Chic\u00a0! Axelle Lemaire vient de comprendre les vrais enjeux du num\u00e9rique \u00e0 l\u2019\u00e9cole\u00a0<a href=\"http:\/\/www.culture-numerique.fr\/?p=1844\" target=\"_blank\">http:\/\/www.culture-numerique.fr\/?p=1844<\/a><\/li>\n<li>Dis, papa, le num\u00e9rique, c\u2019est quoi l\u2019id\u00e9e\u00a0?\u00a0<a href=\"http:\/\/www.culture-numerique.fr\/?p=4595\" target=\"_blank\">http:\/\/www.culture-numerique.fr\/?p=4595<\/a><\/li>\n<\/ol>\n<p>[cite]<\/p>\n","protected":false},"excerpt":{"rendered":"<p><img loading=\"lazy\" decoding=\"async\" class=\"aligncenter size-full wp-image-4666\" src=\"http:\/\/www.culture-numerique.fr\/wp-content\/uploads\/2016\/02\/1000px-PHPCode_HelloWorld.svg_.png\" alt=\"PHP\" width=\"1000\" height=\"441\" srcset=\"https:\/\/www.culture-numerique.fr\/wp-content\/uploads\/2016\/02\/1000px-PHPCode_HelloWorld.svg_.png 1000w, https:\/\/www.culture-numerique.fr\/wp-content\/uploads\/2016\/02\/1000px-PHPCode_HelloWorld.svg_-300x132.png 300w, https:\/\/www.culture-numerique.fr\/wp-content\/uploads\/2016\/02\/1000px-PHPCode_HelloWorld.svg_-100x44.png 100w, https:\/\/www.culture-numerique.fr\/wp-content\/uploads\/2016\/02\/1000px-PHPCode_HelloWorld.svg_-150x66.png 150w, https:\/\/www.culture-numerique.fr\/wp-content\/uploads\/2016\/02\/1000px-PHPCode_HelloWorld.svg_-200x88.png 200w, https:\/\/www.culture-numerique.fr\/wp-content\/uploads\/2016\/02\/1000px-PHPCode_HelloWorld.svg_-450x198.png 450w, https:\/\/www.culture-numerique.fr\/wp-content\/uploads\/2016\/02\/1000px-PHPCode_HelloWorld.svg_-600x265.png 600w, https:\/\/www.culture-numerique.fr\/wp-content\/uploads\/2016\/02\/1000px-PHPCode_HelloWorld.svg_-900x397.png 900w\" sizes=\"auto, (max-width: 1000px) 100vw, 1000px\" \/><\/p>\n<p><strong>Pauvre num\u00e9rique, si mal compris de tous<\/strong>, en particulier dans le syst\u00e8me \u00e9ducatif\u00a0! Les m\u00e9dias mettent en effet tout leur c\u0153ur \u00e0 diffuser un discours rebattu et convenu, sous influence des lobbys tout puissants dans la place,<\/p>\n<p><span class=\"ellipsis\">&hellip;<\/span><\/p>\n<div class=\"read-more\"><a href=\"https:\/\/www.culture-numerique.fr\/?p=4665\">Lire la suite &#8250;<\/a><\/div>\n<p><!-- end of .read-more --><\/p>\n","protected":false},"author":1,"featured_media":4666,"comment_status":"open","ping_status":"open","sticky":false,"template":"","format":"standard","meta":{"jetpack_post_was_ever_published":false,"_jetpack_newsletter_access":"","_jetpack_dont_email_post_to_subs":true,"_jetpack_newsletter_tier_id":0,"_jetpack_memberships_contains_paywalled_content":false,"_jetpack_memberships_contains_paid_content":false,"footnotes":""},"categories":[9],"tags":[52,84,711,400,707,201,709,2,3,710,48,708],"class_list":["post-4665","post","type-post","status-publish","format-standard","has-post-thumbnail","hentry","category-billets-dhumeur","tag-culture-numerique","tag-dne","tag-eidos64","tag-enjeux-du-numerique","tag-enseignement-du-code","tag-espe","tag-formation-des-citoyens","tag-numerique","tag-outillage","tag-php","tag-technologies","tag-transformation-numerique"],"jetpack_featured_media_url":"https:\/\/www.culture-numerique.fr\/wp-content\/uploads\/2016\/02\/1000px-PHPCode_HelloWorld.svg_.png","jetpack_sharing_enabled":true,"_links":{"self":[{"href":"https:\/\/www.culture-numerique.fr\/index.php?rest_route=\/wp\/v2\/posts\/4665","targetHints":{"allow":["GET"]}}],"collection":[{"href":"https:\/\/www.culture-numerique.fr\/index.php?rest_route=\/wp\/v2\/posts"}],"about":[{"href":"https:\/\/www.culture-numerique.fr\/index.php?rest_route=\/wp\/v2\/types\/post"}],"author":[{"embeddable":true,"href":"https:\/\/www.culture-numerique.fr\/index.php?rest_route=\/wp\/v2\/users\/1"}],"replies":[{"embeddable":true,"href":"https:\/\/www.culture-numerique.fr\/index.php?rest_route=%2Fwp%2Fv2%2Fcomments&post=4665"}],"version-history":[{"count":30,"href":"https:\/\/www.culture-numerique.fr\/index.php?rest_route=\/wp\/v2\/posts\/4665\/revisions"}],"predecessor-version":[{"id":5491,"href":"https:\/\/www.culture-numerique.fr\/index.php?rest_route=\/wp\/v2\/posts\/4665\/revisions\/5491"}],"wp:featuredmedia":[{"embeddable":true,"href":"https:\/\/www.culture-numerique.fr\/index.php?rest_route=\/wp\/v2\/media\/4666"}],"wp:attachment":[{"href":"https:\/\/www.culture-numerique.fr\/index.php?rest_route=%2Fwp%2Fv2%2Fmedia&parent=4665"}],"wp:term":[{"taxonomy":"category","embeddable":true,"href":"https:\/\/www.culture-numerique.fr\/index.php?rest_route=%2Fwp%2Fv2%2Fcategories&post=4665"},{"taxonomy":"post_tag","embeddable":true,"href":"https:\/\/www.culture-numerique.fr\/index.php?rest_route=%2Fwp%2Fv2%2Ftags&post=4665"}],"curies":[{"name":"wp","href":"https:\/\/api.w.org\/{rel}","templated":true}]}}