{"id":461,"date":"2012-10-31T23:10:59","date_gmt":"2012-10-31T21:10:59","guid":{"rendered":"http:\/\/www.culture-numerique.fr\/?p=461"},"modified":"2014-09-11T14:36:17","modified_gmt":"2014-09-11T12:36:17","slug":"lecole-la-societe-la-curiosite-et-la-deconnexion","status":"publish","type":"post","link":"https:\/\/www.culture-numerique.fr\/?p=461","title":{"rendered":"L\u2019\u00e9cole, la soci\u00e9t\u00e9, la curiosit\u00e9 et la d\u00e9connexion\u2026"},"content":{"rendered":"<p><strong>J\u2019ai eu le grand plaisir d\u2019assister<\/strong> hier 30 octobre \u00e0 la journ\u00e9e de r\u00e9flexion en forme de colloque c\u00e9l\u00e9brant le\u00a0<a style=\"color: #2c32f6;\" href=\"http:\/\/www.cahiers-pedagogiques.com\/spip.php?article8096\" target=\"_blank\">500e num\u00e9ro<\/a>\u00a0des\u00a0<a style=\"color: #2c32f6;\" href=\"http:\/\/www.cahiers-pedagogiques.com\/\" target=\"_blank\">Cahiers p\u00e9dagogiques<\/a>. L\u2019occasion de retrouver ou de conna\u00eetre enfin toutes celles et tous ceux que je croise, l\u2019ann\u00e9e durant, sur les r\u00e9seaux sociaux. Que du bonheur\u00a0!<\/p>\n<p><img decoding=\"async\" class=\"aligncenter\" src=\"http:\/\/media.tumblr.com\/tumblr_mcrruq6Nj41r0uc0h.jpg\" alt=\"\" \/><\/p>\n<p>Vous trouverez, gr\u00e2ce \u00e0\u00a0<a style=\"color: #2c32f6;\" href=\"https:\/\/twitter.com\/2vanssay\" target=\"_blank\">St\u00e9phanie de Vanssay<\/a>, le \u00ab\u00a0storify\u00a0\u00bb de la journ\u00e9e derri\u00e8re\u00a0<a style=\"color: #2c32f6;\" href=\"http:\/\/storify.com\/2vanssay\/vous-avez-dit-pedagogie-l-ecole-dans-les-medias-et\" target=\"_blank\">ce lien<\/a>.<\/p>\n<p><img loading=\"lazy\" decoding=\"async\" src=\"http:\/\/media.tumblr.com\/tumblr_mcrm9keSv01r0uc0h.jpg\" alt=\"\" width=\"230\" height=\"306\" align=\"right\" \/><\/p>\n<p>D\u2019autres que moi tirent \u00e7\u00e0 et l\u00e0 les conclusions de cette rencontre. Je ne m\u2019y risquerai pas pour ma part et souhaiterais simplement revenir sur quelques \u00ab\u00a0images\u00a0\u00bb significatives, \u00e0 mon avis, de la journ\u00e9e. Celles qui me semblent avoir du sens\u2026<\/p>\n<p>Notre ministre nous a fait une belle allocution, ci-contre en photo. Enfin, je suppose\u2026 Je n\u2019y ai pas entendu de grandes nouvelles pour l\u2019\u00e9cole de demain non plus que senti le souffle de l\u2019innovation \u2014 Vincent Peillon a pourtant annonc\u00e9 la cr\u00e9ation du Conseil en charge de ce dossier. Sans doute n\u2019\u00e9tais-je pas trop bien r\u00e9veill\u00e9\u2026<\/p>\n<p>Il a termin\u00e9 par ces mots, g\u00e9n\u00e9reusement applaudis\u00a0:<\/p>\n<blockquote><p>\u00ab\u00a0<em>C\u2019est bien \u00e0 l\u2019\u00e9cole de changer la soci\u00e9t\u00e9\u00a0!<\/em>\u00a0\u00bb<\/p><\/blockquote>\n<p>Si l\u2019\u00e9cole a contribu\u00e9 tr\u00e8s fortement, ces derni\u00e8res d\u00e9cennies tout particuli\u00e8rement, par une politique massive d\u2019instruction publique, \u00e0 former les citoyens autonomes et responsables que furent nos parents et que nous sommes, ce n\u2019est plus vrai aujourd\u2019hui, semble-t-il. En effet, et sans doute cela a-t-il \u00e9chapp\u00e9 au ministre, une part importante des savoirs et des connaissances se construisent de nos jours hors de l\u2019\u00e9cole. La soci\u00e9t\u00e9, dans tous ses pans, \u00e9conomiques, culturels, a pris, elle, r\u00e9solument le virage du num\u00e9rique. Nos enfants, les \u00e9l\u00e8ves de nos \u00e9coles, ont pour leur part des pratiques num\u00e9riques massives. O\u00f9 en est l\u2019\u00e9cole, dans cette rapide \u00e9volution\u00a0?<\/p>\n<p><strong>M. le ministre, c\u2019est bien maintenant \u00e0 la soci\u00e9t\u00e9 de changer l\u2019\u00e9cole d\u2019hier en une \u00e9cole num\u00e9rique, innovante et moderne, pour former les jeunes citoyens num\u00e9riques de demain.<\/strong><\/p>\n<p>Un peu plus tard, \u00e0 l\u2019occasion d\u2019une transition, il nous a \u00e9t\u00e9 donn\u00e9 d\u2019entendre en vid\u00e9o, un remarquable travail de\u00a0<a style=\"color: #2c32f6;\" href=\"https:\/\/twitter.com\/Flouks_\" target=\"_blank\">Thierry Foulkes<\/a>, le point de vue de quelques grands t\u00e9moins, parmi lesquels le toujours vif et lucide\u00a0<a style=\"color: #2c32f6;\" href=\"http:\/\/fr.wikipedia.org\/wiki\/Andr%C3%A9_de_Peretti\" target=\"_blank\">Andr\u00e9 de Peretti<\/a>. Mais il est un autre t\u00e9moin,\u00a0<a style=\"color: #2c32f6;\" href=\"http:\/\/fr.wikipedia.org\/wiki\/Edwy_Plenel\" target=\"_blank\">Edwy Plenel<\/a>, dont j\u2019ai retenu une sentence\u00a0:<\/p>\n<blockquote><p>\u00ab\u00a0<em>Il faut que l\u2019\u00e9cole soit curieuse du monde<\/em>\u00a0\u00bb.<\/p><\/blockquote>\n<p>Ah\u00a0! La curiosit\u00e9\u00a0! Un trait de caract\u00e8re dont bien des ma\u00eetres ont regrett\u00e9 et regrettent encore qu\u2019il soit si souvent absent chez certains \u00e9l\u00e8ves\u2026 Dans le propos de Plenel, cette phrase vient apr\u00e8s un plaidoyer pour l\u2019utilisation d\u2019Internet et de ses multiples ressources \u00e0 l\u2019\u00e9cole. C\u2019est bien donc une curiosit\u00e9 \u00e0 l\u2019\u00e9gard d\u2019une soci\u00e9t\u00e9 et d\u2019un monde tr\u00e8s fortement marqu\u00e9s de l\u2019empreinte du num\u00e9rique dont Edwy Plenel voulait parler.\u00a0<strong>Une mani\u00e8re pour l\u2019\u00e9cole d\u2019\u00eatre chang\u00e9e par la soci\u00e9t\u00e9, d\u2019\u00e9clairer aussi la r\u00e9flexion p\u00e9dagogique de la conscience du paradigme des nouveaux ressorts sociaux de l\u2019information et de la connaissance\u2026<\/strong><\/p>\n<p>Sur une table ronde consacr\u00e9e justement \u00e0 tenter de comprendre ces enjeux, o\u00f9 furent \u00e9chang\u00e9s \u00e0 la fois les arguments convaincants et les lieux communs, on a entendu\u00a0<a style=\"color: #2c32f6;\" href=\"https:\/\/fr.twitter.com\/LCedelle\" target=\"_blank\">Luc Cedelle<\/a>\u00a0plaider pour le droit \u00e0 la d\u00e9connexion. C\u2019est son affaire et j\u2019entends bien son propos, bien s\u00fbr. Parce que je suis un vil provocateur, j\u2019ai envoy\u00e9 le\u00a0<a style=\"color: #2c32f6;\" href=\"https:\/\/twitter.com\/michelguillou\/status\/263313349591330816\" target=\"_blank\">tweet suivant<\/a>, plusieurs fois retweet\u00e9\u00a0:<\/p>\n<blockquote class=\"twitter-tweet\" data-width=\"550\" data-dnt=\"true\">\n<p lang=\"fr\" dir=\"ltr\">Je vais aussi passer pour un extr\u00eamiste : c&#39;est quoi la d\u00e9connexion ? <a href=\"https:\/\/twitter.com\/hashtag\/500cahiers?src=hash&amp;ref_src=twsrc%5Etfw\">#500cahiers<\/a>\u00a0<\/p>\n<p>&mdash; Michel Guillou \ud83c\udf31 (@michelguillou) <a href=\"https:\/\/twitter.com\/michelguillou\/status\/263313349591330816?ref_src=twsrc%5Etfw\">October 30, 2012<\/a><\/p><\/blockquote>\n<p><script async src=\"https:\/\/platform.twitter.com\/widgets.js\" charset=\"utf-8\"><\/script><\/p>\n<p>J\u2019ai eu manifestement tort de me priver de mettre des trombines ;-) :) :D partout car\u00a0<a style=\"color: #2c32f6;\" href=\"http:\/\/www.neoprofs.org\/t54400-compte-rendu-de-la-celebration-du-500eme-numero-des-cahiers-pedagogiques#1695239\" target=\"_blank\">Neoprofs<\/a>\u00a0a compris ma remarque au 1er degr\u00e9\u2026<\/p>\n<p>Au-del\u00e0 de la boutade, j\u2019ai voulu n\u00e9anmoins exprimer une r\u00e9alit\u00e9. Si nous, adultes, comprenons ais\u00e9ment ce que signifie \u00ab\u00a0d\u00e9connexion\u00a0\u00bb et, de mani\u00e8re corollaire, \u00ab\u00a0connexion\u00a0\u00bb, au point que certains, comme Luc C\u00e9delle, appr\u00e9cient de pouvoir nettement s\u00e9parer l\u2019une de l\u2019autre, ce n\u2019est \u00e9videmment plus vrai pour les jeunes, comme d\u2019ailleurs pour tous ceux d\u2019entre nous qui sommes r\u00e9solument engag\u00e9s dans le num\u00e9rique.<\/p>\n<p>Quand sommes-nous d\u00e9connect\u00e9s\u00a0? Quand nous regardons, dans un fauteuil, une t\u00e9l\u00e9vision maintenant num\u00e9rique et connect\u00e9e\u00a0? Quand nous prenons un bain avec la radio num\u00e9rique en fond sonore\u00a0? Quand nous nous promenons en for\u00eat avec le t\u00e9l\u00e9phone dans la poche\u00a0? Quand nous sommes en montagne avec le GPS pour nous aider \u00e0 trouver notre chemin\u00a0?<\/p>\n<p><strong>Quand les jeunes sont-ils d\u00e9connect\u00e9s\u00a0? Jamais\u2026 Presque jamais.<\/strong>\u00a0\u00c0 peine les a-t-on priv\u00e9s de l\u2019ordinateur familial qu\u2019ils retrouvent, le soir, leur \u00ab\u00a0smartphone\u00a0\u00bb sous la couette. \u00c0 peine rentrent-ils en classe qu\u2019ils retrouvent, sous le pupitre, si le cours est ennuyeux, tous leurs amis connect\u00e9s. Est-ce bien\u00a0? Est-ce mal\u00a0? Je n\u2019ai pas la r\u00e9ponse, bien entendu, mais voil\u00e0 qui doit \u00eatre \u00e0 coup s\u00fbr pris en compte par les familles, qui ont achet\u00e9 le terminal num\u00e9rique en question, et par l\u2019\u00e9cole qui doit \u2014 devra\u00a0\u2014, d\u2019une mani\u00e8re ou d\u2019une autre, s\u2019en accommoder.<\/p>\n<p>Luc C\u00e9delle a-t-il raison\u00a0? Il fait comme il l\u2019entend, bien s\u00fbr, mais est-il vraiment d\u00e9connect\u00e9 quand il pr\u00e9tend l\u2019\u00eatre\u00a0?<\/p>\n<p>Ah\u00a0! Une derni\u00e8re chose aussi\u00a0: le d\u00e9bat sous-jacent entre des suppos\u00e9s r\u00e9publicains et des non moins suppos\u00e9s p\u00e9dagos m\u2019a ennuy\u00e9 au plus haut point. J\u2019ai beaucoup r\u00e9fl\u00e9chi avant de de ne pas utiliser un verbe plus fort.<\/p>\n<p><strong>Et si on avan\u00e7ait, maintenant\u00a0?<\/strong><\/p>\n<p>Michel Guillou\u00a0<a style=\"color: #2c32f6;\" title=\"Twitter\" href=\"https:\/\/twitter.com\/#!\/michelguillou\" target=\"_blank\">@michelguillou<\/a><\/p>\n<p><a style=\"color: #2c32f6;\" href=\"http:\/\/creativecommons.org\/licenses\/by-nc-sa\/2.0\/fr\/\" target=\"_blank\"><img loading=\"lazy\" decoding=\"async\" src=\"http:\/\/i.creativecommons.org\/l\/by-nc-sa\/2.0\/fr\/80x15.png\" alt=\"\" width=\"80\" height=\"15\" \/><\/a><\/p>\n","protected":false},"excerpt":{"rendered":"<p><strong>J\u2019ai eu le grand plaisir d\u2019assister<\/strong> hier 30 octobre \u00e0 la journ\u00e9e de r\u00e9flexion en forme de colloque c\u00e9l\u00e9brant le\u00a0<a style=\"color: #2c32f6;\" href=\"http:\/\/www.cahiers-pedagogiques.com\/spip.php?article8096\" target=\"_blank\">500e num\u00e9ro<\/a>\u00a0des\u00a0<a style=\"color: #2c32f6;\" href=\"http:\/\/www.cahiers-pedagogiques.com\/\" target=\"_blank\">Cahiers p\u00e9dagogiques<\/a>. L\u2019occasion de retrouver ou de conna\u00eetre enfin toutes celles et tous ceux que je croise,<\/p>\n<p><span class=\"ellipsis\">&hellip;<\/span><\/p>\n<div class=\"read-more\"><a href=\"https:\/\/www.culture-numerique.fr\/?p=461\">Lire la suite &#8250;<\/a><\/div>\n<p><!-- end of .read-more --><\/p>\n","protected":false},"author":1,"featured_media":1649,"comment_status":"open","ping_status":"open","sticky":false,"template":"","format":"standard","meta":{"jetpack_post_was_ever_published":false,"_jetpack_newsletter_access":"","_jetpack_dont_email_post_to_subs":false,"_jetpack_newsletter_tier_id":0,"_jetpack_memberships_contains_paywalled_content":false,"_jetpack_memberships_contains_paid_content":false,"footnotes":""},"categories":[20],"tags":[306,307,59,2,26,31],"class_list":["post-461","post","type-post","status-publish","format-standard","has-post-thumbnail","hentry","category-breves","tag-cahiers-pedagogiques","tag-connexion","tag-innovation","tag-numerique","tag-pedagogie","tag-pratiques-des-jeunes"],"jetpack_featured_media_url":"https:\/\/www.culture-numerique.fr\/wp-content\/uploads\/2012\/10\/tumblr_mcrm9keSv01r0uc0h.jpg","jetpack_sharing_enabled":true,"_links":{"self":[{"href":"https:\/\/www.culture-numerique.fr\/index.php?rest_route=\/wp\/v2\/posts\/461","targetHints":{"allow":["GET"]}}],"collection":[{"href":"https:\/\/www.culture-numerique.fr\/index.php?rest_route=\/wp\/v2\/posts"}],"about":[{"href":"https:\/\/www.culture-numerique.fr\/index.php?rest_route=\/wp\/v2\/types\/post"}],"author":[{"embeddable":true,"href":"https:\/\/www.culture-numerique.fr\/index.php?rest_route=\/wp\/v2\/users\/1"}],"replies":[{"embeddable":true,"href":"https:\/\/www.culture-numerique.fr\/index.php?rest_route=%2Fwp%2Fv2%2Fcomments&post=461"}],"version-history":[{"count":7,"href":"https:\/\/www.culture-numerique.fr\/index.php?rest_route=\/wp\/v2\/posts\/461\/revisions"}],"predecessor-version":[{"id":1650,"href":"https:\/\/www.culture-numerique.fr\/index.php?rest_route=\/wp\/v2\/posts\/461\/revisions\/1650"}],"wp:featuredmedia":[{"embeddable":true,"href":"https:\/\/www.culture-numerique.fr\/index.php?rest_route=\/wp\/v2\/media\/1649"}],"wp:attachment":[{"href":"https:\/\/www.culture-numerique.fr\/index.php?rest_route=%2Fwp%2Fv2%2Fmedia&parent=461"}],"wp:term":[{"taxonomy":"category","embeddable":true,"href":"https:\/\/www.culture-numerique.fr\/index.php?rest_route=%2Fwp%2Fv2%2Fcategories&post=461"},{"taxonomy":"post_tag","embeddable":true,"href":"https:\/\/www.culture-numerique.fr\/index.php?rest_route=%2Fwp%2Fv2%2Ftags&post=461"}],"curies":[{"name":"wp","href":"https:\/\/api.w.org\/{rel}","templated":true}]}}