{"id":4582,"date":"2016-02-05T17:48:15","date_gmt":"2016-02-05T16:48:15","guid":{"rendered":"http:\/\/www.culture-numerique.fr\/?p=4582"},"modified":"2016-11-02T11:19:10","modified_gmt":"2016-11-02T10:19:10","slug":"la-classe-inversee-un-modele-a-suivre-pour-lecole-numerique-pas-certain","status":"publish","type":"post","link":"https:\/\/www.culture-numerique.fr\/?p=4582","title":{"rendered":"La classe invers\u00e9e, un mod\u00e8le \u00e0 suivre pour l&rsquo;\u00e9cole num\u00e9rique\u00a0? Pas certain\u2026"},"content":{"rendered":"<p><img loading=\"lazy\" decoding=\"async\" class=\"aligncenter size-full wp-image-4586\" src=\"http:\/\/www.culture-numerique.fr\/wp-content\/uploads\/2016\/01\/4486197291_d8a20382d2_b.jpg\" alt=\"Typo au plomb\" width=\"1024\" height=\"688\" srcset=\"https:\/\/www.culture-numerique.fr\/wp-content\/uploads\/2016\/01\/4486197291_d8a20382d2_b.jpg 1024w, https:\/\/www.culture-numerique.fr\/wp-content\/uploads\/2016\/01\/4486197291_d8a20382d2_b-300x202.jpg 300w, https:\/\/www.culture-numerique.fr\/wp-content\/uploads\/2016\/01\/4486197291_d8a20382d2_b-100x67.jpg 100w, https:\/\/www.culture-numerique.fr\/wp-content\/uploads\/2016\/01\/4486197291_d8a20382d2_b-150x101.jpg 150w, https:\/\/www.culture-numerique.fr\/wp-content\/uploads\/2016\/01\/4486197291_d8a20382d2_b-200x134.jpg 200w, https:\/\/www.culture-numerique.fr\/wp-content\/uploads\/2016\/01\/4486197291_d8a20382d2_b-450x302.jpg 450w, https:\/\/www.culture-numerique.fr\/wp-content\/uploads\/2016\/01\/4486197291_d8a20382d2_b-600x403.jpg 600w, https:\/\/www.culture-numerique.fr\/wp-content\/uploads\/2016\/01\/4486197291_d8a20382d2_b-900x605.jpg 900w\" sizes=\"auto, (max-width: 1024px) 100vw, 1024px\" \/><\/p>\n<p><strong>Les microcosmes \u00e9ducatifs ne bruissent\u00a0que de \u00e7a\u2026<\/strong> Apr\u00e8s les MOOC et les tablettes, la classe invers\u00e9e est, semble-t-il, au c\u0153ur de la r\u00e9flexion de tous ceux qui veulent bien se pr\u00e9occuper de faire avancer la p\u00e9dagogie et de la mettre en ad\u00e9quation avec son temps. \u00c9crivez un article avec, dans le titre, l&rsquo;expression \u00ab classe invers\u00e9e\u00a0\u00bb ou, mieux, \u00ab\u00a0flipped classroom\u00a0\u00bb qui fait tout de suite plus branch\u00e9 et vous\u00a0verrez votre notori\u00e9t\u00e9 en ligne atteindre des sommets. Pour tout vous dire en secret, ce billet n&rsquo;a d&rsquo;autre but que celui-l\u00e0\u2026<\/p>\n<h3>L&rsquo;\u00e9tat de l&rsquo;art<\/h3>\n<p>Faisons le point. Sans retourner trop en arri\u00e8re, se tient, \u00e0 l&rsquo;initiative de l&rsquo;ancienne directrice de <a href=\"http:\/\/www.education.gouv.fr\/cid77084\/direction-du-numerique-pour-l-education-dne.html\" target=\"_blank\">la DNE<\/a>, <a href=\"http:\/\/eduscol.education.fr\/pnf-lettres\/spip.php?article52\" target=\"_blank\">Catherine Becchetti-Bizot<\/a>, en marge des <a href=\"http:\/\/boussolesnumeriques.jimdo.com\/\" target=\"_blank\">derni\u00e8res \u00ab\u00a0Boussoles du num\u00e9rique\u00a0\u00bb<\/a> \u00e0 Bordeaux-Cenon, les 14 et 15 octobre derniers, <a href=\"http:\/\/eduscol.education.fr\/cid93177\/lancement-du-plan-exceptionnel-de-formation-au-numerique-les-14-15-octobre-2015-a-cenon-un-seminaire-consacre-a-la-transformation-des-pratiques-pedagogiques.html\" target=\"_blank\">un s\u00e9minaire exceptionnel\u00a0du Plan national de formation<\/a> intitul\u00e9 \u00ab\u00a0<em>Le num\u00e9rique : nouvelles mani\u00e8res\u00a0d\u2019apprendre, nouvelles mani\u00e8res d\u2019enseigner<\/em>\u00a0\u00bb. Au programme, du beau monde\u00a0: <a href=\"https:\/\/fr.wikipedia.org\/wiki\/Philippe_Meirieu\" target=\"_blank\">Philippe Meirieu<\/a>, <a href=\"https:\/\/fr.wikipedia.org\/wiki\/Andr%C3%A9_Tricot\" target=\"_blank\">Andr\u00e9 Tricot<\/a>, d&rsquo;autres encore\u2026 notamment de nombreux enseignants venus dire leur exp\u00e9rience de la classe invers\u00e9e.<\/p>\n<p>Sit\u00f4t\u00a0\u00ab\u00a0d\u00e9barqu\u00e9e\u00a0\u00bb de la DNE, l&rsquo;\u00e9t\u00e9 dernier, Catherine Becchetti-Bizot s&rsquo;est vue confier une mission d&rsquo;\u00e9tude\u00a0\u00ab\u00a0<em>des pratiques mobilisant des p\u00e9dagogies actives li\u00e9es \u00e0 l&rsquo;utilisation des outils et ressources num\u00e9riques<\/em>\u00a0\u00bb \u00e0 laquelle elle travaille d&rsquo;arrache-pied, parcourant la France pour y rencontrer les coll\u00e8gues qui pratiquent la classe invers\u00e9e.<\/p>\n<p><img loading=\"lazy\" decoding=\"async\" class=\"alignright size-medium wp-image-4612\" src=\"http:\/\/www.culture-numerique.fr\/wp-content\/uploads\/2016\/02\/2016-02-04_174422-300x266.png\" alt=\"CLISE 2016\" width=\"300\" height=\"266\" srcset=\"https:\/\/www.culture-numerique.fr\/wp-content\/uploads\/2016\/02\/2016-02-04_174422-300x266.png 300w, https:\/\/www.culture-numerique.fr\/wp-content\/uploads\/2016\/02\/2016-02-04_174422-100x89.png 100w, https:\/\/www.culture-numerique.fr\/wp-content\/uploads\/2016\/02\/2016-02-04_174422-150x133.png 150w, https:\/\/www.culture-numerique.fr\/wp-content\/uploads\/2016\/02\/2016-02-04_174422-200x178.png 200w, https:\/\/www.culture-numerique.fr\/wp-content\/uploads\/2016\/02\/2016-02-04_174422-450x399.png 450w, https:\/\/www.culture-numerique.fr\/wp-content\/uploads\/2016\/02\/2016-02-04_174422.png 578w\" sizes=\"auto, (max-width: 300px) 100vw, 300px\" \/><a href=\"http:\/\/www.laclasseinversee.com\/\" target=\"_blank\">Un site est d\u00e9di\u00e9<\/a> au sujet \u00e0 l&rsquo;initiative de l\u2019association \u00ab\u00a0<strong>Inversons la classe<\/strong>\u00a0\u00bb qui d\u00e9taille les \u00e9v\u00e9nements pass\u00e9s et \u00e0 venir, la semaine de la classe invers\u00e9e (<a href=\"http:\/\/www.laclasseinversee.com\/semaine-de-la-classe-inversee-clise\/\" target=\"_blank\">CLISE 2016<\/a>) qui a eu lieu du 25 au 29 janvier dernier et s&rsquo;est tenue sous le haut patronage de la ministre, puis, en juillet prochain, le congr\u00e8s de la classe invers\u00e9e (<a href=\"http:\/\/www.laclasseinversee.com\/clic-classe-inversee-le-congres\/\" target=\"_blank\">CLIC 2016<\/a>) qui suivra celui d\u00e9j\u00e0 organis\u00e9 en 2015. Un <a href=\"https:\/\/storify.com\/2vanssay\/seminaire-academique-clise-creteil\" target=\"_blank\">s\u00e9minaire<\/a> \u00e9tait organis\u00e9 dans l&rsquo;acad\u00e9mie de Cr\u00e9teil, \u00e0 Champigny-sur-Marne, en pr\u00e9sence de Catherine Becchetti-Bizot et de <a href=\"https:\/\/twitter.com\/mlebrun2\" target=\"_blank\">Marcel Lebrun<\/a>.<\/p>\n<p>Tout r\u00e9cemment, l&rsquo;\u00e9v\u00e9nement<a href=\"http:\/\/eidos64.fr\/programme-2016\/\" target=\"_blank\"> Eidos64<\/a> \u00e0 Bayonne, mentionn\u00e9 sur la carte ci-contre, qui proposait de r\u00e9fl\u00e9chir \u00e0 l&rsquo;excellent sujet \u00ab\u00a0<em>Former l&rsquo;Honn\u00eate homme 2.0, citoyen num\u00e9rique<\/em>\u00a0\u00bb, a demand\u00e9\u00a0\u00e0 de nombreux coll\u00e8gues d&rsquo;animer des ateliers sur le sujet.<\/p>\n<p><a href=\"http:\/\/www.cahiers-pedagogiques.com\/\" target=\"_blank\">Les <em>Cahiers p\u00e9dagogiques<\/em><\/a> consacrent <a href=\"http:\/\/www.cahiers-pedagogiques.com\/La-classe-inversee-Ils-en-sont-tout-retournes\" target=\"_blank\">un article<\/a> au sujet o\u00f9 <a href=\"https:\/\/twitter.com\/cjouneau\" target=\"_blank\">Caroline Jouneau-Sion<\/a> dit ses r\u00e9ussites mais aussi ses doutes\u00a0\u2014\u00a0j&rsquo;en reparlerai. Dans deux articles, <a href=\"https:\/\/www.reseau-canope.fr\/\" target=\"_blank\">Canop\u00e9<\/a> a demand\u00e9 \u00e0\u00a0<a href=\"https:\/\/www.usherbrooke.ca\/pedagogie\/notre-equipe\/ped\/nizet-isabelle\/\" target=\"_blank\">Isabelle Nizet<\/a> et <a href=\"http:\/\/chaire-unesco-formation.ens-lyon.fr\/+-Florian-Meyer-+\" target=\"_blank\">Florian Meyer<\/a>, deux enseignants-chercheurs qu\u00e9b\u00e9cois, ce que la classe invers\u00e9e pouvait apporter aux <a href=\"http:\/\/www.cndp.fr\/agence-usages-tice\/que-dit-la-recherche\/la-classe-inversee-que-peut-elle-apporter-aux-enseignants-79.htm\" target=\"_blank\">enseignants<\/a> et aux <a href=\"http:\/\/www.cndp.fr\/agence-usages-tice\/que-dit-la-recherche\/la-classe-inversee-que-peut-elle-apporter-aux-eleves-92.htm\" target=\"_blank\">\u00e9l\u00e8ves<\/a>. Canop\u00e9 a aussi\u00a0publi\u00e9 un ouvrage \u00ab\u00a0<em>Classes invers\u00e9es<\/em>\u00a0\u00bb\u00a0\u2014\u00a0notez le pluriel\u00a0\u2014 \u00e9crit par\u00a0<a href=\"http:\/\/www.uclouvain.be\/julie.lecoq\" target=\"_blank\">Julie Lecoq<\/a> et Marcel Lebrun, ouvrage dont il existe m\u00eame une version num\u00e9rique. \u00a0Le journal <em><a href=\"http:\/\/etudiant.aujourdhui.fr\/etudiant\/\" target=\"_blank\">Le Parisien \u00c9tudiant<\/a><\/em> a consacr\u00e9 r\u00e9cemment <a href=\"http:\/\/etudiant.aujourdhui.fr\/etudiant\/info\/la-classe-inversee-le-cours-a-la-maison-les-devoirs-a-l-ecole.html\" target=\"_blank\">un article<\/a>\u00a0\u00e0 propos de\u00a0la classe invers\u00e9e. Tout r\u00e9cemment encore, <a href=\"https:\/\/www.linkedin.com\/in\/patrick-jakobowski-b4492a72\" target=\"_blank\">Patrick Jakobowski<\/a> fait l&rsquo;\u00e9tat, dans <a href=\"http:\/\/www.educavox.fr\/formation\/les-ressources\/il-faut-renverser-la-classe-inversee\" target=\"_blank\">un article<\/a> sur <a href=\"http:\/\/www.educavox.fr\/\" target=\"_blank\">Educavox<\/a>, des ressources existantes sur le sujet.<\/p>\n<p>De son c\u00f4t\u00e9, dans <a href=\"http:\/\/www.dailymotion.com\/video\/x3oqn36_du-numerique-pour-enseigner-a-l-inversion-pedagogique-question-de-dosage_school\" target=\"_blank\">une vid\u00e9o<\/a> disponible en ligne, <a href=\"https:\/\/twitter.com\/brunodev\" target=\"_blank\">Bruno Devauchelle<\/a> exerce son regard critique puis partage une pr\u00e9sentation.<\/p>\n<iframe src='https:\/\/www.slideshare.net\/slideshow\/embed_code\/57918997' width='605' height='496' sandbox=\"allow-popups allow-scripts allow-same-origin allow-presentation\" allowfullscreen webkitallowfullscreen mozallowfullscreen><\/iframe>\n<p>Et, bien s\u00fbr, la classe invers\u00e9e est pr\u00e9sente sur <a href=\"https:\/\/fr.wikipedia.org\" target=\"_blank\">Wikip\u00e9dia<\/a> dans <a href=\"https:\/\/fr.wikipedia.org\/wiki\/Classe_invers%C3%A9e\" target=\"_blank\">un article<\/a> fort complet.<\/p>\n<p>Tous mentionnent, parmi ceux qui ont le plus, en Europe, r\u00e9fl\u00e9chi \u00e0 ce sujet, <strong>Marcel Lebrun<\/strong> dont j&rsquo;avais d\u00e9j\u00e0 mentionn\u00e9 la pr\u00e9sence \u00e0 la derni\u00e8re journ\u00e9e de <strong>CLISE 2016<\/strong>. Ce dernier pr\u00e9sente, par exemple, un diaporama fort complet intitul\u00e9 \u00ab\u00a0<em>Enseigner \u00e0 l\u2019envers, apprendre \u00e0 l\u2019endroit ou l\u2019inverse\u00a0?<\/em>\u00a0\u00bb dont il s&rsquo;est servi\u00a0il y a quelques mois \u00e0 l&rsquo;universit\u00e9 de Lorraine.<\/p>\n<iframe src='https:\/\/www.slideshare.net\/slideshow\/embed_code\/47140320' width='605' height='496' sandbox=\"allow-popups allow-scripts allow-same-origin allow-presentation\" allowfullscreen webkitallowfullscreen mozallowfullscreen><\/iframe>\n<h3>Les interrogations, les doutes<\/h3>\n<p>Vous le savez maintenant, je passe pas mal de temps, \u00e7\u00e0 et l\u00e0, dans des colloques sur le sujet du num\u00e9rique \u00e9ducatif et j&rsquo;y rencontre pas mal de monde. J&rsquo;avais d\u00e9j\u00e0 eu l&rsquo;occasion d&rsquo;y croiser nombre de ceux, professeurs d&rsquo;\u00e9cole, de coll\u00e8ge, de lyc\u00e9e ou m\u00eame de l&rsquo;enseignement sup\u00e9rieur, qui mettaient en \u0153uvre cette p\u00e9dagogie invers\u00e9e. Je ne citerai pas ici tous leurs noms tant ils sont nombreux. J&rsquo;aurais trop peur d&rsquo;en oublier. Qu&rsquo;ils me pardonnent\u00a0! Tous ces coll\u00e8gues, je le sais, ont <strong>les yeux qui brillent<\/strong> et, je n&rsquo;en doute pas une seconde, ont l&rsquo;innovation chevill\u00e9e au corps. Leur travail est admirable et leur enthousiasme fait plaisir \u00e0 voir.<\/p>\n<p>Mais je n&rsquo;avais pas vraiment pris le temps de m&rsquo;int\u00e9resser \u00e0 tout cela. Dans ces m\u00eames rencontres, j&rsquo;ai eu aussi l&rsquo;occasion de retrouver d&rsquo;autres coll\u00e8gues particuli\u00e8rement brillants et dont j&rsquo;estime la hauteur de la r\u00e9flexion sur la transformation num\u00e9rique de l&rsquo;\u00e9cole. Ils m&rsquo;ont fait part, \u00e0 propos de la classe invers\u00e9e, de <strong>leurs doutes voire de leur agacement<\/strong> \u00e0 voir ce sujet tant valoris\u00e9\u2026 au d\u00e9triment parfois d&rsquo;autres probl\u00e9matiques qui leur semblaient plus centrales. Vous ne saurez pas leurs noms, ils se reconna\u00eetront.<\/p>\n<p>J&rsquo;en \u00e9tais l\u00e0 de ma r\u00e9flexion quand, l&rsquo;autre jour, est arriv\u00e9 Marcel Lebrun sur Twitter avec ce tweet qui m&rsquo;a laiss\u00e9 pantois :<\/p>\n<blockquote class=\"twitter-tweet\" data-width=\"550\" data-dnt=\"true\">\n<p lang=\"fr\" dir=\"ltr\">Pour qu&#39;une initiative pionni\u00e8re soit qualifi\u00e9e d&#39;innovation, faut qu&#39;elle percole dans le syst\u00e8me. C&#39;est le cas des <a href=\"https:\/\/twitter.com\/hashtag\/classeinversee?src=hash&amp;ref_src=twsrc%5Etfw\">#classeinversee<\/a>, non ?<\/p>\n<p>&mdash; Marcel Lebrun (@mlebrun2) <a href=\"https:\/\/twitter.com\/mlebrun2\/status\/693489093641113600?ref_src=twsrc%5Etfw\">January 30, 2016<\/a><\/p><\/blockquote>\n<p><script async src=\"https:\/\/platform.twitter.com\/widgets.js\" charset=\"utf-8\"><\/script><\/p>\n<p>J&rsquo;ai alors interrog\u00e9, ce qui m&rsquo;a valu une r\u00e9ponse en retour.<\/p>\n<blockquote class=\"twitter-tweet\" data-width=\"550\" data-dnt=\"true\">\n<p lang=\"fr\" dir=\"ltr\"><a href=\"https:\/\/twitter.com\/michelguillou?ref_src=twsrc%5Etfw\">@michelguillou<\/a> Pour moi non, red\u00e9couverte des p\u00e9dagogies actives et r\u00e9gression par rapport \u00e0 la question de la transmission du savoir.<\/p>\n<p>&mdash; C\u00e9cile Morzadec (@CMorzadec) <a href=\"https:\/\/twitter.com\/CMorzadec\/status\/693491626950402048?ref_src=twsrc%5Etfw\">January 30, 2016<\/a><\/p><\/blockquote>\n<p><script async src=\"https:\/\/platform.twitter.com\/widgets.js\" charset=\"utf-8\"><\/script><\/p>\n<h3>Red\u00e9couverte des p<strong>\u00e9dagogies actives ?<\/strong><\/h3>\n<p>C\u00e9cile Morzadec a \u00e9videmment raison. Il n&rsquo;y a strictement rien de neuf \u00e0 pratiquer des p\u00e9dagogies actives, qui assignent\u00a0un autre r\u00f4le \u00e0 l&rsquo;\u00e9l\u00e8ve, une place diff\u00e9rente dans la classe et combattent l&rsquo;ennui et l&rsquo;inattention. Comment ne pas penser d&#8217;embl\u00e9e \u00e0 <a href=\"https:\/\/fr.wikipedia.org\/wiki\/C%C3%A9lestin_Freinet\" target=\"_blank\">C\u00e9lestin Freinet<\/a> qui, au d\u00e9but du si\u00e8cle pr\u00e9c\u00e9dent, a boulevers\u00e9 les pratiques p\u00e9dagogiques avec les techniques qui lui sont propres et qui ont ouvert la voie aux progr\u00e8s r\u00e9cents de <strong>la coop\u00e9ration, de la d\u00e9mocratie scolaire et de l&rsquo;exercice de la libert\u00e9 d&rsquo;expression<\/strong>, dont on dit aujourd&rsquo;hui, \u00e0 propos de cette derni\u00e8re, qu&rsquo;il est indispensable de l&rsquo;enseigner, sans d&rsquo;ailleurs v\u00e9ritablement se donner les moyens de le faire\u00a0?<\/p>\n<p>La plupart des valeurs scolaires que Freinet souhaitait promouvoir, qu&rsquo;il appelait invariants, mettaient l&rsquo;\u00e9l\u00e8ve en situation d&rsquo;acteur de ses apprentissages et de producteur d&rsquo;information. La d\u00e9marche exp\u00e9rimentale, qui fut au c\u0153ur plus tard de\u00a0la p\u00e9dagogie mise en \u0153uvre dans les disciplines scientifiques, a largement \u00e9t\u00e9 promue par Freinet et ses \u00e9mules.<\/p>\n<p>C\u00e9lestin Freinet est loin d&rsquo;\u00eatre le seul \u00e0 avoir pratiqu\u00e9 ce qu&rsquo;on appelle aujourd&rsquo;hui les \u00ab\u00a0p\u00e9dagogies actives\u00a0\u00bb, toutes m\u00e9thodes qui consistent, pour l&rsquo;essentiel, \u00e0 <strong>apprendre ensemble par l&rsquo;exp\u00e9rience<\/strong>. Elles sont en effet tr\u00e8s pr\u00e9sentes aujourd&rsquo;hui dans la plupart des disciplines, \u00e0 tous les niveaux, en particulier pour permettre d&rsquo;acqu\u00e9rir les connaissances et les comp\u00e9tences du socle.<\/p>\n<p>Le deuxi\u00e8me temps que pr\u00e9voit la classe invers\u00e9e, en classe, avec le ma\u00eetre, <strong>ne pr\u00e9sente\u00a0donc ni nouveaut\u00e9 ni originalit\u00e9<\/strong>.<\/p>\n<p>Plus ennuyeux et plus grave, \u00e0 mon avis, il ne semble pas, <em>a priori<\/em>, pr\u00e9senter les\u00a0caract\u00e9ristiques propres d&rsquo;une p\u00e9dagogie qui s&rsquo;inspirerait, pour ses modalit\u00e9s, de ce que propose et promeut la culture num\u00e9rique. Ainsi, je n&rsquo;ai pas l&rsquo;impression que la collaboration, la co-construction pair \u00e0 pair, la publication en ligne, la construction d&rsquo;une identit\u00e9 num\u00e9rique, l&rsquo;acquisition d&rsquo;une citoyennet\u00e9 soient au c\u0153ur de la r\u00e9flexion de ceux qui pratiquent la classe invers\u00e9e.<\/p>\n<h3><strong>R\u00e9gression par rapport \u00e0 la transmission ?<\/strong><\/h3>\n<p>Cette question concerne \u00e9videmment le premier temps de la classe invers\u00e9e, celui qui, au lieu de s&rsquo;op\u00e9rer en classe, va s&rsquo;op\u00e9rer ailleurs, \u00e0 la maison de mani\u00e8re conventionnelle. Entendez par cet adjectif qu&rsquo;un ma\u00eetre va, comme on faisait au si\u00e8cle dernier, dire et montrer un certain nombre de choses, des informations, que l&rsquo;\u00e9l\u00e8ve va devoir s&rsquo;approprier et pourra \u00e9ventuellement restituer ou utiliser en classe.<\/p>\n<p>Il existe un certain nombre de diff\u00e9rences entre ce discours port\u00e9 le plus souvent par des capsules vid\u00e9os que l&rsquo;\u00e9l\u00e8ve regardera chez soi et le cours magistral en classe.<\/p>\n<p>En classe, le ma\u00eetre va \u00e0 son rythme et surtout \u00e0 celui de la classe, non dans son int\u00e9gralit\u00e9 mais, si possible, dans sa diversit\u00e9. Il s&rsquo;arr\u00eatera si un \u00e9l\u00e8ve montre physiquement ou dit qu&rsquo;il ne comprend pas, il reprendra son explication ou en changera les mots pour mieux se faire comprendre. Il ajoutera aux documents utilis\u00e9s sa gestuelle propre et adapt\u00e9e. C&rsquo;est \u00e9videmment impossible \u00e0 faire chez soi, sauf \u00e0 recommencer ou \u00e0 r\u00e9\u00e9couter le discours enregistr\u00e9 ou encore \u00e0 demander des explications autour de soi \u00e0 des parents\u2026 pas toujours disponibles. La pr\u00e9sence en classe du ma\u00eetre et des camarades est fondamentale. Dans ce microcosme d&rsquo;apprentissage, la parole magistrale peut s&rsquo;enrichir des commentaires des pairs. En \u00e9voquant la transmission en ligne, Caroline Jouneau-Sion<a href=\"http:\/\/www.cahiers-pedagogiques.com\/La-classe-inversee-Ils-en-sont-tout-retournes\" target=\"_blank\"> commente<\/a>\u00a0: \u00ab\u00a0<span style=\"color: #800000;\"><em>Cette fa\u00e7on de transmettre le contenu du cours ne convient pas aux \u00e9l\u00e8ves qui ont une m\u00e9moire auditive ou visuelle car le cours n\u2019est pas mis en sc\u00e8ne<\/em><\/span>\u00a0\u00bb. Il ne reste plus grand monde, alors !<\/p>\n<p>Mais restons sur la transmission. Aujourd&rsquo;hui, avec le num\u00e9rique, les informations sont partout, diffuses, consid\u00e9rables. La mission de l&rsquo;\u00e9cole est donc moins de diffuser, dans un canal unique, la capsule vid\u00e9o, un discours format\u00e9 et d\u00e9connect\u00e9 que d&rsquo;<strong>accompagner l&rsquo;\u00e9l\u00e8ve dans l&rsquo;appropriation personnelle ou collective de ces informations<\/strong>, en les triant et en faisant un choix raisonn\u00e9, de les consolider pour en faire des connaissances, de construire avec ces derni\u00e8res des savoirs.<\/p>\n<p><strong>De ce point de vue, oui, il s&rsquo;agit d&rsquo;une r\u00e9gression significative.<\/strong><\/p>\n<p>J&rsquo;ai eu l&rsquo;occasion\u00a0\u2014\u00a0je vous recommande de le faire aussi\u00a0\u2014 de visionner en ligne certaines de ces capsules vid\u00e9os \u00e9labor\u00e9es par divers professeurs, dans diverses disciplines. Bien entendu, il n&rsquo;existe pas un seul mod\u00e8le de capsule \u2014 certaines sont d&rsquo;une grande qualit\u00e9\u00a0\u2014 mais des tendances se d\u00e9gagent pourtant qui m&rsquo;ont beaucoup \u00e9tonn\u00e9. Tr\u00e8s souvent, les objectifs d&rsquo;apprentissage ne sont pas formul\u00e9s de mani\u00e8re explicite. C&rsquo;est d&rsquo;autant plus \u00e9tonnant que je ne doute pas qu&rsquo;ils le soient effectivement, en classe. Tr\u00e8s souvent encore, le discours tenu est monocorde, inaudible et le vocabulaire\u00a0utilis\u00e9 est complexe et savant, d&rsquo;une densit\u00e9 telle qu&rsquo;il outrepasse les facult\u00e9s de compr\u00e9hension des \u00e9l\u00e8ves. Sans doute un malheureux effet de l&rsquo;exposition universelle\u00a0! Enfin, le discours s&rsquo;accompagne g\u00e9n\u00e9ralement de documents peu visibles, parfois issus de manuels ou de leurs versions num\u00e9riques, dont le commentaire strictement lin\u00e9aire devient pesant et plus ennuyeux encore.<\/p>\n<p>Si, comme le dit C\u00e9lestin Freinet en le posant comme invariant, \u00ab <span style=\"color: #800000;\"><em>l&rsquo;enfant n&rsquo;aime pas \u00e9couter une le\u00e7on<\/em> ex cathedra<\/span>\u00a0\u00bb, il n&rsquo;aimera certes pas plus regarder ou \u00e9couter une le\u00e7on en ligne de cette pi\u00e8tre qualit\u00e9-l\u00e0.<\/p>\n<p>Enfin, d&rsquo;une mani\u00e8re \u00e9vidente, si l&rsquo;on parle de num\u00e9rique \u00e0 propos du dispositif de classe invers\u00e9e, ce n&rsquo;est que pour la raison\u00a0que la\u00a0premi\u00e8re phase de ce dispositif p\u00e9dagogique met en \u0153uvre une s\u00e9quence vid\u00e9o num\u00e9rique. <strong>C&rsquo;est peu, beaucoup trop peu<\/strong>. On est tr\u00e8s tr\u00e8s loin de l&rsquo;\u00e9cole num\u00e9rique et des pratiques personnelles des \u00e9l\u00e8ves, de leur mani\u00e8re habituelle de s&rsquo;informer et de partager.<\/p>\n<h3><strong>Vous avez dit \u00ab\u00a0in\u00e9galit\u00e9\u00a0\u00bb ?<\/strong><\/h3>\n<p>Je n&rsquo;aime pas \u00e9voquer, <em>a priori<\/em>, \u00e0 propos d&rsquo;un dispositif ou d&rsquo;un engagement \u00e9ducatif ou p\u00e9dagogique, la question des in\u00e9galit\u00e9s. En effet, ce questionnement est trop souvent avanc\u00e9 pour procrastiner ou ne pas avancer du tout, de telle mani\u00e8re que l&rsquo;on ne puisse enfin se poser la question de les r\u00e9soudre.<\/p>\n<p>Mais l\u00e0, les in\u00e9galit\u00e9s sont trop criantes. Loin de les aplanir, la classe invers\u00e9e semble s&rsquo;acharner \u00e0 les renforcer, m\u00eame si ce probl\u00e8me est, fort heureusement, mentionn\u00e9 dans tous les ouvrages ou documents de r\u00e9f\u00e9rence qui traitent de ce sujet. <strong>Tout le monde semble en avoir conscience<\/strong>.<\/p>\n<p>En effet, m\u00eame si c&rsquo;est parfois compliqu\u00e9, il est possible de g\u00e9rer et d&rsquo;aplanir les in\u00e9galit\u00e9s \u00e9mergentes en classe. Pr\u00eater, par exemple, tel ou tel mat\u00e9riel \u00e0 un \u00e9l\u00e8ve, lui prodiguer un accompagnement personnalis\u00e9, anticiper ses difficult\u00e9s d\u00e9j\u00e0 connues, lui proposer un parcours d&rsquo;apprentissage qui lui convienne mieux sont des adaptations r\u00e9alistes. Mais comment faire quand ces difficult\u00e9s propres, ces in\u00e9galit\u00e9s fonctionnelles ou sociales apparaissent \u00e0 la maison\u00a0? Comment faire quand l&rsquo;unique ordinateur familial est d\u00e9j\u00e0 occup\u00e9\u00a0? Comment faire quand la pi\u00e8ce o\u00f9 s&rsquo;en servir est pollu\u00e9e par les rires et les cris des fr\u00e8res et s\u0153urs, interdisant de fait de se concentrer\u00a0? Comment faire, m\u00eame si c&rsquo;est rare, pour permettre \u00e0 un \u00e9l\u00e8ve d&rsquo;acc\u00e9der \u00e0 ces capsules s&rsquo;il ne peut le faire au domicile personnel\u00a0? Comment faire si l&rsquo;\u00e9l\u00e8ve ne comprend pas et qu&rsquo;il n&rsquo;y a pas un adulte pr\u00e8s de lui disponible pour l&rsquo;aider\u00a0? Comment faire comprendre aux parents que ce temps suppl\u00e9mentaire pass\u00e9 devant l&rsquo;\u00e9cran est un moment d&rsquo;apprentissage qui doit \u00eatre pr\u00e9serv\u00e9 et soutenu\u00a0? La question de la motivation est centrale\u00a0: comment faire pour motiver tous les \u00e9l\u00e8ves\u00a0?<\/p>\n<p>Enfin, comment faire si les \u00e9l\u00e8ves n&rsquo;ont pas encore acquis les\u00a0comp\u00e9tences minimales qui leur permettent <strong>une d\u00e9marche personnelle autonome<\/strong>\u00a0? Il va de soi que tout est, de ce point de vue et, de mani\u00e8re g\u00e9n\u00e9rale, beaucoup plus simple avec les grands. Si la classe invers\u00e9e fonctionne \u00e0 peu pr\u00e8s correctement avec des \u00e9tudiants, elle est beaucoup plus difficile \u00e0 mettre en \u0153uvre en coll\u00e8ge ou en lyc\u00e9e professionnel ou plus t\u00f4t encore.<\/p>\n<h3>Alors, la classe invers\u00e9e, un mod\u00e8le \u00e0 suivre pour l&rsquo;\u00e9cole num\u00e9rique\u00a0?<\/h3>\n<p>Pas certain, r\u00e9pondais-je en titre, anticipant ainsi cette conclusion.<\/p>\n<blockquote><p>\u00ab\u00a0Les choses les plus innovantes et qui favorisent la transformation sont en chair et en os. Il est bien probable que l\u2019outil le plus innovant sur la plan\u00e8te est un enseignant innovant, pr\u00e9c\u00e9d\u00e9 peut-\u00eatre par un \u00e9l\u00e8ve engag\u00e9 et innovant (quoique que celui-ci soit malheureusement tributaire du premier).\u00a0\u00bb<\/p><\/blockquote>\n<p><a href=\"http:\/\/www.educavox.fr\/alaune\/les-sept-outils-de-l-innovation-et-ce-n-est-pas-ce-que-vous-pensez\" target=\"_blank\">Ces propos<\/a> de <a href=\"https:\/\/twitter.com\/zecool\" target=\"_blank\">Jacques Cool<\/a> disent assez bien mon sentiment \u00e0 ce sujet. <strong>Non, la classe invers\u00e9e n&rsquo;est pas un dispositif original, innovant ou pionnier<\/strong>. Non, la classe invers\u00e9e ne fait pas avancer sensiblement l&rsquo;\u00e9cole num\u00e9rique. Elle peut n\u00e9anmoins contribuer \u00e0 faire progresser la p\u00e9dagogie et les apprentissages en prenant beaucoup de pr\u00e9cautions. Isabelle Nizet\u00a0et\u00a0Florian Meyer \u00e9noncent ainsi, dans <a href=\"http:\/\/www.cndp.fr\/agence-usages-tice\/que-dit-la-recherche\/la-classe-inversee-que-peut-elle-apporter-aux-eleves-92.htm\" target=\"_blank\">un document en ligne<\/a>, quatre conditions tr\u00e8s d\u00e9taill\u00e9es indispensables \u00e0 leurs yeux pour permettre la r\u00e9ussite. Elles concernent la posture de l&rsquo;enseignant, sa d\u00e9cision de pratiquer une p\u00e9dagogie centr\u00e9e sur l&rsquo;\u00e9l\u00e8ve, les conditions d\u2019enseignement et d\u2019apprentissage, la qualit\u00e9 de l\u2019environnement technop\u00e9dagogique \u2014\u00a0que je n&rsquo;aime pas ce mot\u00a0!\u00a0\u2014, la n\u00e9cessit\u00e9 enfin de\u00a0personnaliser l\u2019approche en fonction des besoins des \u00e9l\u00e8ves. Puis ils concluent\u00a0:<\/p>\n<blockquote><p>\u00ab\u00a0Les limites de la classe traditionnelle encouragent les enseignants et les \u00e9l\u00e8ves \u00e0 exp\u00e9rimenter un changement de r\u00f4le dans la classe invers\u00e9e, mais tous n\u2019y sont pas pr\u00eats. L\u2019autonomie cognitive des \u00e9l\u00e8ves devient un enjeu essentiel de formation dans une soci\u00e9t\u00e9 du savoir, mais cette autonomie cognitive doit, elle aussi, faire l\u2019objet d\u2019un apprentissage.\u00a0\u00bb<\/p><\/blockquote>\n<p>Peu importent les dispositifs, finalement\u00a0! Comme le dit Jacques Cool, <strong>l&rsquo;innovation est \u00e0 chercher du c\u00f4t\u00e9 de ceux qui mobilisent leur enthousiasme et leur courage<\/strong>, qui donnent de leur temps et de leur personne pour la mettre en \u0153uvre, comme pour conqu\u00e9rir la n\u00e9cessaire culture num\u00e9rique.<\/p>\n<p>De ce point de vue-l\u00e0, je sais o\u00f9 se trouvent les yeux qui brillent\u2026 et ne doute pas de la r\u00e9ussite de celles et de ceux qui les montrent.<\/p>\n<p>Michel Guillou\u00a0<a href=\"https:\/\/twitter.com\/michelguillou\" target=\"_blank\">@michelguillou<\/a><\/p>\n<p><a href=\"http:\/\/creativecommons.org\/licenses\/by-nc-sa\/2.0\/fr\/\" target=\"_blank\"><img loading=\"lazy\" decoding=\"async\" src=\"http:\/\/i.creativecommons.org\/l\/by-nc-sa\/2.0\/fr\/80x15.png\" alt=\"image\" width=\"80\" height=\"15\" data-pin-nopin=\"true\" \/><\/a><\/p>\n<p>Cr\u00e9dit photo\u00a0: via <a href=\"https:\/\/www.flickr.com\/photos\/zigazou76\/4486197291\" target=\"_blank\">Flickr<\/a>\u00a0en licence <a href=\"https:\/\/creativecommons.org\/licenses\/by\/2.0\/\" target=\"_blank\">CC<\/a><\/p>\n","protected":false},"excerpt":{"rendered":"<p><img loading=\"lazy\" decoding=\"async\" class=\"aligncenter size-full wp-image-4586\" src=\"http:\/\/www.culture-numerique.fr\/wp-content\/uploads\/2016\/01\/4486197291_d8a20382d2_b.jpg\" alt=\"Typo au plomb\" width=\"1024\" height=\"688\" srcset=\"https:\/\/www.culture-numerique.fr\/wp-content\/uploads\/2016\/01\/4486197291_d8a20382d2_b.jpg 1024w, https:\/\/www.culture-numerique.fr\/wp-content\/uploads\/2016\/01\/4486197291_d8a20382d2_b-300x202.jpg 300w, https:\/\/www.culture-numerique.fr\/wp-content\/uploads\/2016\/01\/4486197291_d8a20382d2_b-100x67.jpg 100w, https:\/\/www.culture-numerique.fr\/wp-content\/uploads\/2016\/01\/4486197291_d8a20382d2_b-150x101.jpg 150w, https:\/\/www.culture-numerique.fr\/wp-content\/uploads\/2016\/01\/4486197291_d8a20382d2_b-200x134.jpg 200w, https:\/\/www.culture-numerique.fr\/wp-content\/uploads\/2016\/01\/4486197291_d8a20382d2_b-450x302.jpg 450w, https:\/\/www.culture-numerique.fr\/wp-content\/uploads\/2016\/01\/4486197291_d8a20382d2_b-600x403.jpg 600w, https:\/\/www.culture-numerique.fr\/wp-content\/uploads\/2016\/01\/4486197291_d8a20382d2_b-900x605.jpg 900w\" sizes=\"auto, (max-width: 1024px) 100vw, 1024px\" \/><\/p>\n<p><strong>Les microcosmes \u00e9ducatifs ne bruissent\u00a0que de \u00e7a\u2026<\/strong> Apr\u00e8s les MOOC et les tablettes, la classe invers\u00e9e est, semble-t-il, au c\u0153ur de la r\u00e9flexion de tous ceux qui veulent bien se pr\u00e9occuper de faire avancer la p\u00e9dagogie et de la mettre en ad\u00e9quation avec son temps.<\/p>\n<p><span class=\"ellipsis\">&hellip;<\/span><\/p>\n<div class=\"read-more\"><a href=\"https:\/\/www.culture-numerique.fr\/?p=4582\">Lire la suite &#8250;<\/a><\/div>\n<p><!-- end of .read-more --><\/p>\n","protected":false},"author":1,"featured_media":4586,"comment_status":"open","ping_status":"open","sticky":false,"template":"","format":"standard","meta":{"jetpack_post_was_ever_published":false,"_jetpack_newsletter_access":"","_jetpack_dont_email_post_to_subs":true,"_jetpack_newsletter_tier_id":0,"_jetpack_memberships_contains_paywalled_content":false,"_jetpack_memberships_contains_paid_content":false,"footnotes":""},"categories":[9],"tags":[399,704,62,233,52,425,66,703,59,706,13,705,702,151],"class_list":["post-4582","post","type-post","status-publish","format-standard","has-post-thumbnail","hentry","category-billets-dhumeur","tag-catherine-becchetti-bizot","tag-celestin-freinet","tag-classe-inversee","tag-cooperation","tag-culture-numerique","tag-democratie-scolaire","tag-ecole-numerique","tag-inegalites","tag-innovation","tag-jacques-cool","tag-liberte-dexpression","tag-marcel-lebrun","tag-pedagogie-active","tag-transmission"],"jetpack_featured_media_url":"https:\/\/www.culture-numerique.fr\/wp-content\/uploads\/2016\/01\/4486197291_d8a20382d2_b.jpg","jetpack_sharing_enabled":true,"_links":{"self":[{"href":"https:\/\/www.culture-numerique.fr\/index.php?rest_route=\/wp\/v2\/posts\/4582","targetHints":{"allow":["GET"]}}],"collection":[{"href":"https:\/\/www.culture-numerique.fr\/index.php?rest_route=\/wp\/v2\/posts"}],"about":[{"href":"https:\/\/www.culture-numerique.fr\/index.php?rest_route=\/wp\/v2\/types\/post"}],"author":[{"embeddable":true,"href":"https:\/\/www.culture-numerique.fr\/index.php?rest_route=\/wp\/v2\/users\/1"}],"replies":[{"embeddable":true,"href":"https:\/\/www.culture-numerique.fr\/index.php?rest_route=%2Fwp%2Fv2%2Fcomments&post=4582"}],"version-history":[{"count":48,"href":"https:\/\/www.culture-numerique.fr\/index.php?rest_route=\/wp\/v2\/posts\/4582\/revisions"}],"predecessor-version":[{"id":5548,"href":"https:\/\/www.culture-numerique.fr\/index.php?rest_route=\/wp\/v2\/posts\/4582\/revisions\/5548"}],"wp:featuredmedia":[{"embeddable":true,"href":"https:\/\/www.culture-numerique.fr\/index.php?rest_route=\/wp\/v2\/media\/4586"}],"wp:attachment":[{"href":"https:\/\/www.culture-numerique.fr\/index.php?rest_route=%2Fwp%2Fv2%2Fmedia&parent=4582"}],"wp:term":[{"taxonomy":"category","embeddable":true,"href":"https:\/\/www.culture-numerique.fr\/index.php?rest_route=%2Fwp%2Fv2%2Fcategories&post=4582"},{"taxonomy":"post_tag","embeddable":true,"href":"https:\/\/www.culture-numerique.fr\/index.php?rest_route=%2Fwp%2Fv2%2Ftags&post=4582"}],"curies":[{"name":"wp","href":"https:\/\/api.w.org\/{rel}","templated":true}]}}