{"id":4542,"date":"2016-01-19T10:24:30","date_gmt":"2016-01-19T09:24:30","guid":{"rendered":"http:\/\/www.culture-numerique.fr\/?p=4542"},"modified":"2016-01-19T21:45:25","modified_gmt":"2016-01-19T20:45:25","slug":"parler-doutillage-numerique-ne-peut-faire-de-mal-a-personne-et-surtout-pas-a-leducation","status":"publish","type":"post","link":"https:\/\/www.culture-numerique.fr\/?p=4542","title":{"rendered":"Parler d&rsquo;outillage num\u00e9rique ne peut faire de mal \u00e0 personne, et surtout pas \u00e0 l&rsquo;\u00e9ducation"},"content":{"rendered":"<p><img loading=\"lazy\" decoding=\"async\" class=\"aligncenter size-full wp-image-4543\" src=\"http:\/\/www.culture-numerique.fr\/wp-content\/uploads\/2016\/01\/ratchet-box-587301_1280.jpg\" alt=\"Outillage\" width=\"1280\" height=\"700\" srcset=\"https:\/\/www.culture-numerique.fr\/wp-content\/uploads\/2016\/01\/ratchet-box-587301_1280.jpg 1280w, https:\/\/www.culture-numerique.fr\/wp-content\/uploads\/2016\/01\/ratchet-box-587301_1280-300x164.jpg 300w, https:\/\/www.culture-numerique.fr\/wp-content\/uploads\/2016\/01\/ratchet-box-587301_1280-1024x560.jpg 1024w, https:\/\/www.culture-numerique.fr\/wp-content\/uploads\/2016\/01\/ratchet-box-587301_1280-100x55.jpg 100w, https:\/\/www.culture-numerique.fr\/wp-content\/uploads\/2016\/01\/ratchet-box-587301_1280-150x82.jpg 150w, https:\/\/www.culture-numerique.fr\/wp-content\/uploads\/2016\/01\/ratchet-box-587301_1280-200x109.jpg 200w, https:\/\/www.culture-numerique.fr\/wp-content\/uploads\/2016\/01\/ratchet-box-587301_1280-450x246.jpg 450w, https:\/\/www.culture-numerique.fr\/wp-content\/uploads\/2016\/01\/ratchet-box-587301_1280-600x328.jpg 600w, https:\/\/www.culture-numerique.fr\/wp-content\/uploads\/2016\/01\/ratchet-box-587301_1280-900x492.jpg 900w\" sizes=\"auto, (max-width: 1280px) 100vw, 1280px\" \/><\/p>\n<p><strong>Avertissement liminaire au lecteur<\/strong>\u00a0: les consid\u00e9rations qui vont suivre n&rsquo;ont pas grand chose \u00e0 voir avec le num\u00e9rique \u00e9ducatif et la n\u00e9cessaire transformation num\u00e9rique de l&rsquo;\u00e9cole\u00a0!\u00a0S&rsquo;il est bien une question qui prend beaucoup de place dans les m\u00e9dias et donc dans les conversations en salle des professeurs, y compris ce dimanche matin m\u00eame sur Twitter, c&rsquo;est celle de l&rsquo;outillage, des machines, peu importe le nom qu&rsquo;on leur donne\u2026 et de <strong>ce qu&rsquo;on peut bien en faire en classe<\/strong>. Dans les m\u00e9dias en particulier, comme sous la plume de certains cadres de l&rsquo;institution habilement convaincus par les lobbys, on se gargarise\u00a0volontiers aussi des\u00a0sempiternels et stupides syllogismes sur l&rsquo;apprentissage du codage, d&rsquo;o\u00f9 le \u00ab\u00a0quoi\u00a0\u00bb est toujours absent de la question (coder quoi\u00a0?)\u00a0ce qui donne une vague id\u00e9e de la vacuit\u00e9 de la r\u00e9flexion p\u00e9dagogique \u00e0 ce sujet.<\/p>\n<p>C&rsquo;est \u00e0 peu pr\u00e8s\u00a0la m\u00eame chose \u00e0 propos des mat\u00e9riels. Discourir \u00e0 leur sujet\u00a0permet d&rsquo;\u00e9viter de parler de ce qui peut f\u00e2cher, les changements de postures et des modalit\u00e9s de l&rsquo;enseignement. Cela dit, il faut bien tenir compte du fait que, depuis des lustres num\u00e9riques, ce qui correspond \u00e0 un peu plus de deux d\u00e9cennies, l&rsquo;\u00c9tat et surtout les collectivit\u00e9s territoriales \u00e9quipent plus ou moins bien les \u00e9coles, coll\u00e8ges et lyc\u00e9es de ce pays de mat\u00e9riels divers et h\u00e9t\u00e9roclites.<\/p>\n<p><strong>Quelques consid\u00e9rations g\u00e9n\u00e9rales pour commencer<\/strong>\u00a0: ce qui caract\u00e9rise ces machines, c&rsquo;est qu&rsquo;elles ne correspondent pas le plus souvent aux besoins des enseignants, qu&rsquo;elles finissent parfois dans des placards, qu&rsquo;elles sont peu ou mal entretenues et maintenues, qu&rsquo;elles sont rarement administr\u00e9es, qu&rsquo;elles sont parfois incompatibles entre elles, qu&rsquo;elles sont g\u00e9n\u00e9ralement mal connect\u00e9es entre elles et \u00e0 l&rsquo;Internet\u2026 Faut-il en dire davantage\u00a0? Le risque de tels prol\u00e9gom\u00e8nes, c&rsquo;est de g\u00e9n\u00e9raliser ce qui peut sembler exceptionnel. <strong>Ce n&rsquo;est pas le cas<\/strong>, l&rsquo;exception, il faut la chercher dans l&rsquo;ad\u00e9quation aux besoins, le bon entretien, la bonne maintenance, la bonne administration, la compatibilit\u00e9 et la bonne connectivit\u00e9.<\/p>\n<p>On aurait pu penser aussi, par exemple, que les lois de d\u00e9centralisation, en confiant la gestion des \u00e9tablissements aux collectivit\u00e9s locales, auraient pu permettre une plus grande ad\u00e9quation des \u00e9quipements aux besoins locaux des \u00e9quipes p\u00e9dagogiques et une plus grande rigueur dans les choix effectu\u00e9s. <strong>On aurait pu penser\u2026 en effet<\/strong>. Mais ce ne fut et ce n&rsquo;est pas le cas, tant les d\u00e9cideurs de ces collectivit\u00e9s, mal conseill\u00e9s, ont montr\u00e9 et montrent encore une extr\u00eame\u00a0sensibilit\u00e9 aux lobbys commerciaux, si agiles et convaincants sur ces terrains-l\u00e0.<\/p>\n<p>Ah, encore une chose est certaine\u00a0: tous ces mat\u00e9riels, c\u00e2blages actifs et passifs, serveurs, ordinateurs, tablettes, imprimantes, tableaux num\u00e9riques, vid\u00e9oprojecteurs, p\u00e9riph\u00e9riques divers, sortent des inventaires et <strong>finissent assez vite dans les poubelles<\/strong>, dans des d\u00e9lais surprenants parfois m\u00eame inf\u00e9rieurs \u00e0 la dur\u00e9e de la garantie contractuelle\u00a0!<\/p>\n<h3>Convient-il d&rsquo;apprendre aux \u00e9l\u00e8ves \u00e0 s&rsquo;en servir ?<\/h3>\n<p>C&rsquo;\u00e9tait une des questions que se posaient en public plusieurs twittos ce dimanche matin. Sans honte\u2026 Comme si la r\u00e9ponse n&rsquo;allait pas de soi, comme si l&rsquo;on pouvait imaginer sereinement que les \u00e9l\u00e8ves savaient s&rsquo;en servir \u00ab\u00a0de naissance\u00a0\u00bb, comme si c&rsquo;\u00e9tait g\u00e9n\u00e9tique. Mais rien\u00a0ne faisait consensus, pas plus sur la question en titre que sur la question de de savoir qui allait s&rsquo;y coller, les uns pr\u00e9tendant que c&rsquo;est le travail des profs de technologie en coll\u00e8ge, les autres en convenant mais regrettant qu&rsquo;ils ne le fassent plus.<\/p>\n<p>Curieusement, personne ne s&rsquo;est demand\u00e9 qui devait s&rsquo;en pr\u00e9occuper \u00e0 l&rsquo;\u00e9cole ou au lyc\u00e9e, en l&rsquo;absence du champ disciplinaire concern\u00e9. Personne non plus, en cons\u00e9quence, n&rsquo;a fait remarquer qu&rsquo;il s&rsquo;agissait de comp\u00e9tences dont l&rsquo;acquisition s&rsquo;av\u00e9rait indispensable \u2014\u00a0la ma\u00eetrise des outils num\u00e9riques\u00a0\u2014 dans toutes les disciplines et qu&rsquo;il convenait donc d&rsquo;une part <strong>de se partager le boulot<\/strong>, d&rsquo;autre part de s&rsquo;assurer qu&rsquo;il a bien \u00e9t\u00e9 fait et partag\u00e9, sans se d\u00e9charger de ce travail sur les autres. Apr\u00e8s tout, qui se pose encore la question \u00e0 propos de la ma\u00eetrise des autres outils scolaires non num\u00e9riques, \u00e0 supposer qu&rsquo;il en existe encore\u00a0?<\/p>\n<p>Enfin\u00a0se pose pour tous la question de la transmission de savoir-faire que l&rsquo;on ne poss\u00e8de pas vraiment\u2026 Mais c&rsquo;est une autre question.<\/p>\n<h3>Convient-il de se servir d&rsquo;ordinateurs ou de tablettes num\u00e9riques\u00a0?<\/h3>\n<p>Voil\u00e0 encore une question qui taraudait les\u00a0praticiens sur Twitter. Comme si y r\u00e9pondre \u00e9tait d\u00e9terminant\u2026 La seule r\u00e9ponse sens\u00e9e qui vaille est celle qui tient compte de nombreux facteurs comme les objectifs d&rsquo;apprentissage, les conditions d&rsquo;acc\u00e8s aux ressources ou \u00e0 l&rsquo;Internet, <strong>les lieux et la forme de l&rsquo;enseignement<\/strong>, la ma\u00eetrise technique personnelle du ma\u00eetre et de ses \u00e9l\u00e8ves, l&rsquo;autonomie et la responsabilit\u00e9 de ces derniers\u2026 et bien d&rsquo;autres encore.<\/p>\n<p>La r\u00e9ponse d\u00e9pend aussi tr\u00e8s fortement de la mani\u00e8re dont les ordinateurs ou les tablettes sont mis \u00e0 disposition des \u00e9l\u00e8ves et de leurs professeurs. S&rsquo;il s&rsquo;agit d&rsquo;un mat\u00e9riel toujours pr\u00e9sent dans le cartable, on aura naturellement tendance \u00e0 en privil\u00e9gier l&rsquo;utilisation, comme on pourrait le faire, nonobstant les contraintes r\u00e9glementaires et techniques, avec les terminaux personnels (tablettes, \u00ab\u00a0smartphones\u00a0\u00bb) des \u00e9l\u00e8ves.<\/p>\n<p>Et qui sait&#8230; demain, <strong>ce que seront les terminaux mobiles et personnels des acteurs du num\u00e9rique<\/strong> ? \u00c0 quoi ressembleront-ils\u00a0? Qui aurait pu pr\u00e9voir les \u00e9tonnants progr\u00e8s des fonctionnalit\u00e9s propres des ordiphones, des \u00ab\u00a0smartphones\u00a0\u00bb si vous pr\u00e9f\u00e9rez\u00a0?<\/p>\n<h3>Les tablettes peuvent-elles \u00eatre des outils de cr\u00e9ation\u00a0?<\/h3>\n<p>Depuis plusieurs ann\u00e9es, plus particuli\u00e8rement depuis l&rsquo;annonce du grand Plan pour l&rsquo;\u00e9ducation, le proc\u00e8s constant est fait aux tablettes d&rsquo;\u00eatre des outils avec\u00a0lesquels il est difficile voir impossible de cr\u00e9er, de produire. Ce proc\u00e8s est d&rsquo;autant plus surprenant qu&rsquo;il \u00e9mane\u00a0g\u00e9n\u00e9ralement de geeks qui r\u00e9duisent volontiers\u00a0les autres\u00a0\u2014\u00a0l&rsquo;enfer, rappelez-vous\u00a0\u2014 \u00e0 la posture d&rsquo;utilisateur, sous-entendu consommateur passif et non acteur ou cr\u00e9ateur.<\/p>\n<p>C&rsquo;est un proc\u00e8s qui n&rsquo;a gu\u00e8re de sens. En effet, bien des \u00ab\u00a0cr\u00e9ateurs\u00a0\u00bb professionnels, graphistes, designers, blogueurs, \u00e9crivains, s&rsquo;accommodent tr\u00e8s bien de simples tablettes pour leurs travaux. Les tablettes num\u00e9riques, plus l\u00e9g\u00e8res, naturellement mobiles, sont <strong>les outils idoines du nomadisme p\u00e9dagogique<\/strong> et se pr\u00eatent volontiers aux activit\u00e9s de capture et de saisie textuelle, iconographique ou photographique, ainsi qu&rsquo;aux activit\u00e9s ludiques ou d&rsquo;acc\u00e8s aux ressources, voire de d\u00e9veloppement. Par ailleurs, les jeunes qui n&rsquo;ont pas, eux, \u00e9t\u00e9 conditionn\u00e9s par le long apprentissage technique de la gestion des fichiers, des r\u00e9pertoires et des disques ainsi que par celui du clavier, sont capables de prouesses \u00e9tonnantes et performantes sur les outils de saisie virtuelle ainsi que sur la manipulation tactile des objets, dossiers et espaces de travail collaboratifs en ligne. Ils ont, on l&rsquo;a vu, bien des choses \u00e0 apprendre encore, bien s\u00fbr, mais, sur ces bases, c&rsquo;est plus facile.<\/p>\n<p>Alors, oui, bien s\u00fbr, ceux qui sont habitu\u00e9s depuis longtemps aux seuls usages bureautiques des ordinateurs sont parfois pris au d\u00e9pourvu par la faiblesse des applicatifs disponibles sur les tablettes. C&rsquo;est vrai mais, outre qu&rsquo;il s&rsquo;agit encore une fois d&rsquo;un handicap tr\u00e8s visible chez les anciens et beaucoup moins chez les jeunes, il y a fort \u00e0 parier que des progr\u00e8s notables sont\u00a0attendus dans ce domaine de l&rsquo;ergonomie.<\/p>\n<p>Acceptons-en l&rsquo;augure. Et, en r\u00e9fl\u00e9chissant \u00e0 la vraie transformation num\u00e9rique de l&rsquo;\u00e9cole, servons nous-en.<\/p>\n<p>Michel Guillou\u00a0<a href=\"https:\/\/twitter.com\/michelguillou\" target=\"_blank\">@michelguillou<\/a><\/p>\n<p><a href=\"http:\/\/creativecommons.org\/licenses\/by-nc-sa\/2.0\/fr\/\" target=\"_blank\"><img loading=\"lazy\" decoding=\"async\" src=\"http:\/\/i.creativecommons.org\/l\/by-nc-sa\/2.0\/fr\/80x15.png\" alt=\"image\" width=\"80\" height=\"15\" data-pin-nopin=\"true\" \/><\/a><\/p>\n<p>Cr\u00e9dit photo\u00a0: via <a href=\"https:\/\/pixabay.com\/fr\/bo%C3%AEte-%C3%A0-cliquet-cl%C3%A9-outil-atelier-587301\/\" target=\"_blank\">Pixabay<\/a> en licence\u00a0<a href=\"https:\/\/creativecommons.org\/publicdomain\/zero\/1.0\/deed.fr\" target=\"_blank\">CC0 Public Domain<\/a><\/p>\n","protected":false},"excerpt":{"rendered":"<p><img loading=\"lazy\" decoding=\"async\" class=\"aligncenter size-full wp-image-4543\" src=\"http:\/\/www.culture-numerique.fr\/wp-content\/uploads\/2016\/01\/ratchet-box-587301_1280.jpg\" alt=\"Outillage\" width=\"1280\" height=\"700\" srcset=\"https:\/\/www.culture-numerique.fr\/wp-content\/uploads\/2016\/01\/ratchet-box-587301_1280.jpg 1280w, https:\/\/www.culture-numerique.fr\/wp-content\/uploads\/2016\/01\/ratchet-box-587301_1280-300x164.jpg 300w, https:\/\/www.culture-numerique.fr\/wp-content\/uploads\/2016\/01\/ratchet-box-587301_1280-1024x560.jpg 1024w, https:\/\/www.culture-numerique.fr\/wp-content\/uploads\/2016\/01\/ratchet-box-587301_1280-100x55.jpg 100w, https:\/\/www.culture-numerique.fr\/wp-content\/uploads\/2016\/01\/ratchet-box-587301_1280-150x82.jpg 150w, https:\/\/www.culture-numerique.fr\/wp-content\/uploads\/2016\/01\/ratchet-box-587301_1280-200x109.jpg 200w, https:\/\/www.culture-numerique.fr\/wp-content\/uploads\/2016\/01\/ratchet-box-587301_1280-450x246.jpg 450w, https:\/\/www.culture-numerique.fr\/wp-content\/uploads\/2016\/01\/ratchet-box-587301_1280-600x328.jpg 600w, https:\/\/www.culture-numerique.fr\/wp-content\/uploads\/2016\/01\/ratchet-box-587301_1280-900x492.jpg 900w\" sizes=\"auto, (max-width: 1280px) 100vw, 1280px\" \/><\/p>\n<p><strong>Avertissement liminaire au lecteur<\/strong>\u00a0: les consid\u00e9rations qui vont suivre n&rsquo;ont pas grand chose \u00e0 voir avec le num\u00e9rique \u00e9ducatif et la n\u00e9cessaire transformation num\u00e9rique de l&rsquo;\u00e9cole\u00a0!\u00a0S&rsquo;il est bien une question qui prend beaucoup de place dans les m\u00e9dias et donc dans les conversations en salle des professeurs,<\/p>\n<p><span class=\"ellipsis\">&hellip;<\/span><\/p>\n<div class=\"read-more\"><a href=\"https:\/\/www.culture-numerique.fr\/?p=4542\">Lire la suite &#8250;<\/a><\/div>\n<p><!-- end of .read-more --><\/p>\n","protected":false},"author":1,"featured_media":4543,"comment_status":"open","ping_status":"open","sticky":false,"template":"","format":"standard","meta":{"jetpack_post_was_ever_published":false,"_jetpack_newsletter_access":"","_jetpack_dont_email_post_to_subs":false,"_jetpack_newsletter_tier_id":0,"_jetpack_memberships_contains_paywalled_content":false,"_jetpack_memberships_contains_paid_content":false,"footnotes":""},"categories":[9,20],"tags":[574,284,700,3,642,115],"class_list":["post-4542","post","type-post","status-publish","format-standard","has-post-thumbnail","hentry","category-billets-dhumeur","category-breves","tag-equipement-personnel","tag-equipements","tag-ordinateurs","tag-outillage","tag-outils-numeriques","tag-tablettes-numeriques"],"jetpack_featured_media_url":"https:\/\/www.culture-numerique.fr\/wp-content\/uploads\/2016\/01\/ratchet-box-587301_1280.jpg","jetpack_sharing_enabled":true,"_links":{"self":[{"href":"https:\/\/www.culture-numerique.fr\/index.php?rest_route=\/wp\/v2\/posts\/4542","targetHints":{"allow":["GET"]}}],"collection":[{"href":"https:\/\/www.culture-numerique.fr\/index.php?rest_route=\/wp\/v2\/posts"}],"about":[{"href":"https:\/\/www.culture-numerique.fr\/index.php?rest_route=\/wp\/v2\/types\/post"}],"author":[{"embeddable":true,"href":"https:\/\/www.culture-numerique.fr\/index.php?rest_route=\/wp\/v2\/users\/1"}],"replies":[{"embeddable":true,"href":"https:\/\/www.culture-numerique.fr\/index.php?rest_route=%2Fwp%2Fv2%2Fcomments&post=4542"}],"version-history":[{"count":28,"href":"https:\/\/www.culture-numerique.fr\/index.php?rest_route=\/wp\/v2\/posts\/4542\/revisions"}],"predecessor-version":[{"id":4574,"href":"https:\/\/www.culture-numerique.fr\/index.php?rest_route=\/wp\/v2\/posts\/4542\/revisions\/4574"}],"wp:featuredmedia":[{"embeddable":true,"href":"https:\/\/www.culture-numerique.fr\/index.php?rest_route=\/wp\/v2\/media\/4543"}],"wp:attachment":[{"href":"https:\/\/www.culture-numerique.fr\/index.php?rest_route=%2Fwp%2Fv2%2Fmedia&parent=4542"}],"wp:term":[{"taxonomy":"category","embeddable":true,"href":"https:\/\/www.culture-numerique.fr\/index.php?rest_route=%2Fwp%2Fv2%2Fcategories&post=4542"},{"taxonomy":"post_tag","embeddable":true,"href":"https:\/\/www.culture-numerique.fr\/index.php?rest_route=%2Fwp%2Fv2%2Ftags&post=4542"}],"curies":[{"name":"wp","href":"https:\/\/api.w.org\/{rel}","templated":true}]}}