{"id":451,"date":"2012-11-14T22:47:09","date_gmt":"2012-11-14T20:47:09","guid":{"rendered":"http:\/\/www.culture-numerique.fr\/?p=451"},"modified":"2016-08-17T17:17:57","modified_gmt":"2016-08-17T15:17:57","slug":"la-peur-dans-les-yeux","status":"publish","type":"post","link":"https:\/\/www.culture-numerique.fr\/?p=451","title":{"rendered":"La peur dans les yeux"},"content":{"rendered":"<p style=\"text-align: center;\"><a href=\"http:\/\/www.culture-numerique.fr\/wp-content\/uploads\/2014\/04\/medium_4129313816-1.jpg\"><img loading=\"lazy\" decoding=\"async\" class=\"wp-image-453 aligncenter\" src=\"http:\/\/www.culture-numerique.fr\/wp-content\/uploads\/2014\/04\/medium_4129313816-1.jpg\" alt=\"Cri\" width=\"843\" height=\"607\" srcset=\"https:\/\/www.culture-numerique.fr\/wp-content\/uploads\/2014\/04\/medium_4129313816-1.jpg 640w, https:\/\/www.culture-numerique.fr\/wp-content\/uploads\/2014\/04\/medium_4129313816-1-300x216.jpg 300w, https:\/\/www.culture-numerique.fr\/wp-content\/uploads\/2014\/04\/medium_4129313816-1-100x72.jpg 100w, https:\/\/www.culture-numerique.fr\/wp-content\/uploads\/2014\/04\/medium_4129313816-1-150x108.jpg 150w, https:\/\/www.culture-numerique.fr\/wp-content\/uploads\/2014\/04\/medium_4129313816-1-200x144.jpg 200w, https:\/\/www.culture-numerique.fr\/wp-content\/uploads\/2014\/04\/medium_4129313816-1-450x324.jpg 450w, https:\/\/www.culture-numerique.fr\/wp-content\/uploads\/2014\/04\/medium_4129313816-1-600x432.jpg 600w\" sizes=\"auto, (max-width: 843px) 100vw, 843px\" \/><\/a><\/p>\n<p><strong>Vous le savez, j\u2019ai pris l\u2019habitude<\/strong> de vous narrer ici mes rencontres avec celles et ceux qui veulent bien m\u2019entendre, voire m\u2019\u00e9couter, \u00e0 propos des th\u00e8mes qui me sont chers et que vous connaissez maintenant.<\/p>\n<p>C\u2019est ainsi que, ce mardi 13 novembre, j\u2019avais le plaisir de mod\u00e9rer, au CDDP des Hauts-de-Seine, un atelier en forme de table ronde sur le sujet des \u00ab\u00a0<strong id=\"internal-source-marker_0.3006050051189959\">M\u00e9dias, r\u00e9seaux sociaux, jeux vid\u00e9os\u00a0: nouveaux usages, nouvelles cultures<\/strong>\u00a0\u00bb. Le th\u00e8me g\u00e9n\u00e9ral de la journ\u00e9e portait sur l\u2019\u00e9ducation \u00e0 la culture \u00ab\u00a0Monde\u00a0\u00bb. Joli programme\u00a0!<\/p>\n<p>Chaque intervenant a pris la parole \u00e0 son tour sur le dossier qu\u2019il portait,\u00a0<a style=\"color: #2c32f6;\" href=\"https:\/\/twitter.com\/@gameinsociety\" target=\"_blank\">Olivier Mauco<\/a>\u00a0sur le passionnant d\u00e9fi pos\u00e9 aux jeunes et \u00e0 l\u2019\u00e9ducation du jeu et, en particulier, du jeu vid\u00e9o, Czeslaw Michalewski sur ses remarquables travaux de visioconf\u00e9rence qui \u00e9clairent l\u2019enseignement,\u00a0<a style=\"color: #2c32f6;\" href=\"https:\/\/twitter.com\/@Nathalica\" target=\"_blank\">Nathalie Caclard<\/a>\u00a0sur l\u2019importance et la richesse des r\u00e9seaux et m\u00e9dias sociaux, \u00c9velyne B\u00e9vort enfin sur le curriculum de l\u2019Unesco sur l\u2019\u00e9ducation aux m\u00e9dias et \u00e0 l\u2019information.<\/p>\n<p>Je peux en t\u00e9moigner, puisque j\u2019ai distribu\u00e9 la parole, chacun l\u2019a fait en faisant montre d\u2019un grand enthousiasme \u00e0 la hauteur des enjeux et des promesses. Que de grandes choses \u00e0 faire avec ces outils, que de chantiers \u00e9ducatifs \u00e0 mener et \u00e0 partager, que de perspectives emballantes, que de passion\u00a0!<\/p>\n<p>Devant les \u00e9ducateurs des communes, des quartiers qui \u00e9taient pr\u00e9sents, nous n\u2019avons cess\u00e9, les uns, les autres, car je n\u2019ai pas pu me retenir de glisser mon grain de sel, vous me connaissez, de prendre sur tous ces sujets une posture enthousiaste, je vous l\u2019ai dit, mais aussi raisonn\u00e9e, responsable, r\u00e9solument vigilante et surtout \u00e9ducative.<\/p>\n<p>Et pourtant, car ma position de mod\u00e9rateur me contraignait \u00e0 observer les r\u00e9actions de la salle, avant de donner la parole pour un moment plus interactif, mon attention a \u00e9t\u00e9 alert\u00e9e \u00e0 plusieurs reprises par des moues, des soupirs, des vacillements perceptibles sur les visages des \u00e9ducateurs pr\u00e9sents\u2026 La prise de parole qui s\u2019en est suivie, d\u2019abord timide, comme d\u2019habitude, puis plus affirm\u00e9e au fur et \u00e0 mesure que les \u00e9changes devenaient informels, m\u2019a confort\u00e9 dans ma premi\u00e8re impression\u00a0: \u00e0 quelques exceptions, la plupart des personnes pr\u00e9sentes avaient peur.<\/p>\n<p><strong>C\u2019\u00e9tait la peur qui habitait ces adultes<\/strong>, qui les contraignait \u00e0 d\u2019abord poser la question des suppos\u00e9s et sempiternels \u00ab\u00a0dangers\u00a0\u00bb d\u2019Internet (et, dans le m\u00eame \u00e9lan, des jeux vid\u00e9os et de tous les m\u00e9dias), avant d\u2019en percevoir toutes les richesses et d\u2019engager avec les jeunes qu\u2019ils ont en charge des d\u00e9marches \u00e9ducatives. C\u2019\u00e9tait la peur qui les faisait renoncer, qui les faisait h\u00e9siter, qui les freinait dans leurs \u00e9lans. C\u2019est cette peur que la plupart des participants ont exprim\u00e9e, de mani\u00e8re souvent implicite plus que par des mots qu\u2019ils auraient \u00e9t\u00e9 incapables de prononcer.<\/p>\n<p>J\u2019ai, je le sais, tendance \u00e0 oublier, \u00e0 n\u00e9gliger, \u00e0 ne pas prendre assez en consid\u00e9ration ces ph\u00e9nom\u00e8nes r\u00e9currents de peur parfois panique. C\u2019est aussi le sentiment qu\u2019ont eu \u2014 nous en avons parl\u00e9 ensemble ensuite \u2014 mes comparses sur cette table ronde.<\/p>\n<p>Le temps, comme d\u2019habitude, nous a manqu\u00e9 pour d\u00e9monter les ressorts intimes de ces peurs qui concernent en vrac les addictions, le piratage, la vie priv\u00e9e, la vie publique, l\u2019information, le plagiat, les rumeurs, et, cerise sur le g\u00e2teau, m\u00eame si personne n\u2019en a parl\u00e9, le p\u00e9dophile ou le terroriste qui se cachent, chacun doit en prendre conscience, derri\u00e8re chaque \u00e9cran. Mais c\u2019est une t\u00e2che \u00e0 laquelle il faut s\u2019atteler en permanence, tant ces fantasmes sont tr\u00e8s fort ancr\u00e9s dans les subconscients.<\/p>\n<p>J\u2019avais d\u00e9j\u00e0 eu l\u2019occasion, il y a un an (\u00e7a doit \u00eatre la saison),\u00a0<a style=\"color: #2c32f6;\" href=\"http:\/\/gingko.neottia.net\/post\/12110508877\/de-la-peur-comme-fonds-de-commerce\" target=\"_blank\">dans cet article<\/a>, de d\u00e9noncer les man\u0153uvres de sombres officines, plus ou moins valid\u00e9es par l\u2019institution, qui faisaient de ces peurs leur fonds de commerce.<\/p>\n<p>Elles ne sont pas les seules \u00e0 vivre de cette rente in\u00e9puisable. Pour \u00e9largir le propos, les hebdomadaires de la grande presse \u00e0 l\u2019aboi font assaut de surench\u00e8re m\u00e9diocre et nous pr\u00e9sentent, sans honte aucune, semaine apr\u00e8s semaine, des unes plus anxiog\u00e8nes les unes que les autres. Vous me dispenserez de m\u2019attarder d\u2019avantage et de vous les pr\u00e9senter\u00a0: elles me font vomir.<\/p>\n<p>J\u2019ai envie, pour terminer, de vous rappeler les propos lucides d\u2019une grande dame,\u00a0<a style=\"color: #2c32f6;\" href=\"http:\/\/fr.wikipedia.org\/wiki\/Danielle_Mitterrand\" target=\"_blank\">Dani\u00e8le Mitterrand<\/a>, qui disait, le 9 f\u00e9vrier 2010, dans \u00ab\u00a0Ce soir ou jamais\u00a0\u00bb\u00a0:<\/p>\n<p><strong>[L\u00e0, il y avait une vid\u00e9o, YouTube l&rsquo;a supprim\u00e9 pour d&rsquo;invraisemblables et stupides histoires de droit d&rsquo;auteur]\u00a0<\/strong><\/p>\n<blockquote><p>\u00ab\u00a0<em>La peur est une arme aujourd\u2019hui. Faire peur \u00e0 une population, la mettre toujours en situation de se dire \u00ab\u00a0est-ce que je fais bien, est-ce que je fais mal, est-ce que ceci, est-ce que cela\u00a0?\u00a0\u00bb, cette esp\u00e8ce de crainte permanente que l\u2019on a, et de la police, et de la justice, et de tout ce qui nous entoure, parce qu\u2019on finit par avoir peur, enfin certains finissent par avoir peur de tout, c\u2019est une fa\u00e7on de dominer une population, c\u2019est une strat\u00e9gie.<\/em>\u00a0\u00bb<\/p><\/blockquote>\n<p>Michel Guillou\u00a0<a style=\"color: #2c32f6;\" title=\"Twitter\" href=\"https:\/\/twitter.com\/#!\/michelguillou\" target=\"_blank\">@michelguillou<\/a><\/p>\n<p><a style=\"color: #2c32f6;\" href=\"http:\/\/creativecommons.org\/licenses\/by-nc-sa\/2.0\/fr\/\" target=\"_blank\"><img loading=\"lazy\" decoding=\"async\" src=\"http:\/\/i.creativecommons.org\/l\/by-nc-sa\/2.0\/fr\/80x15.png\" alt=\"\" width=\"80\" height=\"15\" \/><\/a><\/p>\n<p>Cr\u00e9dit photo\u00a0:\u00a0<a style=\"color: #2c32f6;\" href=\"http:\/\/www.flickr.com\/photos\/nwardez\/4129313816\/\" target=\"_blank\">Nwardez<\/a>\u00a0via\u00a0<a style=\"color: #2c32f6;\" href=\"http:\/\/photopin.com\/\" target=\"_blank\">photopin<\/a>\u00a0<a style=\"color: #2c32f6;\" href=\"http:\/\/creativecommons.org\/licenses\/by-nc-sa\/2.0\/\" target=\"_blank\">cc<\/a><\/p>\n<p>[cite]<\/p>\n","protected":false},"excerpt":{"rendered":"<p style=\"text-align: center;\"><a href=\"http:\/\/www.culture-numerique.fr\/wp-content\/uploads\/2014\/04\/medium_4129313816-1.jpg\"><img loading=\"lazy\" decoding=\"async\" class=\"wp-image-453 aligncenter\" src=\"http:\/\/www.culture-numerique.fr\/wp-content\/uploads\/2014\/04\/medium_4129313816-1.jpg\" alt=\"Cri\" width=\"843\" height=\"607\" srcset=\"https:\/\/www.culture-numerique.fr\/wp-content\/uploads\/2014\/04\/medium_4129313816-1.jpg 640w, https:\/\/www.culture-numerique.fr\/wp-content\/uploads\/2014\/04\/medium_4129313816-1-300x216.jpg 300w, https:\/\/www.culture-numerique.fr\/wp-content\/uploads\/2014\/04\/medium_4129313816-1-100x72.jpg 100w, https:\/\/www.culture-numerique.fr\/wp-content\/uploads\/2014\/04\/medium_4129313816-1-150x108.jpg 150w, https:\/\/www.culture-numerique.fr\/wp-content\/uploads\/2014\/04\/medium_4129313816-1-200x144.jpg 200w, https:\/\/www.culture-numerique.fr\/wp-content\/uploads\/2014\/04\/medium_4129313816-1-450x324.jpg 450w, https:\/\/www.culture-numerique.fr\/wp-content\/uploads\/2014\/04\/medium_4129313816-1-600x432.jpg 600w\" sizes=\"auto, (max-width: 843px) 100vw, 843px\" \/><\/a><\/p>\n<p><strong>Vous le savez, j\u2019ai pris l\u2019habitude<\/strong> de vous narrer ici mes rencontres avec celles et ceux qui veulent bien m\u2019entendre, voire m\u2019\u00e9couter, \u00e0 propos des th\u00e8mes qui me sont chers et que vous connaissez maintenant.<\/p>\n<p><span class=\"ellipsis\">&hellip;<\/span><\/p>\n<div class=\"read-more\"><a href=\"https:\/\/www.culture-numerique.fr\/?p=451\">Lire la suite &#8250;<\/a><\/div>\n<p><!-- end of .read-more --><\/p>\n","protected":false},"author":1,"featured_media":453,"comment_status":"open","ping_status":"open","sticky":false,"template":"","format":"standard","meta":{"jetpack_post_was_ever_published":false,"_jetpack_newsletter_access":"","_jetpack_dont_email_post_to_subs":false,"_jetpack_newsletter_tier_id":0,"_jetpack_memberships_contains_paywalled_content":false,"_jetpack_memberships_contains_paid_content":false,"footnotes":""},"categories":[9],"tags":[70,111,209,30,299,207,10,298,300],"class_list":["post-451","post","type-post","status-publish","format-standard","has-post-thumbnail","hentry","category-billets-dhumeur","tag-education","tag-education-aux-medias","tag-information","tag-internet","tag-jeu-video","tag-medias","tag-peur","tag-video","tag-visioconference"],"jetpack_featured_media_url":"https:\/\/www.culture-numerique.fr\/wp-content\/uploads\/2014\/04\/medium_4129313816-1.jpg","jetpack_sharing_enabled":true,"_links":{"self":[{"href":"https:\/\/www.culture-numerique.fr\/index.php?rest_route=\/wp\/v2\/posts\/451","targetHints":{"allow":["GET"]}}],"collection":[{"href":"https:\/\/www.culture-numerique.fr\/index.php?rest_route=\/wp\/v2\/posts"}],"about":[{"href":"https:\/\/www.culture-numerique.fr\/index.php?rest_route=\/wp\/v2\/types\/post"}],"author":[{"embeddable":true,"href":"https:\/\/www.culture-numerique.fr\/index.php?rest_route=\/wp\/v2\/users\/1"}],"replies":[{"embeddable":true,"href":"https:\/\/www.culture-numerique.fr\/index.php?rest_route=%2Fwp%2Fv2%2Fcomments&post=451"}],"version-history":[{"count":6,"href":"https:\/\/www.culture-numerique.fr\/index.php?rest_route=\/wp\/v2\/posts\/451\/revisions"}],"predecessor-version":[{"id":5229,"href":"https:\/\/www.culture-numerique.fr\/index.php?rest_route=\/wp\/v2\/posts\/451\/revisions\/5229"}],"wp:featuredmedia":[{"embeddable":true,"href":"https:\/\/www.culture-numerique.fr\/index.php?rest_route=\/wp\/v2\/media\/453"}],"wp:attachment":[{"href":"https:\/\/www.culture-numerique.fr\/index.php?rest_route=%2Fwp%2Fv2%2Fmedia&parent=451"}],"wp:term":[{"taxonomy":"category","embeddable":true,"href":"https:\/\/www.culture-numerique.fr\/index.php?rest_route=%2Fwp%2Fv2%2Fcategories&post=451"},{"taxonomy":"post_tag","embeddable":true,"href":"https:\/\/www.culture-numerique.fr\/index.php?rest_route=%2Fwp%2Fv2%2Ftags&post=451"}],"curies":[{"name":"wp","href":"https:\/\/api.w.org\/{rel}","templated":true}]}}