{"id":446,"date":"2012-11-17T22:37:44","date_gmt":"2012-11-17T20:37:44","guid":{"rendered":"http:\/\/www.culture-numerique.fr\/?p=446"},"modified":"2016-12-22T00:53:59","modified_gmt":"2016-12-21T23:53:59","slug":"bon-coco-tu-nous-fais-un-sujet-sur-les-jeunes-hein","status":"publish","type":"post","link":"https:\/\/www.culture-numerique.fr\/?p=446","title":{"rendered":"Bon, Coco, tu nous fais un sujet sur les jeunes, hein\u2026"},"content":{"rendered":"<p><a href=\"http:\/\/www.culture-numerique.fr\/wp-content\/uploads\/2014\/04\/medium_3798659505.jpg\"><img loading=\"lazy\" decoding=\"async\" class=\"alignleft wp-image-447\" src=\"http:\/\/www.culture-numerique.fr\/wp-content\/uploads\/2014\/04\/medium_3798659505.jpg\" alt=\"M\u00e9dias\" width=\"310\" height=\"428\" srcset=\"https:\/\/www.culture-numerique.fr\/wp-content\/uploads\/2014\/04\/medium_3798659505.jpg 362w, https:\/\/www.culture-numerique.fr\/wp-content\/uploads\/2014\/04\/medium_3798659505-217x300.jpg 217w, https:\/\/www.culture-numerique.fr\/wp-content\/uploads\/2014\/04\/medium_3798659505-100x138.jpg 100w, https:\/\/www.culture-numerique.fr\/wp-content\/uploads\/2014\/04\/medium_3798659505-150x207.jpg 150w, https:\/\/www.culture-numerique.fr\/wp-content\/uploads\/2014\/04\/medium_3798659505-200x276.jpg 200w, https:\/\/www.culture-numerique.fr\/wp-content\/uploads\/2014\/04\/medium_3798659505-300x414.jpg 300w\" sizes=\"auto, (max-width: 310px) 100vw, 310px\" \/><\/a><\/p>\n<p><strong>Conf\u00e9rence de r\u00e9daction.<br \/>\n<\/strong>Une grande radio nationale, int\u00e9rieur jour, un sombre bureau, 10 h 15. Au mur, un poster d\u2019une biblioth\u00e8que de Vieira da Silva. On entend Pierre Lescure au loin qui cause \u00e0 la radio. On ne sait pas si c\u2019est sur France-Inter ou une autre.<\/p>\n<p><strong>La r\u00e9dactrice en chef\u00a0:<\/strong><br \/>\n&#8211; Bon, bon, on se d\u00e9p\u00eache\u2026 Tout le monde est assis, l\u00e0\u00a0? Non\u00a0? Tant pis, on commence\u2026<\/p>\n<p><strong>Un journaliste\u00a0:<\/strong><br \/>\n&#8211; j\u2019ai les chiffres d\u2019audience de la semaine.<\/p>\n<p><strong>La r\u00e9dactrice en chef\u00a0:<\/strong><br \/>\n&#8211; Oui, oui, on verra \u00e7a plus tard. C\u2019est quoi l\u2019actu, l\u00e0\u00a0? Quelqu\u2019un peut me dire\u00a0? Je n\u2019ai rien lu, rien entendu, juste lu des conneries sur Twitter. Je n\u2019ai rien compris \u00e0 ce que racontent Abiker et Mettout.<\/p>\n<p><strong>Un autre journaliste\u00a0:<\/strong><br \/>\n&#8211; On s\u2019en fout de Mettout.<\/p>\n<p><strong>Le premier journaliste\u00a0:<\/strong><br \/>\n&#8211; Vous ne les voulez vraiment pas, mes chiffres\u00a0?<\/p>\n<p><strong>L\u2019autre journaliste\u00a0:<\/strong><br \/>\n&#8211; Oui, tout de m\u00eame, il ne dit pas toujours que des b\u00eatises, m\u00eame si forc\u00e9ment, c\u2019est un peu court\u2026 C\u2019est quoi, ces histoires de unes \u00ab\u00a0trash\u00a0\u00bb des hebdos\u00a0? On ne parle que de \u00e7a sur Twitter. On fait un papier l\u00e0-dessus\u00a0? Ou sur Gaza, faut voir\u00a0? Paul, tu fais\u00a0?<\/p>\n<p><strong>Un type au fond :\u00a0<\/strong><br \/>\n&#8211; Pourquoi moi\u00a0?<\/p>\n<p><strong>Le premier journaliste\u00a0:<\/strong><br \/>\n&#8211; Bon, c\u2019est pas bon, les chiffres.<\/p>\n<p><strong>Le type au fond\u00a0:<\/strong><br \/>\n&#8211; Je n\u2019y connais rien, moi, \u00e0 ce qui se passe l\u00e0-bas. Pourquoi moi\u00a0?<\/p>\n<p><strong>La r\u00e9dactrice en chef\u00a0:<\/strong><br \/>\n&#8211; Mais qu\u2019est-ce que tu me racontes\u00a0? Tu ne connais rien aux unes\u00a0? Tu fais comme tout le monde, tu vas au kiosque du coin et tu lis. Va poser des questions \u00e0 Barbier, il ne va pas se d\u00e9gonfler. Fais-moi 4 minutes, tu passeras \u00e0 7 h 50 demain matin. Non, 2 minutes 30, \u00e7a suffira, sauf si Barbier dit des trucs int\u00e9ressants.<\/p>\n<p><strong>Le premier journaliste\u00a0:<\/strong><br \/>\n&#8211; Cette tranche-l\u00e0, c\u2019est l\u00e0 o\u00f9 on a perdu le plus. 13\u00a0000 rien que la semaine derni\u00e8re.<\/p>\n<p><strong>La r\u00e9dac\u2019chef\u00a0:<\/strong><br \/>\n&#8211; Hein\u00a0?<\/p>\n<p><strong>Le premier journaliste\u00a0:<\/strong><br \/>\n&#8211; Tu veux que je r\u00e9p\u00e8te\u00a0? On est \u00e0 la masse, on a Canteloup et Gerra en face et c\u2019est la zone. Tout le monde se casse, tu veux voir la courbe\u00a0?<\/p>\n<p><strong>La r\u00e9dac\u2019chef\u00a0:<\/strong><br \/>\n&#8211; Non. Merci. Bon, faut trouver quelque chose. Faut faire un truc sur les jeunes. Les drogu\u00e9s, les dealers, un truc comme \u00e7a\u00a0? Non\u00a0? \u00c7a plait bien, \u00e7a, les jeunes\u2026 Ou alors l\u2019\u00e9cole\u00a0? Il en est o\u00f9, Peillon, avec ses rythmes\u00a0? Non, \u00e7a craint, l\u2019\u00e9cole, sans blagues. Il n\u2019a encore rien d\u00e9cid\u00e9, non\u00a0? On ne va pas aller poser des questions aux instits l\u00e0-dessus\u2026<\/p>\n<p><strong>Le premier journaliste\u00a0:<\/strong><br \/>\n&#8211; Facebook\u00a0?<\/p>\n<p><strong>Le journaliste du fond\u00a0:<\/strong><br \/>\n&#8211; Oui, Facebook, c\u2019est bon, \u00e7a. Mon fils a un compte. Et puis, le harc\u00e8lement, \u00e7a, c\u2019est chaud\u2026<\/p>\n<p><strong>Le premier journaliste\u00a0:<\/strong><br \/>\n&#8211; Oui, le harc\u00e8lement. Comment ils disent, d\u00e9j\u00e0\u00a0? Le cyberharc\u00e8lement, ah oui. Et puis les suicides, les viols, tout \u00e7a. Les p\u00e9dophiles. L\u00e0, il y a de la mati\u00e8re.<\/p>\n<p><strong>La r\u00e9dac\u2019chef\u00a0:<\/strong><br \/>\n&#8211; C\u2019est bon, \u00e7a.\u00a0Bon, Coco, tu nous fais un sujet sur les jeunes, hein\u2026 Bien pourri, hein. Comment on fait \u00e7a, Paul, tu as des id\u00e9es\u00a0?<\/p>\n<p><strong>Le type du fond, qui a l\u2019air de s\u2019appeler Paul\u00a0:<\/strong><br \/>\n&#8211; J\u2019en sais rien, moi, j\u2019ai mon fils\u2026 Pourquoi tu m\u2019as appel\u00e9 Coco\u00a0?<\/p>\n<p><strong>Le premier journaliste\u00a0:<\/strong><br \/>\n&#8211; Bon, on peut commencer par e-Enfance, l\u00e0. Ils ont toujours des trucs bien graves \u00e0 raconter, l\u00e0\u2026 Tu appelles la patronne, elle cause bien. Et puis, ils sont agr\u00e9\u00e9s par le minist\u00e8re, pas de souci. L\u2019angle, c\u2019est les jeunes pi\u00e9g\u00e9s sur Internet, tu vois. Faut \u00e9largir \u00e0 Internet, pas rester sur Facebook. on ne stigmatise pas, tu vois. Mais faut faire peur. Un peu.<\/p>\n<p><strong>La r\u00e9dac\u2019chef\u00a0:<\/strong><br \/>\n&#8211; Oui, c\u2019est bien, \u00e7a. Je le sens bien, fais-moi 4 minutes l\u00e0-dessus. Paul, tu m\u2019entends\u00a0?<\/p>\n<p><strong>Paul\u00a0:<\/strong><br \/>\n&#8211; Bon, je demande \u00e0 mon fils. Il va m\u2019expliquer.<\/p>\n<p><strong>La r\u00e9dac\u2019chef\u00a0:<\/strong><br \/>\n&#8211; On s\u2019en fout de ton fils. Bon, on a dit e-Enfance, bonne id\u00e9e. Non, faut commencer \u00e0 rappeler les suicides, les chantages. Tu insistes l\u00e0-dessus, la fragilit\u00e9 des ados, tout \u00e7a\u2026 Faut surtout parler des filles, c\u2019est plus fragile, les filles\u00a0! D\u2019ici demain, tu fais la sortie des lyc\u00e9es, tu m\u2019interviewes tout \u00e7a, surtout les filles, tu poses les questions qui vont bien et tu me fais un montage serr\u00e9 l\u00e0-dessus avec que des trucs qui font peur. Tu vois\u00a0? Faut parler des insultes, il faut du v\u00e9cu, des histoires graveleuses, des machins qui conduisent au suicide, des filles \u00e0 poil\u2026<\/p>\n<p><strong>Paul\u00a0:<\/strong><br \/>\n&#8211; Oui, mais bon, \u00e0 la radio\u2026<\/p>\n<p><strong>La r\u00e9dac\u2019chef\u00a0:<br \/>\n&#8211;<\/strong>\u00a0Fais pas du mauvais esprit, tu m\u2019as compris. Il faut du harc\u00e8lement, beaucoup de harc\u00e8lement. Mets des bruits de cour d\u2019\u00e9cole en fond sonore. Il faut que \u00e7a tienne en 4 minutes. Ah, il me faut aussi un prof. Appelle la prof de La Rochelle, l\u00e0, tu sais\u2026 Tu vas trouver. \u00c7a va \u00eatre positif, tu en gardes un peu, mais pas trop, juste un peu. \u00a0Bon, tu finis par les traces, ce qu\u2019on ne peut pas effacer, tu vois, \u00e7a fait bien peur, les traces\u2026 Et hop, tu conclus avec un psychanalyste, il faut du contenu, on est sur le service public\u2026 Non, tu ne conclus pas, tu finis par le harc\u00e8lement, les arnaques, le chantage, tu vas bien trouver quelque chose, en Afrique de pr\u00e9f\u00e9rence, \u00e7a fait encore plus peur\u2026 Et tu reparles des suicides.<\/p>\n<p><strong>Paul\u00a0:<\/strong><br \/>\n&#8211; J\u2019ai des frissons.<\/p>\n<p><strong>La r\u00e9dac\u2019chef\u00a0:<br \/>\n<\/strong>&#8211; Mets une veste. Bon, \u00e7a, c\u2019est fait, \u00e7a passera juste avant le journal. Robert, tu me fait un \u00e9dito sur l\u2019immigration\u00a0?<\/p>\n<p><strong>L\u2019autre journaliste\u00a0:<\/strong><br \/>\n&#8211; \u00c7a roule.<\/p>\n<p>Michel Guillou\u00a0<a style=\"color: #2c32f6;\" title=\"Twitter\" href=\"https:\/\/twitter.com\/#!\/michelguillou\" target=\"_blank\">@michelguillou<\/a><\/p>\n<p><a style=\"color: #2c32f6;\" href=\"http:\/\/creativecommons.org\/licenses\/by-nc-sa\/2.0\/fr\/\" target=\"_blank\"><img loading=\"lazy\" decoding=\"async\" src=\"http:\/\/i.creativecommons.org\/l\/by-nc-sa\/2.0\/fr\/80x15.png\" alt=\"\" width=\"80\" height=\"15\" \/><\/a><\/p>\n<p>Note\u00a0: C\u2019est de la fiction, hein, \u00e7a n\u2019a jamais exist\u00e9\u00a0! \u00c7a se saurait\u00a0!<\/p>\n<p>Cr\u00e9dit photo\u00a0:\u00a0<a style=\"color: #2c32f6;\" href=\"http:\/\/www.flickr.com\/photos\/nyoin\/3798659505\/\" target=\"_blank\">nyoin<\/a>\u00a0via\u00a0<a style=\"color: #2c32f6;\" href=\"http:\/\/photopin.com\/\" target=\"_blank\">photopin<\/a>\u00a0<a style=\"color: #2c32f6;\" href=\"http:\/\/creativecommons.org\/licenses\/by-nc-nd\/2.0\/\" target=\"_blank\">cc<\/a><\/p>\n<p>[cite]<\/p>\n","protected":false},"excerpt":{"rendered":"<p><a href=\"http:\/\/www.culture-numerique.fr\/wp-content\/uploads\/2014\/04\/medium_3798659505.jpg\"><img loading=\"lazy\" decoding=\"async\" class=\"alignleft wp-image-447\" src=\"http:\/\/www.culture-numerique.fr\/wp-content\/uploads\/2014\/04\/medium_3798659505.jpg\" alt=\"M\u00e9dias\" width=\"310\" height=\"428\" srcset=\"https:\/\/www.culture-numerique.fr\/wp-content\/uploads\/2014\/04\/medium_3798659505.jpg 362w, https:\/\/www.culture-numerique.fr\/wp-content\/uploads\/2014\/04\/medium_3798659505-217x300.jpg 217w, https:\/\/www.culture-numerique.fr\/wp-content\/uploads\/2014\/04\/medium_3798659505-100x138.jpg 100w, https:\/\/www.culture-numerique.fr\/wp-content\/uploads\/2014\/04\/medium_3798659505-150x207.jpg 150w, https:\/\/www.culture-numerique.fr\/wp-content\/uploads\/2014\/04\/medium_3798659505-200x276.jpg 200w, https:\/\/www.culture-numerique.fr\/wp-content\/uploads\/2014\/04\/medium_3798659505-300x414.jpg 300w\" sizes=\"auto, (max-width: 310px) 100vw, 310px\" \/><\/a><\/p>\n<p><strong>Conf\u00e9rence de r\u00e9daction.<br \/>\n<\/strong>Une grande radio nationale, int\u00e9rieur jour, un sombre bureau, 10 h 15. Au mur, un poster d\u2019une biblioth\u00e8que de Vieira da Silva. On entend Pierre Lescure au loin qui cause \u00e0 la radio.<\/p>\n<p><span class=\"ellipsis\">&hellip;<\/span><\/p>\n<div class=\"read-more\"><a href=\"https:\/\/www.culture-numerique.fr\/?p=446\">Lire la suite &#8250;<\/a><\/div>\n<p><!-- end of .read-more --><\/p>\n","protected":false},"author":1,"featured_media":447,"comment_status":"open","ping_status":"open","sticky":false,"template":"","format":"standard","meta":{"jetpack_post_was_ever_published":false,"_jetpack_newsletter_access":"","_jetpack_dont_email_post_to_subs":true,"_jetpack_newsletter_tier_id":0,"_jetpack_memberships_contains_paywalled_content":false,"_jetpack_memberships_contains_paid_content":false,"footnotes":""},"categories":[295],"tags":[259,297,24,22,31,81,296],"class_list":["post-446","post","type-post","status-publish","format-standard","has-post-thumbnail","hentry","category-fictions","tag-adolescents","tag-coco","tag-facebook","tag-jeunes","tag-pratiques-des-jeunes","tag-pratiques-numeriques","tag-radios"],"jetpack_featured_media_url":"https:\/\/www.culture-numerique.fr\/wp-content\/uploads\/2014\/04\/medium_3798659505.jpg","jetpack_sharing_enabled":true,"_links":{"self":[{"href":"https:\/\/www.culture-numerique.fr\/index.php?rest_route=\/wp\/v2\/posts\/446","targetHints":{"allow":["GET"]}}],"collection":[{"href":"https:\/\/www.culture-numerique.fr\/index.php?rest_route=\/wp\/v2\/posts"}],"about":[{"href":"https:\/\/www.culture-numerique.fr\/index.php?rest_route=\/wp\/v2\/types\/post"}],"author":[{"embeddable":true,"href":"https:\/\/www.culture-numerique.fr\/index.php?rest_route=\/wp\/v2\/users\/1"}],"replies":[{"embeddable":true,"href":"https:\/\/www.culture-numerique.fr\/index.php?rest_route=%2Fwp%2Fv2%2Fcomments&post=446"}],"version-history":[{"count":5,"href":"https:\/\/www.culture-numerique.fr\/index.php?rest_route=\/wp\/v2\/posts\/446\/revisions"}],"predecessor-version":[{"id":5744,"href":"https:\/\/www.culture-numerique.fr\/index.php?rest_route=\/wp\/v2\/posts\/446\/revisions\/5744"}],"wp:featuredmedia":[{"embeddable":true,"href":"https:\/\/www.culture-numerique.fr\/index.php?rest_route=\/wp\/v2\/media\/447"}],"wp:attachment":[{"href":"https:\/\/www.culture-numerique.fr\/index.php?rest_route=%2Fwp%2Fv2%2Fmedia&parent=446"}],"wp:term":[{"taxonomy":"category","embeddable":true,"href":"https:\/\/www.culture-numerique.fr\/index.php?rest_route=%2Fwp%2Fv2%2Fcategories&post=446"},{"taxonomy":"post_tag","embeddable":true,"href":"https:\/\/www.culture-numerique.fr\/index.php?rest_route=%2Fwp%2Fv2%2Ftags&post=446"}],"curies":[{"name":"wp","href":"https:\/\/api.w.org\/{rel}","templated":true}]}}