{"id":44,"date":"2011-10-30T17:04:48","date_gmt":"2011-10-30T16:04:48","guid":{"rendered":"http:\/\/www.culture-numerique.fr\/?p=44"},"modified":"2023-07-11T09:21:54","modified_gmt":"2023-07-11T07:21:54","slug":"de-la-peur-comme-fonds-de-commerce","status":"publish","type":"post","link":"https:\/\/www.culture-numerique.fr\/?p=44","title":{"rendered":"De la peur comme fonds de commerce\u2026"},"content":{"rendered":"<p><strong><img loading=\"lazy\" decoding=\"async\" class=\"size-medium wp-image-45 alignleft\" src=\"http:\/\/www.culture-numerique.fr\/wp-content\/uploads\/2014\/04\/Scared_Child_at_Nighttime-240x300.jpg\" alt=\"Scared_Child_at_Nighttime\" width=\"240\" height=\"300\" srcset=\"https:\/\/www.culture-numerique.fr\/wp-content\/uploads\/2014\/04\/Scared_Child_at_Nighttime-240x300.jpg 240w, https:\/\/www.culture-numerique.fr\/wp-content\/uploads\/2014\/04\/Scared_Child_at_Nighttime-100x125.jpg 100w, https:\/\/www.culture-numerique.fr\/wp-content\/uploads\/2014\/04\/Scared_Child_at_Nighttime-150x187.jpg 150w, https:\/\/www.culture-numerique.fr\/wp-content\/uploads\/2014\/04\/Scared_Child_at_Nighttime-200x250.jpg 200w, https:\/\/www.culture-numerique.fr\/wp-content\/uploads\/2014\/04\/Scared_Child_at_Nighttime-300x375.jpg 300w, https:\/\/www.culture-numerique.fr\/wp-content\/uploads\/2014\/04\/Scared_Child_at_Nighttime-450x562.jpg 450w, https:\/\/www.culture-numerique.fr\/wp-content\/uploads\/2014\/04\/Scared_Child_at_Nighttime.jpg 500w\" sizes=\"auto, (max-width: 240px) 100vw, 240px\" \/>Tout m\u2019int\u00e9resse, vous me connaissez, <\/strong>en mati\u00e8re d\u2019\u00e9ducation aux m\u00e9dias num\u00e9riques.<\/p>\n<p>C\u2019est ainsi que j\u2019ai souscrit, entre autres, un abonnement au flux de l\u2019excellent site\u00a0<a title=\"a-brest\" href=\"http:\/\/www.a-brest.net\/\" target=\"_blank\" rel=\"noopener\">a-brest<\/a>\u00a0qui produit ou relaie des contenus habituellement fort int\u00e9ressants sur ces sujets.\u00a0L\u2019autre jour, je tombe sur\u00a0<a title=\"Pour conseiller les parents sur les dangers d'internet\" href=\"http:\/\/www.a-brest.net\/article8619.html\" target=\"_blank\" rel=\"noopener\">cet article<\/a>\u00a0qui reprend un article identique d\u00e9j\u00e0 publi\u00e9 sur le site de\u00a0<a title=\"Pour conseiller les parents sur les dangers d'internet\" href=\"http:\/\/www.artesi.artesi-idf.com\/public\/article.tpl?id=24536\" target=\"_blank\" rel=\"noopener\">l\u2019Artesi \u00cele-de-France<\/a>, lequel reprenait gaillardement une information du\u00a0secr\u00e9tariat d\u2019\u00c9tat charg\u00e9 de la Famille, laquelle, elle, ne m\u2019avait pas \u00e9chapp\u00e9.<\/p>\n<p>Bon, c\u2019est de la bonne communication centrale qui trouve des relais \u00e9tonnants et successifs dans les collectivit\u00e9s territoriales. Ces derni\u00e8res ne se posent aucune question\u00a0! Et c\u2019est justement \u00e7a qui m\u2019interroge\u2026<\/p>\n<h3><strong>Sur le fond, de quoi s\u2019agit-il\u00a0?<\/strong><\/h3>\n<p>Une non-information, ou plut\u00f4t la propagande habituelle, relay\u00e9e et subventionn\u00e9e par des pouvoirs publics complaisants, de la cr\u00e9ation par l\u2019<a title=\"e-Enfance\" href=\"http:\/\/www.e-enfance.org\/\" target=\"_blank\" rel=\"noopener\">association<\/a>\u00a0e-Enfance d\u2019un num\u00e9ro vert et de\u00a0la mise en ligne d\u2019un espace Internet\u00a0ouvert aux familles parce que, dit Claude Greff, la secr\u00e9taire d\u2019\u00c9tat, \u00ab\u00a0Internet v\u00e9hicule aussi le pire et les risques pour nos enfants sont r\u00e9els\u00a0\u00bb.<\/p>\n<p>Loin, tr\u00e8s loin, de proposer, comme elle le pr\u00e9tend, un programme p\u00e9dagogique d\u2019\u00e9ducation aux m\u00e9dias, cette association joue sur le registre des angoisses suppos\u00e9es des parents, entretenues parfois par des m\u00e9dias complaisants, pour faire son beurre id\u00e9ologique et attiser les peurs.<\/p>\n<p>Je cite\u00a0<a title=\"Les risques dinternet pour les enfants\" href=\"http:\/\/www.e-enfance.org\/enfant-internet.php?page=2&amp;theme=La-pr%C3%A9vention-des-risques\" target=\"_blank\" rel=\"noopener\">cette page<\/a>\u00a0assez exemplaire qui d\u00e9crit leur vision d\u2019Internet :<br \/>\n&#8211;\u00a0L\u2019exposition involontaire \u00e0 des images choquantes<br \/>\n&#8211;\u00a0Les pressions psychologiques<br \/>\n&#8211;\u00a0Les blogs diffamatoires<br \/>\n&#8211;\u00a0La divulgation des donn\u00e9es personnelles\u00a0: via les blogs et les chats<br \/>\n&#8211;\u00a0La consommation excessive\u00a0: notamment de jeux<\/p>\n<p>Si ces risques sont parfois r\u00e9els\u00a0\u2014 il n\u2019est pas question de les nier\u00a0\u2014, ils ne peuvent \u00eatre pr\u00e9sent\u00e9s ainsi, a priori, en l\u2019absence de tout autre travail pr\u00e9alable \u00e9ducatif sur la r\u00e9alit\u00e9 de l\u2019Internet, son fonctionnement, son histoire, les r\u00e9ussites \u00e9videntes, les modifications \u00e9minemment positives induites sur la soci\u00e9t\u00e9 et les rapports soci\u00e9taux, les enjeux relatifs \u00e0 l\u2019acquisition des connaissances et la construction des savoirs enfin.<\/p>\n<p>Faire de l\u2019\u00e9num\u00e9ration de ces risques parfois r\u00e9els, parfois fantasmatiques, un pr\u00e9alable obligatoire du questionnement des parents et des familles est un d\u00e9ni de l\u2019\u00e9ducation et un crime contre l\u2019enfance. Quel parent songerait \u00e0 conduire ses enfants en for\u00eat et ne leur parler que du loup\u00a0? Les fables jouent ce r\u00f4le, inutile de travestir ou de caricaturer la r\u00e9alit\u00e9\u00a0! Qui oserait, pour rester dans le m\u00eame milieu, expliquer ce qu\u2019est une amanite phallo\u00efde sans parler des c\u00e8pes et des bolets\u00a0? Comment des parents peuvent-ils ne parler du p\u00e8re No\u00ebl \u00e0 leurs jeunes enfants que comme celui qui pourrait, au coin de la rue, ouvrir grand son manteau rouge\u00a0? Caricature\u00a0? Oui, mais pas de mon c\u00f4t\u00e9, soyez-en certains\u2026<\/p>\n<p>Par ailleurs, toutes les \u00e9tudes r\u00e9centes, dont certaines sont mentionn\u00e9es de mani\u00e8re curieusement tr\u00e8s partielle par l\u2019association en question, ont montr\u00e9 que les jeunes, pour la grande majorit\u00e9 d\u2019entre eux, \u00e9taient capables maintenant, de mani\u00e8re plus intuitive et efficace, de pr\u00e9venir ces risques et, lorsqu\u2019ils y \u00e9taient expos\u00e9s, d\u2019avoir alors une r\u00e9action raisonn\u00e9e, responsable et adapt\u00e9e. En tout cas, plus responsable et r\u00e9fl\u00e9chie que les r\u00e9actions \u00e9pidermiques et effarouch\u00e9es de certains adultes\u2026<\/p>\n<p>Alors qu\u2019au plus haut sommet de l\u2019\u00c9tat, on cherche manifestement \u00e0\u00a0<a title=\"Nicolas Sarkozy lance les Journ\u00e9es du num\u00e9rique. Pour se r\u00e9concilier avec le net ?\" href=\"http:\/\/www.numerama.com\/magazine\/20378-nicolas-sarkozy-lance-les-journees-du-numerique-pour-se-reconcilier-avec-le-net.html\" target=\"_blank\" rel=\"noopener\">r\u00e9orienter la politique<\/a>\u00a0pour \u00ab\u00a0soutenir la r\u00e9volution num\u00e9rique\u00a0\u00bb et \u00ab\u00a0promouvoir les technologies de l\u2019information et de la communication\u00a0\u00bb, comment est-il possible de laisser les familles et les enfants \u00e0 l\u2019\u00e9cart en dressant entre eux et l\u2019Internet la barri\u00e8re et le traumatisme de la peur\u00a0?<\/p>\n<p>Cette antienne de la peur comme fonds de commerce, d\u00e9j\u00e0 \u00e9voqu\u00e9e dans un\u00a0<a title=\"De la p\u00e9dagogie... plus de 50 ans apr\u00e8s Freinet...\" href=\"http:\/\/gingko.neottia.net\/post\/11620209534\/de-la-pedagogie-plus-de-50-ans-apres-freinet\" target=\"_blank\" rel=\"noopener\">article pr\u00e9c\u00e9dent<\/a>,\u00a0n\u2019est pas la seule sp\u00e9cialit\u00e9 d\u2019e-Enfance. D\u2019autres associations, agences ou organisations ont bien vu le filon et revendent leurs prestations, \u00e0 force d\u2019un lobbying intrusif et tr\u00e8s actif notamment aupr\u00e8s des \u00e9lus, aux associations familiales, aux services \u00e9ducatifs, aux \u00e9coles et aux coll\u00e8ges sensibilis\u00e9s par le corps m\u00e9dical. En effet, ce sont souvent les infirmi\u00e8res, \u00e0 travers les\u00a0<a title=\"Comit\u00e9 d'\u00e9ducation \u00e0 la sant\u00e9 et \u00e0 la citoyennet\u00e9\" href=\"http:\/\/eduscol.education.fr\/cid46871\/comite-education-sante-citoyennete.html\" target=\"_blank\" rel=\"noopener\">CESC<\/a>, qui s\u2019int\u00e9ressent les premi\u00e8res \u00e0 Internet, dans les coll\u00e8ges et lyc\u00e9es de France, car elles traitent de celui-ci comme du tabac, de la drogue ou du Sida\u00a0! Voir \u00e0 ce sujet un ancien mais non moins\u00a0<a title=\"Internet et sida, m\u00eame prescription scolaire?\" href=\"http:\/\/www2.cndp.fr\/archivage\/valid\/92602\/92602-15237-19187.pdf\" target=\"_blank\" rel=\"noopener\">excellent article<\/a>.<\/p>\n<p>Certains m\u00e9dias, plus vigilants que d\u2019autres, avaient d\u00e9j\u00e0 relev\u00e9\u00a0<a title=\"Quand le minist\u00e8re de l'\u00e9ducation et ses partenaires donnent la le\u00e7on\" href=\"http:\/\/www.lemonde.fr\/old-societe\/article\/2005\/04\/07\/quand-le-ministere-de-l-education-et-ses-partenaires-donnent-la-lecon_635217_3226.html\" target=\"_blank\" rel=\"noopener\">l\u00e0<\/a>,\u00a0<a title=\"Pr\u00e9vention Internet au lyc\u00e9e : l'imposture.\" href=\"http:\/\/owni.fr\/2011\/03\/04\/prevention-internet-au-lycee-limposture\/\" target=\"_blank\" rel=\"noopener\">l\u00e0<\/a>\u00a0et\u00a0<a title=\"\u00c9ducation num\u00e9rique : quand une soci\u00e9t\u00e9 priv\u00e9e fait la le\u00e7on...\" href=\"http:\/\/owni.fr\/2011\/03\/28\/education-numerique-menage-des-salles-meme-combat-prive\/\" target=\"_blank\" rel=\"noopener\">l\u00e0<\/a>, que tout \u00e9tait bon pour vendre de la peur et du fantasme, en utilisant une rh\u00e9torique dont on aurait jamais imagin\u00e9 qu\u2019elle puisse \u00eatre re\u00e7ue de mani\u00e8re aussi servile et complaisante dans le monde de l\u2019\u00e9ducation.<\/p>\n<p>Il y a peu, afin de constituer un dossier documentaire relatif \u00e0 l\u2019identit\u00e9 num\u00e9rique, j\u2019ai not\u00e9 le\u00a0<a title=\"Quelle est notre identit\u00e9 sur le web ?\" href=\"http:\/\/crdp.ac-besancon.fr\/index.php?id=identite-numerique\" target=\"_blank\" rel=\"noopener\">remarquable travail<\/a>\u00a0r\u00e9alis\u00e9 par le CRDP de Besan\u00e7on sur le sujet. De nombreuses ressources sont ainsi rassembl\u00e9es, dont le fort utile et tr\u00e8s\u00a0<a title=\"Ma vie en num\u00e9rique\" href=\"http:\/\/www.ctoutnet.fr\/ma-vie-en-numerique\" target=\"_blank\" rel=\"noopener\">p\u00e9dagogique d\u00e9pliant<\/a>\u00a0M\u00e9motice du CRDP de Versailles\u00a0<em>Ma vie en num\u00e9rique<\/em>, ou encore le\u00a0<a title=\"Internet responsable\" href=\"http:\/\/eduscol.education.fr\/internet-responsable\/\" target=\"_blank\" rel=\"noopener\">portail<\/a>\u00a0<em>Internet responsable<\/em>\u00a0sur Eduscol, beaucoup plus mod\u00e9r\u00e9 et moins anxiog\u00e8ne. Il est vrai aussi, concernant ce dernier, comme d\u2019ailleurs le M\u00e9motice, qu\u2019on a daign\u00e9, \u00e0 un moment de leur conception, me demander mon avis\u2026<\/p>\n<p>A contrario, on trouve aussi dans ce dossier les fiches de la CNIL pour les jeunes, qui ne sait, elle aussi, parler aux jeunes qu\u2019en termes de peur et de traumatisme, voir\u00a0<a title=\"De la p\u00e9dagogie&amp; plus de 50 ans apr\u00e8s Freinet&amp;\" href=\"http:\/\/gingko.neottia.net\/post\/11620209534\/de-la-pedagogie-plus-de-50-ans-apres-freinet\" target=\"_blank\" rel=\"noopener\">mon pr\u00e9c\u00e9dent billet<\/a>, des r\u00e9f\u00e9rences \u00e0 une organisation suisse douteuse et adepte de cette rh\u00e9torique d\u00e9responsabilisante, voir ce\u00a0<a title=\"Quand Calysto passe au lyc\u00e9e, les \u00e9l\u00e8ves se demandent s'il ne faut pas arr\u00eater Internet !\" href=\"http:\/\/www.framablog.org\/index.php\/post\/2011\/02\/25\/calysto-education-internet\" target=\"_blank\" rel=\"noopener\">billet exemplaire<\/a>,\u00a0et, enfin, les stup\u00e9fiantes et navrantes vid\u00e9os produites par la pr\u00e9fecture de police de Paris et son service de communication, avec l\u2019aide de tout une pl\u00e9thore de bureaux, services et minist\u00e8res dont l\u2019acad\u00e9mie de Paris. C\u2019est le fonds interminist\u00e9riel pour la pr\u00e9vention de la d\u00e9linquance\u2026 (sic) qui a apport\u00e9 l\u2019argent\u00a0! Et c\u2019est la soci\u00e9t\u00e9\u00a0<strong>Temps noir<\/strong>\u00a0qui fait la production, c\u2019est vous dire\u00a0!<\/p>\n<p>Allez, on vous en montre une, sans craindre de faire de la publicit\u00e9, tant c\u2019est affligeant, d\u00e9cal\u00e9 des vraies pratiques des jeunes, incapable de r\u00e9pondre \u00e0 leurs attentes\u2026<\/p>\n<p><iframe loading=\"lazy\" src=\"http:\/\/www.dailymotion.com\/embed\/video\/xfstas\" width=\"480\" height=\"270\" frameborder=\"0\" allowfullscreen=\"allowfullscreen\"><\/iframe><br \/>\n<a href=\"http:\/\/www.dailymotion.com\/video\/xfstas_dangers-d-internet-la-photo-d-amelie_news\" target=\"_blank\" rel=\"noopener\">Dangers d&rsquo;internet, la photo d&rsquo;Amelie<\/a> <i>par <a href=\"http:\/\/www.dailymotion.com\/prefecturedepolice\" target=\"_blank\" rel=\"noopener\">prefecturedepolice<\/a><\/i><\/p>\n<p><span style=\"line-height: 1.5em;\">Il y a des jours comme \u00e7a o\u00f9, d\u00e9cid\u00e9ment, on se dit que l\u2019argent public est bien mal employ\u00e9\u2026<\/span><\/p>\n<p>Michel Guillou\u00a0<a title=\"Twitter\" href=\"https:\/\/twitter.com\/#!\/michelguillou\" target=\"_blank\" rel=\"noopener\">@michelguillou<\/a><\/p>\n<p><img loading=\"lazy\" decoding=\"async\" src=\"http:\/\/i.creativecommons.org\/l\/by-nc-sa\/2.0\/fr\/80x15.png\" alt=\"\" width=\"80\" height=\"15\" \/><\/p>\n<p>&nbsp;<\/p>\n","protected":false},"excerpt":{"rendered":"<p><strong><img loading=\"lazy\" decoding=\"async\" class=\"size-medium wp-image-45 alignleft\" src=\"http:\/\/www.culture-numerique.fr\/wp-content\/uploads\/2014\/04\/Scared_Child_at_Nighttime-240x300.jpg\" alt=\"Scared_Child_at_Nighttime\" width=\"240\" height=\"300\" srcset=\"https:\/\/www.culture-numerique.fr\/wp-content\/uploads\/2014\/04\/Scared_Child_at_Nighttime-240x300.jpg 240w, https:\/\/www.culture-numerique.fr\/wp-content\/uploads\/2014\/04\/Scared_Child_at_Nighttime-100x125.jpg 100w, https:\/\/www.culture-numerique.fr\/wp-content\/uploads\/2014\/04\/Scared_Child_at_Nighttime-150x187.jpg 150w, https:\/\/www.culture-numerique.fr\/wp-content\/uploads\/2014\/04\/Scared_Child_at_Nighttime-200x250.jpg 200w, https:\/\/www.culture-numerique.fr\/wp-content\/uploads\/2014\/04\/Scared_Child_at_Nighttime-300x375.jpg 300w, https:\/\/www.culture-numerique.fr\/wp-content\/uploads\/2014\/04\/Scared_Child_at_Nighttime-450x562.jpg 450w, https:\/\/www.culture-numerique.fr\/wp-content\/uploads\/2014\/04\/Scared_Child_at_Nighttime.jpg 500w\" sizes=\"auto, (max-width: 240px) 100vw, 240px\" \/>Tout m\u2019int\u00e9resse, vous me connaissez, <\/strong>en mati\u00e8re d\u2019\u00e9ducation aux m\u00e9dias num\u00e9riques.<\/p>\n<p>C\u2019est ainsi que j\u2019ai souscrit, entre autres, un abonnement au flux de l\u2019excellent site\u00a0<a title=\"a-brest\" href=\"http:\/\/www.a-brest.net\/\" target=\"_blank\" rel=\"noopener\">a-brest<\/a>\u00a0qui produit ou relaie des contenus habituellement fort int\u00e9ressants sur ces sujets.\u00a0<\/p>\n<p><span class=\"ellipsis\">&hellip;<\/span><\/p>\n<div class=\"read-more\"><a href=\"https:\/\/www.culture-numerique.fr\/?p=44\">Lire la suite &#8250;<\/a><\/div>\n<p><!-- end of .read-more --><\/p>\n","protected":false},"author":1,"featured_media":45,"comment_status":"open","ping_status":"open","sticky":false,"template":"","format":"standard","meta":{"jetpack_post_was_ever_published":false,"_jetpack_newsletter_access":"","_jetpack_dont_email_post_to_subs":true,"_jetpack_newsletter_tier_id":0,"_jetpack_memberships_contains_paywalled_content":false,"_jetpack_memberships_contains_paid_content":false,"footnotes":""},"categories":[9],"tags":[30,10],"class_list":["post-44","post","type-post","status-publish","format-standard","has-post-thumbnail","hentry","category-billets-dhumeur","tag-internet","tag-peur"],"jetpack_featured_media_url":"https:\/\/www.culture-numerique.fr\/wp-content\/uploads\/2014\/04\/Scared_Child_at_Nighttime.jpg","jetpack_sharing_enabled":true,"_links":{"self":[{"href":"https:\/\/www.culture-numerique.fr\/index.php?rest_route=\/wp\/v2\/posts\/44","targetHints":{"allow":["GET"]}}],"collection":[{"href":"https:\/\/www.culture-numerique.fr\/index.php?rest_route=\/wp\/v2\/posts"}],"about":[{"href":"https:\/\/www.culture-numerique.fr\/index.php?rest_route=\/wp\/v2\/types\/post"}],"author":[{"embeddable":true,"href":"https:\/\/www.culture-numerique.fr\/index.php?rest_route=\/wp\/v2\/users\/1"}],"replies":[{"embeddable":true,"href":"https:\/\/www.culture-numerique.fr\/index.php?rest_route=%2Fwp%2Fv2%2Fcomments&post=44"}],"version-history":[{"count":9,"href":"https:\/\/www.culture-numerique.fr\/index.php?rest_route=\/wp\/v2\/posts\/44\/revisions"}],"predecessor-version":[{"id":8282,"href":"https:\/\/www.culture-numerique.fr\/index.php?rest_route=\/wp\/v2\/posts\/44\/revisions\/8282"}],"wp:featuredmedia":[{"embeddable":true,"href":"https:\/\/www.culture-numerique.fr\/index.php?rest_route=\/wp\/v2\/media\/45"}],"wp:attachment":[{"href":"https:\/\/www.culture-numerique.fr\/index.php?rest_route=%2Fwp%2Fv2%2Fmedia&parent=44"}],"wp:term":[{"taxonomy":"category","embeddable":true,"href":"https:\/\/www.culture-numerique.fr\/index.php?rest_route=%2Fwp%2Fv2%2Fcategories&post=44"},{"taxonomy":"post_tag","embeddable":true,"href":"https:\/\/www.culture-numerique.fr\/index.php?rest_route=%2Fwp%2Fv2%2Ftags&post=44"}],"curies":[{"name":"wp","href":"https:\/\/api.w.org\/{rel}","templated":true}]}}