{"id":434,"date":"2012-11-27T22:15:18","date_gmt":"2012-11-27T20:15:18","guid":{"rendered":"http:\/\/www.culture-numerique.fr\/?p=434"},"modified":"2015-09-18T11:09:24","modified_gmt":"2015-09-18T09:09:24","slug":"que-font-les-adolescents-sur-internet","status":"publish","type":"post","link":"https:\/\/www.culture-numerique.fr\/?p=434","title":{"rendered":"Que font les adolescents sur Internet ?"},"content":{"rendered":"<p><a href=\"http:\/\/www.culture-numerique.fr\/wp-content\/uploads\/2014\/04\/medium_7554798818.jpg\"><img loading=\"lazy\" decoding=\"async\" class=\"wp-image-435 aligncenter\" src=\"http:\/\/www.culture-numerique.fr\/wp-content\/uploads\/2014\/04\/medium_7554798818.jpg\" alt=\"Ado\" width=\"844\" height=\"400\" srcset=\"https:\/\/www.culture-numerique.fr\/wp-content\/uploads\/2014\/04\/medium_7554798818.jpg 500w, https:\/\/www.culture-numerique.fr\/wp-content\/uploads\/2014\/04\/medium_7554798818-300x142.jpg 300w, https:\/\/www.culture-numerique.fr\/wp-content\/uploads\/2014\/04\/medium_7554798818-100x47.jpg 100w, https:\/\/www.culture-numerique.fr\/wp-content\/uploads\/2014\/04\/medium_7554798818-150x71.jpg 150w, https:\/\/www.culture-numerique.fr\/wp-content\/uploads\/2014\/04\/medium_7554798818-200x94.jpg 200w, https:\/\/www.culture-numerique.fr\/wp-content\/uploads\/2014\/04\/medium_7554798818-450x213.jpg 450w\" sizes=\"auto, (max-width: 844px) 100vw, 844px\" \/><\/a><\/p>\n<p><strong>Il y a deux mani\u00e8res d\u2019\u00e9voquer le sujet de l\u2019omnipr\u00e9sence des jeunes<\/strong> et, en particulier, des adolescents sur internet, et de leurs usages num\u00e9riques massifs tous m\u00e9diatiques ou peu s\u2019en faut.<\/p>\n<h4><strong>La premi\u00e8re est maintenant bien connue et j\u2019en ai d\u00e9crit quelques d\u00e9clinaisons ici-m\u00eame<\/strong><\/h4>\n<p>Rappelez-vous, j\u2019ai longuement parl\u00e9 dans cet article \u00ab\u00a0\u00a0<a style=\"color: #2c32f6;\" href=\"http:\/\/gingko.neottia.net\/post\/11620209534\/de-la-pedagogie-plus-de-50-ans-apres-freinet\" target=\"_blank\">De la p\u00e9dagogie\u2026 plus de 50 ans apr\u00e8s Freinet\u2026\u00a0<\/a>\u00bb des curieux et d\u00e9concertants conseils de la CNIL aux jeunes. Dans cet autre article \u00ab\u00a0<a style=\"color: #2c32f6;\" title=\"De la peur comme fonds de commerce&amp;\" href=\"http:\/\/gingko.neottia.net\/post\/12110508877\/de-la-peur-comme-fonds-de-commerce\" target=\"_blank\">De la peur comme fonds de commerce\u2026<\/a>\u00a0\u00bb, j\u2019ai rapport\u00e9 les m\u00e9thodes tr\u00e8s particuli\u00e8res de certaines officines labellis\u00e9es ainsi d\u2019ailleurs que de la Pr\u00e9fecture de police. Dans ce troisi\u00e8me article \u00ab\u00a0<a style=\"color: #2c32f6;\" title=\"Internet\u00a0: quand les Belges nous font la le\u00e7on&amp;\" href=\"http:\/\/gingko.neottia.net\/post\/14664554864\/internet-quand-les-belges-nous-font-la-lecon\" target=\"_blank\">Internet\u00a0: quand les Belges nous font la le\u00e7on\u2026<\/a>\u00a0\u00bb\u00a0je mettais en \u00e9vidence un aspect du consensus politico-m\u00e9diatique sur le sujet dans une \u00e9mission o\u00f9, pourtant, on pouvait attendre plus de raison et de discernement. Dans cet autre article, enfin, \u00ab\u00a0<a style=\"color: #2c32f6;\" title=\"Pratiques num\u00e9riques m\u00e9diatiques des jeunes, la peur ou la raison&amp;\" href=\"http:\/\/gingko.neottia.net\/post\/15189980695\/pratiques-numeriques-mediatiques-des-jeunes-la-peur-ou\" target=\"_blank\">Pratiques num\u00e9riques m\u00e9diatiques des jeunes, la peur ou la raison\u2026<\/a>\u00a0\u00bb je faisais part des partis pris consternants d\u2019un colloque national organis\u00e9 sur le sujet qui nous occupe. J\u2019ai aussi \u00e9voqu\u00e9, \u00e0 plusieurs reprises, les d\u00e9g\u00e2ts occasionn\u00e9s par les prises de position ineptes de certains services de l\u2019\u00c9tat, \u00e0 commencer par les services de sant\u00e9 de l\u2019\u00c9ducation nationale qui se piquent de parler avec les \u00e9l\u00e8ves d\u2019Internet comme on parle des maladies sexuellement transmissibles.<\/p>\n<p>Et puis il y a cette curieuse campagne du D\u00e9fenseur des enfants qui confond tout, voir \u00ab\u00a0<a style=\"color: #2c32f6;\" title=\"\u00c9crans\u00a0: la synecdoque a bon dos\" href=\"http:\/\/gingko.neottia.net\/post\/36174241885\/la-synecdoque-a-bon-dos\" target=\"_blank\">\u00c9crans\u00a0: la synecdoque a bon dos<\/a>\u00a0\u00bb.<\/p>\n<p>Tout r\u00e9cemment encore, deux \u00e9missions, l\u2019une un matin sur France-Inter \u2014 j\u2019ai r\u00e9dig\u00e9 pour rire une courte parodie de la conf\u00e9rence de r\u00e9daction qui l\u2019a pr\u00e9c\u00e9d\u00e9e dans cet article \u00ab\u00a0<a style=\"color: #2c32f6;\" title=\"Bon, Coco, tu nous fais un sujet sur les jeunes, hein&amp; \" href=\"http:\/\/gingko.neottia.net\/post\/35870719639\/bon-coco-tu-nous-fais-un-sujet-sur-les-jeunes\" target=\"_blank\">Bon, Coco, tu nous fais un sujet sur les jeunes, hein\u2026<\/a>\u00a0\u00bb\u00a0\u2014, l\u2019autre dans\u00a0<em>La nouvelle \u00e9dition<\/em>\u00a0sur Canal plus, ont montr\u00e9 l\u2019incapacit\u00e9 des m\u00e9dias \u00e0 pr\u00e9senter \u00e0 leur auditoire autre chose que des clich\u00e9s convenus et des arguments naus\u00e9abonds.<\/p>\n<p>Qu\u2019est-ce qui peut bien motiver toutes ces actions\u00a0? \u00c0 mon avis, trois \u00e9l\u00e9ments peuvent \u00eatre rapidement identifi\u00e9s et avanc\u00e9s\u00a0: l\u2019inculture crasse ou ignorance, l\u2019app\u00e2t du gain ou de la notori\u00e9t\u00e9, le go\u00fbt du pouvoir enfin, les deux derniers \u00e9tant souvent \u00e9videmment li\u00e9s. Je ne vais pas d\u00e9tailler, pour chacune des entit\u00e9s mentionn\u00e9es\u00a0<em>supra<\/em>, services de l\u2019\u00c9tat, officines priv\u00e9es, m\u00e9dias, ce qui a pr\u00e9cis\u00e9ment motiv\u00e9 les navrantes initiatives qu\u2019ils ont prises. Non, je vais me contenter de rappeler que toutes, sans exception, ont, de fait, contribu\u00e9 \u00e0 attiser les peurs, remuer la fange et manipuler l\u2019opinion\u2026 Un aspect de cette m\u00e9diocre communication est particuli\u00e8rement insupportable qui consiste \u00e0 semer l\u2019effroi en pr\u00e9sentant l\u2019Internet comme le repaire commun des terroristes, des p\u00e9dophiles et de tous les d\u00e9viants.\u00a0Rien de tr\u00e8s ragoutant.<\/p>\n<p><a href=\"http:\/\/www.culture-numerique.fr\/wp-content\/uploads\/2014\/04\/Flyer-EAM-3.png\"><img loading=\"lazy\" decoding=\"async\" class=\"wp-image-436 alignright\" src=\"http:\/\/www.culture-numerique.fr\/wp-content\/uploads\/2014\/04\/Flyer-EAM-3.png\" alt=\"Flyer-EAM-3\" width=\"342\" height=\"1148\" srcset=\"https:\/\/www.culture-numerique.fr\/wp-content\/uploads\/2014\/04\/Flyer-EAM-3.png 400w, https:\/\/www.culture-numerique.fr\/wp-content\/uploads\/2014\/04\/Flyer-EAM-3-89x300.png 89w, https:\/\/www.culture-numerique.fr\/wp-content\/uploads\/2014\/04\/Flyer-EAM-3-100x335.png 100w, https:\/\/www.culture-numerique.fr\/wp-content\/uploads\/2014\/04\/Flyer-EAM-3-150x503.png 150w, https:\/\/www.culture-numerique.fr\/wp-content\/uploads\/2014\/04\/Flyer-EAM-3-200x671.png 200w, https:\/\/www.culture-numerique.fr\/wp-content\/uploads\/2014\/04\/Flyer-EAM-3-300x1007.png 300w\" sizes=\"auto, (max-width: 342px) 100vw, 342px\" \/><\/a><\/p>\n<h4><strong>La deuxi\u00e8me mani\u00e8re de prendre en compte, d\u2019analyser et de comprendre ces usages s\u2019appelle \u00ab\u00a0\u00e9ducation\u00a0\u00bb<\/strong><\/h4>\n<p>De ce point de vue, je voudrais saluer ici l\u2019initiative renouvel\u00e9e des coll\u00e8gues en charge, dans la Mission Tice de l\u2019acad\u00e9mie de Versailles, de l\u2019accompagnement du num\u00e9rique \u00e9ducatif. Eux ont compris, depuis longtemps, qu\u2019il n\u2019est de bon engagement dans le num\u00e9rique qu\u2019accompagn\u00e9 de la compr\u00e9hension raisonn\u00e9e des usages des jeunes. Eux ont compris que les probl\u00e8mes li\u00e9s \u00e0 ces usages \u2014 il n\u2019est toujours pas question de les nier \u2014 ne peuvent \u00eatre \u00e9voqu\u00e9s de mani\u00e8re r\u00e9fl\u00e9chie et sens\u00e9e que si on se pr\u00e9occupe d\u2019abord d\u2019encourager et de promouvoir les bonnes pratiques, dans une perspective d\u2019acc\u00e8s \u00e0 l\u2019autonomie et \u00e0 la responsabilit\u00e9, d\u2019une part, \u00e0 une meilleure int\u00e9gration du num\u00e9rique dans la p\u00e9dagogie, d\u2019autre part. Eux ont compris enfin que les pr\u00e9occupations \u00e9ducatives sont plus faciles \u00e0 d\u00e9brouiller si elles sont partag\u00e9es entre les parents et les p\u00e9dagogues.<\/p>\n<p>\u00c0 cet effet, ils proposent aux \u00e9tablissements, coll\u00e8ges et lyc\u00e9es de l\u2019acad\u00e9mie, une conf\u00e9rence-d\u00e9bat gratuite o\u00f9 sont invit\u00e9s, souvent le soir, professeurs et parents. Un diaporama (d\u00e8s qu\u2019il est finalis\u00e9, je vous mets ici le lien) est pr\u00e9sent\u00e9 ainsi que des vid\u00e9os et un d\u00e9bat est engag\u00e9 pour mieux comprendre les enjeux li\u00e9s \u00e0 ces usages et \u00e0 la mani\u00e8re \u00e9ventuelle de r\u00e9soudre les probl\u00e8mes, \u00e0 l\u2019\u00e9cole et \u00e0 la maison.<\/p>\n<p>Un document, voir ci-contre, a \u00e9t\u00e9 \u00e9labor\u00e9 qui permet de promouvoir ce dispositif int\u00e9gr\u00e9 au plan acad\u00e9mique de formation. Ce document est diffus\u00e9 via un r\u00e9seau de conseillers locaux aux chefs d\u2019\u00e9tablissement et \u00e0 leurs collaborateurs qui choisissent les actions \u00e0 mettre en place dans\u00a0l\u2019\u00e9tablissement.<\/p>\n<p>Depuis cette ann\u00e9e, une\u00a0<a style=\"color: #2c32f6;\" href=\"http:\/\/www.paf.ac-versailles.fr\/fiche.asp?id=32434\" target=\"_blank\">formation compl\u00e9mentaire<\/a>\u00a0est propos\u00e9e dans le\u00a0prolongement de la conf\u00e9rence, sous la forme plus traditionnelle d\u2019un stage en\u00a0\u00e9tablissement n\u00e9goci\u00e9 avec l\u2019\u00e9quipe \u00e9ducative qui a suivi pr\u00e9alablement la conf\u00e9rence-d\u00e9bat.<\/p>\n<p><img decoding=\"async\" class=\"aligncenter\" src=\"http:\/\/media.tumblr.com\/tumblr_me49o3oHGY1r0uc0h.jpg\" alt=\"\" \/><\/p>\n<p>L\u2019ensemble de cette d\u00e9marche est l\u2019exact contraire de ce qui a \u00e9t\u00e9 indiqu\u00e9 dans les premi\u00e8res lignes de ce billet quant aux postures habituelles des m\u00e9dias, des organismes, associations et officines qui se targuent d\u2019\u00e9ducation et ne font en fait que g\u00e9n\u00e9raliser l\u2019exception, faire des amalgames et accumuler les lieux communs.<\/p>\n<p>En pr\u00e9sentant d\u2019embl\u00e9e de mani\u00e8re positive le num\u00e9rique et ses potentialit\u00e9s, l\u2019Internet et ses fantastiques ressources encyclop\u00e9diques et soci\u00e9tales, en n\u2019\u00e9ludant pas ensuite les difficult\u00e9s li\u00e9es au choc culturel qui se posent \u00e0 tous les \u00e9ducateurs, ceux de l\u2019\u00e9cole et les parents, en tentant de les r\u00e9soudre ensemble de mani\u00e8re raisonn\u00e9e et d\u00e9passionn\u00e9e, les formateurs versaillais font \u00e9videmment le bon choix.<\/p>\n<p>Ces deux m\u00e9thodes sont radicalement diff\u00e9rentes. La distance qui les s\u00e9pare est la manifestation d\u2019une diff\u00e9rence fondamentale, un vrai choix \u00e9ducatif et de soci\u00e9t\u00e9. Entre la peur qui paralyse et la raison qui grandit, mon choix sera toujours le m\u00eame.<\/p>\n<p>Michel Guillou\u00a0<a style=\"color: #2c32f6;\" title=\"Twitter\" href=\"https:\/\/twitter.com\/#!\/michelguillou\" target=\"_blank\">@michelguillou<\/a><\/p>\n<p><a style=\"color: #2c32f6;\" href=\"http:\/\/creativecommons.org\/licenses\/by-nc-sa\/2.0\/fr\/\" target=\"_blank\"><img loading=\"lazy\" decoding=\"async\" src=\"http:\/\/i.creativecommons.org\/l\/by-nc-sa\/2.0\/fr\/80x15.png\" alt=\"\" width=\"80\" height=\"15\" \/><\/a><\/p>\n<p>Cr\u00e9dit photo\u00a0:\u00a0<a style=\"color: #2c32f6;\" href=\"http:\/\/www.flickr.com\/photos\/jamesackerley\/7554798818\/\" target=\"_blank\">MrJamesAckerley<\/a>\u00a0via\u00a0<a style=\"color: #2c32f6;\" href=\"http:\/\/photopin.com\/\" target=\"_blank\">photopin<\/a>\u00a0<a style=\"color: #2c32f6;\" href=\"http:\/\/creativecommons.org\/licenses\/by\/2.0\/\" target=\"_blank\">cc<\/a><\/p>\n","protected":false},"excerpt":{"rendered":"<p><a href=\"http:\/\/www.culture-numerique.fr\/wp-content\/uploads\/2014\/04\/medium_7554798818.jpg\"><img loading=\"lazy\" decoding=\"async\" class=\"wp-image-435 aligncenter\" src=\"http:\/\/www.culture-numerique.fr\/wp-content\/uploads\/2014\/04\/medium_7554798818.jpg\" alt=\"Ado\" width=\"844\" height=\"400\" srcset=\"https:\/\/www.culture-numerique.fr\/wp-content\/uploads\/2014\/04\/medium_7554798818.jpg 500w, https:\/\/www.culture-numerique.fr\/wp-content\/uploads\/2014\/04\/medium_7554798818-300x142.jpg 300w, https:\/\/www.culture-numerique.fr\/wp-content\/uploads\/2014\/04\/medium_7554798818-100x47.jpg 100w, https:\/\/www.culture-numerique.fr\/wp-content\/uploads\/2014\/04\/medium_7554798818-150x71.jpg 150w, https:\/\/www.culture-numerique.fr\/wp-content\/uploads\/2014\/04\/medium_7554798818-200x94.jpg 200w, https:\/\/www.culture-numerique.fr\/wp-content\/uploads\/2014\/04\/medium_7554798818-450x213.jpg 450w\" sizes=\"auto, (max-width: 844px) 100vw, 844px\" \/><\/a><\/p>\n<p><strong>Il y a deux mani\u00e8res d\u2019\u00e9voquer le sujet de l\u2019omnipr\u00e9sence des jeunes<\/strong> et, en particulier, des adolescents sur internet, et de leurs usages num\u00e9riques massifs tous m\u00e9diatiques ou peu s\u2019en faut.<\/p>\n<p><strong>La premi\u00e8re est maintenant bien connue et j\u2019en ai d\u00e9crit quelques d\u00e9clinaisons ici-m\u00eame<\/strong><\/p>\n<p>Rappelez-vous,<\/p>\n<p><span class=\"ellipsis\">&hellip;<\/span><\/p>\n<div class=\"read-more\"><a href=\"https:\/\/www.culture-numerique.fr\/?p=434\">Lire la suite &#8250;<\/a><\/div>\n<p><!-- end of .read-more --><\/p>\n","protected":false},"author":1,"featured_media":435,"comment_status":"open","ping_status":"open","sticky":false,"template":"","format":"standard","meta":{"jetpack_post_was_ever_published":false,"_jetpack_newsletter_access":"","_jetpack_dont_email_post_to_subs":false,"_jetpack_newsletter_tier_id":0,"_jetpack_memberships_contains_paywalled_content":false,"_jetpack_memberships_contains_paid_content":false,"footnotes":""},"categories":[9],"tags":[259,291,40,30,2,10,12],"class_list":["post-434","post","type-post","status-publish","format-standard","has-post-thumbnail","hentry","category-billets-dhumeur","tag-adolescents","tag-conference-debat","tag-formation","tag-internet","tag-numerique","tag-peur","tag-pouvoir"],"jetpack_featured_media_url":"https:\/\/www.culture-numerique.fr\/wp-content\/uploads\/2014\/04\/medium_7554798818.jpg","jetpack_sharing_enabled":true,"_links":{"self":[{"href":"https:\/\/www.culture-numerique.fr\/index.php?rest_route=\/wp\/v2\/posts\/434","targetHints":{"allow":["GET"]}}],"collection":[{"href":"https:\/\/www.culture-numerique.fr\/index.php?rest_route=\/wp\/v2\/posts"}],"about":[{"href":"https:\/\/www.culture-numerique.fr\/index.php?rest_route=\/wp\/v2\/types\/post"}],"author":[{"embeddable":true,"href":"https:\/\/www.culture-numerique.fr\/index.php?rest_route=\/wp\/v2\/users\/1"}],"replies":[{"embeddable":true,"href":"https:\/\/www.culture-numerique.fr\/index.php?rest_route=%2Fwp%2Fv2%2Fcomments&post=434"}],"version-history":[{"count":5,"href":"https:\/\/www.culture-numerique.fr\/index.php?rest_route=\/wp\/v2\/posts\/434\/revisions"}],"predecessor-version":[{"id":3980,"href":"https:\/\/www.culture-numerique.fr\/index.php?rest_route=\/wp\/v2\/posts\/434\/revisions\/3980"}],"wp:featuredmedia":[{"embeddable":true,"href":"https:\/\/www.culture-numerique.fr\/index.php?rest_route=\/wp\/v2\/media\/435"}],"wp:attachment":[{"href":"https:\/\/www.culture-numerique.fr\/index.php?rest_route=%2Fwp%2Fv2%2Fmedia&parent=434"}],"wp:term":[{"taxonomy":"category","embeddable":true,"href":"https:\/\/www.culture-numerique.fr\/index.php?rest_route=%2Fwp%2Fv2%2Fcategories&post=434"},{"taxonomy":"post_tag","embeddable":true,"href":"https:\/\/www.culture-numerique.fr\/index.php?rest_route=%2Fwp%2Fv2%2Ftags&post=434"}],"curies":[{"name":"wp","href":"https:\/\/api.w.org\/{rel}","templated":true}]}}