{"id":4307,"date":"2015-12-04T19:28:56","date_gmt":"2015-12-04T18:28:56","guid":{"rendered":"http:\/\/www.culture-numerique.fr\/?p=4307"},"modified":"2016-08-30T14:12:11","modified_gmt":"2016-08-30T12:12:11","slug":"lecole-est-entree-dans-lere-numerique-la-preuve","status":"publish","type":"post","link":"https:\/\/www.culture-numerique.fr\/?p=4307","title":{"rendered":"L&rsquo;\u00e9cole num\u00e9rique est bien dans la seule poche de ses \u00e9l\u00e8ves"},"content":{"rendered":"<p><img loading=\"lazy\" decoding=\"async\" class=\"aligncenter wp-image-4311\" src=\"http:\/\/www.culture-numerique.fr\/wp-content\/uploads\/2015\/11\/mobile-social-hero.jpg\" alt=\"Mobile ado\" width=\"1025\" height=\"488\" srcset=\"https:\/\/www.culture-numerique.fr\/wp-content\/uploads\/2015\/11\/mobile-social-hero.jpg 907w, https:\/\/www.culture-numerique.fr\/wp-content\/uploads\/2015\/11\/mobile-social-hero-300x143.jpg 300w, https:\/\/www.culture-numerique.fr\/wp-content\/uploads\/2015\/11\/mobile-social-hero-100x48.jpg 100w, https:\/\/www.culture-numerique.fr\/wp-content\/uploads\/2015\/11\/mobile-social-hero-150x71.jpg 150w, https:\/\/www.culture-numerique.fr\/wp-content\/uploads\/2015\/11\/mobile-social-hero-200x95.jpg 200w, https:\/\/www.culture-numerique.fr\/wp-content\/uploads\/2015\/11\/mobile-social-hero-450x214.jpg 450w, https:\/\/www.culture-numerique.fr\/wp-content\/uploads\/2015\/11\/mobile-social-hero-600x286.jpg 600w, https:\/\/www.culture-numerique.fr\/wp-content\/uploads\/2015\/11\/mobile-social-hero-900x429.jpg 900w\" sizes=\"auto, (max-width: 1025px) 100vw, 1025px\" \/><\/p>\n<p><strong>L&rsquo;automne nous apporte<\/strong>, ann\u00e9e apr\u00e8s ann\u00e9e, les r\u00e9sultats de l&rsquo;enqu\u00eate dite \u00ab\u00a0<a href=\"http:\/\/www.credoc.fr\/pdf\/Rapp\/R324.pdf\" target=\"_blank\">Barom\u00e8tre du num\u00e9rique 2015<\/a>\u00a0\u00bb du <a href=\"http:\/\/www.credoc.fr\/\" target=\"_blank\">Credoc<\/a>. La presse s&rsquo;en est fait tr\u00e8s largement l&rsquo;\u00e9cho et n&rsquo;a pas manqu\u00e9 l&rsquo;occasion de rep\u00e9rer les \u00e9volutions majeures qui touchent au plus profond les comportements des Fran\u00e7ais en mati\u00e8re de num\u00e9rique. Centr\u00e9e sur les usages\u00a0\u2014\u00a0en haut lieu, on consid\u00e8re que chaque Fran\u00e7ais est un <strong>usager consommateur<\/strong> avant d&rsquo;\u00eatre un <strong>citoyen acteur<\/strong>\u00a0\u2014, cette nouvelle enqu\u00eate questionne\u00a0aussi bien s\u00fbr le nombre et la nature des \u00e9quipements.<\/p>\n<h3>Plus d&rsquo;un Fran\u00e7ais sur deux poss\u00e8de aujourd&rsquo;hui un\u00a0\u00ab\u00a0smartphone\u00a0\u00bb<\/h3>\n<p><img loading=\"lazy\" decoding=\"async\" class=\"aligncenter size-full wp-image-4350\" src=\"http:\/\/www.culture-numerique.fr\/wp-content\/uploads\/2015\/12\/2015-12-04_171221.png\" alt=\"Credoc \u00e9quipement des Fran\u00e7ais\" width=\"671\" height=\"396\" srcset=\"https:\/\/www.culture-numerique.fr\/wp-content\/uploads\/2015\/12\/2015-12-04_171221.png 671w, https:\/\/www.culture-numerique.fr\/wp-content\/uploads\/2015\/12\/2015-12-04_171221-300x177.png 300w, https:\/\/www.culture-numerique.fr\/wp-content\/uploads\/2015\/12\/2015-12-04_171221-100x59.png 100w, https:\/\/www.culture-numerique.fr\/wp-content\/uploads\/2015\/12\/2015-12-04_171221-150x89.png 150w, https:\/\/www.culture-numerique.fr\/wp-content\/uploads\/2015\/12\/2015-12-04_171221-200x118.png 200w, https:\/\/www.culture-numerique.fr\/wp-content\/uploads\/2015\/12\/2015-12-04_171221-450x266.png 450w, https:\/\/www.culture-numerique.fr\/wp-content\/uploads\/2015\/12\/2015-12-04_171221-600x354.png 600w\" sizes=\"auto, (max-width: 671px) 100vw, 671px\" \/><\/p>\n<p>Les donn\u00e9es rassembl\u00e9es ci-dessus montrent bien la tendance tr\u00e8s fortement croissante de l&rsquo;\u00e9quipement chez soi en \u00ab\u00a0smartphones\u00a0\u00bb et en tablettes num\u00e9riques, p\u00e9riph\u00e9riques qui permettent tous les deux d&rsquo;acc\u00e9der en ligne \u00e0 l&rsquo;information, aux services, \u00e0 la consommation mais aussi <strong>\u00e0 la culture, aux loisirs, \u00e0 l&rsquo;\u00e9ducation<\/strong>\u2026 De mani\u00e8re assez logique, cet accroissement de la mobilit\u00e9 s&rsquo;accompagne d&rsquo;une baisse du nombre d&rsquo;ordinateurs fixes \u00e0 la maison. Bien entendu, le taux d&rsquo;\u00e9quipement en t\u00e9l\u00e9phonie mobile est bien plus important, atteignant aujourd&rsquo;hui 92\u00a0%. <strong>Ainsi, presque deux t\u00e9l\u00e9phones sur trois sont des\u00a0\u00ab\u00a0smartphones\u00a0\u00bb<\/strong>.<\/p>\n<p><img loading=\"lazy\" decoding=\"async\" class=\"aligncenter size-full wp-image-4354\" src=\"http:\/\/www.culture-numerique.fr\/wp-content\/uploads\/2015\/12\/2015-12-04_174129.png\" alt=\"R\u00e9partition t\u00e9l\u00e9phones\" width=\"629\" height=\"356\" srcset=\"https:\/\/www.culture-numerique.fr\/wp-content\/uploads\/2015\/12\/2015-12-04_174129.png 629w, https:\/\/www.culture-numerique.fr\/wp-content\/uploads\/2015\/12\/2015-12-04_174129-300x170.png 300w, https:\/\/www.culture-numerique.fr\/wp-content\/uploads\/2015\/12\/2015-12-04_174129-100x57.png 100w, https:\/\/www.culture-numerique.fr\/wp-content\/uploads\/2015\/12\/2015-12-04_174129-150x85.png 150w, https:\/\/www.culture-numerique.fr\/wp-content\/uploads\/2015\/12\/2015-12-04_174129-200x113.png 200w, https:\/\/www.culture-numerique.fr\/wp-content\/uploads\/2015\/12\/2015-12-04_174129-450x255.png 450w, https:\/\/www.culture-numerique.fr\/wp-content\/uploads\/2015\/12\/2015-12-04_174129-600x340.png 600w\" sizes=\"auto, (max-width: 629px) 100vw, 629px\" \/><\/p>\n<p>Le Cr\u00e9doc s&rsquo;int\u00e9resse ensuite logiquement au taux d\u2019\u00e9quipement en fonction de l\u2019\u00e2ge. Ainsi, les jeunes, entre 12 et 17 ans, sont massivement \u00e9quip\u00e9s de t\u00e9l\u00e9phones, pour <strong>93\u00a0%<\/strong> d&rsquo;entre eux, ce taux atteignant 98\u00a0% entre 18 et 24 ans. Le nombre de\u00a0\u00ab\u00a0smartphones\u00a0\u00bb est proportionnellement plus important dans ces cat\u00e9gories d&rsquo;\u00e2ge puisqu&rsquo;il atteint <strong>81\u00a0% de 12 \u00e0 17 ans<\/strong> et 90\u00a0% entre 18 et 24 ans.<\/p>\n<p><img loading=\"lazy\" decoding=\"async\" class=\"size-full wp-image-4356 aligncenter\" src=\"http:\/\/www.culture-numerique.fr\/wp-content\/uploads\/2015\/12\/2015-12-04_174702.png\" alt=\"T\u00e9l\u00e9phonie\" width=\"324\" height=\"199\" srcset=\"https:\/\/www.culture-numerique.fr\/wp-content\/uploads\/2015\/12\/2015-12-04_174702.png 324w, https:\/\/www.culture-numerique.fr\/wp-content\/uploads\/2015\/12\/2015-12-04_174702-300x184.png 300w, https:\/\/www.culture-numerique.fr\/wp-content\/uploads\/2015\/12\/2015-12-04_174702-100x61.png 100w, https:\/\/www.culture-numerique.fr\/wp-content\/uploads\/2015\/12\/2015-12-04_174702-150x92.png 150w, https:\/\/www.culture-numerique.fr\/wp-content\/uploads\/2015\/12\/2015-12-04_174702-200x123.png 200w\" sizes=\"auto, (max-width: 324px) 100vw, 324px\" \/>\u00a0<img loading=\"lazy\" decoding=\"async\" class=\"size-full wp-image-4357 aligncenter\" src=\"http:\/\/www.culture-numerique.fr\/wp-content\/uploads\/2015\/12\/2015-12-04_174456.png\" alt=\"T\u00e9l\u00e9phonie smartphones\" width=\"323\" height=\"218\" srcset=\"https:\/\/www.culture-numerique.fr\/wp-content\/uploads\/2015\/12\/2015-12-04_174456.png 323w, https:\/\/www.culture-numerique.fr\/wp-content\/uploads\/2015\/12\/2015-12-04_174456-300x202.png 300w, https:\/\/www.culture-numerique.fr\/wp-content\/uploads\/2015\/12\/2015-12-04_174456-100x67.png 100w, https:\/\/www.culture-numerique.fr\/wp-content\/uploads\/2015\/12\/2015-12-04_174456-150x101.png 150w, https:\/\/www.culture-numerique.fr\/wp-content\/uploads\/2015\/12\/2015-12-04_174456-200x135.png 200w\" sizes=\"auto, (max-width: 323px) 100vw, 323px\" \/><\/p>\n<p>L&rsquo;\u00e9quipement de cette cat\u00e9gorie d&rsquo;\u00e2ge, dont il faut rappeler que ce sont, le plus souvent et notamment pour les jeunes d&rsquo;entre eux, les parents qui en sont \u00e0 l&rsquo;initiative, est massif, bien entendu, mais aussi massivement constitu\u00e9 de terminaux\u00a0autonomes capables d&rsquo;autoriser toutes sortes de formes de communication nomade et d&rsquo;\u00e9changes de donn\u00e9es.<\/p>\n<p>Bien s\u00fbr, il suffit d&rsquo;observer le comportement des jeunes et des \u00e9l\u00e8ves dans les transports en commun, aux portes des coll\u00e8ges ou des lyc\u00e9es, dans tous les lieux publics ou \u00e0 la maison pour ne pas \u00eatre surpris par ces donn\u00e9es. Les observations relatives aux pratiques des jeunes montrent \u00e9galement une augmentation consid\u00e9rable des activit\u00e9s li\u00e9es \u00e0 l&rsquo;acc\u00e8s \u00e0 l&rsquo;information, <strong>via les tous r\u00e9seaux sociaux dont ils sont particuli\u00e8rement participants et contributeurs<\/strong>.<\/p>\n<p><img loading=\"lazy\" decoding=\"async\" class=\"size-medium wp-image-4338 alignright\" src=\"http:\/\/www.culture-numerique.fr\/wp-content\/uploads\/2015\/12\/17471462035_e7eaa1bece_o-300x169.jpg\" alt=\"Smartphone\" width=\"300\" height=\"169\" \/>Une chose est certaine\u00a0: il est vain aujourd&rsquo;hui de vouloir priver un adolescent de ce prolongement de soi qui contribue tr\u00e8s fortement, mais pour sa part, \u00e0 sa socialisation et \u00e0 son \u00e9panouissement et lui permet d&rsquo;acc\u00e9der \u00e0 toutes les connaissances du monde, comme jamais aucune biblioth\u00e8que n&rsquo;avait pu le faire. On se dit alors qu&rsquo;il ne manque plus \u00e0 l&rsquo;\u00e9cole que de<strong> saisir l&rsquo;opportunit\u00e9<\/strong> qui se pr\u00e9sente et de tout mettre en \u0153uvre pour contribuer \u00e0 transformer ces connaissances parsem\u00e9es, confuses, sans contexte, en savoirs pertinents et en comp\u00e9tences adapt\u00e9es aux besoins de l&rsquo;\u00e9cole et de la soci\u00e9t\u00e9, telle qu&rsquo;elle est aujourd&rsquo;hui.<\/p>\n<p>On se dit que tout est possible, qu&rsquo;il y a dans les enseignements, les dispositifs, les programmes de quoi saisir cette chance, quitte \u00e0 ce que l&rsquo;\u00e9cole fasse l&rsquo;effort d&rsquo;att\u00e9nuer voire de r\u00e9duire certaines fractures num\u00e9riques. <strong>On se dit qu&rsquo;ainsi l&rsquo;\u00e9cole peut entrer mieux et plus vite dans l&rsquo;\u00e8re num\u00e9rique\u00a0!<\/strong> On se le dit puis\u2026<\/p>\n<h3>On jette un \u0153il sur les r\u00e8glements int\u00e9rieurs des lyc\u00e9es et des coll\u00e8ges<\/h3>\n<p><a href=\"http:\/\/lycee-jean-vilar77.jimdo.com\/son-fonctionnement\/r%C3%A8glement-int%C3%A9rieur\/\" target=\"_blank\">Lyc\u00e9e Jean-Vilar de Meaux (Seine-et-Marne)<\/a>\u00a0:<\/p>\n<blockquote><p>\u00ab\u00a0Aucun objet susceptible de cr\u00e9er du d\u00e9sordre dans l\u2019\u00e9tablissement ne doit y \u00eatre apport\u00e9.\u00a0Sont donc interdits : les couteaux, autres armes, bombes lacrymog\u00e8nes et dispositifs \u00e0 laser\u2026.\u00a0L\u2019utilisation d\u2019appareils permettant l\u2019\u00e9mission ou l\u2019enregistrement de sons ou d\u2019images est interdite dans les locaux. Les t\u00e9l\u00e9phones portables doivent imp\u00e9rativement y \u00eatre \u00e9teints \u00e9galement.\u00a0\u00bb<\/p><\/blockquote>\n<p><a href=\"http:\/\/lycees.ac-rouen.fr\/modeste-leroy\/ressources\/reglement.php\" target=\"_blank\">Lyc\u00e9e\u00a0Louis-Modeste-Leroy de Rouen (Seine maritime<\/a>)\u00a0:<\/p>\n<blockquote><p>\u00ab\u00a0L&rsquo;utilisation du baladeur (audio et\/ou vid\u00e9o), du t\u00e9l\u00e9phone portable et de toute radio-messagerie et t\u00e9l\u00e9transmission est strictement interdite dans les locaux du lyc\u00e9e. [\u2026]\u00a0Tous ces appareils doivent \u00eatre d\u00e9sactiv\u00e9s \u00e0 l&rsquo;int\u00e9rieur des b\u00e2timents.\u00a0\u00bb<\/p><\/blockquote>\n<p><a href=\"http:\/\/www.imagidee-cms.fr\/medias109\/pdfs\/reglement%20interieur%202013%202014.pdf\" target=\"_blank\">Lyc\u00e9e Balzac de Tours (Indre-et-Loire)<\/a>\u00a0:<\/p>\n<blockquote><p>\u00ab\u00a0L\u2019utilisation de t\u00e9l\u00e9phone portable, messagerie \u00e9lectronique, \u00ab baladeurs \u00bb est interdite dans\u00a0les locaux de l\u2019\u00e9tablissement, car elle constitue une nuisance.\u00a0\u00bb<\/p><\/blockquote>\n<p><a href=\"http:\/\/www.culture-numerique.fr\/?p=1400\"><img loading=\"lazy\" decoding=\"async\" class=\"alignleft wp-image-1402 size-medium\" src=\"http:\/\/www.culture-numerique.fr\/wp-content\/uploads\/2014\/09\/mod-large_5279771344-300x300.jpg\" alt=\"D\u00e9fendu\" width=\"300\" height=\"300\" srcset=\"https:\/\/www.culture-numerique.fr\/wp-content\/uploads\/2014\/09\/mod-large_5279771344-300x300.jpg 300w, https:\/\/www.culture-numerique.fr\/wp-content\/uploads\/2014\/09\/mod-large_5279771344-150x150.jpg 150w, https:\/\/www.culture-numerique.fr\/wp-content\/uploads\/2014\/09\/mod-large_5279771344-100x100.jpg 100w, https:\/\/www.culture-numerique.fr\/wp-content\/uploads\/2014\/09\/mod-large_5279771344-200x200.jpg 200w, https:\/\/www.culture-numerique.fr\/wp-content\/uploads\/2014\/09\/mod-large_5279771344-450x449.jpg 450w, https:\/\/www.culture-numerique.fr\/wp-content\/uploads\/2014\/09\/mod-large_5279771344-600x600.jpg 600w, https:\/\/www.culture-numerique.fr\/wp-content\/uploads\/2014\/09\/mod-large_5279771344.jpg 760w\" sizes=\"auto, (max-width: 300px) 100vw, 300px\" \/><\/a>Je vous \u00e9pargne d&rsquo;autres extraits encore plus d\u00e9solants. Les notions <strong>de danger, de nuisance, de d\u00e9sordre<\/strong> sont ainsi presque syst\u00e9matiquement associ\u00e9es aux pratiques num\u00e9riques des \u00e9l\u00e8ves. Concernant le droit \u00e0 l&rsquo;expression des lyc\u00e9ens, il persiste dans ces r\u00e8glements int\u00e9rieurs des mentions contraires \u00e0 la loi, en ce qu&rsquo;elles contraignent, par exemple, les jeunes r\u00e9dacteurs de publications scolaires \u00e0 soumettre <em>a priori<\/em> leur travail au proviseur.<\/p>\n<p>Je rappelle que j&rsquo;ai r\u00e9dig\u00e9, il y a plus d&rsquo;un an d\u00e9j\u00e0, <a href=\"http:\/\/www.culture-numerique.fr\/?p=1400\" target=\"_blank\">une petite fiche-projet<\/a> \u00e0 l\u2019attention des proviseurs des lyc\u00e9es pour mettre \u00e0 jour les r\u00e8glements int\u00e9rieurs.<\/p>\n<p>On retrouve, de mani\u00e8re plus drastique encore, dans les r\u00e8glements int\u00e9rieurs des coll\u00e8ges, des mentions qui montrent que l&rsquo;\u00e9cole num\u00e9rique est en marche\u00a0:<\/p>\n<p><a href=\"http:\/\/www.college-vinciguerra.fr\/userfiles\/file\/reglmtInterieur2012.pdf\" target=\"_blank\">Coll\u00e8ge Simon-Vinviguerra de Bastia (Haute-Corse)<\/a>\u00a0:<\/p>\n<blockquote><p>\u00ab\u00a0L\u2019usage du t\u00e9l\u00e9phone portable est totalement prohib\u00e9 \u00e0 l\u2019int\u00e9rieur du coll\u00e8ge y compris dans\u00a0les lieux non couverts. L\u2019utilisation des appareils permettant d\u2019enregistrer, d\u2019\u00e9couter ou de\u00a0visionner des images ou du son est \u00e9galement prohib\u00e9e. En cons\u00e9quence ces appareils\u00a0devront \u00eatre \u00e9teints d\u00e8s l\u2019entr\u00e9e au coll\u00e8ge.\u00a0\u00bb<\/p><\/blockquote>\n<p><a href=\"http:\/\/www.col-cassin-cernay.ac-strasbourg.fr\/reglementinterie\/reglementinterieur2015.pdf\" target=\"_blank\">Coll\u00e8ge Ren\u00e9-Cassin de Cernay\u00a0(Bas-Rhin)<\/a>\u00a0:<\/p>\n<blockquote><p>\u00ab\u00a0Usage des t\u00e9l\u00e9phones portables, baladeurs, appareils photographiques et nouvelles\u00a0technologie (sic) : l\u2019usage des baladeurs, MP3 et t\u00e9l\u00e9phones est interdit en cours et dans\u00a0l\u2019\u00e9tablissement. Ceux-ci seront syst\u00e9matiquement confisqu\u00e9s en cas d\u2019utilisation ou de\u00a0sonnerie dans les locaux. Leur restitution se fera par la direction au repr\u00e9sentant l\u00e9gal.\u00a0\u00bb<\/p><\/blockquote>\n<p><a href=\"http:\/\/www.saintjoseph-cognac.fr\/reglement-interieur-du-college\" target=\"_blank\">Coll\u00e8ge Saint-Joseph de Cognac (Charente)<\/a>\u00a0:<\/p>\n<blockquote><p>\u00ab\u00a0Au coll\u00e8ge, l\u2019utilisation du t\u00e9l\u00e9phone portable pendant les heures de cours et dans tous les espaces fr\u00e9quent\u00e9s par les \u00e9l\u00e8ves est interdit \u00e0 l\u2019int\u00e9rieur du coll\u00e8ge [Rappel \u00e0 la loi]. Je ne peux donc pas l\u2019utiliser ni en remplacement de ma calculatrice, ni pour consulter (montre, horaire). Je sais que je risque d\u2019\u00eatre sanctionn\u00e9 en cas d\u2019utilisation (confiscation du t\u00e9l\u00e9phone, pendant une dur\u00e9e variable, la restitution sera faite aux parents exclusivement).\u00a0\u00bb<\/p><\/blockquote>\n<p><a href=\"http:\/\/clg-jean-moulin-nogent-le-roi.tice.ac-orleans-tours.fr\/eva\/spip.php?article4724\" target=\"_blank\">Coll\u00e8ge Jean-Moulin de Nogent-le-Roi (Eure-et-Loir<\/a><a href=\"http:\/\/clg-jean-moulin-nogent-le-roi.tice.ac-orleans-tours.fr\/eva\/spip.php?article4724\" target=\"_blank\">)<\/a>\u00a0:<\/p>\n<blockquote><p>\u00ab\u00a0L\u2019utilisation d\u2019un t\u00e9l\u00e9phone portable n\u2019est pas admise dans l\u2019enceinte de l\u2019\u00e9tablissement (sauf dans un bureau administratif avec l\u2019autorisation d\u2019un adulte). En cas d\u2019utilisation, celui-ci sera confisqu\u00e9 et ne rendu qu\u2019aux responsables l\u00e9gaux. Le t\u00e9l\u00e9phone doit \u00eatre \u00e9teint d\u00e8s l\u2019entr\u00e9e dans l\u2019\u00e9tablissement.\u00a0Les \u00e9l\u00e8ves qui auraient besoin de joindre leurs parents ont la possibilit\u00e9 de le faire en demandant \u00e0 t\u00e9l\u00e9phoner du bureau de la vie scolaire.\u00a0\u00bb<\/p><\/blockquote>\n<p>La publication des extraits de r\u00e8glements int\u00e9rieurs ci-dessus n&rsquo;a pas pour but de montrer du doigt quiconque. Il s&rsquo;agit d&rsquo;exemples trouv\u00e9s au hasard dans les premi\u00e8res occurrences de ce que me pr\u00e9sente mon moteur de recherche. Ils se conforment, \u00e0 quelques rares exceptions contraires \u00e0 la loi, dans les lyc\u00e9es notamment, aux consignes donn\u00e9es par les services des directions d\u00e9partementales ou du rectorat.<\/p>\n<p>Ils montrent, de mani\u00e8re \u00e9vidente, la fracture gigantesque qui s\u00e9pare encore la soci\u00e9t\u00e9 et ses jeunes des pratiques scolaires. Comme si elle se repliait sur elle-m\u00eame pour mieux oublier, l&rsquo;\u00e9cole a tendance \u00e0 mettre encore plus de barri\u00e8res entre elle et\u00a0la soci\u00e9t\u00e9, montrant ainsi la m\u00e9fiance qu&rsquo;elle con\u00e7oit \u00e0 l&rsquo;encontre\u00a0de cette derni\u00e8re. <strong>Cette notion, par exemple, de \u00ab\u00a0temps scolaire\u00a0\u00bb qui serait diff\u00e9rent d&rsquo;un temps soci\u00e9tal ou m\u00e9diatique est aujourd&rsquo;hui une grave erreur<\/strong>. Pour entrer vraiment dans l&rsquo;\u00e8re num\u00e9rique, l&rsquo;\u00e9cole va devoir le comprendre et changer, pour ce qui concerne la mise en \u0153uvre des terminaux personnels des \u00e9l\u00e8ves dans les enseignements, \u00e0 la fois la loi, pour ce qui concerne les \u00e9coles et les coll\u00e8ges, et les r\u00e8glements int\u00e9rieurs des coll\u00e8ges et des lyc\u00e9es.<\/p>\n<p>Il faudra <strong>changer au fond, autoriser avant d&rsquo;interdire, n\u00e9gocier les bonnes pratiques avant de r\u00e9primer<\/strong>. Il n&rsquo;y a pas d&rsquo;autre choix et le plus t\u00f4t sera le mieux.<\/p>\n<p>&nbsp;<\/p>\n<p>Michel Guillou\u00a0<a href=\"https:\/\/twitter.com\/michelguillou\" target=\"_blank\">@michelguillou<\/a><\/p>\n<p><a href=\"http:\/\/creativecommons.org\/licenses\/by-nc-sa\/2.0\/fr\/\" target=\"_blank\"><img loading=\"lazy\" decoding=\"async\" src=\"http:\/\/i.creativecommons.org\/l\/by-nc-sa\/2.0\/fr\/80x15.png\" alt=\"image\" width=\"80\" height=\"15\" data-pin-nopin=\"true\" \/><\/a><\/p>\n<p>Cr\u00e9dit photo\u00a0:\u00a0<a class=\"owner-name truncate\" title=\"Acc\u00e9der \u00e0 la galerie de Sebastiaan ter Burg\" href=\"https:\/\/www.flickr.com\/photos\/ter-burg\/\" data-track=\"attributionNameClick\" data-rapid_p=\"26\">Sebastiaan ter Burg<\/a>\u00a0et <a href=\"https:\/\/www.flickr.com\/photos\/68532869@N08\/\" target=\"_blank\">Japanexperterna.se<\/a> sur <a href=\"https:\/\/www.flickr.com\/photos\/ter-burg\/9011116378\" target=\"_blank\">Flickr CC<\/a>,\u00a0<a href=\"https:\/\/www.flickr.com\/photos\/olibac\/5279771344\/\">OliBac<\/a> via <a href=\"http:\/\/photopin.com\/\">photopin<\/a> <a href=\"http:\/\/creativecommons.org\/licenses\/by\/2.0\/\">cc<\/a><\/p>\n<p>[cite]<\/p>\n","protected":false},"excerpt":{"rendered":"<p><img loading=\"lazy\" decoding=\"async\" class=\"aligncenter wp-image-4311\" src=\"http:\/\/www.culture-numerique.fr\/wp-content\/uploads\/2015\/11\/mobile-social-hero.jpg\" alt=\"Mobile ado\" width=\"1025\" height=\"488\" srcset=\"https:\/\/www.culture-numerique.fr\/wp-content\/uploads\/2015\/11\/mobile-social-hero.jpg 907w, https:\/\/www.culture-numerique.fr\/wp-content\/uploads\/2015\/11\/mobile-social-hero-300x143.jpg 300w, https:\/\/www.culture-numerique.fr\/wp-content\/uploads\/2015\/11\/mobile-social-hero-100x48.jpg 100w, https:\/\/www.culture-numerique.fr\/wp-content\/uploads\/2015\/11\/mobile-social-hero-150x71.jpg 150w, https:\/\/www.culture-numerique.fr\/wp-content\/uploads\/2015\/11\/mobile-social-hero-200x95.jpg 200w, https:\/\/www.culture-numerique.fr\/wp-content\/uploads\/2015\/11\/mobile-social-hero-450x214.jpg 450w, https:\/\/www.culture-numerique.fr\/wp-content\/uploads\/2015\/11\/mobile-social-hero-600x286.jpg 600w, https:\/\/www.culture-numerique.fr\/wp-content\/uploads\/2015\/11\/mobile-social-hero-900x429.jpg 900w\" sizes=\"auto, (max-width: 1025px) 100vw, 1025px\" \/><\/p>\n<p><strong>L&rsquo;automne nous apporte<\/strong>, ann\u00e9e apr\u00e8s ann\u00e9e, les r\u00e9sultats de l&rsquo;enqu\u00eate dite \u00ab\u00a0<a href=\"http:\/\/www.credoc.fr\/pdf\/Rapp\/R324.pdf\" target=\"_blank\">Barom\u00e8tre du num\u00e9rique 2015<\/a>\u00a0\u00bb du <a href=\"http:\/\/www.credoc.fr\/\" target=\"_blank\">Credoc<\/a>. La presse s&rsquo;en est fait tr\u00e8s largement l&rsquo;\u00e9cho et n&rsquo;a pas manqu\u00e9 l&rsquo;occasion de rep\u00e9rer les \u00e9volutions majeures qui touchent au plus profond les comportements des Fran\u00e7ais en mati\u00e8re de num\u00e9rique.<\/p>\n<p><span class=\"ellipsis\">&hellip;<\/span><\/p>\n<div class=\"read-more\"><a href=\"https:\/\/www.culture-numerique.fr\/?p=4307\">Lire la suite &#8250;<\/a><\/div>\n<p><!-- end of .read-more --><\/p>\n","protected":false},"author":1,"featured_media":4311,"comment_status":"open","ping_status":"open","sticky":false,"template":"","format":"standard","meta":{"jetpack_post_was_ever_published":false,"_jetpack_newsletter_access":"","_jetpack_dont_email_post_to_subs":false,"_jetpack_newsletter_tier_id":0,"_jetpack_memberships_contains_paywalled_content":false,"_jetpack_memberships_contains_paid_content":false,"footnotes":""},"categories":[9],"tags":[],"class_list":["post-4307","post","type-post","status-publish","format-standard","has-post-thumbnail","hentry","category-billets-dhumeur"],"jetpack_featured_media_url":"https:\/\/www.culture-numerique.fr\/wp-content\/uploads\/2015\/11\/mobile-social-hero.jpg","jetpack_sharing_enabled":true,"_links":{"self":[{"href":"https:\/\/www.culture-numerique.fr\/index.php?rest_route=\/wp\/v2\/posts\/4307","targetHints":{"allow":["GET"]}}],"collection":[{"href":"https:\/\/www.culture-numerique.fr\/index.php?rest_route=\/wp\/v2\/posts"}],"about":[{"href":"https:\/\/www.culture-numerique.fr\/index.php?rest_route=\/wp\/v2\/types\/post"}],"author":[{"embeddable":true,"href":"https:\/\/www.culture-numerique.fr\/index.php?rest_route=\/wp\/v2\/users\/1"}],"replies":[{"embeddable":true,"href":"https:\/\/www.culture-numerique.fr\/index.php?rest_route=%2Fwp%2Fv2%2Fcomments&post=4307"}],"version-history":[{"count":28,"href":"https:\/\/www.culture-numerique.fr\/index.php?rest_route=\/wp\/v2\/posts\/4307\/revisions"}],"predecessor-version":[{"id":5269,"href":"https:\/\/www.culture-numerique.fr\/index.php?rest_route=\/wp\/v2\/posts\/4307\/revisions\/5269"}],"wp:featuredmedia":[{"embeddable":true,"href":"https:\/\/www.culture-numerique.fr\/index.php?rest_route=\/wp\/v2\/media\/4311"}],"wp:attachment":[{"href":"https:\/\/www.culture-numerique.fr\/index.php?rest_route=%2Fwp%2Fv2%2Fmedia&parent=4307"}],"wp:term":[{"taxonomy":"category","embeddable":true,"href":"https:\/\/www.culture-numerique.fr\/index.php?rest_route=%2Fwp%2Fv2%2Fcategories&post=4307"},{"taxonomy":"post_tag","embeddable":true,"href":"https:\/\/www.culture-numerique.fr\/index.php?rest_route=%2Fwp%2Fv2%2Ftags&post=4307"}],"curies":[{"name":"wp","href":"https:\/\/api.w.org\/{rel}","templated":true}]}}