{"id":430,"date":"2012-12-05T21:56:30","date_gmt":"2012-12-05T19:56:30","guid":{"rendered":"http:\/\/www.culture-numerique.fr\/?p=430"},"modified":"2016-03-28T09:54:36","modified_gmt":"2016-03-28T07:54:36","slug":"mais-voila-ca-cetait-avant","status":"publish","type":"post","link":"https:\/\/www.culture-numerique.fr\/?p=430","title":{"rendered":"Mais voil\u00e0, \u00e7a, c\u2019\u00e9tait avant\u2026"},"content":{"rendered":"<p><a href=\"http:\/\/www.culture-numerique.fr\/wp-content\/uploads\/2014\/04\/medium_477140682.jpg\"><img loading=\"lazy\" decoding=\"async\" class=\"wp-image-431 aligncenter\" src=\"http:\/\/www.culture-numerique.fr\/wp-content\/uploads\/2014\/04\/medium_477140682.jpg\" alt=\"Foule\" width=\"840\" height=\"566\" srcset=\"https:\/\/www.culture-numerique.fr\/wp-content\/uploads\/2014\/04\/medium_477140682.jpg 640w, https:\/\/www.culture-numerique.fr\/wp-content\/uploads\/2014\/04\/medium_477140682-300x202.jpg 300w, https:\/\/www.culture-numerique.fr\/wp-content\/uploads\/2014\/04\/medium_477140682-100x67.jpg 100w, https:\/\/www.culture-numerique.fr\/wp-content\/uploads\/2014\/04\/medium_477140682-150x101.jpg 150w, https:\/\/www.culture-numerique.fr\/wp-content\/uploads\/2014\/04\/medium_477140682-200x134.jpg 200w, https:\/\/www.culture-numerique.fr\/wp-content\/uploads\/2014\/04\/medium_477140682-450x303.jpg 450w, https:\/\/www.culture-numerique.fr\/wp-content\/uploads\/2014\/04\/medium_477140682-600x404.jpg 600w\" sizes=\"auto, (max-width: 840px) 100vw, 840px\" \/><\/a><\/p>\n<p><strong>Depuis quinze ans, j\u2019en ai essuy\u00e9 des fauteuils et des bancs<\/strong>, dans des colloques, des s\u00e9minaires, des symposiums, des conf\u00e9rences, des assises et autres raouts de bonne compagnie. J\u2019ai particip\u00e9 aussi \u00e0 des cercles de r\u00e9flexion, des \u00ab\u00a0barcamps\u00a0\u00bb, des ateliers\u2026 Partout, il n\u2019\u00e9tait question que des sujets qui m\u2019int\u00e9ressent, vous les connaissez maintenant.<\/p>\n<p>J\u2019\u00e9tais le plus souvent, bien s\u00fbr, dans la salle \u00e0 \u00e9couter doctement ce que nous disaient les intervenants, beaucoup plus rarement sur l\u2019estrade.<\/p>\n<p>I<strong>l y a quelques ann\u00e9es d\u00e9j\u00e0, avec l\u2019\u00e9mergence du num\u00e9rique et de ses pratiques soci\u00e9tales, la forme m\u00eame de ces\u00a0\u00e9v\u00e8nements\u00a0a commenc\u00e9 \u00e0 changer.<\/strong>\u00a0Dans les colloques, sur l\u2019estrade qu\u2019on d\u00e9barrasse, qu\u2019on cherche aussi parfois \u00e0 abaisser, on installe des fauteuils. Sur l\u2019\u00e9cran, on projette des vid\u00e9os ou un diaporama pour illustrer le propos du conf\u00e9rencier. Les tables rondes et transitions sont anim\u00e9es et mod\u00e9r\u00e9es de mani\u00e8re dynamique, avec des prises de paroles liminaires courtes, de telle mani\u00e8re \u00e0 ouvrir le plus vite possible la porte au d\u00e9bat, entre les intervenants et avec \u00ab\u00a0la salle\u00a0\u00bb. De mani\u00e8re plus technique, on propose du Wi-fi suffisamment dimensionn\u00e9, on annonce \u00e0 l\u2019avance un \u00ab\u00a0hashtag\u00a0\u00bb pertinent ouvrant la voie aux \u00e9changes des intervenants avec la salle y compris pendant les prises de parole initiales, via un fil Twitter affich\u00e9 sur des \u00e9crans de retour ou un mur de tweets vid\u00e9oprojet\u00e9.<\/p>\n<p>J\u2019ai \u00e9t\u00e9 le t\u00e9moin de la mise en \u0153uvre d\u2019un tel dispositif aux Assises du Num\u00e9rique \u00e0 Paris-Dauphine en 2008. La parole \u00e9tait donn\u00e9e certes aux \u00e9lites invit\u00e9es, en l\u2019occurrence une cohorte de ministres et d\u2019experts, mais aussi \u00e0 tous ceux, dans la salle, qui voulaient bien se donner la peine d\u2019interagir via Twitter et de commenter librement. Un exercice assez bluffant de la d\u00e9mocratie v\u00e9cue en direct.<\/p>\n<p>J\u2019ai propos\u00e9, de mani\u00e8re parfois incompl\u00e8te et progressive, de telles \u00e9volutions lors des trois colloques que j\u2019ai organis\u00e9s, de 2008 \u00e0 2010, sur le sujet de l\u2019\u00e9ducation aux m\u00e9dias num\u00e9riques.<\/p>\n<p>J\u2019ai eu aussi l\u2019occasion d\u2019assister ou de prendre part \u00e0 des manifestations plus \u00e9troites, moins importantes, sous formes d\u2019ateliers en petits groupes ou des fameux \u00ab\u00a0barcamps\u00a0\u00bb. Je peux t\u00e9moigner, l\u00e0 encore, de nouvelles formes d\u2019exercice du d\u00e9bat et de l\u2019\u00e9change, d\u2019un enrichissement mutuel des intervenants, de la manifestation patente de la construction de savoirs partag\u00e9s et collectifs, pour la pleine r\u00e9ussite de ce type d\u2019\u00e9v\u00e8nements qui ravissent g\u00e9n\u00e9ralement leurs participants.<\/p>\n<h3><strong>Mais voil\u00e0, \u00e7a, c\u2019\u00e9tait avant\u2026<\/strong><\/h3>\n<p><a href=\"http:\/\/www.culture-numerique.fr\/wp-content\/uploads\/2014\/04\/medium_835445741.jpg\"><img loading=\"lazy\" decoding=\"async\" class=\"wp-image-432 aligncenter\" src=\"http:\/\/www.culture-numerique.fr\/wp-content\/uploads\/2014\/04\/medium_835445741.jpg\" alt=\"Chaise\" width=\"834\" height=\"558\" srcset=\"https:\/\/www.culture-numerique.fr\/wp-content\/uploads\/2014\/04\/medium_835445741.jpg 640w, https:\/\/www.culture-numerique.fr\/wp-content\/uploads\/2014\/04\/medium_835445741-300x200.jpg 300w, https:\/\/www.culture-numerique.fr\/wp-content\/uploads\/2014\/04\/medium_835445741-100x66.jpg 100w, https:\/\/www.culture-numerique.fr\/wp-content\/uploads\/2014\/04\/medium_835445741-150x100.jpg 150w, https:\/\/www.culture-numerique.fr\/wp-content\/uploads\/2014\/04\/medium_835445741-200x133.jpg 200w, https:\/\/www.culture-numerique.fr\/wp-content\/uploads\/2014\/04\/medium_835445741-450x300.jpg 450w, https:\/\/www.culture-numerique.fr\/wp-content\/uploads\/2014\/04\/medium_835445741-600x401.jpg 600w\" sizes=\"auto, (max-width: 834px) 100vw, 834px\" \/><\/a><\/p>\n<p>Je ne vais pas revenir sur les quelques colloques auxquels j\u2019ai assist\u00e9 depuis l\u2019\u00e9t\u00e9 dernier \u2014 il y aurait tant \u00e0 dire pourtant sur le d\u00e9sert num\u00e9rique de la BNF qui accueillait, les 19, 20 et 21 novembre derniers, le troisi\u00e8me\u00a0<a style=\"color: #2c32f6;\" href=\"http:\/\/pnf-lettres.crdp.ac-versailles.fr\/\" target=\"_blank\">Rendez-vous des lettres<\/a>\u00a0consacr\u00e9 aux \u00ab\u00a0m\u00e9tamorphoses de l\u2019\u0153uvre et de l\u2019\u00e9criture \u00e0 l\u2019heure du num\u00e9rique\u00a0: vers un renouveau des humanit\u00e9s\u00a0?\u00a0\u00bb \u2014 mais juste revenir sur les deux derniers.<\/p>\n<p>Les 29 et 30 novembre derniers, se tenait \u00e0 Paris-Dauphine l\u2019\u00e9dition 2012 des\u00a0<a style=\"color: #2c32f6;\" href=\"http:\/\/www.assisesdunumerique.fr\/\" target=\"_blank\">Assises du num\u00e9rique<\/a>. On n\u2019\u00e9tait pas dans un d\u00e9sert num\u00e9rique, cette fois, mais connect\u00e9 de mani\u00e8re poussive \u00e0\u00a0<a style=\"color: #2c32f6;\" href=\"http:\/\/www.renater.fr\/\" target=\"_blank\">Renater<\/a>\u00a0sur l\u2019unique\u00a0<a style=\"color: #2c32f6;\" href=\"http:\/\/fr.wikipedia.org\/wiki\/Port_(logiciel)\" target=\"_blank\">port<\/a>\u00a080 (\u00ab\u00a0vous comprenez, la s\u00e9curit\u00e9\u00a0!\u00a0\u00bb). Il n\u2019y avait pas non plus d\u2019animation organis\u00e9e pour mettre en \u00e9vidence la participation de la salle qui twittait dans le vide et l\u2019indiff\u00e9rence voire le m\u00e9pris des organisateurs (\u00ab\u00a0on sait que vous twittez\u00a0!\u00a0\u00bb, sic) et des intervenants.<\/p>\n<p>Pour continuer sur le m\u00e9pris, nombre de ces derniers prenaient la parole, chacun leur tour, en lisant leur texte (si si\u00a0!) sans que ne soient propos\u00e9s, sauf de mani\u00e8re subreptice, les \u00e9changes entre eux. La parole \u00e9tait parfois\u00a0<em>in fine<\/em>\u00a0donn\u00e9e \u00e0 la salle, de mani\u00e8re conventionnelle, en interpellant les experts qui s\u2019y \u00e9taient \u00e9gar\u00e9s, avec cette jolie formule \u00ab\u00a0<strong>Si vous avez des questions\u2026<\/strong>\u00a0\u00bb.<\/p>\n<p>La sc\u00e8ne \u00e9tait pourvue d\u2019un magnifique pupitre tr\u00e8s long en forme de comptoir ouvrag\u00e9, fa\u00e7on meeting c\u00e9g\u00e9tiste \u00e0 la Mutualit\u00e9. Le participant \u00e0 une table ronde assis en bout de pupitre qui voulait porter la contradiction \u2014 ce n\u2019\u00e9tait manifestement pas dans l\u2019air du temps\u00a0! \u2014 \u00e0 son camarade assis \u00e0 l\u2019autre bout pouvait s\u2019y risquer au risque d\u2019un tr\u00e8s fort torticolis.<\/p>\n<p>Je n\u2019ai que rarement vu un tel c\u00e9r\u00e9monial aussi formel et coinc\u00e9. Tout le monde s\u2019ennuyait ferme\u2026<\/p>\n<p>Attendez\u00a0! Vous n\u2019avez pas tout vu\u00a0! J\u2019\u00e9tais invit\u00e9, lundi 3 d\u00e9cembre, au S\u00e9nat, par l\u2019association\u00a0<a style=\"color: #2c32f6;\" href=\"http:\/\/www.cyberlex.org\/\" target=\"_blank\">Cyberlex<\/a>\u00a0qui organisait l\u00e0 ses \u00ab\u00a0Rencontres annuelles du droit de l\u2019Internet\u00a0\u00bb. Un joli programme all\u00e9chant et, pour finir, un joli fiasco.<\/p>\n<p>Cela se tenait dans les ors de la R\u00e9publique et, pourtant, on est pourtant tomb\u00e9 bien bas dans une sorte de d\u00e9mocratie 1.0. Bien entendu, pas de Wi-fi, pas de 3G, pas de \u00ab\u00a0hashtag\u00a0\u00bb, pas donc de possibilit\u00e9 d\u2019interagir via les m\u00e9dias sociaux.<\/p>\n<p>Derri\u00e8re, l\u00e0 encore, un tr\u00e8s long pupitre de tables rev\u00eatues d\u2019un pauvre drap, se sont succ\u00e9d\u00e9 trois tables rondes piteusement mod\u00e9r\u00e9es par des animateurs de maisons de repos, o\u00f9 sont intervenus, chacun leur \u2014 tr\u00e8s long, insupportablement long \u2014 tour, des experts sans doute fort savants mais totalement incapables de parler d\u2019autre chose que leur mission propre, sans grand talent p\u00e9dagogique. L\u00e0 encore, pour ce faire, parler de sa mission, j\u2019ai not\u00e9 qu\u2019il \u00e9tait de bon ton de lire une feuille. L\u2019un de ces experts, Nicolas Colin, s\u2019est m\u00eame aventur\u00e9 \u00e0 nous confier qu\u2019il ne pourrait rien nous dire puisque charg\u00e9 d\u2019une mission d\u2019investigation par le gouvernement. Un autre, Beno\u00eet Tabaka, s\u2019est aventur\u00e9, lui, \u00e0 prendre le risque fou de poser une question \u00e0 un de ses partenaires de table ronde, sous le regard incr\u00e9dule de l\u2019animateur.<\/p>\n<p>La plupart des intervenants \u2014 je ne me risquerai pas \u00e0 les appeler contradicteurs tant l\u2019ambiance \u00e9tait feutr\u00e9e et convenue \u2014 adoptaient de\u00a0surcro\u00eet\u00a0un ton larmoyant et anxiog\u00e8ne sur l\u2019air de \u00ab\u00a0avec le num\u00e9rique, qu\u2019est-ce qu\u2019on va devenir, ma pauvre dame\u00a0?\u00a0\u00bb\u00a0! On s\u2019ennuyait tr\u00e8s fort. Mes deux voisins, \u00e0 droite \u00e0 gauche, pourtant bien plus jeunes que moi, ont dormi copieusement. D\u2019autres vaquaient \u00e0 leurs occupations.<\/p>\n<p>On a atteint des sommets \u00e0 l\u2019issue de la premi\u00e8re table ronde quand l\u2019animateur de l\u2019apr\u00e8s-midi, dans un fol \u00e9lan de g\u00e9n\u00e9rosit\u00e9, s\u2019est risqu\u00e9 \u00e0 interpeller la salle, micro \u00e0 la main\u00a0: \u00ab\u00a0<strong>Vous avez des questions, nous avons les r\u00e9ponses\u00a0!<\/strong>\u00a0\u00bb. Personne ne s\u2019est risqu\u00e9 \u00e0 en poser une seule.<\/p>\n<h3><strong>Comment en est-on arriv\u00e9 l\u00e0\u00a0?<\/strong><\/h3>\n<p>L\u2019exercice du partage des id\u00e9es, du d\u00e9bat et de la d\u00e9mocratie est un art assur\u00e9ment bien difficile. Les avanc\u00e9es permises par le num\u00e9rique et l\u2019Internet ont pour cons\u00e9quence d\u2019exposer de mani\u00e8re frontale et parfois violente la parole des experts \u00e0 celle de leur auditoire habituel, de moins en moins passif. Sur les blogs, les r\u00e9seaux sociaux, la parole est libre et peut, pour la premi\u00e8re fois dans l\u2019histoire de l\u2019humanit\u00e9, porter l\u2019opinion de chacun, \u00e0 condition qu\u2019elle soit int\u00e9ressante, \u00e0 l\u2019autre bout du monde. Sur Internet, rappelez-vous, personne ne sait que vous \u00eates un chien (voir\u00a0<a style=\"color: #2c32f6;\" href=\"http:\/\/gingko.neottia.net\/post\/32059383026\/sur-internet-personne-ne-sait-que-vous-etes-un-cadre\" target=\"_blank\">ce billet\u00a0<\/a>pour se le rappeler).<\/p>\n<p>Encourag\u00e9e ces derni\u00e8res ann\u00e9es, cette confrontation directe de la parole des \u00e9lites \u00e0 celle du tout venant, notamment dans ces espaces traditionnellement feutr\u00e9s, est devenue explosive. Si certains, peu nombreux, s\u2019en accommodent volontiers, d\u2019autres s\u2019en offusquent, de mani\u00e8re plus ou moins explicite, et\u00a0<strong>un retour en arri\u00e8re s\u2019est maintenant op\u00e9r\u00e9 qui tend \u00e0 isoler et prot\u00e9ger l\u2019expert des interactions, suppos\u00e9ment et potentiellement critiques, de son auditoire.<\/strong><\/p>\n<p>\u00c0 ceux qui s\u2019interrogeaient sur l\u2019absence de Wi-Fi \u00e0 la BNF, il y a peu, lors de l\u2019\u00e9v\u00e8nement relatif aux m\u00e9tamorphoses de l\u2019\u0153uvre et de l\u2019\u00e9criture \u00e0 l\u2019heure du num\u00e9rique, il a \u00e9t\u00e9 r\u00e9pondu qu\u2019en haut lieu (la BNF\u00a0? les organisateurs du minist\u00e8re\u00a0?) on ne souhaitait pas les interactions de ce type\u00a0!<\/p>\n<p>On le voit bien, de nouvelles barri\u00e8res sont ainsi maintenant dress\u00e9es entre les ar\u00e9opages et l\u2019agora\u00a0: tribunes d\u00e9fensives, interactions limit\u00e9es.\u00a0<strong>La verticalit\u00e9 descendante doit rester le ressort principal de la communication\u00a0!<\/strong><\/p>\n<p>Cette confrontation qui se manifeste l\u00e0 et conna\u00eet ses premiers revers est de m\u00eame nature que celle qui se manifeste maintenant dans les m\u00e9dias et la grande presse. Cette derni\u00e8re, habitu\u00e9e au tri convenu du courrier des lecteurs, est maintenant, via les r\u00e9seaux sociaux, au contact direct de tous ses lecteurs, auditeurs et spectateurs, parfois tr\u00e8s critiques. On l\u2019a vu encore tout r\u00e9cemment, certains mandarins s\u2019en trouvent fort mal et montent sur leurs ergots.<\/p>\n<p>On retrouve, de mani\u00e8re plus aigu\u00eb encore peut-\u00eatre, cette confrontation dans le sein m\u00eame de l\u2019\u00e9cole et de l\u2019universit\u00e9. Le regard et la parole parfois tr\u00e8s critiques des \u00e9l\u00e8ves et \u00e9tudiants sont ressentis par les ma\u00eetres comme des remises en cause directes de leur l\u00e9gitimit\u00e9 et de leur autorit\u00e9. Les apprenants n\u2019attendent plus qu\u2019on leur demande s\u2019ils en ont, des questions, mais interpellent maintenant le ma\u00eetre ou le professeur, via les connexions ou dispositifs d\u2019enseignement ou de formation en ligne, contraignant ce dernier \u00e0 descendre de son pi\u00e9destal.<\/p>\n<p>Cette interpellation a d\u2019ailleurs maintenant une toute autre nature puisqu\u2019elle prend corps dans une relation v\u00e9cue par l\u2019interpellant comme du pair \u00e0 pair horizontal, ce qui est bien s\u00fbr loin d\u2019\u00eatre le cas c\u00f4t\u00e9 interpell\u00e9. Le ma\u00eetre, le journaliste, l\u2019expert sur sa tribune sont-ils en capacit\u00e9 de vivre cette nouvelle relation de mani\u00e8re sereine et adapt\u00e9e\u00a0?<\/p>\n<p>Voil\u00e0 qui promet encore de beaux enjeux, de belles batailles peut-\u00eatre, des remises en cause radicales \u00e0 coup s\u00fbr. On n\u2019est pas au bout de nos surprises avec le num\u00e9rique.<\/p>\n<p>Nous en reparlerons.<\/p>\n<p>Michel Guillou\u00a0<a style=\"color: #2c32f6;\" title=\"Twitter\" href=\"https:\/\/twitter.com\/#!\/michelguillou\" target=\"_blank\">@michelguillou<\/a><\/p>\n<p><a style=\"color: #2c32f6;\" href=\"http:\/\/creativecommons.org\/licenses\/by-nc-sa\/2.0\/fr\/\" target=\"_blank\"><img loading=\"lazy\" decoding=\"async\" src=\"http:\/\/i.creativecommons.org\/l\/by-nc-sa\/2.0\/fr\/80x15.png\" alt=\"image\" width=\"80\" height=\"15\" \/><\/a><\/p>\n<p>Cr\u00e9dit photo\u00a0:\u00a0<a style=\"color: #2c32f6;\" href=\"http:\/\/www.flickr.com\/photos\/spacelion\/477140682\/\" target=\"_blank\">Gue\u043ergui<\/a>\u00a0et\u00a0<a style=\"color: #2c32f6;\" href=\"http:\/\/www.flickr.com\/photos\/68001867@N00\/835445741\/\" target=\"_blank\">adineland<\/a>\u00a0via\u00a0<a style=\"color: #2c32f6;\" href=\"http:\/\/photopin.com\/\" target=\"_blank\">photopin<\/a>\u00a0<a style=\"color: #2c32f6;\" href=\"http:\/\/creativecommons.org\/licenses\/by-nc-nd\/2.0\/\" target=\"_blank\">cc<\/a><\/p>\n<p>&nbsp;<\/p>\n","protected":false},"excerpt":{"rendered":"<p><a href=\"http:\/\/www.culture-numerique.fr\/wp-content\/uploads\/2014\/04\/medium_477140682.jpg\"><img loading=\"lazy\" decoding=\"async\" class=\"wp-image-431 aligncenter\" src=\"http:\/\/www.culture-numerique.fr\/wp-content\/uploads\/2014\/04\/medium_477140682.jpg\" alt=\"Foule\" width=\"840\" height=\"566\" srcset=\"https:\/\/www.culture-numerique.fr\/wp-content\/uploads\/2014\/04\/medium_477140682.jpg 640w, https:\/\/www.culture-numerique.fr\/wp-content\/uploads\/2014\/04\/medium_477140682-300x202.jpg 300w, https:\/\/www.culture-numerique.fr\/wp-content\/uploads\/2014\/04\/medium_477140682-100x67.jpg 100w, https:\/\/www.culture-numerique.fr\/wp-content\/uploads\/2014\/04\/medium_477140682-150x101.jpg 150w, https:\/\/www.culture-numerique.fr\/wp-content\/uploads\/2014\/04\/medium_477140682-200x134.jpg 200w, https:\/\/www.culture-numerique.fr\/wp-content\/uploads\/2014\/04\/medium_477140682-450x303.jpg 450w, https:\/\/www.culture-numerique.fr\/wp-content\/uploads\/2014\/04\/medium_477140682-600x404.jpg 600w\" sizes=\"auto, (max-width: 840px) 100vw, 840px\" \/><\/a><\/p>\n<p><strong>Depuis quinze ans, j\u2019en ai essuy\u00e9 des fauteuils et des bancs<\/strong>, dans des colloques, des s\u00e9minaires, des symposiums, des conf\u00e9rences, des assises et autres raouts de bonne compagnie. J\u2019ai particip\u00e9 aussi \u00e0 des cercles de r\u00e9flexion,<\/p>\n<p><span class=\"ellipsis\">&hellip;<\/span><\/p>\n<div class=\"read-more\"><a href=\"https:\/\/www.culture-numerique.fr\/?p=430\">Lire la suite &#8250;<\/a><\/div>\n<p><!-- end of .read-more --><\/p>\n","protected":false},"author":1,"featured_media":431,"comment_status":"open","ping_status":"open","sticky":false,"template":"","format":"standard","meta":{"jetpack_post_was_ever_published":false,"_jetpack_newsletter_access":"","_jetpack_dont_email_post_to_subs":false,"_jetpack_newsletter_tier_id":0,"_jetpack_memberships_contains_paywalled_content":false,"_jetpack_memberships_contains_paid_content":false,"footnotes":""},"categories":[9],"tags":[287,285,290,289,104,280,286,207,288,131],"class_list":["post-430","post","type-post","status-publish","format-standard","has-post-thumbnail","hentry","category-billets-dhumeur","tag-auditoire","tag-colloques","tag-debat","tag-democratie","tag-echanges","tag-ecole","tag-expertise","tag-medias","tag-pair-a-pair","tag-partage"],"jetpack_featured_media_url":"https:\/\/www.culture-numerique.fr\/wp-content\/uploads\/2014\/04\/medium_477140682.jpg","jetpack_sharing_enabled":true,"_links":{"self":[{"href":"https:\/\/www.culture-numerique.fr\/index.php?rest_route=\/wp\/v2\/posts\/430","targetHints":{"allow":["GET"]}}],"collection":[{"href":"https:\/\/www.culture-numerique.fr\/index.php?rest_route=\/wp\/v2\/posts"}],"about":[{"href":"https:\/\/www.culture-numerique.fr\/index.php?rest_route=\/wp\/v2\/types\/post"}],"author":[{"embeddable":true,"href":"https:\/\/www.culture-numerique.fr\/index.php?rest_route=\/wp\/v2\/users\/1"}],"replies":[{"embeddable":true,"href":"https:\/\/www.culture-numerique.fr\/index.php?rest_route=%2Fwp%2Fv2%2Fcomments&post=430"}],"version-history":[{"count":5,"href":"https:\/\/www.culture-numerique.fr\/index.php?rest_route=\/wp\/v2\/posts\/430\/revisions"}],"predecessor-version":[{"id":4866,"href":"https:\/\/www.culture-numerique.fr\/index.php?rest_route=\/wp\/v2\/posts\/430\/revisions\/4866"}],"wp:featuredmedia":[{"embeddable":true,"href":"https:\/\/www.culture-numerique.fr\/index.php?rest_route=\/wp\/v2\/media\/431"}],"wp:attachment":[{"href":"https:\/\/www.culture-numerique.fr\/index.php?rest_route=%2Fwp%2Fv2%2Fmedia&parent=430"}],"wp:term":[{"taxonomy":"category","embeddable":true,"href":"https:\/\/www.culture-numerique.fr\/index.php?rest_route=%2Fwp%2Fv2%2Fcategories&post=430"},{"taxonomy":"post_tag","embeddable":true,"href":"https:\/\/www.culture-numerique.fr\/index.php?rest_route=%2Fwp%2Fv2%2Ftags&post=430"}],"curies":[{"name":"wp","href":"https:\/\/api.w.org\/{rel}","templated":true}]}}