{"id":4247,"date":"2015-11-25T18:05:07","date_gmt":"2015-11-25T17:05:07","guid":{"rendered":"http:\/\/www.culture-numerique.fr\/?p=4247"},"modified":"2018-03-10T10:36:44","modified_gmt":"2018-03-10T09:36:44","slug":"recrudescence-de-minitelite-aigue-pour-lacces-aux-ressources-numeriques","status":"publish","type":"post","link":"https:\/\/www.culture-numerique.fr\/?p=4247","title":{"rendered":"Recrudescence de minit\u00e9lite aigu\u00eb pour l&rsquo;acc\u00e8s aux ressources num\u00e9riques"},"content":{"rendered":"<p><img loading=\"lazy\" decoding=\"async\" class=\"aligncenter size-full wp-image-4257\" src=\"http:\/\/www.culture-numerique.fr\/wp-content\/uploads\/2015\/11\/abundance-of-fruit-867856_1280-e1448276436877.jpg\" alt=\"Manne\" width=\"1244\" height=\"880\" srcset=\"https:\/\/www.culture-numerique.fr\/wp-content\/uploads\/2015\/11\/abundance-of-fruit-867856_1280-e1448276436877.jpg 1244w, https:\/\/www.culture-numerique.fr\/wp-content\/uploads\/2015\/11\/abundance-of-fruit-867856_1280-e1448276436877-300x212.jpg 300w, https:\/\/www.culture-numerique.fr\/wp-content\/uploads\/2015\/11\/abundance-of-fruit-867856_1280-e1448276436877-1024x724.jpg 1024w, https:\/\/www.culture-numerique.fr\/wp-content\/uploads\/2015\/11\/abundance-of-fruit-867856_1280-e1448276436877-100x71.jpg 100w, https:\/\/www.culture-numerique.fr\/wp-content\/uploads\/2015\/11\/abundance-of-fruit-867856_1280-e1448276436877-150x106.jpg 150w, https:\/\/www.culture-numerique.fr\/wp-content\/uploads\/2015\/11\/abundance-of-fruit-867856_1280-e1448276436877-200x141.jpg 200w, https:\/\/www.culture-numerique.fr\/wp-content\/uploads\/2015\/11\/abundance-of-fruit-867856_1280-e1448276436877-450x318.jpg 450w, https:\/\/www.culture-numerique.fr\/wp-content\/uploads\/2015\/11\/abundance-of-fruit-867856_1280-e1448276436877-600x424.jpg 600w, https:\/\/www.culture-numerique.fr\/wp-content\/uploads\/2015\/11\/abundance-of-fruit-867856_1280-e1448276436877-900x637.jpg 900w\" sizes=\"auto, (max-width: 1244px) 100vw, 1244px\" \/><\/p>\n<p><strong>\u00c0 l&rsquo;\u00e8re num\u00e9rique<\/strong>, la question des ressources \u00e9ducatives reste \u00e9videmment centrale. Une chose est certaine cependant, <strong>elle ne peut en aucun cas \u00eatre aujourd&rsquo;hui prise en compte dans les m\u00eames conditions<\/strong>, sans aucun changement, ni par ceux qui en assurent le service ni par ceux qui les consomment. J&rsquo;ai d\u00e9j\u00e0 eu l&rsquo;occasion, depuis trois ans au moins, de vous dire mon sentiment \u00e0 ce sujet. Mon propos tenait en deux principaux points tirant la le\u00e7on, \u00e0 mon avis et \u00e0 ceux de beaucoup d&rsquo;autres avec moi, des mutations fortes engendr\u00e9es par le num\u00e9rique\u00a0:<\/p>\n<ol>\n<li>Internet et les r\u00e9seaux favorisent le flux et la circulation des ressources\u00a0; la posture du professeur en est alors modifi\u00e9e\u00a0: <strong>de consommateur, il peut devenir lui aussi producteur<\/strong>\u00a0; la richesse qui en r\u00e9sulte profite \u00e0 tous\u00a0;<\/li>\n<li><strong>les experts rentrent dans le rang<\/strong>, les expertises s&rsquo;estompent, en cons\u00e9quence de quoi les ressources se passent volontiers de quelque validation acad\u00e9mique ou institutionnelle que ce soit.<\/li>\n<\/ol>\n<h3>Le retour en force des pseudo-experts<\/h3>\n<p>Dans l&rsquo;urgence des attentats et de leurs dramatiques cons\u00e9quences, les m\u00e9dias t\u00e9l\u00e9visuels d&rsquo;information ont convoqu\u00e9 en toute h\u00e2te dans leurs studios des ar\u00e9opages d&rsquo;experts autoproclam\u00e9s. Insupportables, donneurs de le\u00e7ons, ils d\u00e9livrent les m\u00eames avis p\u00e9remptoires, sautant sans vergogne dans la m\u00eame journ\u00e9e d&rsquo;un m\u00e9dia \u00e0 l&rsquo;autre pour servir la m\u00eame soupe.<\/p>\n<p>Tout cela est d&rsquo;une formidable ind\u00e9cence. <a href=\"https:\/\/twitter.com\/cginisty\" target=\"_blank\" rel=\"noopener\">Christophe Ginisty<\/a> l&rsquo;a dit sur <a href=\"http:\/\/www.ginisty.com\/\" target=\"_blank\" rel=\"noopener\">son blogue<\/a> bien mieux que je ne saurais le faire, \u00e9voquant ce qu&rsquo;il a ressenti \u00e0 ce sujet comme <a href=\"http:\/\/www.ginisty.com\/Attentats-le-supplice-des-avis-d-experts_a1154.html\" target=\"_blank\" rel=\"noopener\">un deuxi\u00e8me supplice<\/a>. Il n&rsquo;est pas seul. Dans <em><a href=\"http:\/\/www.slate.fr\/\" target=\"_blank\" rel=\"noopener\">Slate<\/a><\/em>,\u00a0Salom\u00e9 Brahimi \u2014\u00a0il s&rsquo;agit sans doute d&rsquo;un pseudonyme\u00a0\u2014\u00a0<a href=\"http:\/\/www.slate.fr\/story\/110375\/faux-experts-terrorisme\" target=\"_blank\" rel=\"noopener\">enqu\u00eate et rep\u00e8re<\/a> notamment ce qu&rsquo;elle appelle les \u00ab\u00a0experts Google News\u00a0\u00bb \u00ab\u00a0<span style=\"color: #800000; background-color: #ffffff;\"><em>qui peuvent tenir une heure sur iT\u00e9l\u00e9 en \u00e2nonnant ce qu&rsquo;ils ont lu sur internet avant de venir<\/em><\/span>\u00a0\u00bb.<\/p>\n<p>C&rsquo;est d&rsquo;autant plus stupide qu&rsquo;en la circonstance, <strong>la sagesse, la mesure et l&rsquo;humilit\u00e9<\/strong> se sont av\u00e9r\u00e9es \u00eatre\u00a0du c\u00f4t\u00e9 des petites gens, comme on dit. On a vu comment ces citoyens ont\u00a0su rendre hommage \u00e0 ceux qui, morts ou vivants, ont pay\u00e9 tr\u00e8s cher le verre de bi\u00e8re qu&rsquo;ils prenaient en terrasse ce soir-l\u00e0 ou leur place de concert. On a vu encore, par exemple, comme le note\u00a0<a href=\"https:\/\/twitter.com\/nico_vanderb\" target=\"_blank\" rel=\"noopener\">Nicolas Vanderbiest<\/a> sur son <a href=\"http:\/\/www.reputatiolab.com\/\" target=\"_blank\" rel=\"noopener\">blogue<\/a>, en analysant <a href=\"http:\/\/www.reputatiolab.com\/2015\/11\/analyse-attentats-paris-reseaux-sociaux\/\" target=\"_blank\" rel=\"noopener\">quel r\u00f4le avaient jou\u00e9 les r\u00e9seaux sociaux<\/a>, comment des initiatives sont venues de la base, du terrain, de citoyens engag\u00e9s et responsables. Le blogueur parle lui, en la circonstance, de <strong>l\u2019av\u00e8nement du citoyen-acteur<\/strong>\u00a0:<\/p>\n<blockquote><p>\u00ab\u00a0Enfin, l\u2019une des choses les plus importantes de cette crise, c\u2019est l\u2019\u00e9closion totale du concept de citoyen-acteur. [\u2026]\u00a0Le citoyen-acteur est celui que l\u2019on ne voit pas dans la vie de tous les jours, mais qui \u201cs\u2019active\u201d.\u00a0\u00bb<\/p><\/blockquote>\n<p>Ce sont ces citoyens, dont une jeune fille de quinze ans, qui ont anim\u00e9 cette nuit-l\u00e0 les mots-balises #PorteOuverte, #RechercheParis et #msgu et ont rendu tant et tant de services \u00e0 ceux qui \u00e9taient en d\u00e9tresse. On peut \u00e9couter, gr\u00e2ce au <em><a href=\"http:\/\/www.canalplus.fr\/c-emissions\/pid6378-c-le-petit-journal.html\" target=\"_blank\" rel=\"noopener\">Petit Journal<\/a><\/em>, les r\u00e9actions des plus jeunes, notamment, au lendemain des attentats, et c&rsquo;est toujours plus int\u00e9ressant\u00a0:<\/p>\n<p>[D\u00e9sol\u00e9, la vid\u00e9o que je vous avais trouv\u00e9e \u00e0 disparu]<\/p>\n<p><strong>Mais revenons \u00e0 nos ressources num\u00e9riques\u2026<\/strong><\/p>\n<p>Le samedi et le dimanche qui ont suivi le jour des attentats, le d\u00e9sarroi \u00e9tait tr\u00e8s grand et \u00e9videmment l\u00e9gitime. Les enseignants pr\u00e9sents sur les r\u00e9seaux sociaux se pr\u00e9paraient \u00e0 accueillir leurs \u00e9l\u00e8ves le lundi matin, <strong>les \u00e9couter et partager l&rsquo;\u00e9motion<\/strong>. La chose n&rsquo;est pas ais\u00e9e, je le con\u00e7ois. Je vous avoue, en revanche, avoir eu un peu de mal \u00e0 supporter le d\u00e9ni, le refus et l&rsquo;irresponsabilit\u00e9 de quelques-uns, exprim\u00e9s en des termes inadmissibles, le plus souvent pour dire que ce n&rsquo;est pas leur boulot. N&rsquo;en parlons plus.<\/p>\n<p>Face \u00e0 ce d\u00e9sarroi et cette incertitude, on a, l\u00e0 encore, \u00e7\u00e0 et l\u00e0, convoqu\u00e9 une noria d&rsquo;experts, psychologues, sociologues, journalistes et institutionnels autoris\u00e9s. Peu importe qu&rsquo;ils soient comp\u00e9tents, ils sont experts. Peu importe m\u00eame qu&rsquo;ils soient sp\u00e9cialistes du domaine, ils sont experts, c&rsquo;est marqu\u00e9, l\u00e0, en bas ou en l\u00e9gende. Ils ont pontifi\u00e9 tant qu&rsquo;ils pouvaient, ass\u00e9nant leurs certitudes et leurs recettes. <strong>Ils ont surtout un avis<\/strong>.<\/p>\n<h3>Le retour en force du Minitel 2.0<\/h3>\n<p><img loading=\"lazy\" decoding=\"async\" class=\"alignright size-full wp-image-4269\" src=\"http:\/\/www.culture-numerique.fr\/wp-content\/uploads\/2015\/11\/2209784488_aa505b3acf_z-e1448321224929.jpg\" alt=\"Minitel\" width=\"320\" height=\"210\" \/>L&rsquo;Internet, chacun le sait, est n\u00e9 d\u00e9centralis\u00e9, r\u00e9parti, sous la forme d&rsquo;un r\u00e9seau joignant des machines et des acteurs en pair \u00e0 pair. La centralisation qui a \u00e9t\u00e9 men\u00e9e \u00e0 la fin du dernier si\u00e8cle et au d\u00e9but de celui-ci a abouti \u00e0 faire de ces acteurs des consommateurs fortement d\u00e9pendants d&rsquo;un web commercial, aux mains de grands groupes monopolistiques. Pardon pour les simplifications et les raccourcis\u00a0! C&rsquo;est pourtant un mod\u00e8le bien connu en France, celui du Minitel avec des services sur de gros serveurs et des consommateurs possesseurs chez eux de terminaux connect\u00e9s et incapables de faire autre chose, d&rsquo;interagir. <a href=\"https:\/\/fr.wikipedia.org\/wiki\/Benjamin_Bayart\" target=\"_blank\" rel=\"noopener\">Benjamin Bayart<\/a> a th\u00e9oris\u00e9 cette triste \u00e9volution\u00a0parlant du <a href=\"http:\/\/www.fdn.fr\/internet-libre-ou-minitel-2.html\" target=\"_blank\" rel=\"noopener\">Minitel 2.0<\/a>.<\/p>\n<p>B\u00eatement, j&rsquo;ai cru, comme d&rsquo;autres ces derni\u00e8res ann\u00e9es, que <strong>le web \u00e9voluait<\/strong>, changeait, que, sans permettre de retrouver la structure physique originelle du r\u00e9seau horizontal, se mettait en place, peu \u00e0 peu, sur l&rsquo;Internet, une sorte de <strong><a href=\"https:\/\/fr.wikipedia.org\/wiki\/Red%C3%A9centralisation_d%27Internet\" target=\"_blank\" rel=\"noopener\">red\u00e9centralisation<\/a> fonctionnelle<\/strong>, en forme de nouveaux services, commerciaux ou non, <strong>les forums, les wikis, les pads, les r\u00e9seaux sociaux, les services de communication en pair \u00e0 pair, les sites, plateformes, blogues coop\u00e9ratifs\u2026<\/strong> o\u00f9 le citoyen pouvait reprendre la\u00a0main et exercer ses libert\u00e9s.<\/p>\n<p>Oui, j&rsquo;ai cru \u00e0 cet Internet du partage, de l&rsquo;\u00e9change, de l&rsquo;horizontalit\u00e9 r\u00e9habilit\u00e9e, du flux de donn\u00e9es riches et encore enrichies\u2026<\/p>\n<h3><strong>Le mauvais r\u00e9flexe en cas d&rsquo;urgence<\/strong><\/h3>\n<p>Depuis un bon moment d\u00e9j\u00e0, et, plus particuli\u00e8rement apr\u00e8s les derniers attentats, <strong>le r\u00e9flexe a chang\u00e9<\/strong>. Fini le temps o\u00f9\u00a0le minist\u00e8re de l&rsquo;\u00c9ducation nationale ouvrait, comme pour pr\u00e9parer le chantier de l&rsquo;\u00e9cole num\u00e9rique, <a href=\"http:\/\/ecolenumerique.education.gouv.fr\/\" target=\"_blank\" rel=\"noopener\">une grande consultation nationale<\/a> <strong>sous forme de forum<\/strong>, o\u00f9 tous les participants, cadres, professeurs, \u00e9l\u00e8ves, acteurs de l&rsquo;\u00e9cole, pouvaient formuler des id\u00e9es au seul risque de les voir contredites.<\/p>\n<p>Aujourd&rsquo;hui, pour r\u00e9pondre \u00e0 l&rsquo;urgence, comme Canop\u00e9 \u00e0 propos <a href=\"https:\/\/www.reseau-canope.fr\/programme-maternelle-2015\/introduction.html\" target=\"_blank\" rel=\"noopener\">des programmes de l&rsquo;\u00e9cole maternelle<\/a>, <strong>on ouvre un gros site web bien gras<\/strong> et on y d\u00e9pose, comme dans un fourre-tout, des quantit\u00e9s de ressources valid\u00e9es par un ou plusieurs experts, l\u00e0 o\u00f9 la bonne id\u00e9e aurait \u00e9t\u00e9, <em>a contrario<\/em>, d&rsquo;ouvrir le d\u00e9bat, d&rsquo;<strong>organiser le flux des \u00e9changes<\/strong>, des productions individuelles et collectives, des ressources et de valoriser leur enrichissement. Passe encore qu&rsquo;on fasse une pr\u00e9sentation formelle des versions finales de ces programmes, elles auraient pu \u00eatre ouvertes au\u00a0questionnement, interrog\u00e9es par tous les acteurs, encadrement comme professeurs, dans un espace collaboratif <em>ad hoc<\/em>.<\/p>\n<p><strong>Cette \u00e9pid\u00e9mie de minit\u00e9lite aigu\u00eb<\/strong> a saisi de plein fouet tous les acteurs de l&rsquo;\u00e9cole apr\u00e8s les attentats\u00a0: <a href=\"http:\/\/www.education.gouv.fr\/cid95457\/parler-des-attentats-la-presse-jeunesse-se-mobilise.html\" target=\"_blank\" rel=\"noopener\">le minist\u00e8re<\/a>, <a href=\"https:\/\/www.reseau-canope.fr\/accompagner-la-communaute-educative-apres-le-13-novembre-2015\/accompagner-la-communaute-educative-apres-le-13-novembre-2015.html\" target=\"_blank\" rel=\"noopener\">le r\u00e9seau Canop\u00e9 qui fait des dossiers<\/a>, <a href=\"http:\/\/eduscol.education.fr\/cid95370\/savoir-accueillir-la-parole-des-eleves-apres-les-attentats-terroristes-en-ile-de-france.html\" target=\"_blank\" rel=\"noopener\">le site \u00c9duscol du minist\u00e8re<\/a>, <a href=\"http:\/\/www.cafepedagogique.net\/lexpresso\/Pages\/2015\/11\/15112015Article635832163826734992.aspx\" target=\"_blank\" rel=\"noopener\">le Caf\u00e9 p\u00e9dagogique qui interroge l&rsquo;expert ultime<\/a>, les \u00e9diteurs de presse jeunesse, les syndicats, les associations\u2026 Tous y sont all\u00e9s de leur Minitel sauveur. <a href=\"http:\/\/www.cahiers-pedagogiques.com\/Des-ressources-pour-parler-avec-les-enfants\" target=\"_blank\" rel=\"noopener\">Les Cahiers p\u00e9dagogiques<\/a> eux-m\u00eames se sont fendus d&rsquo;un floril\u00e8ge.<\/p>\n<p>Attention\u00a0! <strong>Bien \u00e9videmment, ces ressources sont fort utiles<\/strong> et ont rendu bien des services. Je ne veux pas le contester. Mais elles sont le marqueur d&rsquo;une certaine tendance, dans ces moments-l\u00e0, \u00e0 un certain retour en arri\u00e8re. Il s&rsquo;agit alors de donner au citoyen acteur du num\u00e9rique du pr\u00eat \u00e0 consommer, de r\u00e9duire sa posture et son engagement \u00e0 celle d&rsquo;un consommateur sans raison propre, en lui ass\u00e9nant le plus souvent la parole unique d&rsquo;experts aux comp\u00e9tences discutables.<\/p>\n<p>L&rsquo;institution dispose\u00a0pourtant d&rsquo;<strong>un outil bien pratique<\/strong> pour ouvrir des espaces d&rsquo;\u00e9changes entre coll\u00e8gues \u00e0 propos de ces attentats et de la mani\u00e8re d&rsquo;en parler en classe avec les \u00e9l\u00e8ves\u00a0: <strong><a href=\"http:\/\/www.viaeduc.fr\/\" target=\"_blank\" rel=\"noopener\">Via\u00e9duc<\/a><\/strong>. S&rsquo;il existe, de ci, de l\u00e0, des <a href=\"http:\/\/www.viaeduc.fr\/search\/std\/global?q=attentats\" target=\"_blank\" rel=\"noopener\">initiatives locales<\/a> bien limit\u00e9es pour en parler, on attend encore, de la part de son principal promoteur, le r\u00e9seau Canop\u00e9, la moindre petite initiative d&rsquo;ampleur nationale pour ouvrir le d\u00e9bat, permettre les \u00e9changes, produire et \u00e9changer des ressources. Apr\u00e8s tout, <strong><a href=\"http:\/\/www.viaeduc.fr\/\" target=\"_blank\" rel=\"noopener\">Via\u00e9duc<\/a> est exactement fait pour cela<\/strong>. On dit qu&rsquo;il a du mal \u00e0 trouver sa place. L&rsquo;occasion \u00e9tait l\u00e0, unique, de lui donner enfin du sens, sous la baguette d&rsquo;un groupe d&rsquo;animateurs des communaut\u00e9s d&rsquo;enseignants. Dommage\u00a0!<\/p>\n<p>[<span style=\"color: #808080;\"><strong>Mise \u00e0 jour<\/strong> du 26 novembre\u00a0: Via\u00e9duc me signale l&rsquo;existence d&rsquo;<\/span><a href=\"http:\/\/www.viaeduc.fr\/group\/5395\" target=\"_blank\" rel=\"noopener\">un espace tout r\u00e9cemment cr\u00e9\u00e9<\/a><span style=\"color: #808080;\">\u00a0(trop tard\u00a0?) contenant \u00e0 peine une dizaine de membres, son lot habituel de ressources d\u00e9pos\u00e9es l\u00e0 la nuit derni\u00e8re et stock\u00e9es ailleurs et\u2026 absolument aucun \u00e9change. Peut-\u00eatre cette initiative m\u00e9ritait-elle une autre publicit\u00e9 et une animation de qualit\u00e9\u00a0? Qui l&rsquo;a su\u00a0? Dommage\u00a0encore\u00a0!<\/span>]<\/p>\n<p>Pour finir sur une note plus optimiste, des initiatives se sont pourtant heureusement fait jour pour ouvrir ces d\u00e9bats fort utiles \u00e0 la r\u00e9flexion : sur les r\u00e9seaux sociaux d&rsquo;abord, de mani\u00e8re bien informelle et parfois r\u00e9ductrice\u00a0\u2014\u00a0Twitter n&rsquo;est d\u00e9cid\u00e9ment pas fait pour cela\u00a0\u2014, o\u00f9 l&rsquo;on attend encore la moindre d\u00e9marche\u00a0institutionnelle, mais aussi \u00e0 l&rsquo;initiative d&rsquo;autres acteurs qui ont de meilleurs r\u00e9flexes. Parmi ces derniers, <strong>il convient de noter le travail fort int\u00e9ressant des <a href=\"http:\/\/www.cahiers-pedagogiques.com\/\" target=\"_blank\" rel=\"noopener\">Cahiers p\u00e9dagogiques<\/a><\/strong> qui ont ouvert <a href=\"http:\/\/cercles.cahiers-pedagogiques.com\/fil\/360830\/parler-des-attentats-avec-les-eleves\" target=\"_blank\" rel=\"noopener\">un cercle d&rsquo;\u00e9change<\/a>, <a href=\"http:\/\/www.cahiers-pedagogiques.com\/Je-leur-ai-conseille-de-bien-recouper-leurs-sources\" target=\"_blank\" rel=\"noopener\">donn\u00e9 la parole<\/a> \u00e0 des enseignants, produit enfin <a href=\"http:\/\/www.cahiers-pedagogiques.com\/Quelle-pedagogie-pour-aborder-les-attentats-du-13-novembre-2015-a-Paris-avec-des-eleves\" target=\"_blank\" rel=\"noopener\">la synth\u00e8se d&rsquo;un groupe de travail<\/a> sur le sujet.<\/p>\n<p>Sans doute d&rsquo;autres initiatives se sont-elles fait jour. Je n&rsquo;en ai pas eu connaissance.<\/p>\n<p>Michel Guillou\u00a0<a href=\"https:\/\/twitter.com\/michelguillou\" target=\"_blank\" rel=\"noopener\">@michelguillou<\/a><\/p>\n<p><a href=\"http:\/\/creativecommons.org\/licenses\/by-nc-sa\/4.0\/\"><img loading=\"lazy\" decoding=\"async\" class=\"alignleft wp-image-1448 size-full\" src=\"http:\/\/i2.wp.com\/www.culture-numerique.fr\/wp-content\/uploads\/2014\/09\/80x15.png?resize=80%2C15\" alt=\"80x15\" width=\"80\" height=\"15\" data-pin-nopin=\"true\" \/><\/a><\/p>\n<p>&nbsp;<\/p>\n<p>Cr\u00e9dit photo\u00a0:\u00a0<a href=\"https:\/\/pixabay.com\/fr\/abondance-de-fruits-severin-roesen-867856\/\" target=\"_blank\" rel=\"noopener\">Pixabay<\/a>\u00a0sous licence\u00a0<a href=\"https:\/\/creativecommons.org\/publicdomain\/zero\/1.0\/deed.fr\" target=\"_blank\" rel=\"noopener\">Creative Commons CC0<\/a>\u00a0et <a href=\"https:\/\/www.flickr.com\/photos\/nnova\/2209784488\" target=\"_blank\" rel=\"noopener\">Nicolas Nova<\/a> via <a href=\"https:\/\/www.flickr.com\/\" target=\"_blank\" rel=\"noopener\">Flickr<\/a>\u00a0sous licence <a href=\"https:\/\/creativecommons.org\/licenses\/by\/2.0\/\" target=\"_blank\" rel=\"noopener\">CC<\/a><\/p>\n<p>[cite]<\/p>\n<p>&nbsp;<\/p>\n","protected":false},"excerpt":{"rendered":"<p><img loading=\"lazy\" decoding=\"async\" class=\"aligncenter size-full wp-image-4257\" src=\"http:\/\/www.culture-numerique.fr\/wp-content\/uploads\/2015\/11\/abundance-of-fruit-867856_1280-e1448276436877.jpg\" alt=\"Manne\" width=\"1244\" height=\"880\" srcset=\"https:\/\/www.culture-numerique.fr\/wp-content\/uploads\/2015\/11\/abundance-of-fruit-867856_1280-e1448276436877.jpg 1244w, https:\/\/www.culture-numerique.fr\/wp-content\/uploads\/2015\/11\/abundance-of-fruit-867856_1280-e1448276436877-300x212.jpg 300w, https:\/\/www.culture-numerique.fr\/wp-content\/uploads\/2015\/11\/abundance-of-fruit-867856_1280-e1448276436877-1024x724.jpg 1024w, https:\/\/www.culture-numerique.fr\/wp-content\/uploads\/2015\/11\/abundance-of-fruit-867856_1280-e1448276436877-100x71.jpg 100w, https:\/\/www.culture-numerique.fr\/wp-content\/uploads\/2015\/11\/abundance-of-fruit-867856_1280-e1448276436877-150x106.jpg 150w, https:\/\/www.culture-numerique.fr\/wp-content\/uploads\/2015\/11\/abundance-of-fruit-867856_1280-e1448276436877-200x141.jpg 200w, https:\/\/www.culture-numerique.fr\/wp-content\/uploads\/2015\/11\/abundance-of-fruit-867856_1280-e1448276436877-450x318.jpg 450w, https:\/\/www.culture-numerique.fr\/wp-content\/uploads\/2015\/11\/abundance-of-fruit-867856_1280-e1448276436877-600x424.jpg 600w, https:\/\/www.culture-numerique.fr\/wp-content\/uploads\/2015\/11\/abundance-of-fruit-867856_1280-e1448276436877-900x637.jpg 900w\" sizes=\"auto, (max-width: 1244px) 100vw, 1244px\" \/><\/p>\n<p><strong>\u00c0 l&rsquo;\u00e8re num\u00e9rique<\/strong>, la question des ressources \u00e9ducatives reste \u00e9videmment centrale. Une chose est certaine cependant, <strong>elle ne peut en aucun cas \u00eatre aujourd&rsquo;hui prise en compte dans les m\u00eames conditions<\/strong>,<\/p>\n<p><span class=\"ellipsis\">&hellip;<\/span><\/p>\n<div class=\"read-more\"><a href=\"https:\/\/www.culture-numerique.fr\/?p=4247\">Lire la suite &#8250;<\/a><\/div>\n<p><!-- end of .read-more --><\/p>\n","protected":false},"author":1,"featured_media":4257,"comment_status":"open","ping_status":"open","sticky":false,"template":"","format":"standard","meta":{"jetpack_post_was_ever_published":false,"_jetpack_newsletter_access":"","_jetpack_dont_email_post_to_subs":true,"_jetpack_newsletter_tier_id":0,"_jetpack_memberships_contains_paywalled_content":false,"_jetpack_memberships_contains_paid_content":false,"footnotes":""},"categories":[9],"tags":[681,682,91,683,286,633,219,680,684,83,685],"class_list":["post-4247","post","type-post","status-publish","format-standard","has-post-thumbnail","hentry","category-billets-dhumeur","tag-attentats","tag-citoyen-acteur","tag-citoyennete-numerique","tag-decentralisation","tag-expertise","tag-experts","tag-flux","tag-minitel","tag-redecentralisation","tag-ressources-numeriques","tag-viaeduc"],"jetpack_featured_media_url":"https:\/\/www.culture-numerique.fr\/wp-content\/uploads\/2015\/11\/abundance-of-fruit-867856_1280-e1448276436877.jpg","jetpack_sharing_enabled":true,"_links":{"self":[{"href":"https:\/\/www.culture-numerique.fr\/index.php?rest_route=\/wp\/v2\/posts\/4247","targetHints":{"allow":["GET"]}}],"collection":[{"href":"https:\/\/www.culture-numerique.fr\/index.php?rest_route=\/wp\/v2\/posts"}],"about":[{"href":"https:\/\/www.culture-numerique.fr\/index.php?rest_route=\/wp\/v2\/types\/post"}],"author":[{"embeddable":true,"href":"https:\/\/www.culture-numerique.fr\/index.php?rest_route=\/wp\/v2\/users\/1"}],"replies":[{"embeddable":true,"href":"https:\/\/www.culture-numerique.fr\/index.php?rest_route=%2Fwp%2Fv2%2Fcomments&post=4247"}],"version-history":[{"count":47,"href":"https:\/\/www.culture-numerique.fr\/index.php?rest_route=\/wp\/v2\/posts\/4247\/revisions"}],"predecessor-version":[{"id":7478,"href":"https:\/\/www.culture-numerique.fr\/index.php?rest_route=\/wp\/v2\/posts\/4247\/revisions\/7478"}],"wp:featuredmedia":[{"embeddable":true,"href":"https:\/\/www.culture-numerique.fr\/index.php?rest_route=\/wp\/v2\/media\/4257"}],"wp:attachment":[{"href":"https:\/\/www.culture-numerique.fr\/index.php?rest_route=%2Fwp%2Fv2%2Fmedia&parent=4247"}],"wp:term":[{"taxonomy":"category","embeddable":true,"href":"https:\/\/www.culture-numerique.fr\/index.php?rest_route=%2Fwp%2Fv2%2Fcategories&post=4247"},{"taxonomy":"post_tag","embeddable":true,"href":"https:\/\/www.culture-numerique.fr\/index.php?rest_route=%2Fwp%2Fv2%2Ftags&post=4247"}],"curies":[{"name":"wp","href":"https:\/\/api.w.org\/{rel}","templated":true}]}}