{"id":4241,"date":"2015-11-16T15:22:54","date_gmt":"2015-11-16T14:22:54","guid":{"rendered":"http:\/\/www.culture-numerique.fr\/?p=4241"},"modified":"2016-08-17T22:58:38","modified_gmt":"2016-08-17T20:58:38","slug":"deux-ou-trois-nuances-de-spleen","status":"publish","type":"post","link":"https:\/\/www.culture-numerique.fr\/?p=4241","title":{"rendered":"Deux ou trois nuances de spleen"},"content":{"rendered":"<p><img loading=\"lazy\" decoding=\"async\" class=\"aligncenter size-full wp-image-4240\" src=\"http:\/\/www.culture-numerique.fr\/wp-content\/uploads\/2015\/11\/DSC_0485-e1447681082969.jpg\" alt=\"Gris\" width=\"1248\" height=\"702\" \/><\/p>\n<p><strong>Comment dire\u00a0? comment expliquer\u00a0?<\/strong> Depuis trois jours je continue vaillamment \u00e0 tenter de partager ma veille sur le num\u00e9rique et l&rsquo;\u00e9ducation aux m\u00e9dias, en rapport bien s\u00fbr avec les attentats qui ont tr\u00e8s durement frapp\u00e9 des Parisiennes et des Parisiens heureux, de boire un verre, de refaire le monde \u00e0 la terrasse d&rsquo;un bistrot, d&rsquo;assister \u00e0 un match de foot, que sais-je\u2026 Donc, j&rsquo;essaie mais j&rsquo;ai le spleen, le grand, un vrai truc diffus qui ne me quitte pas, mi-angoisse, mi-d\u00e9sarroi, mi-bisque-rage\u00a0\u2014\u00a0oui, je sais, le compte n&rsquo;y est pas.<\/p>\n<p>Comme j&rsquo;ai peu d&rsquo;enthousiasme \u00e0 faire comme tout le monde et ressasser les images et les slogans convenus et souvent r\u00e9ducteurs, comme je n&rsquo;aime ni le noir ni le blanc, vous aurez droit pour illustrer ce court billet \u00e0 un ciel gris, tout en nuances, comme mon spleen.<\/p>\n<p>J&rsquo;avais quelques articles sous le coude, dont un qui aurait dit un mot des annonces que le minist\u00e8re n&rsquo;aurait pas faites \u00e0 \u00c9ducatice, qui est report\u00e9, un autre sur la culture num\u00e9rique et la citoyennet\u00e9 qui trouvera peut-\u00eatre un \u00e9clairage compl\u00e9mentaire dans les le\u00e7ons \u00e0 tirer de ce qui s&rsquo;est pass\u00e9 vendredi 13 novembre dernier. Peut-\u00eatre, oui, mais pas \u00e0 chaud, il faudra du recul. Tant pis pour tout cela, ce sera pour plus tard.<\/p>\n<p>En attendant, j&rsquo;ai le spleen et je pense \u00e0 tous ceux qui ont maintenant \u00e0 mettre du sens dans tout ce bordel. Les parents d&rsquo;abord, dans le cocon familial protecteur, mais aussi tous les acteurs de l&rsquo;\u00e9cole dont les professeurs qui n&rsquo;ont d&rsquo;autre choix que de\u00a0commencer \u00e0 accorder enfin suffisamment d&rsquo;\u00e9coute, de consid\u00e9ration et de confiance \u00e0 leurs \u00e9l\u00e8ves, petits comme grands, toutes sortes de choses qui ont bien manqu\u00e9 \u00e0 l&rsquo;\u00e9cole ces derniers temps, comme d&rsquo;ailleurs la n\u00e9cessaire \u00e9ducation aux m\u00e9dias et \u00e0 l&rsquo;information et la formation du jeune citoyen, num\u00e9rique certes, mais citoyen d&rsquo;abord.<\/p>\n<p>\u00c0 tous, je fais des c\u00e2lins virtuels, je vous embrasse, vous aime et vous souhaite bien du courage. Il va falloir en disposer d&rsquo;une quantit\u00e9 consid\u00e9rable. Et le partager, pour travailler et apprendre ensemble.<\/p>\n<p>Michel Guillou\u00a0<a href=\"https:\/\/twitter.com\/michelguillou\" target=\"_blank\">@michelguillou<\/a><\/p>\n<p><a href=\"http:\/\/creativecommons.org\/licenses\/by-nc-sa\/2.0\/fr\/\" target=\"_blank\"><img loading=\"lazy\" decoding=\"async\" src=\"http:\/\/i1.wp.com\/i.creativecommons.org\/l\/by-nc-sa\/2.0\/fr\/80x15.png?resize=80%2C15\" alt=\"image\" width=\"80\" height=\"15\" data-pin-nopin=\"true\" \/><\/a><\/p>\n<p>[cite]<\/p>\n","protected":false},"excerpt":{"rendered":"<p><img loading=\"lazy\" decoding=\"async\" class=\"aligncenter size-full wp-image-4240\" src=\"http:\/\/www.culture-numerique.fr\/wp-content\/uploads\/2015\/11\/DSC_0485-e1447681082969.jpg\" alt=\"Gris\" width=\"1248\" height=\"702\" \/><\/p>\n<p><strong>Comment dire\u00a0? comment expliquer\u00a0?<\/strong> Depuis trois jours je continue vaillamment \u00e0 tenter de partager ma veille sur le num\u00e9rique et l&rsquo;\u00e9ducation aux m\u00e9dias, en rapport bien s\u00fbr avec les attentats qui ont tr\u00e8s durement frapp\u00e9 des Parisiennes et des Parisiens heureux,<\/p>\n<p><span class=\"ellipsis\">&hellip;<\/span><\/p>\n<div class=\"read-more\"><a href=\"https:\/\/www.culture-numerique.fr\/?p=4241\">Lire la suite &#8250;<\/a><\/div>\n<p><!-- end of .read-more --><\/p>\n","protected":false},"author":1,"featured_media":4240,"comment_status":"open","ping_status":"open","sticky":false,"template":"","format":"standard","meta":{"jetpack_post_was_ever_published":false,"_jetpack_newsletter_access":"","_jetpack_dont_email_post_to_subs":false,"_jetpack_newsletter_tier_id":0,"_jetpack_memberships_contains_paywalled_content":false,"_jetpack_memberships_contains_paid_content":false,"footnotes":""},"categories":[9,20],"tags":[674,547,679,678,530,675,677,676],"class_list":["post-4241","post","type-post","status-publish","format-standard","has-post-thumbnail","hentry","category-billets-dhumeur","category-breves","tag-13-novembre","tag-confiance","tag-consideration","tag-ecoute","tag-education-aux-medias-et-a-linformation","tag-education-du-citoyen","tag-gris","tag-spleen"],"jetpack_featured_media_url":"https:\/\/www.culture-numerique.fr\/wp-content\/uploads\/2015\/11\/DSC_0485-e1447681082969.jpg","jetpack_sharing_enabled":true,"_links":{"self":[{"href":"https:\/\/www.culture-numerique.fr\/index.php?rest_route=\/wp\/v2\/posts\/4241","targetHints":{"allow":["GET"]}}],"collection":[{"href":"https:\/\/www.culture-numerique.fr\/index.php?rest_route=\/wp\/v2\/posts"}],"about":[{"href":"https:\/\/www.culture-numerique.fr\/index.php?rest_route=\/wp\/v2\/types\/post"}],"author":[{"embeddable":true,"href":"https:\/\/www.culture-numerique.fr\/index.php?rest_route=\/wp\/v2\/users\/1"}],"replies":[{"embeddable":true,"href":"https:\/\/www.culture-numerique.fr\/index.php?rest_route=%2Fwp%2Fv2%2Fcomments&post=4241"}],"version-history":[{"count":4,"href":"https:\/\/www.culture-numerique.fr\/index.php?rest_route=\/wp\/v2\/posts\/4241\/revisions"}],"predecessor-version":[{"id":5231,"href":"https:\/\/www.culture-numerique.fr\/index.php?rest_route=\/wp\/v2\/posts\/4241\/revisions\/5231"}],"wp:featuredmedia":[{"embeddable":true,"href":"https:\/\/www.culture-numerique.fr\/index.php?rest_route=\/wp\/v2\/media\/4240"}],"wp:attachment":[{"href":"https:\/\/www.culture-numerique.fr\/index.php?rest_route=%2Fwp%2Fv2%2Fmedia&parent=4241"}],"wp:term":[{"taxonomy":"category","embeddable":true,"href":"https:\/\/www.culture-numerique.fr\/index.php?rest_route=%2Fwp%2Fv2%2Fcategories&post=4241"},{"taxonomy":"post_tag","embeddable":true,"href":"https:\/\/www.culture-numerique.fr\/index.php?rest_route=%2Fwp%2Fv2%2Ftags&post=4241"}],"curies":[{"name":"wp","href":"https:\/\/api.w.org\/{rel}","templated":true}]}}