{"id":4227,"date":"2015-12-31T18:34:31","date_gmt":"2015-12-31T17:34:31","guid":{"rendered":"http:\/\/www.culture-numerique.fr\/?p=4227"},"modified":"2016-10-23T07:43:55","modified_gmt":"2016-10-23T05:43:55","slug":"tendances-pour-leducation-les-5-annonces-que-le-ministere-ne-fera-pas-en-2016","status":"publish","type":"post","link":"https:\/\/www.culture-numerique.fr\/?p=4227","title":{"rendered":"Tendances pour l&rsquo;\u00e9ducation\u00a0: les 5 annonces que le minist\u00e8re ne fera pas en 2016"},"content":{"rendered":"<p><img loading=\"lazy\" decoding=\"async\" class=\"aligncenter size-full wp-image-4235\" src=\"http:\/\/www.culture-numerique.fr\/wp-content\/uploads\/2015\/11\/Alerte-de-raid-a\u00e9rien-1353572817_44.jpg\" alt=\"Alertes\" width=\"1200\" height=\"800\" srcset=\"https:\/\/www.culture-numerique.fr\/wp-content\/uploads\/2015\/11\/Alerte-de-raid-a\u00e9rien-1353572817_44.jpg 1200w, https:\/\/www.culture-numerique.fr\/wp-content\/uploads\/2015\/11\/Alerte-de-raid-a\u00e9rien-1353572817_44-300x200.jpg 300w, https:\/\/www.culture-numerique.fr\/wp-content\/uploads\/2015\/11\/Alerte-de-raid-a\u00e9rien-1353572817_44-1024x683.jpg 1024w, https:\/\/www.culture-numerique.fr\/wp-content\/uploads\/2015\/11\/Alerte-de-raid-a\u00e9rien-1353572817_44-100x67.jpg 100w, https:\/\/www.culture-numerique.fr\/wp-content\/uploads\/2015\/11\/Alerte-de-raid-a\u00e9rien-1353572817_44-150x100.jpg 150w, https:\/\/www.culture-numerique.fr\/wp-content\/uploads\/2015\/11\/Alerte-de-raid-a\u00e9rien-1353572817_44-200x133.jpg 200w, https:\/\/www.culture-numerique.fr\/wp-content\/uploads\/2015\/11\/Alerte-de-raid-a\u00e9rien-1353572817_44-450x300.jpg 450w, https:\/\/www.culture-numerique.fr\/wp-content\/uploads\/2015\/11\/Alerte-de-raid-a\u00e9rien-1353572817_44-600x400.jpg 600w, https:\/\/www.culture-numerique.fr\/wp-content\/uploads\/2015\/11\/Alerte-de-raid-a\u00e9rien-1353572817_44-900x600.jpg 900w\" sizes=\"auto, (max-width: 1200px) 100vw, 1200px\" \/><\/p>\n<p><strong>De mani\u00e8re tr\u00e8s conventionnelle<\/strong>, la mode, en cette fin d&rsquo;ann\u00e9e, est \u00e0 l&rsquo;imagination, aux id\u00e9es prospectives, aux pr\u00e9visions, aux v\u0153ux, aux promesses pour demain. Il est d&rsquo;ailleurs int\u00e9ressant\u00a0de noter que ceux qui font ainsi m\u00e9tier de la prospective se sont toujours et m\u00e9thodiquement tromp\u00e9s depuis des ann\u00e9es, malgr\u00e9 les\u00a0bravos recueillis dans les c\u00e9nacles o\u00f9 ils exercent.\u00a0Ils ne prennent pas grand risque. Qui le leur reproche, qui regarde en arri\u00e8re\u00a0?<\/p>\n<p>Pour ma part, quand ma vanit\u00e9 m&rsquo;a laiss\u00e9 croire que j&rsquo;\u00e9tais capable de telles performances, je me suis \u00e9galement et r\u00e9guli\u00e8rement tromp\u00e9. Sur ce blogue ou ailleurs.\u00a0En cons\u00e9quence, ne comptez pas sur moi pour vous dire ce qui va se passer demain en mati\u00e8re d&rsquo;\u00e9ducation et, en particulier, d&rsquo;\u00e9ducation avec le num\u00e9rique. C&rsquo;est trop compliqu\u00e9. Je ne ferai donc aucun v\u0153u, sauf peut-\u00eatre celui de <strong>voir l&rsquo;horizon \u00e9ducatif s&rsquo;\u00e9claircir<\/strong>, tant il est embrum\u00e9 des discours st\u00e9riles sur les rythmes scolaires et la r\u00e9forme du coll\u00e8ge, quand il ne s&rsquo;agit\u00a0pas des programmes d&rsquo;histoire ou de langues anciennes ou, pire\u00a0!, des obligations de service des agr\u00e9g\u00e9s en coll\u00e8ge. Je vous en reparle.<\/p>\n<p>Mon audace ira pourtant \u00e0 vous faire conna\u00eetre <strong>la liste des annonces que le minist\u00e8re ne fera pas en 2016<\/strong>. Je ne prends pas grand risque, je n&rsquo;ai aucun doute \u00e0 ce sujet.<\/p>\n<h3>1. L&rsquo;article\u00a0L511-5 du Code de l&rsquo;\u00e9ducation sera supprim\u00e9<\/h3>\n<p>Ne r\u00eavez pas, cela n&rsquo;arrivera pas.\u00a0Quand la hi\u00e9rarchie de la grande maison ne veut pas quelque chose, elle invoque g\u00e9n\u00e9ralement deux raisons majeures auxquelles il n&rsquo;est g\u00e9n\u00e9ralement pas possible d&rsquo;opposer quelque argument\u00a0: la sant\u00e9 et la s\u00e9curit\u00e9. Il convient alors\u00a0de s&rsquo;incliner et de battre en retraite.<\/p>\n<p>En l&rsquo;occurrence, tout concorde. Ce sont nos vaillants s\u00e9nateurs, amollis par l&rsquo;\u00e9t\u00e9 naissant, qui ont ajout\u00e9 en juillet 2010, dans la loi \u00ab\u00a0portant engagement national pour l&rsquo;environnement\u00a0\u00bb, un amendement qui modifie l&rsquo;article L511-5 du Code de l&rsquo;\u00e9ducation, voir ci-dessous\u00a0:<br \/>\n<img loading=\"lazy\" decoding=\"async\" class=\"aligncenter wp-image-4481 size-full\" src=\"http:\/\/www.culture-numerique.fr\/wp-content\/uploads\/2015\/12\/2015-12-31_012758.png\" alt=\"Wi-Fi\" width=\"597\" height=\"157\" srcset=\"https:\/\/www.culture-numerique.fr\/wp-content\/uploads\/2015\/12\/2015-12-31_012758.png 597w, https:\/\/www.culture-numerique.fr\/wp-content\/uploads\/2015\/12\/2015-12-31_012758-300x79.png 300w, https:\/\/www.culture-numerique.fr\/wp-content\/uploads\/2015\/12\/2015-12-31_012758-100x26.png 100w, https:\/\/www.culture-numerique.fr\/wp-content\/uploads\/2015\/12\/2015-12-31_012758-150x39.png 150w, https:\/\/www.culture-numerique.fr\/wp-content\/uploads\/2015\/12\/2015-12-31_012758-200x53.png 200w, https:\/\/www.culture-numerique.fr\/wp-content\/uploads\/2015\/12\/2015-12-31_012758-450x118.png 450w\" sizes=\"auto, (max-width: 597px) 100vw, 597px\" \/><\/p>\n<p>Au-del\u00e0 de la syntaxe curieuse de cet article de loi, il convient de faire d&#8217;embl\u00e9e la remarque que ces dispositions ne concernent nullement les lyc\u00e9es et l&rsquo;enseignement post-bac et qu&rsquo;elles ne concernent pas non plus l&rsquo;utilisation par des adultes. Cette derni\u00e8re tol\u00e9rance est pour le moins curieuse\u00a0: un t\u00e9l\u00e9phone mobile ne serait ainsi dangereux pour la sant\u00e9 et l&rsquo;environnement que s&rsquo;il est utilis\u00e9 par un enfant et pas par un adulte ?<\/p>\n<p>Cet article, qui ne concerne que l&rsquo;usage des t\u00e9l\u00e9phones mobiles, dont on ne sait d&rsquo;ailleurs pas la mani\u00e8re dont ils sont connect\u00e9s, est compl\u00e9t\u00e9 par l&rsquo;article 7 de la loi n\u00b0 2015-136\u00a0du 9 f\u00e9vrier 2015 relative \u00e0 la sobri\u00e9t\u00e9, \u00e0 la transparence, \u00e0 l&rsquo;information et \u00e0 la concertation en mati\u00e8re d&rsquo;exposition aux ondes \u00e9lectromagn\u00e9tiques (ouf\u00a0!)\u00a0:<\/p>\n<p><img loading=\"lazy\" decoding=\"async\" class=\"aligncenter size-full wp-image-4483\" src=\"http:\/\/www.culture-numerique.fr\/wp-content\/uploads\/2015\/12\/2015-12-31_014754.png\" alt=\"Wi-Fi2\" width=\"609\" height=\"319\" srcset=\"https:\/\/www.culture-numerique.fr\/wp-content\/uploads\/2015\/12\/2015-12-31_014754.png 609w, https:\/\/www.culture-numerique.fr\/wp-content\/uploads\/2015\/12\/2015-12-31_014754-300x157.png 300w, https:\/\/www.culture-numerique.fr\/wp-content\/uploads\/2015\/12\/2015-12-31_014754-100x52.png 100w, https:\/\/www.culture-numerique.fr\/wp-content\/uploads\/2015\/12\/2015-12-31_014754-150x79.png 150w, https:\/\/www.culture-numerique.fr\/wp-content\/uploads\/2015\/12\/2015-12-31_014754-200x105.png 200w, https:\/\/www.culture-numerique.fr\/wp-content\/uploads\/2015\/12\/2015-12-31_014754-450x236.png 450w, https:\/\/www.culture-numerique.fr\/wp-content\/uploads\/2015\/12\/2015-12-31_014754-600x314.png 600w\" sizes=\"auto, (max-width: 609px) 100vw, 609px\" \/><\/p>\n<p>Qu&rsquo;en est-il <em>in fine<\/em>\u00a0? Le tableau est bien s\u00fbr tr\u00e8s h\u00e9t\u00e9rog\u00e8ne dans les 52\u00a0200 \u00e9coles, les 7\u00a0100 coll\u00e8ges et les 4\u00a0300 lyc\u00e9es du territoire mais il convient de noter que la situation locale est bien souvent pire que ce que permet la loi. En effet,\u00a0cette derni\u00e8re est appliqu\u00e9e de mani\u00e8re encore plus restrictive, quand la pression de certaines associations locales n&rsquo;aboutit pas \u00e7\u00e0 et l\u00e0 \u00e0 <strong>l&rsquo;interdiction pure et simple<\/strong>, et ce sont les services de l&rsquo;\u00c9tat ou, surtout, des collectivit\u00e9s territoriales qui avancent des raisons de s\u00e9curit\u00e9 \u2014\u00a0traduisons\u00a0: ils ne savent pas faire et ne veulent pas s&#8217;emb\u00eater avec \u00e7a\u00a0\u2014 et qui entravent la mise en place des mat\u00e9riels qu&rsquo;elles ont bien souvent elles-m\u00eames achet\u00e9s\u00a0\u2014\u00a0eh oui\u00a0! ce ne sont pas les m\u00eames services\u00a0!<\/p>\n<p><img loading=\"lazy\" decoding=\"async\" class=\"alignright size-medium wp-image-4493\" src=\"http:\/\/www.culture-numerique.fr\/wp-content\/uploads\/2015\/12\/Mobile_Ger\u00e4te-300x180.jpg\" alt=\"BYOD\" width=\"300\" height=\"180\" srcset=\"https:\/\/www.culture-numerique.fr\/wp-content\/uploads\/2015\/12\/Mobile_Ger\u00e4te-300x180.jpg 300w, https:\/\/www.culture-numerique.fr\/wp-content\/uploads\/2015\/12\/Mobile_Ger\u00e4te-100x60.jpg 100w, https:\/\/www.culture-numerique.fr\/wp-content\/uploads\/2015\/12\/Mobile_Ger\u00e4te-150x90.jpg 150w, https:\/\/www.culture-numerique.fr\/wp-content\/uploads\/2015\/12\/Mobile_Ger\u00e4te-200x120.jpg 200w, https:\/\/www.culture-numerique.fr\/wp-content\/uploads\/2015\/12\/Mobile_Ger\u00e4te-450x270.jpg 450w, https:\/\/www.culture-numerique.fr\/wp-content\/uploads\/2015\/12\/Mobile_Ger\u00e4te-600x360.jpg 600w, https:\/\/www.culture-numerique.fr\/wp-content\/uploads\/2015\/12\/Mobile_Ger\u00e4te.jpg 640w\" sizes=\"auto, (max-width: 300px) 100vw, 300px\" \/><strong>Ubu s&rsquo;est install\u00e9 dans la place<\/strong>. Au m\u00eame moment o\u00f9 le Plan num\u00e9rique du gouvernement favorise le d\u00e9ploiement de tablettes num\u00e9riques, o\u00f9 des groupes de travail sont constitu\u00e9s au minist\u00e8re ou dans les acad\u00e9mies pour permettre l&rsquo;introduction raisonn\u00e9e du <a href=\"https:\/\/fr.wikipedia.org\/wiki\/Bring_your_own_device\" target=\"_blank\">BYOD<\/a>, o\u00f9 des initiatives locales pionni\u00e8res avec des terminaux divers utilisant le Wi-Fi prennent place dans les apprentissages, o\u00f9 d&rsquo;autres pionniers n&rsquo;ont d&rsquo;autres recours que de\u00a0partager la connexion 4G\u00a0de leur smartphone personnel pour pallier l&rsquo;absence de connectivit\u00e9 ou de raccordement, les textes ci-dessus et les r\u00e8glements int\u00e9rieurs plus limitatifs sont sentencieusement rappel\u00e9s dans les conseils d&rsquo;\u00e9cole et les conseils d&rsquo;administration des coll\u00e8ges et des lyc\u00e9es. La morale est sauve.<\/p>\n<p>Cette schizophr\u00e9nie est telle qu&rsquo;elle aboutit \u00e0 interroger les\u00a0\u00e9l\u00e8ves professeurs dans certains CAPES, <a href=\"http:\/\/cache.media.education.gouv.fr\/file\/3eme_concours\/15\/2\/doc_464152.pdf\" target=\"_blank\">les rapports des jurys l&rsquo;attestent<\/a>, \u00e0 propos de dispositifs BYOD qu&rsquo;ils ne pourront mettre en \u0153uvre, une fois titularis\u00e9s.<\/p>\n<p>Ce ne sont pas les textes qui manquent, pourtant, pour <strong>ouvrir un peu la fen\u00eatre des possibles<\/strong>, \u00e0 commencer par la loi dont il est possible de faire une lecture moins restrictive. Mais le minist\u00e8re propose aussi, \u00e0 destination des \u00e9coles, \u00e9tablissements et collectivit\u00e9s <a href=\"http:\/\/eduscol.education.fr\/cid89186\/referentiel-wi-fi.html\" target=\"_blank\">un r\u00e9f\u00e9rentiel sur le Wi-Fi<\/a>\u00a0qui date de mai dernier, en trois documents s\u00e9par\u00e9s, le premier sur <a href=\"http:\/\/cache.media.eduscol.education.fr\/file\/s2i2e\/98\/0\/WIFI_ref-eple-ecole-usages-cadre-legal_v1_425980.pdf\" target=\"_blank\">les usages (!) et le cadre juridique<\/a>, le deuxi\u00e8me d\u00e9finissant <a href=\"http:\/\/cache.media.eduscol.education.fr\/file\/s2i2e\/39\/1\/WIFI_ref-eple-ecole-cadre_technique_v1_429391.pdf\" target=\"_blank\">le cadre technique<\/a>, le dernier faisant le point sur <a href=\"http:\/\/cache.media.eduscol.education.fr\/file\/s2i2e\/96\/6\/WIFI_ref-eple-ecole-RF-sante_v1_425966.pdf\" target=\"_blank\">les radiofr\u00e9quences et la sant\u00e9<\/a>.\u00a0Enfin, tout r\u00e9cemment, apr\u00e8s d&rsquo;autres plus ind\u00e9pendantes, peut-\u00eatre,\u00a0<a href=\"http:\/\/www.ladepeche.fr\/article\/2015\/12\/29\/2246724-ondes-electromagnetiques-niveaux-exposition-sont-tres-faibles-selon-anfr.html\" target=\"_blank\">une \u00e9tude de\u00a0l&rsquo;Agence nationale des fr\u00e9quences<\/a> (ANFR) a \u00e9t\u00e9 publi\u00e9e qui montre que, en France, les normes sont telles que l&rsquo;exposition du public aux ondes \u00e9lectromagn\u00e9tiques se situe \u00e0 des niveaux \u00ab\u00a0tr\u00e8s faibles\u00a0\u00bb.<\/p>\n<p>[Mise \u00e0 jour du 4 janvier\u00a0: <a href=\"https:\/\/www.nextinpact.com\/news\/97896-exposition-aux-ondes-resultats-enquete-nationale-anfr.htm\" target=\"_blank\"><em>Nextinpact<\/em> publie aujourd&rsquo;hui un article<\/a> qui d\u00e9taille et pr\u00e9cise les r\u00e9sultats de cette enqu\u00eate de l&rsquo;ANFR]<\/p>\n<p>Et pendant ce temps-l\u00e0, les \u00e9l\u00e8ves, les grands d&rsquo;abord, bien s\u00fbr, continuent de regarder sous la table pour, au mieux, v\u00e9rifier ce que dit le prof, au pire \u2014\u00a0quoique\u00a0\u2014 continuer leur vie sociale sur les r\u00e9seaux du m\u00eame nom.<\/p>\n<h3>2. Une plateforme nationale de blogues sera mise \u00e0 disposition des \u00e9l\u00e8ves<\/h3>\n<p>C&rsquo;est <a href=\"https:\/\/www.reseau-canope.fr\/\" target=\"_blank\">Canop\u00e9<\/a> qui sera charg\u00e9, apr\u00e8s d\u00e9finition du cahier des charges, de la mise en \u0153uvre.<\/p>\n<p>Cela concernera\u00a0les \u00e9tudiants et les lyc\u00e9ens d&rsquo;abord puis, si l&rsquo;exp\u00e9rience s&rsquo;av\u00e8re concluante, les coll\u00e9giens et les \u00e9coliers seront progressivement invit\u00e9s \u00e0 s&rsquo;en emparer. Apr\u00e8s Charlie, le gouvernement a pris conscience que\u00a0<a href=\"http:\/\/www.culture-numerique.fr\/?p=2562\">la libert\u00e9 d&rsquo;expression, \u00e7a s&rsquo;apprend<\/a>. Cette plateforme est l\u00e0 pour \u00e7a. En toute responsabilit\u00e9, seuls ou de mani\u00e8re collective, avec ou sans leurs professeurs, les jeunes s&rsquo;en empareront, ce qui donnera l&rsquo;occasion \u00e0 leurs professeurs de <strong>mettre en \u0153uvre les apprentissages<\/strong> leur permettant d&rsquo;acqu\u00e9rir les comp\u00e9tences li\u00e9es \u00e0 l&rsquo;exercice de cette libert\u00e9 fondamentale.<\/p>\n<p>Ne r\u00eavez pas, je divague.<\/p>\n<h3>3. Une plateforme nationale de d\u00e9p\u00f4t de documents sera propos\u00e9e aux professeurs pour des \u00e9changes pair \u00e0 pair<\/h3>\n<p>La plus-value est dans la facilitation du flux et la valorisation du meilleur.<\/p>\n<p>Vous allez me dire, \u00e0 juste titre, que <a href=\"http:\/\/www.viaeduc.fr\/\" target=\"_blank\">Via\u00e9duc<\/a> existe d\u00e9j\u00e0, cens\u00e9 aussi, car ce n&rsquo;est pas son seul r\u00f4le, servir \u00e0 \u00e7a. Oui mais non. Car Via\u00e9duc, c&rsquo;est du web centralis\u00e9 o\u00f9 les possibilit\u00e9s de publication et de valorisation sont tr\u00e8s insuffisantes, donc du stock bien conventionnel alors que le flux s&rsquo;organise dans des services distribu\u00e9s et r\u00e9partis. Et \u00e7a demande de l&rsquo;animation, de l&rsquo;humilit\u00e9, de la responsabilit\u00e9, la lib\u00e9ration de certains droits.<\/p>\n<p>Donc ce n&rsquo;est pas possible. Annonce suivante\u00a0?<\/p>\n<h3>4. Un r\u00e9f\u00e9rentiel d&rsquo;interop\u00e9rabilit\u00e9 sera d\u00e9fini et respect\u00e9, la loi encouragera \u00e0 se servir de ressources libres et prot\u00e9gera les biens communs<\/h3>\n<p>Bon, on ne devrait pas rire de ces choses-l\u00e0\u2026 Je demande humblement pardon \u00e0 ceux dont c&rsquo;est le combat depuis des ann\u00e9es.<\/p>\n<h3>5. Une large concertation sera lanc\u00e9e avec les professeurs et leurs syndicats pour refonder leurs missions<\/h3>\n<p>Changer l&rsquo;\u00e9cole avec le num\u00e9rique, ce n&rsquo;est pas mettre des tablettes sur les tables, en tout cas pas seulement, c&rsquo;est surtout comprendre que le num\u00e9rique change radicalement les modalit\u00e9s d&rsquo;enseignement. C&rsquo;est prendre conscience que les temps, les lieux, les groupes scolaires vont \u00eatre chamboul\u00e9s et qu&rsquo;il faudra de l&rsquo;imagination et de la souplesse pour r\u00e9pondre \u00e0 ces nouveaux enjeux.<\/p>\n<p>Au moment ou <a href=\"http:\/\/www.vousnousils.fr\/2015\/12\/23\/societe-agreges-proteste-contre-proposition-dinstaurer-18-heures-service-college-580806\" target=\"_blank\">la soci\u00e9t\u00e9 des agr\u00e9g\u00e9s proteste<\/a> parce qu&rsquo;il est vaguement question de leur imposer 18 heures de cours par semaine en coll\u00e8ge, comme les autres professeurs, il est temps de leur faire comprendre que cette d\u00e9finition des services a v\u00e9cu car, \u00e0 l&rsquo;heure du num\u00e9rique, <strong>le temps scolaire ne saurait s&rsquo;arr\u00eater<\/strong> sit\u00f4t que la cloche a sonn\u00e9. La professionnalisation de ce m\u00e9tier demande sa revalorisation financi\u00e8re, <strong>la red\u00e9finition des services et des missions des enseignants<\/strong>, incluant la collaboration entre professeurs sur des contenus transdiciplinaires, le recrutement aussi en plus grand nombre de nouveaux professeurs correctement form\u00e9s.<\/p>\n<p>En liaison avec ces nouveaux enjeux, la concertation \u00e9voquera aussi la possibilit\u00e9 de red\u00e9finir les champs disciplinaires, les programmes et la formation initiale.<\/p>\n<p>Je vous prie d&rsquo;excuser la vulgarit\u00e9 des propos qui sont contenus dans les lignes ci-dessus.<\/p>\n<p>\u00c0 tous, je\u00a0souhaite toutes sortes de choses sympathiques en 2016, de telle sorte qu&rsquo;elle soit meilleure que 2015, ce qui ne devrait pas \u00eatre trop difficile.<\/p>\n<p>Michel Guillou\u00a0<a href=\"https:\/\/twitter.com\/michelguillou\" target=\"_blank\">@michelguillou<\/a><\/p>\n<p><a href=\"http:\/\/creativecommons.org\/licenses\/by-nc-sa\/4.0\/\"><img loading=\"lazy\" decoding=\"async\" class=\"alignleft wp-image-1448 size-full\" src=\"http:\/\/i2.wp.com\/www.culture-numerique.fr\/wp-content\/uploads\/2014\/09\/80x15.png?resize=80%2C15\" alt=\"80x15\" width=\"80\" height=\"15\" data-pin-nopin=\"true\" \/><\/a><\/p>\n<p>&nbsp;<\/p>\n<p>Cr\u00e9dit photo : via <a href=\"http:\/\/www.torange-fr.com\" target=\"_blank\">Torange<\/a> en <a href=\"http:\/\/creativecommons.org\/licenses\/by\/4.0\/\" target=\"_blank\">CC<\/a>\u00a0et \u00ab\u202f<a href=\"https:\/\/commons.wikimedia.org\/wiki\/File:Mobile_Ger%C3%A4te.jpg#\/media\/File:Mobile_Ger%C3%A4te.jpg\">Mobile Ger\u00e4te<\/a>\u202f\u00bb par <a class=\"new\" title=\"User:IHIZ (page inexistante)\" href=\"\/\/commons.wikimedia.org\/w\/index.php?title=User:IHIZ&amp;action=edit&amp;redlink=1\">User:IHIZ<\/a> \u2014 <span class=\"int-own-work\" lang=\"fr\" xml:lang=\"fr\">Travail personnel<\/span>. Sous licence <a title=\"Creative Commons Attribution-Share Alike 3.0\" href=\"http:\/\/creativecommons.org\/licenses\/by-sa\/3.0\">CC BY-SA 3.0<\/a> via <a href=\"https:\/\/commons.wikimedia.org\/wiki\/\">Wikimedia Commons<\/a>.<\/p>\n<p>[cite]<\/p>\n","protected":false},"excerpt":{"rendered":"<p><img loading=\"lazy\" decoding=\"async\" class=\"aligncenter size-full wp-image-4235\" src=\"http:\/\/www.culture-numerique.fr\/wp-content\/uploads\/2015\/11\/Alerte-de-raid-a\u00e9rien-1353572817_44.jpg\" alt=\"Alertes\" width=\"1200\" height=\"800\" srcset=\"https:\/\/www.culture-numerique.fr\/wp-content\/uploads\/2015\/11\/Alerte-de-raid-a\u00e9rien-1353572817_44.jpg 1200w, https:\/\/www.culture-numerique.fr\/wp-content\/uploads\/2015\/11\/Alerte-de-raid-a\u00e9rien-1353572817_44-300x200.jpg 300w, https:\/\/www.culture-numerique.fr\/wp-content\/uploads\/2015\/11\/Alerte-de-raid-a\u00e9rien-1353572817_44-1024x683.jpg 1024w, https:\/\/www.culture-numerique.fr\/wp-content\/uploads\/2015\/11\/Alerte-de-raid-a\u00e9rien-1353572817_44-100x67.jpg 100w, https:\/\/www.culture-numerique.fr\/wp-content\/uploads\/2015\/11\/Alerte-de-raid-a\u00e9rien-1353572817_44-150x100.jpg 150w, https:\/\/www.culture-numerique.fr\/wp-content\/uploads\/2015\/11\/Alerte-de-raid-a\u00e9rien-1353572817_44-200x133.jpg 200w, https:\/\/www.culture-numerique.fr\/wp-content\/uploads\/2015\/11\/Alerte-de-raid-a\u00e9rien-1353572817_44-450x300.jpg 450w, https:\/\/www.culture-numerique.fr\/wp-content\/uploads\/2015\/11\/Alerte-de-raid-a\u00e9rien-1353572817_44-600x400.jpg 600w, https:\/\/www.culture-numerique.fr\/wp-content\/uploads\/2015\/11\/Alerte-de-raid-a\u00e9rien-1353572817_44-900x600.jpg 900w\" sizes=\"auto, (max-width: 1200px) 100vw, 1200px\" \/><\/p>\n<p><strong>De mani\u00e8re tr\u00e8s conventionnelle<\/strong>, la mode, en cette fin d&rsquo;ann\u00e9e, est \u00e0 l&rsquo;imagination, aux id\u00e9es prospectives, aux pr\u00e9visions, aux v\u0153ux, aux promesses pour demain. Il est d&rsquo;ailleurs int\u00e9ressant\u00a0de noter que ceux qui font ainsi m\u00e9tier de la prospective se sont toujours et m\u00e9thodiquement tromp\u00e9s depuis des ann\u00e9es,<\/p>\n<p><span class=\"ellipsis\">&hellip;<\/span><\/p>\n<div class=\"read-more\"><a href=\"https:\/\/www.culture-numerique.fr\/?p=4227\">Lire la suite &#8250;<\/a><\/div>\n<p><!-- end of .read-more --><\/p>\n","protected":false},"author":1,"featured_media":4235,"comment_status":"open","ping_status":"open","sticky":false,"template":"","format":"standard","meta":{"jetpack_post_was_ever_published":false,"_jetpack_newsletter_access":"","_jetpack_dont_email_post_to_subs":true,"_jetpack_newsletter_tier_id":0,"_jetpack_memberships_contains_paywalled_content":false,"_jetpack_memberships_contains_paid_content":false,"footnotes":""},"categories":[9],"tags":[697,528,696,355,104,13,493,288,206,521,695],"class_list":["post-4227","post","type-post","status-publish","format-standard","has-post-thumbnail","hentry","category-billets-dhumeur","tag-annonces","tag-blogues","tag-byod","tag-code-de-leducation","tag-echanges","tag-liberte-dexpression","tag-missions-des-professeurs","tag-pair-a-pair","tag-services-des-enseignants","tag-voeux","tag-wi-fi"],"jetpack_featured_media_url":"https:\/\/www.culture-numerique.fr\/wp-content\/uploads\/2015\/11\/Alerte-de-raid-a\u00e9rien-1353572817_44.jpg","jetpack_sharing_enabled":true,"_links":{"self":[{"href":"https:\/\/www.culture-numerique.fr\/index.php?rest_route=\/wp\/v2\/posts\/4227","targetHints":{"allow":["GET"]}}],"collection":[{"href":"https:\/\/www.culture-numerique.fr\/index.php?rest_route=\/wp\/v2\/posts"}],"about":[{"href":"https:\/\/www.culture-numerique.fr\/index.php?rest_route=\/wp\/v2\/types\/post"}],"author":[{"embeddable":true,"href":"https:\/\/www.culture-numerique.fr\/index.php?rest_route=\/wp\/v2\/users\/1"}],"replies":[{"embeddable":true,"href":"https:\/\/www.culture-numerique.fr\/index.php?rest_route=%2Fwp%2Fv2%2Fcomments&post=4227"}],"version-history":[{"count":48,"href":"https:\/\/www.culture-numerique.fr\/index.php?rest_route=\/wp\/v2\/posts\/4227\/revisions"}],"predecessor-version":[{"id":5481,"href":"https:\/\/www.culture-numerique.fr\/index.php?rest_route=\/wp\/v2\/posts\/4227\/revisions\/5481"}],"wp:featuredmedia":[{"embeddable":true,"href":"https:\/\/www.culture-numerique.fr\/index.php?rest_route=\/wp\/v2\/media\/4235"}],"wp:attachment":[{"href":"https:\/\/www.culture-numerique.fr\/index.php?rest_route=%2Fwp%2Fv2%2Fmedia&parent=4227"}],"wp:term":[{"taxonomy":"category","embeddable":true,"href":"https:\/\/www.culture-numerique.fr\/index.php?rest_route=%2Fwp%2Fv2%2Fcategories&post=4227"},{"taxonomy":"post_tag","embeddable":true,"href":"https:\/\/www.culture-numerique.fr\/index.php?rest_route=%2Fwp%2Fv2%2Ftags&post=4227"}],"curies":[{"name":"wp","href":"https:\/\/api.w.org\/{rel}","templated":true}]}}