{"id":4176,"date":"2015-11-03T20:01:54","date_gmt":"2015-11-03T19:01:54","guid":{"rendered":"http:\/\/www.culture-numerique.fr\/?p=4176"},"modified":"2016-08-22T01:08:12","modified_gmt":"2016-08-21T23:08:12","slug":"5-bonnes-raisons-de-croire-que-limmobilisme-continue-sa-marche-vers-lavant","status":"publish","type":"post","link":"https:\/\/www.culture-numerique.fr\/?p=4176","title":{"rendered":"5 bonnes raisons de croire que l&rsquo;immobilisme continue sa marche vers l&rsquo;avant"},"content":{"rendered":"<p><img loading=\"lazy\" decoding=\"async\" class=\"aligncenter size-full wp-image-4178\" src=\"http:\/\/www.culture-numerique.fr\/wp-content\/uploads\/2015\/10\/15226908608_576e751cd7_b.jpg\" alt=\"Classe\" width=\"1024\" height=\"683\" srcset=\"https:\/\/www.culture-numerique.fr\/wp-content\/uploads\/2015\/10\/15226908608_576e751cd7_b.jpg 1024w, https:\/\/www.culture-numerique.fr\/wp-content\/uploads\/2015\/10\/15226908608_576e751cd7_b-300x200.jpg 300w, https:\/\/www.culture-numerique.fr\/wp-content\/uploads\/2015\/10\/15226908608_576e751cd7_b-100x67.jpg 100w, https:\/\/www.culture-numerique.fr\/wp-content\/uploads\/2015\/10\/15226908608_576e751cd7_b-150x100.jpg 150w, https:\/\/www.culture-numerique.fr\/wp-content\/uploads\/2015\/10\/15226908608_576e751cd7_b-200x133.jpg 200w, https:\/\/www.culture-numerique.fr\/wp-content\/uploads\/2015\/10\/15226908608_576e751cd7_b-450x300.jpg 450w, https:\/\/www.culture-numerique.fr\/wp-content\/uploads\/2015\/10\/15226908608_576e751cd7_b-600x400.jpg 600w, https:\/\/www.culture-numerique.fr\/wp-content\/uploads\/2015\/10\/15226908608_576e751cd7_b-900x600.jpg 900w\" sizes=\"auto, (max-width: 1024px) 100vw, 1024px\" \/><\/p>\n<p><strong>Rendons \u00e0 l&rsquo;auteur ce qui lui appartient<\/strong>, <a href=\"https:\/\/fr.wikipedia.org\/wiki\/Wikip%C3%A9dia:Aphorisme_du_jour\/Archive4\" target=\"_blank\">l&rsquo;aphorisme exact<\/a> d&rsquo;<a href=\"https:\/\/fr.wikipedia.org\/wiki\/Edgar_Faure\" target=\"_blank\">Edgar Faure<\/a> est\u00a0: \u00ab\u00a0<em><span style=\"color: #800000;\">L&rsquo;immobilisme est en marche, et rien ne pourra l&rsquo;arr\u00eater<\/span><\/em>\u00a0\u00bb. Mais j&rsquo;aurais pu aussi bien intituler ce billet \u00ab\u00a05 bonnes raisons de fuir l&rsquo;\u00e9cole \u00e0 toutes jambes quand on est prof\u00a0\u00bb ou encore, car j&rsquo;ai h\u00e9sit\u00e9, c&rsquo;e\u00fbt \u00e9t\u00e9 plus court\u00a0\u00ab\u00a05 raisons de penser que c&rsquo;\u00e9tait mieux avant\u00a0\u00bb.<\/p>\n<p>Vous savez bien, vous qui me lisez, que <strong>ce n&rsquo;\u00e9tait pas mieux avant<\/strong>, non, que c&rsquo;\u00e9tait juste diff\u00e9rent, que l&rsquo;\u00e9cole de Jules Ferry correspondait \u00e0 son temps, comme celle qui lui a succ\u00e9d\u00e9 et a chang\u00e9 correspondait au sien. Vous savez bien, de m\u00eame, que l&rsquo;\u00e9cole d&rsquo;aujourd&rsquo;hui n&rsquo;est pas ou plus, depuis belle lurette, en ad\u00e9quation avec son temps, qu&rsquo;elle a accumul\u00e9 un retard consid\u00e9rable \u00e0 l&rsquo;observation des \u00e9volutions politiques, soci\u00e9tales, \u00e9conomiques de la soci\u00e9t\u00e9 et, surtout, des pratiques num\u00e9riques de sa jeunesse.<\/p>\n<p><strong>Alors, ces cinq raisons\u00a0?<\/strong><\/p>\n<h3>Il va falloir accepter n&rsquo;\u00eatre qu&rsquo;une source d&rsquo;information parmi\u00a0d&rsquo;autres<\/h3>\n<p>C&rsquo;est comme \u00e7a, voyez-vous. Ce sont\u00a0des \u00e9vidences qu&rsquo;il faut ressasser en bonne p\u00e9dagogie\u00a0: <strong>les informations sont partout<\/strong>. Le monde baigne aujourd&rsquo;hui dans un flux informationnel continu et l&rsquo;\u00e9cole et ses acteurs ne sont pas \u00e9pargn\u00e9s. Les \u00e9l\u00e8ves les premiers se complaisent volontiers dans nombre d&rsquo;espaces virtuels par lesquels transitent des masses gigantesques de donn\u00e9es plus ou moins m\u00e9diatis\u00e9es. L&rsquo;\u00e9cole et la salle de classe n&rsquo;\u00e9chappent pas \u00e0 cette r\u00e8gle et, dans ce\u00a0ma\u00eblstrom, la parole magistrale n&rsquo;est qu&rsquo;une source d&rsquo;information parmi d&rsquo;autres, parmi beaucoup d&rsquo;autres.<\/p>\n<p>C&rsquo;est tr\u00e8s difficile \u00e0 admettre, pour beaucoup, je le con\u00e7ois ais\u00e9ment. Toute la formation des enseignants est encore construite sur ce mythe du ma\u00eetre omniscient, expert de sa discipline, capable de dire, d&rsquo;\u00e9crire, de faire savoir une parole unique et forc\u00e9ment l\u00e9gitime. La r\u00e9alit\u00e9 est toute autre\u00a0: <strong>la haute figure traditionnelle des experts s&rsquo;estompe<\/strong> et leur parole est sans cesse confront\u00e9e sur tous sujets au flux horizontal des r\u00e9seaux.<\/p>\n<p>Bien s\u00fbr,\u00a0il s&rsquo;agit bien <em>in fine<\/em> d&rsquo;acqu\u00e9rir des connaissances et des comp\u00e9tences et l\u00e0, le ma\u00eetre retrouve un r\u00f4le privil\u00e9gi\u00e9 mais c&rsquo;est une autre histoire. J&rsquo;y reviens.<\/p>\n<h3><img loading=\"lazy\" decoding=\"async\" class=\"alignright size-medium wp-image-3551\" src=\"http:\/\/www.culture-numerique.fr\/wp-content\/uploads\/2015\/07\/9657863733_a7550f16f6_k-300x199.jpg\" alt=\"Attention\" width=\"300\" height=\"199\" srcset=\"https:\/\/www.culture-numerique.fr\/wp-content\/uploads\/2015\/07\/9657863733_a7550f16f6_k-300x199.jpg 300w, https:\/\/www.culture-numerique.fr\/wp-content\/uploads\/2015\/07\/9657863733_a7550f16f6_k-1024x680.jpg 1024w, https:\/\/www.culture-numerique.fr\/wp-content\/uploads\/2015\/07\/9657863733_a7550f16f6_k-100x66.jpg 100w, https:\/\/www.culture-numerique.fr\/wp-content\/uploads\/2015\/07\/9657863733_a7550f16f6_k-150x100.jpg 150w, https:\/\/www.culture-numerique.fr\/wp-content\/uploads\/2015\/07\/9657863733_a7550f16f6_k-200x133.jpg 200w, https:\/\/www.culture-numerique.fr\/wp-content\/uploads\/2015\/07\/9657863733_a7550f16f6_k-450x299.jpg 450w, https:\/\/www.culture-numerique.fr\/wp-content\/uploads\/2015\/07\/9657863733_a7550f16f6_k-600x398.jpg 600w, https:\/\/www.culture-numerique.fr\/wp-content\/uploads\/2015\/07\/9657863733_a7550f16f6_k-900x597.jpg 900w, https:\/\/www.culture-numerique.fr\/wp-content\/uploads\/2015\/07\/9657863733_a7550f16f6_k.jpg 2048w\" sizes=\"auto, (max-width: 300px) 100vw, 300px\" \/>Il va falloir accepter\u00a0la critique des \u00e9l\u00e8ves<\/h3>\n<p>Ce renoncement est le corollaire du pr\u00e9c\u00e9dent. Si la parole magistrale n&rsquo;est plus la seule autoris\u00e9e \u00e0 diffuser des informations ni m\u00eame \u00e0 contribuer \u00e0 l&rsquo;acquisition des connaissances, il va bien falloir accepter la confrontation, la contradiction, la remise en cause, la critique. <strong>Bien s\u00fbr que les \u00e9l\u00e8ves vont aller v\u00e9rifier<\/strong> ce que disent leurs professeurs, n&rsquo;en d\u00e9plaise \u00e0 ceux que cela chagrine ou irrite (1)\u00a0! Ils le font d\u00e9j\u00e0 tr\u00e8s largement \u00e0 l&rsquo;Universit\u00e9 et ont d\u00e9j\u00e0 commenc\u00e9 dans l&rsquo;enseignement secondaire, sous la table en classe puisque les terminaux num\u00e9riques personnels sont encore bannis des salles de cours par la loi ou les r\u00e8glements int\u00e9rieurs, ou apr\u00e8s la classe, n&rsquo;importe o\u00f9\u2026<\/p>\n<p>\u00ab\u00a0<span style=\"color: #800000;\"><em>Le renforcement et la confirmation comme l\u2019infirmation des connaissances apport\u00e9es par quiconque, ma\u00eetre ou \u00e9l\u00e8ves, seront \u00e9videmment des contributions positives \u00e0 leur acquisition durable<\/em><\/span>\u00a0\u00bb disais-je dans le billet en r\u00e9f\u00e9rence ci-dessus.<\/p>\n<p>Encore une fois, on le voit bien, il est <strong>tr\u00e8s difficile d&rsquo;accepter cette critique<\/strong> quand on est persuad\u00e9 qu&rsquo;enseigner s&rsquo;exerce aujourd&rsquo;hui de la m\u00eame mani\u00e8re que celle dont on a soi-m\u00eame \u00e9t\u00e9 enseign\u00e9, quelques d\u00e9cennies auparavant.<\/p>\n<p>\u00ab <span style=\"color: #800000;\"><em>Peut-on imaginer un professeur \u00e9noncer un fait, et qu\u2019un \u00e9l\u00e8ve aille aussit\u00f4t \u201cv\u00e9rifier\u201d l\u2019assertion, le reprenant \u201cpreuve \u00e0 l\u2019appui\u201d ? Sa cr\u00e9dibilit\u00e9 et sa figure d\u2019autorit\u00e9 s\u2019en trouveraient aussit\u00f4t d\u00e9l\u00e9gitim\u00e9es aux yeux de tous<\/em><\/span> \u00bb <a href=\"http:\/\/www.liberation.fr\/societe\/2014\/11\/16\/l-ineptie-des-tablettes-numeriques-au-college_1144224\" target=\"_blank\">disait \u00c9ric Sadin<\/a> il y a un an, se faisant l&rsquo;\u00e9cho d&rsquo;un d\u00e9sarroi incompr\u00e9hensible\u00a0mais largement partag\u00e9 dans la profession.<\/p>\n<h3>Il va falloir accepter de devenir des animateurs<\/h3>\n<p>Je l&rsquo;ai vu et lu, c&rsquo;est une critique qui revient en leitmotiv de la contestation du changement, n&rsquo;importe quel changement, en ce moment par exemple la r\u00e9formette que la ministre pr\u00e9pare pour les coll\u00e8ges. Les missions des professeurs changent, vont devoir changer, c&rsquo;est l\u00e0 encore une certitude, un renoncement pour certains qui assoient leur l\u00e9gitimit\u00e9 et leur autorit\u00e9 sur leur posture et leur parole magistrale.<\/p>\n<p>Seulement, \u00e7a ne marche plus. Comme je l&rsquo;ai d\u00e9j\u00e0 montr\u00e9 (2), comme beaucoup d&rsquo;autres par ailleurs, dans le monde des m\u00e9dias si proche de celui de l&rsquo;\u00e9ducation,<strong> l&rsquo;attention est une denr\u00e9e trop rare<\/strong> pour \u00eatre gaspill\u00e9e et imaginer qu&rsquo;elle soit mobilis\u00e9e exactement au moment o\u00f9 le ma\u00eetre l&rsquo;a d\u00e9cid\u00e9.<\/p>\n<p>\u00ab\u00a0<em><span style=\"color: #800000;\">Le ma\u00eetre ne doit-il pas alors s\u2019imposer comme le r\u00e9gulateur pertinent d\u2019une d\u00e9sinterm\u00e9diation d\u00e9brid\u00e9e et anarchique\u00a0?<\/span><\/em>\u00a0\u00bb demandais-je il y a plus de deux ans d\u00e9j\u00e0 (3)\u00a0?<\/p>\n<p>Quelle belle perspective\u00a0! Un ma\u00eetre ouvert et en prise avec son temps ne peut rechigner \u00e0 cette t\u00e2che-l\u00e0\u00a0! Accepter de descendre de son estrade pour, \u00e0 c\u00f4t\u00e9 des \u00e9l\u00e8ves, les mettre en activit\u00e9 et en interaction, se faire <strong>l&rsquo;animateur de communaut\u00e9s d&rsquo;\u00e9l\u00e8ves proactifs<\/strong> et au travail me semble \u00eatre une mission consid\u00e9rablement enrichissante et valorisante.<\/p>\n<h3><img loading=\"lazy\" decoding=\"async\" class=\"size-full wp-image-4180 alignright\" src=\"http:\/\/www.culture-numerique.fr\/wp-content\/uploads\/2015\/10\/17772273540_8b4c711894_n.jpg\" alt=\"17772273540_8b4c711894_n\" width=\"320\" height=\"245\" srcset=\"https:\/\/www.culture-numerique.fr\/wp-content\/uploads\/2015\/10\/17772273540_8b4c711894_n.jpg 320w, https:\/\/www.culture-numerique.fr\/wp-content\/uploads\/2015\/10\/17772273540_8b4c711894_n-300x230.jpg 300w, https:\/\/www.culture-numerique.fr\/wp-content\/uploads\/2015\/10\/17772273540_8b4c711894_n-100x77.jpg 100w, https:\/\/www.culture-numerique.fr\/wp-content\/uploads\/2015\/10\/17772273540_8b4c711894_n-150x115.jpg 150w, https:\/\/www.culture-numerique.fr\/wp-content\/uploads\/2015\/10\/17772273540_8b4c711894_n-200x153.jpg 200w\" sizes=\"auto, (max-width: 320px) 100vw, 320px\" \/>Il va falloir accepter de changer son service<\/h3>\n<p>La t\u00e2che semble insurmontable tant les professeurs et leurs syndicats semblent arquebout\u00e9s sur des obligations de service d\u00e9finitivement obsol\u00e8tes.<\/p>\n<p>Je l&rsquo;ai d\u00e9j\u00e0 montr\u00e9 en de multiples occasions, <strong>les notions d&rsquo;heure de cours, de groupe classe, de salle de classe, d&rsquo;espace d&rsquo;enseignement sont en train d&rsquo;exploser<\/strong>. Les temps et les lieux d&rsquo;enseignement vont, avec le d\u00e9veloppement et les fonctionnalit\u00e9s des espaces en ligne, peu importe le nom qu&rsquo;on leur donne, devoir \u00eatre\u00a0consid\u00e9rablement modifi\u00e9s, avec la certitude d&rsquo;une reconfiguration permanente rendue possible par la souplesse que lui accorderont les acteurs, les professeurs les premiers.<\/p>\n<p>Le casse-t\u00eate ne va pas \u00eatre simple \u00e0 r\u00e9soudre pour les chefs d&rsquo;\u00e9tablissement ou ceux qui auront en charge l&rsquo;organisation de ces temps et de ces lieux. Nul doute que les logiciels sauront faire \u00e7a, si la souplesse r\u00e9clam\u00e9e est rendue possible par la compl\u00e8te red\u00e9finition de ces obligations de service.<\/p>\n<p>C&rsquo;est l\u00e0 un chantier consid\u00e9rable qui, s&rsquo;il aboutit, sera un bon indice de\u00a0la capacit\u00e9 de l&rsquo;\u00e9cole \u00e0 s&rsquo;adapter.<\/p>\n<h3>Il va falloir travailler avec les autres<\/h3>\n<p>C&rsquo;est le d\u00e9fi le plus important.<\/p>\n<p>Aussi incroyable que cela puisse sembler, on le voit bien \u00e0 la lecture des t\u00e9moignages des professeurs oppos\u00e9s \u00e0 la r\u00e9forme du coll\u00e8ge, dont je persiste \u00e0 dire qu&rsquo;elle ne va pas assez loin, c&rsquo;est le point le plus sensible. Je souhaite dire ici, pour dissiper tout malentendu, que j&rsquo;ai connu et connais encore de tr\u00e8s nombreux enseignants qui ne con\u00e7oivent leur m\u00e9tier que dans <strong>la construction collective de d\u00e9marches p\u00e9dagogiques et \u00e9ducatives<\/strong>. Et c&rsquo;est fort bien ainsi. Mais, je le r\u00e9p\u00e8te, de mani\u00e8re majoritaire, plus encore dans le second degr\u00e9 que dans le premier, les professeurs travaillent seuls, d\u00e9finitivement seuls, de septembre \u00e0 juin, du lundi au samedi, du matin au soir.<\/p>\n<p><strong><img loading=\"lazy\" decoding=\"async\" class=\"alignright size-medium wp-image-4151\" src=\"http:\/\/www.culture-numerique.fr\/wp-content\/uploads\/2015\/10\/12087829163_4ab335d7c3_b-300x150.jpg\" alt=\"Lonesome\" width=\"300\" height=\"150\" srcset=\"https:\/\/www.culture-numerique.fr\/wp-content\/uploads\/2015\/10\/12087829163_4ab335d7c3_b-300x150.jpg 300w, https:\/\/www.culture-numerique.fr\/wp-content\/uploads\/2015\/10\/12087829163_4ab335d7c3_b.jpg 1024w, https:\/\/www.culture-numerique.fr\/wp-content\/uploads\/2015\/10\/12087829163_4ab335d7c3_b-100x50.jpg 100w, https:\/\/www.culture-numerique.fr\/wp-content\/uploads\/2015\/10\/12087829163_4ab335d7c3_b-150x75.jpg 150w, https:\/\/www.culture-numerique.fr\/wp-content\/uploads\/2015\/10\/12087829163_4ab335d7c3_b-200x100.jpg 200w, https:\/\/www.culture-numerique.fr\/wp-content\/uploads\/2015\/10\/12087829163_4ab335d7c3_b-450x225.jpg 450w, https:\/\/www.culture-numerique.fr\/wp-content\/uploads\/2015\/10\/12087829163_4ab335d7c3_b-600x300.jpg 600w, https:\/\/www.culture-numerique.fr\/wp-content\/uploads\/2015\/10\/12087829163_4ab335d7c3_b-900x450.jpg 900w\" sizes=\"auto, (max-width: 300px) 100vw, 300px\" \/>La solitude est consubstantielle du m\u00e9tier<\/strong>.<\/p>\n<p>Bien s\u00fbr, il y a la salle des professeurs, les cabinets r\u00e9serv\u00e9s aux professeurs de certaines disciplines qui mutualisent ressources et parfois personnels sp\u00e9cialis\u00e9s\u2026 Bien s\u00fbr, il y a les conseils d&rsquo;enseignement, le conseil p\u00e9dagogique, le conseil d&rsquo;administration ou les conseils de classe mais on n&rsquo;y \u00e9change gu\u00e8re autre chose que des banalit\u00e9s. Je caricature\u00a0? \u00c0 peine. La plupart de ceux qui s&rsquo;y collent n&rsquo;aspirent qu&rsquo;\u00e0 s&rsquo;en \u00e9chapper le plus vite possible\u00a0!<\/p>\n<p>La multiplication, ces derni\u00e8res ann\u00e9es, des dispositifs transversaux (TPE, IDD, PPCP\u2026) a abouti \u00e0 une crispation du d\u00e9bat \u00e0 leur sujet. Il y a ceux qui y sont favorables et s&rsquo;\u00e9panouissent dans la confrontation de leur pratique professionnelle \u00e0 celles de leurs coll\u00e8gues et ceux qui font tout pour y \u00e9chapper et retourner dans le cocon protecteur de leur salle de classe. La proposition qui \u00e9merge de mettre en place les fameux EPI (enseignements pratiques interdisciplinaires) met les coll\u00e8ges \u00e0 feu et \u00e0 sang. Rendez-vous compte\u00a0! Il ne s&rsquo;agit rien de moins que de permettre \u00e0 des professeurs de travailler ensemble, dans le cadre de leur enseignement disciplinaire, sur des <strong>th\u00e9matiques interdisciplinaires<\/strong>\u00a0!<\/p>\n<p>Il y a de quoi faire peur, n&rsquo;est-ce pas\u00a0! <strong>Travailler ensemble<\/strong>. Rendez-vous compte !<\/p>\n<p>Encore ne s&rsquo;agit-il que de th\u00e9matiques interdisciplinaires l\u00e0 o\u00f9 l&rsquo;\u00e9mergence des pratiques p\u00e9dagogiques num\u00e9riques contraint \u00e0 croiser les regards et \u00e0 prendre en compte des <strong>probl\u00e9matiques transdisciplinaires\u2026<\/strong><\/p>\n<hr \/>\n<p>L&rsquo;\u00e9cole n&rsquo;est pas au bout de ses peines, tiraill\u00e9e entre l&rsquo;enthousiasme de ceux qui veulent avancer ensemble \u2014\u00a0j&rsquo;en connais plein\u00a0\u2014 et les autres, qui n&rsquo;ont d\u00e9finitivement pas compris que l&rsquo;\u00e9cole devait changer et s&rsquo;adapter \u00e0 son temps et \u00e0 ses pratiques sociales, ceux qui pensent encore que c&rsquo;\u00e9tait mieux avant. Une chose est certaine, <strong>les professeurs sont au c\u0153ur de ces mutations<\/strong> dont ils ne pourront \u00eatre que des acteurs en acceptant de changer postures, missions et services et, surtout, de coop\u00e9rer, collaborer, de partager et d&rsquo;\u00e9changer m\u00e9thodes, progressions, s\u00e9quences mais aussi \u00e9checs et r\u00e9ussites.<\/p>\n<p>Michel Guillou\u00a0<a href=\"https:\/\/twitter.com\/michelguillou\" target=\"_blank\">@michelguillou<\/a><\/p>\n<p><a href=\"http:\/\/creativecommons.org\/licenses\/by-nc-sa\/2.0\/fr\/\" target=\"_blank\"><img loading=\"lazy\" decoding=\"async\" src=\"http:\/\/i1.wp.com\/i.creativecommons.org\/l\/by-nc-sa\/2.0\/fr\/80x15.png?resize=80%2C15\" alt=\"image\" width=\"80\" height=\"15\" data-pin-nopin=\"true\" \/><\/a><\/p>\n<p>Cr\u00e9dit photo\u00a0: <a href=\"http:\/\/www.flickr.com\/photos\/46021126@N00\/15226908608\">Fort Edmonton Park<\/a>\u00a0et\u00a0<a href=\"http:\/\/www.flickr.com\/photos\/128367453@N03\/17772273540\">Cartable en cuir<\/a> via <a href=\"http:\/\/photopin.com\">photopin<\/a> <a href=\"https:\/\/creativecommons.org\/licenses\/by-nc-nd\/2.0\/\">(licence)<\/a>, <a href=\"https:\/\/www.flickr.com\/photos\/thomasleuthard\/12087829163\/in\/photostream\/\" target=\"_blank\">Thomas Leuthard<\/a>\u00a0et\u00a0<a href=\"https:\/\/www.flickr.com\/photos\/esthervargasc\/9657863733\/in\/photostream\/\" target=\"_blank\">Esther Vargas<\/a> sur <a href=\"https:\/\/www.flickr.com\/\" target=\"_blank\">Flickr<\/a> <a href=\"http:\/\/creativecommons.org\/licenses\/by\/2.0\/\" target=\"_blank\">cc<\/a><\/p>\n<ol>\n<li>Oui, bien s\u00fbr, les \u00e9l\u00e8ves vont v\u00e9rifier ce que disent leurs professeurs\u00a0!\u00a0<a href=\"http:\/\/www.culture-numerique.fr\/?p=2250\" target=\"_blank\">http:\/\/www.culture-numerique.fr\/?p=2250<\/a><\/li>\n<li>Mobiliser pour de bon l\u2019attention des \u00e9l\u00e8ves, un d\u00e9fi pour l\u2019\u00e9cole d\u2019aujourd\u2019hui\u00a0<a href=\"http:\/\/www.culture-numerique.fr\/?p=3549\" target=\"_blank\">http:\/\/www.culture-numerique.fr\/?p=3549<\/a><\/li>\n<li>Pour une p\u00e9dagogie de l\u2019attention\u00a0<a href=\"http:\/\/www.culture-numerique.fr\/?p=316\" target=\"_blank\">http:\/\/www.culture-numerique.fr\/?p=316<\/a><\/li>\n<\/ol>\n<p>[cite]<\/p>\n","protected":false},"excerpt":{"rendered":"<p><img loading=\"lazy\" decoding=\"async\" class=\"aligncenter size-full wp-image-4178\" src=\"http:\/\/www.culture-numerique.fr\/wp-content\/uploads\/2015\/10\/15226908608_576e751cd7_b.jpg\" alt=\"Classe\" width=\"1024\" height=\"683\" srcset=\"https:\/\/www.culture-numerique.fr\/wp-content\/uploads\/2015\/10\/15226908608_576e751cd7_b.jpg 1024w, https:\/\/www.culture-numerique.fr\/wp-content\/uploads\/2015\/10\/15226908608_576e751cd7_b-300x200.jpg 300w, https:\/\/www.culture-numerique.fr\/wp-content\/uploads\/2015\/10\/15226908608_576e751cd7_b-100x67.jpg 100w, https:\/\/www.culture-numerique.fr\/wp-content\/uploads\/2015\/10\/15226908608_576e751cd7_b-150x100.jpg 150w, https:\/\/www.culture-numerique.fr\/wp-content\/uploads\/2015\/10\/15226908608_576e751cd7_b-200x133.jpg 200w, https:\/\/www.culture-numerique.fr\/wp-content\/uploads\/2015\/10\/15226908608_576e751cd7_b-450x300.jpg 450w, https:\/\/www.culture-numerique.fr\/wp-content\/uploads\/2015\/10\/15226908608_576e751cd7_b-600x400.jpg 600w, https:\/\/www.culture-numerique.fr\/wp-content\/uploads\/2015\/10\/15226908608_576e751cd7_b-900x600.jpg 900w\" sizes=\"auto, (max-width: 1024px) 100vw, 1024px\" \/><\/p>\n<p><strong>Rendons \u00e0 l&rsquo;auteur ce qui lui appartient<\/strong>, <a href=\"https:\/\/fr.wikipedia.org\/wiki\/Wikip%C3%A9dia:Aphorisme_du_jour\/Archive4\" target=\"_blank\">l&rsquo;aphorisme exact<\/a> d&rsquo;<a href=\"https:\/\/fr.wikipedia.org\/wiki\/Edgar_Faure\" target=\"_blank\">Edgar Faure<\/a> est\u00a0: \u00ab\u00a0<em><span style=\"color: #800000;\">L&rsquo;immobilisme est en marche, et rien ne pourra l&rsquo;arr\u00eater<\/span><\/em>\u00a0\u00bb. Mais j&rsquo;aurais pu aussi bien intituler ce billet \u00ab\u00a05 bonnes raisons de fuir l&rsquo;\u00e9cole \u00e0 toutes jambes quand on est prof\u00a0\u00bb ou encore,<\/p>\n<p><span class=\"ellipsis\">&hellip;<\/span><\/p>\n<div class=\"read-more\"><a href=\"https:\/\/www.culture-numerique.fr\/?p=4176\">Lire la suite &#8250;<\/a><\/div>\n<p><!-- end of .read-more --><\/p>\n","protected":false},"author":1,"featured_media":4178,"comment_status":"open","ping_status":"open","sticky":false,"template":"","format":"standard","meta":{"jetpack_post_was_ever_published":false,"_jetpack_newsletter_access":"","_jetpack_dont_email_post_to_subs":false,"_jetpack_newsletter_tier_id":0,"_jetpack_memberships_contains_paywalled_content":false,"_jetpack_memberships_contains_paid_content":false,"footnotes":""},"categories":[9],"tags":[583,232,672,233,671,602,598,209,597,205,481,505,670,229,673],"class_list":["post-4176","post","type-post","status-publish","format-standard","has-post-thumbnail","hentry","category-billets-dhumeur","tag-cetait-mieux-avant","tag-collaboration","tag-contestation","tag-cooperation","tag-critique","tag-enseignements-pratiques-interdisciplinaires","tag-immobilisme","tag-information","tag-interdisciplinarite","tag-missions","tag-postures","tag-services","tag-solitude","tag-transdisciplinarite","tag-travailler-ensemble"],"jetpack_featured_media_url":"https:\/\/www.culture-numerique.fr\/wp-content\/uploads\/2015\/10\/15226908608_576e751cd7_b.jpg","jetpack_sharing_enabled":true,"_links":{"self":[{"href":"https:\/\/www.culture-numerique.fr\/index.php?rest_route=\/wp\/v2\/posts\/4176","targetHints":{"allow":["GET"]}}],"collection":[{"href":"https:\/\/www.culture-numerique.fr\/index.php?rest_route=\/wp\/v2\/posts"}],"about":[{"href":"https:\/\/www.culture-numerique.fr\/index.php?rest_route=\/wp\/v2\/types\/post"}],"author":[{"embeddable":true,"href":"https:\/\/www.culture-numerique.fr\/index.php?rest_route=\/wp\/v2\/users\/1"}],"replies":[{"embeddable":true,"href":"https:\/\/www.culture-numerique.fr\/index.php?rest_route=%2Fwp%2Fv2%2Fcomments&post=4176"}],"version-history":[{"count":34,"href":"https:\/\/www.culture-numerique.fr\/index.php?rest_route=\/wp\/v2\/posts\/4176\/revisions"}],"predecessor-version":[{"id":5252,"href":"https:\/\/www.culture-numerique.fr\/index.php?rest_route=\/wp\/v2\/posts\/4176\/revisions\/5252"}],"wp:featuredmedia":[{"embeddable":true,"href":"https:\/\/www.culture-numerique.fr\/index.php?rest_route=\/wp\/v2\/media\/4178"}],"wp:attachment":[{"href":"https:\/\/www.culture-numerique.fr\/index.php?rest_route=%2Fwp%2Fv2%2Fmedia&parent=4176"}],"wp:term":[{"taxonomy":"category","embeddable":true,"href":"https:\/\/www.culture-numerique.fr\/index.php?rest_route=%2Fwp%2Fv2%2Fcategories&post=4176"},{"taxonomy":"post_tag","embeddable":true,"href":"https:\/\/www.culture-numerique.fr\/index.php?rest_route=%2Fwp%2Fv2%2Ftags&post=4176"}],"curies":[{"name":"wp","href":"https:\/\/api.w.org\/{rel}","templated":true}]}}