{"id":4154,"date":"2015-10-29T09:45:27","date_gmt":"2015-10-29T08:45:27","guid":{"rendered":"http:\/\/www.culture-numerique.fr\/?p=4154"},"modified":"2016-10-30T18:57:31","modified_gmt":"2016-10-30T17:57:31","slug":"apprendre-a-publier-a-10-ans-nest-ce-pas-trop-tot","status":"publish","type":"post","link":"https:\/\/www.culture-numerique.fr\/?p=4154","title":{"rendered":"Apprendre \u00e0 publier \u00e0 10 ans, n&rsquo;est-ce pas trop t\u00f4t ?"},"content":{"rendered":"<p><img loading=\"lazy\" decoding=\"async\" class=\"aligncenter size-full wp-image-4159\" src=\"http:\/\/www.culture-numerique.fr\/wp-content\/uploads\/2015\/10\/DSC_0034-e1445967541644.jpg\" alt=\"Entr\u00e9e\" width=\"1248\" height=\"702\" \/><\/p>\n<p><strong>Curieusement, la question en titre <\/strong>m&rsquo;a r\u00e9cemment \u00e9t\u00e9 pos\u00e9e presque en ces m\u00eames termes par un <a href=\"https:\/\/fr.wiktionary.org\/wiki\/twitto#fr\">twitto<\/a> avec lequel nous \u00e9changions \u00e0 propos de tout autre chose. Une fois pass\u00e9 le trouble cons\u00e9cutif \u00e0 cette curieuse consultation num\u00e9rique, qui m&rsquo;a un court moment \u00e9tonn\u00e9, j&rsquo;ai cru pouvoir r\u00e9pondre ce qui suit\u00a0:<\/p>\n<blockquote class=\"twitter-tweet\" data-width=\"550\" data-dnt=\"true\">\n<p lang=\"fr\" dir=\"ltr\">.<a href=\"https:\/\/twitter.com\/elcp72?ref_src=twsrc%5Etfw\">@elcp72<\/a> Trop compliqu\u00e9 pour une r\u00e9ponse en 140 caract\u00e8res mais, a priori, non, bien s\u00fbr, sous l&#39;\u0153il bienveillant des parents <a href=\"https:\/\/twitter.com\/hashtag\/publier?src=hash&amp;ref_src=twsrc%5Etfw\">#publier<\/a><\/p>\n<p>&mdash; Michel Guillou \ud83c\udf31 (@michelguillou) <a href=\"https:\/\/twitter.com\/michelguillou\/status\/658024260494073856?ref_src=twsrc%5Etfw\">October 24, 2015<\/a><\/p><\/blockquote>\n<p><script async src=\"https:\/\/platform.twitter.com\/widgets.js\" charset=\"utf-8\"><\/script><\/p>\n<p>Cet \u00e9change am\u00e8ne deux remarques de ma part. La premi\u00e8re est que j&rsquo;avais manifestement mal lu la question\u00a0: pour moi, <strong>le mot fort est \u00ab\u00a0publier\u00a0\u00bb<\/strong>, peu importe que cela soit sur Twitter, dont la mention explicite m&rsquo;avait \u00e9chapp\u00e9, ou ailleurs. La deuxi\u00e8me est qu&rsquo;au-del\u00e0 de ce tweet qui constitue \u00e9videmment un terrible raccourci, j&rsquo;ai quasiment promis une r\u00e9ponse plus longue et argument\u00e9e. Ce sera l&rsquo;objet de ce billet\u2026<\/p>\n<h3>Publier, une comp\u00e9tence fondamentale pour exercer une libert\u00e9<\/h3>\n<p>Vous savez, si vous me lisez, quelle importance j&rsquo;attache \u00e0 cet apprentissage dont j&rsquo;avais souhait\u00e9 que sa mention apparaisse clairement dans les comp\u00e9tences attendues du nouveau socle (1), dont la r\u00e9daction r\u00e9cente est pass\u00e9e \u00e0 c\u00f4t\u00e9 de l&rsquo;occasion historique de l&rsquo;imposer clairement.<\/p>\n<p><img loading=\"lazy\" decoding=\"async\" class=\"alignright size-full wp-image-4163\" src=\"http:\/\/www.culture-numerique.fr\/wp-content\/uploads\/2015\/10\/320px-Indigo_Bunting_by_Dan_Pancamo_4.jpg\" alt=\"Oiseau bleu\" width=\"320\" height=\"240\" srcset=\"https:\/\/www.culture-numerique.fr\/wp-content\/uploads\/2015\/10\/320px-Indigo_Bunting_by_Dan_Pancamo_4.jpg 320w, https:\/\/www.culture-numerique.fr\/wp-content\/uploads\/2015\/10\/320px-Indigo_Bunting_by_Dan_Pancamo_4-300x225.jpg 300w, https:\/\/www.culture-numerique.fr\/wp-content\/uploads\/2015\/10\/320px-Indigo_Bunting_by_Dan_Pancamo_4-100x75.jpg 100w, https:\/\/www.culture-numerique.fr\/wp-content\/uploads\/2015\/10\/320px-Indigo_Bunting_by_Dan_Pancamo_4-150x113.jpg 150w, https:\/\/www.culture-numerique.fr\/wp-content\/uploads\/2015\/10\/320px-Indigo_Bunting_by_Dan_Pancamo_4-200x150.jpg 200w\" sizes=\"auto, (max-width: 320px) 100vw, 320px\" \/>Vous savez encore\u00a0\u2014\u00a0je vous en ai d\u00e9j\u00e0 parl\u00e9 longuement (2, 3)\u00a0\u2014 combien les apprentissages qui permettent d&rsquo;acqu\u00e9rir cette comp\u00e9tence sont \u00e9troitement li\u00e9s \u00e0 un autre fait historique\u00a0: pour la premi\u00e8re fois, chacun acc\u00e8de \u00e0 l&rsquo;exercice potentiel d&rsquo;un droit \u00e0 la port\u00e9e maintenant universelle\u00a0: <strong>la libert\u00e9 d&rsquo;expression<\/strong>.<\/p>\n<p>Tout derni\u00e8rement, \u00e0 la suite d&rsquo;un rapport parlementaire, j&rsquo;avais relay\u00e9 enfin l&rsquo;excellente proposition n\u00b0 80 qui proposait d&rsquo;instituer un\u00a0droit pour chacun d\u2019acc\u00e9der \u00e0 la \u00ab litt\u00e9ratie \u00bb num\u00e9rique (4). Dans mon esprit, cette litt\u00e9ratie doit permettre \u00e0 chaque jeune citoyen d&rsquo;acc\u00e9der \u00e0 des potentialit\u00e9s d&rsquo;acteur autonome et responsable de la soci\u00e9t\u00e9 num\u00e9rique (5), au-del\u00e0 de celles d&rsquo;usager, posture \u00e0 laquelle beaucoup r\u00eavent de le confiner.<\/p>\n<h3>Exercer sa libert\u00e9 \u00e0 s&rsquo;exprimer et publier, c&rsquo;est souvent\u00a0compliqu\u00e9<\/h3>\n<p>Tout n&rsquo;est jamais tr\u00e8s simple \u00e0 ce sujet. Chacun\u00a0est g\u00e9n\u00e9ralement pr\u00eat \u00e0 d\u00e9filer dans la rue et rejoindre un large consensus national pour d\u00e9fendre la libert\u00e9 d&rsquo;expression, voir les <a href=\"https:\/\/fr.wikipedia.org\/wiki\/Manifestations_des_10_et_11_janvier_2015\" target=\"_blank\">grandes manifestations<\/a> des 10 et 11 janvier derniers. Plusieurs mois apr\u00e8s, cela n&#8217;emp\u00eache nullement nos parlementaires d&rsquo;adopter des lois qui, au pr\u00e9texte de lutter contre le terrorisme, portent un coup fatal aux droits fondamentaux des citoyens. <a href=\"http:\/\/lexpansion.lexpress.fr\/high-tech\/la-liberte-d-expression-sur-internet-recule-en-france_1730152.html\" target=\"_blank\">Des \u00e9tudes r\u00e9centes<\/a> montrent d&rsquo;ailleurs de mani\u00e8re tr\u00e8s claire un recul net de la libert\u00e9 d&rsquo;expression en France.<\/p>\n<p>Il en va de m\u00eame des jeunes et des \u00e9l\u00e8ves. Ils sont bien s\u00fbr capables, comme ceux tr\u00e8s nombreux qui soutenaient, plusieurs mois apr\u00e8s les \u00e9v\u00e9nements de janvier dernier, les r\u00e9dacteurs d&rsquo;un journal lyc\u00e9en menac\u00e9s, de <a href=\"http:\/\/www.franceinfo.fr\/actu\/societe\/article\/charlie-hebdo-des-centaines-de-lyceens-dans-la-rue-en-soutien-louis-685513\" target=\"_blank\">descendre dans la rue<\/a> pour d\u00e9fendre cette libert\u00e9 fondamentale :<\/p>\n<p>https:\/\/twitter.com\/LukasNicotRondo\/status\/603878967632863232<\/p>\n<p>On peut l\u00e9gitimement se demander pourtant s&rsquo;il convient de leur faire confiance \u00e0 ce sujet. On a vu tout r\u00e9cemment comment les organisations lyc\u00e9ennes \u00e9taient violemment intervenues pour <strong>exiger la censure<\/strong>\u00a0administrative, sans jugement, d&rsquo;une application en ligne\u00a0(6), s&rsquo;alignant en cela sur les r\u00e9flexes habituels de l&rsquo;\u00e9cole qui, lorsque le num\u00e9rique la confronte \u00e0 un probl\u00e8me \u00e9ducatif, choisit stupidement et toujours des solutions radicales et techniques (7).<\/p>\n<p>Il convient enfin de rappeler que, de mani\u00e8re minoritaire n\u00e9anmoins, les adultes, acteurs et partenaires de l&rsquo;\u00e9cole, professeurs et parents, se disent massivement <strong>oppos\u00e9s<\/strong> \u00e0 ce que l&rsquo;\u00e9cole se pr\u00e9occupe de cela (8). Ils sont 40\u00a0% des parents et 30\u00a0% des professeurs \u00e0 dire nettement que \u00ab\u00a0<strong>publier et s&rsquo;exprimer sur le web<\/strong>\u00a0\u00bb ne sont pas des comp\u00e9tences attendues par l&rsquo;\u00e9cole.<\/p>\n<p>Les \u00e9l\u00e8ves ne sont pas en reste puisque le m\u00eame pourcentage, 30\u00a0%, d&rsquo;entre eux se d\u00e9clarent oppos\u00e9s \u00e0 l&rsquo;acquisition de ces nouvelles comp\u00e9tences.<\/p>\n<p>N&rsquo;en d\u00e9plaise aux r\u00e9actionnaires frileux de tous \u00e2ges et de toutes engeances, voir ci-dessus, <strong>l&rsquo;\u00e9cole n&rsquo;a pas le choix<\/strong>.<\/p>\n<p>Elle ne pourra plus longtemps faire comme si elle ne savait pas que, d\u00e9j\u00e0, des jeunes publient des centaines de textos et de messages chaque jour, mettent en ligne et partagent des photos, des images, des vid\u00e9os, des sons et de la musique, des textes plus ou moins \u00e9labor\u00e9s, dans des espaces plus ou moins publics. Et qu&rsquo;il s&rsquo;agit tr\u00e8s souvent de productions originales, personnelles ou collectives, de grande qualit\u00e9.<\/p>\n<h3><img loading=\"lazy\" decoding=\"async\" class=\"size-medium wp-image-51 alignright\" src=\"http:\/\/www.culture-numerique.fr\/wp-content\/uploads\/2014\/04\/Antarctica_november_2007-300x195.jpg\" alt=\"Antarctica_november_2007\" width=\"300\" height=\"195\" srcset=\"https:\/\/www.culture-numerique.fr\/wp-content\/uploads\/2014\/04\/Antarctica_november_2007-300x195.jpg 300w, https:\/\/www.culture-numerique.fr\/wp-content\/uploads\/2014\/04\/Antarctica_november_2007-1024x668.jpg 1024w, https:\/\/www.culture-numerique.fr\/wp-content\/uploads\/2014\/04\/Antarctica_november_2007-100x65.jpg 100w, https:\/\/www.culture-numerique.fr\/wp-content\/uploads\/2014\/04\/Antarctica_november_2007-150x97.jpg 150w, https:\/\/www.culture-numerique.fr\/wp-content\/uploads\/2014\/04\/Antarctica_november_2007-200x130.jpg 200w, https:\/\/www.culture-numerique.fr\/wp-content\/uploads\/2014\/04\/Antarctica_november_2007-450x293.jpg 450w, https:\/\/www.culture-numerique.fr\/wp-content\/uploads\/2014\/04\/Antarctica_november_2007-600x391.jpg 600w, https:\/\/www.culture-numerique.fr\/wp-content\/uploads\/2014\/04\/Antarctica_november_2007-900x587.jpg 900w, https:\/\/www.culture-numerique.fr\/wp-content\/uploads\/2014\/04\/Antarctica_november_2007.jpg 1655w\" sizes=\"auto, (max-width: 300px) 100vw, 300px\" \/>Alors, peut-on publier avant 10 ans\u00a0?<\/h3>\n<p>Bien s\u00fbr qu&rsquo;on peut\u00a0! <strong>On doit essayer<\/strong>. Si un enfant en a envie, ouvrir un blogue, \u00e9crire ses premiers articles, publier ses premi\u00e8res photos, prendre un compte sur Twitter ou un autre r\u00e9seau social, observer longuement ce qui s&rsquo;y passe, nouer des premiers contacts et s&rsquo;essayer \u00e0 commenter l&rsquo;actualit\u00e9 ou donner son avis sous le regard d&rsquo;abord complice puis bienveillant de ses parents, sont toutes des activit\u00e9s hautement enrichissantes et \u00e9ducatives. Confronter ses cr\u00e9ations, ses productions, ses \u00e9crits, si pauvres ou h\u00e9sitants encore soient-ils, au regard des autres, o\u00f9 qu&rsquo;ils soient, n&rsquo;expose qu&rsquo;au seul risque de la critique, du grand luxe en quelque sorte, que cette critique soit n\u00e9gative ou qu&rsquo;elle soit positive.<\/p>\n<p><strong>Apprendre \u00e0 publier<\/strong>, c&rsquo;est apprendre \u00e0 \u00e9crire, \u00e0 r\u00e9diger, \u00e0 argumenter, \u00e0 composer, \u00e0 d\u00e9battre. C&rsquo;est aussi apprendre \u00e0 choisir ses angles et ses gammes, \u00e0 construire, \u00e0 se construire, \u00e0 exercer son libre arbitre, \u00e0 penser par soi-m\u00eame\u2026 \u00e0 se nourrir de la lecture de l&rsquo;autre.<\/p>\n<p>Et l&rsquo;\u00e2ge n&rsquo;a que peu d&rsquo;importance si la publication, o\u00f9 et quelle qu&rsquo;elle soit, est faite sous l&rsquo;\u0153il bienveillant, je le r\u00e9p\u00e8te, des parents et <strong>sous leur responsabilit\u00e9<\/strong>. Il va de soi, par exemple, je le sais bien, que la plupart des r\u00e9seaux sociaux exigent bien souvent de ceux qui s&rsquo;en servent un \u00e2ge minimum et que, dans ces cas-l\u00e0, la connivence et l&rsquo;accord des parents doivent \u00eatre complets.<\/p>\n<p>De m\u00eame, l&rsquo;\u00e9cole va avoir l&rsquo;obligation, t\u00f4t ou tard, d&rsquo;<strong>accompagner plut\u00f4t que de censurer<\/strong>, de permettre <em>a priori<\/em> plut\u00f4t que d&rsquo;interdire\u00a0\u2014\u00a0rien ne m&rsquo;agace plus en ce moment que ces formulaires qui circulent de mod\u00e8les de demandes d&rsquo;autorisation destin\u00e9s \u00e0 la hi\u00e9rarchie \u00e9manant des professeurs des \u00e9coles qui veulent se lancer dans des <a href=\"http:\/\/twittclasses.fr\/\" target=\"_blank\">Twittclasses<\/a>\u00a0!\u00a0\u2014, de susciter et d&rsquo;encourager plut\u00f4t que de faire l&rsquo;autruche ou de freiner des quatre fers. Je sais, j&rsquo;aime ces images animales.<\/p>\n<p>Mais, \u00e7a, l&rsquo;engagement de l&rsquo;\u00e9cole dans son si\u00e8cle, c&rsquo;est une autre histoire, qui a tr\u00e8s s\u00e9rieusement tendance \u00e0 m&rsquo;\u00e9chauffer.<\/p>\n<p>Michel Guillou\u00a0<a href=\"https:\/\/twitter.com\/michelguillou\" target=\"_blank\">@michelguillou<\/a><\/p>\n<p><a href=\"http:\/\/creativecommons.org\/licenses\/by-nc-sa\/2.0\/fr\/\" target=\"_blank\"><img loading=\"lazy\" decoding=\"async\" src=\"http:\/\/i1.wp.com\/i.creativecommons.org\/l\/by-nc-sa\/2.0\/fr\/80x15.png?resize=80%2C15\" alt=\"image\" width=\"80\" height=\"15\" data-pin-nopin=\"true\" \/><\/a><\/p>\n<p>Cr\u00e9dit photo\u00a0: par <a class=\"external text\" href=\"http:\/\/blog.pancamo.com\" rel=\"nofollow\">Dan Pancamo<\/a> [<a href=\"http:\/\/creativecommons.org\/licenses\/by-sa\/2.0\">CC BY-SA 2.0<\/a>], <a href=\"https:\/\/commons.wikimedia.org\/wiki\/File%3AIndigo_Bunting_by_Dan_Pancamo_4.jpg\">via Wikimedia Commons<\/a><\/p>\n<ol>\n<li>Socle\u00a0: tous les \u00e9l\u00e8ves doivent savoir publier\u00a0<a href=\"http:\/\/www.culture-numerique.fr\/?p=843\" target=\"_blank\">http:\/\/www.culture-numerique.fr\/?p=843<\/a><\/li>\n<li>Exercer sa libert\u00e9 d\u2019expression, \u00e7a doit s\u2019apprendre aussi \u00e0 l\u2019\u00e9cole\u00a0<a href=\"http:\/\/www.culture-numerique.fr\/?p=1248\" target=\"_blank\">http:\/\/www.culture-numerique.fr\/?p=1248<\/a><\/li>\n<li>La libert\u00e9 d\u2019expression doit imp\u00e9rativement s\u2019enseigner\u00a0<a href=\"http:\/\/www.culture-numerique.fr\/?p=2562\" target=\"_blank\">http:\/\/www.culture-numerique.fr\/?p=2562<\/a><\/li>\n<li>Instituer un droit pour chaque jeune citoyen d\u2019acc\u00e9der \u00e0 la litt\u00e9ratie num\u00e9rique\u00a0<a href=\"http:\/\/www.culture-numerique.fr\/?p=4077\" target=\"_blank\">http:\/\/www.culture-numerique.fr\/?p=4077<\/a><\/li>\n<li>Apprendre aux plus jeunes \u00e0 devenir des acteurs autonomes et responsables du num\u00e9rique\u00a0<a href=\"http:\/\/www.culture-numerique.fr\/?p=3380\" target=\"_blank\">http:\/\/www.culture-numerique.fr\/?p=3380<\/a><\/li>\n<li>Libert\u00e9 d\u2019expression\u00a0: faut-il encore faire confiance aux jeunes pour la d\u00e9fendre\u00a0?\u00a0<a href=\"http:\/\/www.culture-numerique.fr\/?p=3325\" target=\"_blank\">http:\/\/www.culture-numerique.fr\/?p=3325<\/a><\/li>\n<li>Chronique de la censure ordinaire en milieu \u00e9ducatif\u00a0<a href=\"http:\/\/www.culture-numerique.fr\/?p=933\" target=\"_blank\">http:\/\/www.culture-numerique.fr\/?p=933<\/a><\/li>\n<li>Engagement num\u00e9rique de l\u2019\u00e9cole\u00a0: quelques bonnes raisons de craindre le pire\u2026\u00a0<a href=\"http:\/\/www.culture-numerique.fr\/?p=2956\" target=\"_blank\">http:\/\/www.culture-numerique.fr\/?p=2956<\/a><\/li>\n<\/ol>\n<p>[cite]<\/p>\n","protected":false},"excerpt":{"rendered":"<p><img loading=\"lazy\" decoding=\"async\" class=\"aligncenter size-full wp-image-4159\" src=\"http:\/\/www.culture-numerique.fr\/wp-content\/uploads\/2015\/10\/DSC_0034-e1445967541644.jpg\" alt=\"Entr\u00e9e\" width=\"1248\" height=\"702\" \/><\/p>\n<p><strong>Curieusement, la question en titre <\/strong>m&rsquo;a r\u00e9cemment \u00e9t\u00e9 pos\u00e9e presque en ces m\u00eames termes par un <a href=\"https:\/\/fr.wiktionary.org\/wiki\/twitto#fr\">twitto<\/a> avec lequel nous \u00e9changions \u00e0 propos de tout autre chose. Une fois pass\u00e9 le trouble cons\u00e9cutif \u00e0 cette curieuse consultation num\u00e9rique,<\/p>\n<p><span class=\"ellipsis\">&hellip;<\/span><\/p>\n<div class=\"read-more\"><a href=\"https:\/\/www.culture-numerique.fr\/?p=4154\">Lire la suite &#8250;<\/a><\/div>\n<p><!-- end of .read-more --><\/p>\n","protected":false},"author":1,"featured_media":4159,"comment_status":"open","ping_status":"open","sticky":false,"template":"","format":"standard","meta":{"jetpack_post_was_ever_published":false,"_jetpack_newsletter_access":"","_jetpack_dont_email_post_to_subs":true,"_jetpack_newsletter_tier_id":0,"_jetpack_memberships_contains_paywalled_content":false,"_jetpack_memberships_contains_paid_content":false,"footnotes":""},"categories":[9],"tags":[486,668,14,16,13,17,155,669,244],"class_list":["post-4154","post","type-post","status-publish","format-standard","has-post-thumbnail","hentry","category-billets-dhumeur","tag-accompagnement","tag-bienveillance-parentale","tag-censure","tag-droits-fondamentaux","tag-liberte-dexpression","tag-publier","tag-responsabilite","tag-twittclasses","tag-twitter"],"jetpack_featured_media_url":"https:\/\/www.culture-numerique.fr\/wp-content\/uploads\/2015\/10\/DSC_0034-e1445967541644.jpg","jetpack_sharing_enabled":true,"_links":{"self":[{"href":"https:\/\/www.culture-numerique.fr\/index.php?rest_route=\/wp\/v2\/posts\/4154","targetHints":{"allow":["GET"]}}],"collection":[{"href":"https:\/\/www.culture-numerique.fr\/index.php?rest_route=\/wp\/v2\/posts"}],"about":[{"href":"https:\/\/www.culture-numerique.fr\/index.php?rest_route=\/wp\/v2\/types\/post"}],"author":[{"embeddable":true,"href":"https:\/\/www.culture-numerique.fr\/index.php?rest_route=\/wp\/v2\/users\/1"}],"replies":[{"embeddable":true,"href":"https:\/\/www.culture-numerique.fr\/index.php?rest_route=%2Fwp%2Fv2%2Fcomments&post=4154"}],"version-history":[{"count":20,"href":"https:\/\/www.culture-numerique.fr\/index.php?rest_route=\/wp\/v2\/posts\/4154\/revisions"}],"predecessor-version":[{"id":5504,"href":"https:\/\/www.culture-numerique.fr\/index.php?rest_route=\/wp\/v2\/posts\/4154\/revisions\/5504"}],"wp:featuredmedia":[{"embeddable":true,"href":"https:\/\/www.culture-numerique.fr\/index.php?rest_route=\/wp\/v2\/media\/4159"}],"wp:attachment":[{"href":"https:\/\/www.culture-numerique.fr\/index.php?rest_route=%2Fwp%2Fv2%2Fmedia&parent=4154"}],"wp:term":[{"taxonomy":"category","embeddable":true,"href":"https:\/\/www.culture-numerique.fr\/index.php?rest_route=%2Fwp%2Fv2%2Fcategories&post=4154"},{"taxonomy":"post_tag","embeddable":true,"href":"https:\/\/www.culture-numerique.fr\/index.php?rest_route=%2Fwp%2Fv2%2Ftags&post=4154"}],"curies":[{"name":"wp","href":"https:\/\/api.w.org\/{rel}","templated":true}]}}