{"id":4137,"date":"2015-10-21T17:15:55","date_gmt":"2015-10-21T15:15:55","guid":{"rendered":"http:\/\/www.culture-numerique.fr\/?p=4137"},"modified":"2015-10-21T17:15:55","modified_gmt":"2015-10-21T15:15:55","slug":"ivre-il-laisse-ses-eleves-se-servir-de-leurs-smartphones","status":"publish","type":"post","link":"https:\/\/www.culture-numerique.fr\/?p=4137","title":{"rendered":"Ivre, il laisse ses \u00e9l\u00e8ves se servir de leurs smartphones\u00a0!"},"content":{"rendered":"<p><img loading=\"lazy\" decoding=\"async\" class=\"aligncenter size-full wp-image-4140\" src=\"http:\/\/www.culture-numerique.fr\/wp-content\/uploads\/2015\/10\/wine-426466_1280.jpg\" alt=\"Bordeaux\" width=\"1280\" height=\"957\" srcset=\"https:\/\/www.culture-numerique.fr\/wp-content\/uploads\/2015\/10\/wine-426466_1280.jpg 1280w, https:\/\/www.culture-numerique.fr\/wp-content\/uploads\/2015\/10\/wine-426466_1280-300x224.jpg 300w, https:\/\/www.culture-numerique.fr\/wp-content\/uploads\/2015\/10\/wine-426466_1280-1024x766.jpg 1024w, https:\/\/www.culture-numerique.fr\/wp-content\/uploads\/2015\/10\/wine-426466_1280-100x75.jpg 100w, https:\/\/www.culture-numerique.fr\/wp-content\/uploads\/2015\/10\/wine-426466_1280-150x112.jpg 150w, https:\/\/www.culture-numerique.fr\/wp-content\/uploads\/2015\/10\/wine-426466_1280-200x150.jpg 200w, https:\/\/www.culture-numerique.fr\/wp-content\/uploads\/2015\/10\/wine-426466_1280-450x336.jpg 450w, https:\/\/www.culture-numerique.fr\/wp-content\/uploads\/2015\/10\/wine-426466_1280-600x449.jpg 600w, https:\/\/www.culture-numerique.fr\/wp-content\/uploads\/2015\/10\/wine-426466_1280-900x673.jpg 900w\" sizes=\"auto, (max-width: 1280px) 100vw, 1280px\" \/><\/p>\n<p><strong>Tout s&rsquo;est pourtant bien pass\u00e9 jusque l\u00e0\u2026<\/strong> Il est bien rare que les \u00e9l\u00e8ves soient aussi calmes ainsi en fin de semaine. Cette classe de seconde est, comment dire\u00a0? plut\u00f4t vivante, les gar\u00e7ons en particulier, surtout les trois, l\u00e0, au fond, le rouquin et ses deux acolytes dont Jules ne se rappelle jamais le nom. Malgr\u00e9 ses quatorze ans bien sonn\u00e9s \u2014\u00a0il \u00e9tait en avance, comme on dit\u00a0\u2014, ce type, le rouquin, a un r\u00e9el et incompr\u00e9hensible ascendant sur les autres gar\u00e7ons de la classe. En revanche, son succ\u00e8s aupr\u00e8s des filles est pour le moins mod\u00e9r\u00e9\u2026 de mani\u00e8re tout aussi incompr\u00e9hensible. Allez comprendre !<\/p>\n<p>Tout s&rsquo;\u00e9tait donc bien pass\u00e9 jusque l\u00e0. Jules avait parfaitement conscience que de demander \u00e0 trente-trois \u00e9l\u00e8ves de s&rsquo;interroger sur l&rsquo;\u00e9criture po\u00e9tique \u00e9tait risqu\u00e9. C&rsquo;est tellement loin de leurs pr\u00e9occupations\u2026 Mais il avait pris sa r\u00e9solution\u00a0: cela se tentait, s&rsquo;il pouvait tout verrouiller, tout contr\u00f4ler et ne rien permettre qui puisse perturber sa d\u00e9marche.<\/p>\n<p>Apr\u00e8s cet excellent d\u00e9jeuner avec quelques-uns de ses coll\u00e8gues, un peu arros\u00e9, certes, Jules a propos\u00e9 \u00e0 ses \u00e9l\u00e8ves de r\u00e9fl\u00e9chir, en groupes, \u00e0 ce qui ressortit plut\u00f4t du Spleen ou plut\u00f4t de l&rsquo;Id\u00e9al dans le recueil <em>Les Fleurs du mal<\/em>. Rien de tr\u00e8s original mais ce travail permet de mettre du sens sur ces deux grands traits de l&rsquo;\u0153uvre de Baudelaire. Cela s&rsquo;est bien pass\u00e9, la tr\u00e8s grande partie des \u00e9l\u00e8ves ont bien per\u00e7u l&rsquo;opposition et le balancement. Jules a alors propos\u00e9 \u00e0 nouveau \u00e0 ses \u00e9l\u00e8ves de choisir un po\u00e8me et d&rsquo;argumenter\u00a0: penchait-il vers le Spleen ou vers l&rsquo;Id\u00e9al, et pourquoi\u00a0?<\/p>\n<p>Jules n&rsquo;a pas vu le coup arriver. Un groupe de filles, celles qui sont d&rsquo;habitude au premier rang, ont d\u00e9cid\u00e9 de travailler sur \u00ab\u00a0Parfum exotique\u00a0\u00bb et elles ont cru pouvoir discerner dans le choix des mots et les tournures des vers une aspiration du po\u00e8te \u00e0 l&rsquo;Id\u00e9al. Jules les f\u00e9licite et loue leur travail. Ont-elles compris qu&rsquo;il y avait, derri\u00e8re ces parfums et ces odeurs, celle d&rsquo;une femme, issue des \u00eeles lointaines, dont Baudelaire \u00e9tait tr\u00e8s \u00e9pris\u00a0?<\/p>\n<p>C&rsquo;est venu du fond de la salle. D&rsquo;une voix adolescente mais forte, le rouquin a cri\u00e9\u00a0: \u00ab <span style=\"color: #800000;\"><em>Oui, Jeanne Duval\u00a0!<\/em><\/span>\u00a0\u00bb.<\/p>\n<p>Jules n&rsquo;a pas compris. Le rouquin ne s&rsquo;appelait pas Duval. Il n&rsquo;\u00e9tait pas non plus redoublant. Comment pouvait-il savoir\u00a0? Tout s&rsquo;est alors brouill\u00e9 dans la t\u00eate de Jules. Il a r\u00e9pondu \u00ab\u00a0<em><span style=\"color: #800000;\">C&rsquo;est cela, oui<\/span><\/em>\u00a0\u00bb. Que pouvait-il dire d&rsquo;autre\u00a0? Jules a l\u00e2ch\u00e9 prise. Il a alors compris\u00a0\u2014\u00a0c&rsquo;est la seule explication possible\u00a0\u2014 que ce satan\u00e9 rouquin avait d\u00fb consulter je ne sais quelle encyclop\u00e9die en ligne sur son smartphone. Sur ses genoux, sous la table. Sinon, il l&rsquo;aurait vu.<\/p>\n<p>Lui ou un de ses sbires.<\/p>\n<p>Les images ont alors d\u00e9fil\u00e9 tr\u00e8s vite dans la t\u00eate de Jules. Les murs de la classe vacillent, ses jambes se mettent \u00e0 trembler, un monde s&rsquo;\u00e9croule. Les \u00e9l\u00e8ves ont bien senti que Jules perdait de sa belle assurance. Par chance, le signal de fin se met \u00e0 retentir.<\/p>\n<p>Jules a convoqu\u00e9 le rouquin \u00e0 son bureau et lui a fait promettre de n&rsquo;en dire mot \u00e0 personne. Ni \u00e0 ses parents, ni aux autres professeurs. Jules s&rsquo;est montr\u00e9 magnanime. Le rouquin a promis.<\/p>\n<p>Michel Guillou\u00a0<a href=\"https:\/\/twitter.com\/michelguillou\" target=\"_blank\">@michelguillou<\/a><\/p>\n<p><a href=\"http:\/\/creativecommons.org\/licenses\/by-nc-sa\/4.0\/\"><img loading=\"lazy\" decoding=\"async\" class=\"alignleft wp-image-1448 size-full\" src=\"http:\/\/i2.wp.com\/www.culture-numerique.fr\/wp-content\/uploads\/2014\/09\/80x15.png?resize=80%2C15\" alt=\"80x15\" width=\"80\" height=\"15\" data-pin-nopin=\"true\" \/><\/a><\/p>\n<p>&nbsp;<\/p>\n<p>Cr\u00e9dit photo\u00a0:<a href=\"https:\/\/pixabay.com\/fr\/vin-winery-bordeaux-rioja-cava-426466\/\" target=\"_blank\">Pixabay<\/a>\u00a0sous licence\u00a0<a href=\"https:\/\/creativecommons.org\/publicdomain\/zero\/1.0\/deed.fr\" target=\"_blank\">Creative Commons CC0<\/a><\/p>\n","protected":false},"excerpt":{"rendered":"<p><img loading=\"lazy\" decoding=\"async\" class=\"aligncenter size-full wp-image-4140\" src=\"http:\/\/www.culture-numerique.fr\/wp-content\/uploads\/2015\/10\/wine-426466_1280.jpg\" alt=\"Bordeaux\" width=\"1280\" height=\"957\" srcset=\"https:\/\/www.culture-numerique.fr\/wp-content\/uploads\/2015\/10\/wine-426466_1280.jpg 1280w, https:\/\/www.culture-numerique.fr\/wp-content\/uploads\/2015\/10\/wine-426466_1280-300x224.jpg 300w, https:\/\/www.culture-numerique.fr\/wp-content\/uploads\/2015\/10\/wine-426466_1280-1024x766.jpg 1024w, https:\/\/www.culture-numerique.fr\/wp-content\/uploads\/2015\/10\/wine-426466_1280-100x75.jpg 100w, https:\/\/www.culture-numerique.fr\/wp-content\/uploads\/2015\/10\/wine-426466_1280-150x112.jpg 150w, https:\/\/www.culture-numerique.fr\/wp-content\/uploads\/2015\/10\/wine-426466_1280-200x150.jpg 200w, https:\/\/www.culture-numerique.fr\/wp-content\/uploads\/2015\/10\/wine-426466_1280-450x336.jpg 450w, https:\/\/www.culture-numerique.fr\/wp-content\/uploads\/2015\/10\/wine-426466_1280-600x449.jpg 600w, https:\/\/www.culture-numerique.fr\/wp-content\/uploads\/2015\/10\/wine-426466_1280-900x673.jpg 900w\" sizes=\"auto, (max-width: 1280px) 100vw, 1280px\" \/><\/p>\n<p><strong>Tout s&rsquo;est pourtant bien pass\u00e9 jusque l\u00e0\u2026<\/strong> Il est bien rare que les \u00e9l\u00e8ves soient aussi calmes ainsi en fin de semaine. Cette classe de seconde est, comment dire\u00a0? plut\u00f4t vivante, les gar\u00e7ons en particulier,<\/p>\n<p><span class=\"ellipsis\">&hellip;<\/span><\/p>\n<div class=\"read-more\"><a href=\"https:\/\/www.culture-numerique.fr\/?p=4137\">Lire la suite &#8250;<\/a><\/div>\n<p><!-- end of .read-more --><\/p>\n","protected":false},"author":1,"featured_media":4140,"comment_status":"open","ping_status":"open","sticky":false,"template":"","format":"standard","meta":{"jetpack_post_was_ever_published":false,"_jetpack_newsletter_access":"","_jetpack_dont_email_post_to_subs":false,"_jetpack_newsletter_tier_id":0,"_jetpack_memberships_contains_paywalled_content":false,"_jetpack_memberships_contains_paid_content":false,"footnotes":""},"categories":[20,295],"tags":[664,666,665,667,44],"class_list":["post-4137","post","type-post","status-publish","format-standard","has-post-thumbnail","hentry","category-breves","category-fictions","tag-baudelaire","tag-figure-du-maitre","tag-litterature","tag-posture-magistrale","tag-smartphone"],"jetpack_featured_media_url":"https:\/\/www.culture-numerique.fr\/wp-content\/uploads\/2015\/10\/wine-426466_1280.jpg","jetpack_sharing_enabled":true,"_links":{"self":[{"href":"https:\/\/www.culture-numerique.fr\/index.php?rest_route=\/wp\/v2\/posts\/4137","targetHints":{"allow":["GET"]}}],"collection":[{"href":"https:\/\/www.culture-numerique.fr\/index.php?rest_route=\/wp\/v2\/posts"}],"about":[{"href":"https:\/\/www.culture-numerique.fr\/index.php?rest_route=\/wp\/v2\/types\/post"}],"author":[{"embeddable":true,"href":"https:\/\/www.culture-numerique.fr\/index.php?rest_route=\/wp\/v2\/users\/1"}],"replies":[{"embeddable":true,"href":"https:\/\/www.culture-numerique.fr\/index.php?rest_route=%2Fwp%2Fv2%2Fcomments&post=4137"}],"version-history":[{"count":10,"href":"https:\/\/www.culture-numerique.fr\/index.php?rest_route=\/wp\/v2\/posts\/4137\/revisions"}],"predecessor-version":[{"id":4149,"href":"https:\/\/www.culture-numerique.fr\/index.php?rest_route=\/wp\/v2\/posts\/4137\/revisions\/4149"}],"wp:featuredmedia":[{"embeddable":true,"href":"https:\/\/www.culture-numerique.fr\/index.php?rest_route=\/wp\/v2\/media\/4140"}],"wp:attachment":[{"href":"https:\/\/www.culture-numerique.fr\/index.php?rest_route=%2Fwp%2Fv2%2Fmedia&parent=4137"}],"wp:term":[{"taxonomy":"category","embeddable":true,"href":"https:\/\/www.culture-numerique.fr\/index.php?rest_route=%2Fwp%2Fv2%2Fcategories&post=4137"},{"taxonomy":"post_tag","embeddable":true,"href":"https:\/\/www.culture-numerique.fr\/index.php?rest_route=%2Fwp%2Fv2%2Ftags&post=4137"}],"curies":[{"name":"wp","href":"https:\/\/api.w.org\/{rel}","templated":true}]}}