{"id":4099,"date":"2015-10-19T10:41:10","date_gmt":"2015-10-19T08:41:10","guid":{"rendered":"http:\/\/www.culture-numerique.fr\/?p=4099"},"modified":"2015-12-09T22:53:37","modified_gmt":"2015-12-09T21:53:37","slug":"ecole-numerique-obscurantismes-a-tous-les-etages","status":"publish","type":"post","link":"https:\/\/www.culture-numerique.fr\/?p=4099","title":{"rendered":"\u00c9cole num\u00e9rique\u00a0: obscurantismes \u00e0 tous les \u00e9tages\u00a0!"},"content":{"rendered":"<p><img loading=\"lazy\" decoding=\"async\" class=\"aligncenter size-full wp-image-4103\" src=\"http:\/\/www.culture-numerique.fr\/wp-content\/uploads\/2015\/10\/7159079916_4d550338bb_o.jpg\" alt=\"Peur\" width=\"1024\" height=\"656\" srcset=\"https:\/\/www.culture-numerique.fr\/wp-content\/uploads\/2015\/10\/7159079916_4d550338bb_o.jpg 1024w, https:\/\/www.culture-numerique.fr\/wp-content\/uploads\/2015\/10\/7159079916_4d550338bb_o-300x192.jpg 300w, https:\/\/www.culture-numerique.fr\/wp-content\/uploads\/2015\/10\/7159079916_4d550338bb_o-100x64.jpg 100w, https:\/\/www.culture-numerique.fr\/wp-content\/uploads\/2015\/10\/7159079916_4d550338bb_o-150x96.jpg 150w, https:\/\/www.culture-numerique.fr\/wp-content\/uploads\/2015\/10\/7159079916_4d550338bb_o-200x128.jpg 200w, https:\/\/www.culture-numerique.fr\/wp-content\/uploads\/2015\/10\/7159079916_4d550338bb_o-450x288.jpg 450w, https:\/\/www.culture-numerique.fr\/wp-content\/uploads\/2015\/10\/7159079916_4d550338bb_o-600x384.jpg 600w, https:\/\/www.culture-numerique.fr\/wp-content\/uploads\/2015\/10\/7159079916_4d550338bb_o-900x577.jpg 900w\" sizes=\"auto, (max-width: 1024px) 100vw, 1024px\" \/><\/p>\n<p><strong>On va encore me trouver grognon\u00a0!<\/strong>\u00a0La collision est in\u00e9vitable, cela va de soi, car, \u00e0 perdre la raison, l&rsquo;\u00e9cole va droit dans le mur, c&rsquo;est une certitude.<\/p>\n<p>Il y avait pourtant tout lieu d&rsquo;\u00eatre optimiste, de retour de Bordeaux-Cenon. En effet, se sont d\u00e9roul\u00e9es l\u00e0-bas, \u00e0 l&rsquo;initiative de l&rsquo;<a href=\"http:\/\/anae.education\/\" target=\"_blank\">an@e<\/a>, deux journ\u00e9es magnifiques \u00e0 l&rsquo;occasion de la troisi\u00e8me \u00e9dition des <a href=\"http:\/\/boussolesnumeriques.jimdo.com\/\" target=\"_blank\">Boussoles du num\u00e9rique<\/a>, pleines d&rsquo;\u00e9changes d&rsquo;une tr\u00e8s grande richesse.\u00a0Bon, c&rsquo;est vrai, il y a bien eu deux ou trois prises de parole, heureusement fort courtes, prononc\u00e9es par des \u00e9lus ou des hauts fonctionnaires qui ont laiss\u00e9 l&rsquo;auditoire pantois en lui rappelant la dure r\u00e9alit\u00e9 de l&rsquo;inculture g\u00e9n\u00e9rale des \u00e9lites\u2026<\/p>\n<p>Mais ceux qui, il y a quelques ann\u00e9es encore\u00a0\u2014\u00a0je pense en particulier \u00e0 <a href=\"https:\/\/fr.wikipedia.org\/wiki\/Philippe_Meirieu\" target=\"_blank\">Philippe Meirieu<\/a> mais il n&rsquo;est pas seul\u00a0\u2014, n&rsquo;avaient pas exprim\u00e9 jusque l\u00e0, \u00e0 l&rsquo;\u00e9gard du num\u00e9rique, un avis\u00a0enthousiaste ni m\u00eame seulement bienveillant, ont tenu \u00e0 cette occasion\u00a0<a href=\"http:\/\/www.meirieu.com\/OUTILSDEFORMATION\/APPRENDRE_AVEC_NUMERIQUE.pdf\" target=\"_blank\">un tout autre discours<\/a>. Ceux-l\u00e0 ont aujourd&rsquo;hui tous compris que le num\u00e9rique \u00e9tait omnipr\u00e9sent et qu&rsquo;il convenait non seulement de faire avec, ce qui, apr\u00e8s tout, est la moindre des choses, mais encore d&rsquo;en faire<strong> un levier puissant pour changer l&rsquo;\u00e9cole<\/strong> et la p\u00e9dagogie.<\/p>\n<h3>Le premier obscurantisme dit du traditionnalisme nostalgique<\/h3>\n<p>Tr\u00e8s curieusement, ceux qui, de l&rsquo;autre c\u00f4t\u00e9 de l&rsquo;Atlantique, au Qu\u00e9bec, se pr\u00e9occupent du chantier de l&rsquo;\u00e9cole num\u00e9rique, continuent \u00e0 le porter sous le seul angle visible de l&rsquo;introduction des technologies de l&rsquo;information et de la communication, dites TIC, dans l&rsquo;\u00e9cole. C&rsquo;est d&rsquo;autant plus dommage\u00a0qu&rsquo;au-del\u00e0 ce ce discours de fa\u00e7ade, il se manifeste l\u00e0-bas une r\u00e9flexion tr\u00e8s riche sur les enjeux du num\u00e9rique \u00e0 l&rsquo;\u00e9cole. Mais quand certains se\u00a0pr\u00e9tendent technophiles et technop\u00e9dagogues (!), il ne faut pas s&rsquo;\u00e9tonner que s&rsquo;affichent par contradiction de tristes discours technophobes.<\/p>\n<p>C&rsquo;est <a href=\"https:\/\/twitter.com\/zecool\" target=\"_blank\">Jacques Cool<\/a> qui a attir\u00e9 mon attention sur <a href=\"http:\/\/www.ledevoir.com\/societe\/education\/452626\/les-tic-un-cheval-de-troie\" target=\"_blank\">ce pauvre billet<\/a>. Dans <em><a href=\"http:\/\/www.ledevoir.com\/\" target=\"_blank\">Le Devoir<\/a><\/em>, un certain\u00a0<a href=\"http:\/\/quebec.huffingtonpost.ca\/rejean-bergeron\/\" target=\"_blank\">R\u00e9jean Bergeron<\/a>, professeur de philosophie de son \u00e9tat, y distille un discours convenu mais n\u00e9anmoins averti sur le num\u00e9rique \u00e0 l&rsquo;\u00e9cole. Tr\u00e8s lucide, il observe que, \u00e0 propos de l&rsquo;enseignant, \u00ab<span style=\"color: #800000;\"><em> le temps [est termin\u00e9] o\u00f9 celui-ci pouvait se pr\u00e9senter comme le \u201cma\u00eetre\u201d dans le sens noble du terme, c\u2019est-\u00e0-dire comme celui qui tirait son autorit\u00e9 et sa valeur du savoir qu\u2019il ma\u00eetrisait<\/em><\/span>\u00a0\u00bb. Il ajoute qu&rsquo;\u00ab\u00a0<span style=\"color: #800000;\"><em>on exigera de l\u2019enseignant qu\u2019il descende de son pi\u00e9destal<\/em><\/span>\u00a0\u00bb et \u00ab\u00a0<span style=\"color: #800000;\"><em>qu\u2019il vienne se placer \u00e0 c\u00f4t\u00e9 de l\u2019\u00e9l\u00e8ve<\/em><\/span>\u00a0\u00bb.<\/p>\n<p>Bien entendu, son propos est plein d&rsquo;une terrible amertume. Pour lui, le num\u00e9rique \u00ab\u00a0<span style=\"color: #800000;\"><em>servira \u00e0 casser, \u00e0 mettre au pas et \u00e0 d\u00e9naturer le r\u00f4le fondamental de l\u2019enseignant<\/em><\/span>\u00a0\u00bb. Il rejoint en cela un autre philosophe qui manifestait une grande panique \u00e0 l&rsquo;id\u00e9e que les \u00e9l\u00e8ves v\u00e9rifient ce que disent leurs professeurs (1). Ces deux nostalgiques de l&rsquo;\u00e9cole du d\u00e9but du dernier si\u00e8cle du mill\u00e9naire pr\u00e9c\u00e9dent ont aussi en commun de ha\u00efr les outils num\u00e9riques, dont les tablettes, au nom bien s\u00fbr de leur technophobie visc\u00e9rale qui n&rsquo;est que la face visible d&rsquo;un <strong>obscurantisme nostalgique<\/strong>, susceptibles de mettre \u00e0 mal la haute figure du ma\u00eetre.<\/p>\n<p>On peut essayer d&rsquo;en rire.<\/p>\n<h3>Le deuxi\u00e8me obscurantisme dit du triomphe de la communication politique<\/h3>\n<p>Je vous en disais deux mots r\u00e9cemment\u00a0: les professeurs de coll\u00e8ge vont \u00eatre form\u00e9s au num\u00e9rique cette ann\u00e9e, \u00e0 raison de 3 jours qui seraient consacr\u00e9s \u00e0 cela. S&rsquo;agira-t-il d&rsquo;une formation sur le temps de travail ou pendant les vacances scolaires, comme celle qui s&rsquo;annonce pour la r\u00e9forme du coll\u00e8ge\u00a0? Nul ne le sait. En revanche, on sait \u2014\u00a0c&rsquo;est <a href=\"http:\/\/www.digischool.fr\/enseignement\/en-2018-tous-les-colleges-francais-seront-connectes-30149.php\" target=\"_blank\">Digischool<\/a> qui nous l&rsquo;apprend\u00a0\u2014 quelle somme globale sera attribu\u00e9e \u00e0 cette formation\u00a0: le minist\u00e8re de l&rsquo;\u00c9ducation nationale a obtenu 24 millions d&rsquo;euros apr\u00e8s arbitrage de Matignon.<\/p>\n<p><strong>Bien des questions restent en suspens<\/strong>. Qui seront les formateurs\u00a0? D&rsquo;o\u00f9 viennent-ils\u00a0? Quels sont leurs r\u00e9seaux\u00a0? Plus s\u00e9rieusement, qui sont-ils\u00a0? S&rsquo;il existe de ci, de l\u00e0, dans certaines acad\u00e9mies, des formateurs comp\u00e9tents et d\u00e9j\u00e0 form\u00e9s, bien d&rsquo;autres sont sinistr\u00e9es faute d&rsquo;avoir pu mettre en \u0153uvre quelque formation que ce soit les ann\u00e9es pr\u00e9c\u00e9dentes. Et qui va former les cadres administratifs et p\u00e9dagogiques\u00a0?<\/p>\n<p><strong>Et pour quels contenus de formation\u00a0?<\/strong> On pouvait l\u00e9gitimement attendre une acculturation num\u00e9rique globale, qui ferait une large place \u00e0 une perception \u00e9clair\u00e9e des enjeux \u00e9ducatifs, p\u00e9dagogiques, citoyens, \u00e9conomiques du num\u00e9rique, ouvrant la voie \u00e0 une <strong>translitt\u00e9ratie<\/strong>, permettant l&rsquo;int\u00e9gration sereine et patiente du num\u00e9rique dans les enseignements disciplinaires\u2026 On pouvait l&rsquo;attendre, oui.<\/p>\n<p>Mais on ne l&rsquo;aura pas. M\u00eame si la ministre, dans une <a href=\"http:\/\/www.20minutes.fr\/societe\/1710175-20151015-numerique-ecole-2018-100-colleges-connectes\" target=\"_blank\">interview<\/a> \u00e0 <em><a href=\"http:\/\/www.20minutes.fr\/\" target=\"_blank\">20minutes<\/a><\/em>, ne dit rien des contenus de ces formations, elle fixe des priorit\u00e9s\u00a0:<\/p>\n<blockquote><p>\u00ab<strong>\u00a0La journaliste<\/strong>\u00a0: Le coding (sic\u00a0!) sera enseign\u00e9 aux coll\u00e9giens en 2016, mais les professeurs seront-ils suffisamment form\u00e9s en amont\u00a0?<br \/>\n<strong>La ministre<\/strong>\u00a0: Oui, car les 177.000 (sic encore pour le point m\u00e9dian !) enseignants du coll\u00e8ge b\u00e9n\u00e9ficieront de trois jours de formation sur le num\u00e9rique au cours de l\u2019ann\u00e9e 2015-2016.\u00a0\u00bb<\/p><\/blockquote>\n<blockquote class=\"twitter-tweet\" data-width=\"550\" data-dnt=\"true\">\n<p lang=\"en\" dir=\"ltr\">&#8211; \u201cCode will be taught at school but will teachers be sufficiently trained?\u201d<br \/>&#8211; \u201cYes they\u2019ll receive a 3 days course.\u201d <a href=\"http:\/\/t.co\/b5vatwI9MV\">pic.twitter.com\/b5vatwI9MV<\/a><\/p>\n<p>&mdash; Arnaud Porterie (@arnaudporterie) <a href=\"https:\/\/twitter.com\/arnaudporterie\/status\/655761082250715136?ref_src=twsrc%5Etfw\">October 18, 2015<\/a><\/p><\/blockquote>\n<p><script async src=\"https:\/\/platform.twitter.com\/widgets.js\" charset=\"utf-8\"><\/script><\/p>\n<p>Ci-dessus, une r\u00e9action parmi d&rsquo;autres sur Twitter.\u00a0En toute honn\u00eatet\u00e9, je ne sais quels mots utiliser pour dire mon indignation\u00a0! Au minimum, les bras m&rsquo;en tombent. Au-del\u00e0 de l&rsquo;inanit\u00e9 ahurissante de la question, on ne comprend pas ce que l&rsquo;apprentissage du code a \u00e0 voir avec le num\u00e9rique.<\/p>\n<p>Il faut \u00eatre s\u00e9rieux, dans l&rsquo;enseignement obligatoire<strong>, apprendre \u00e0 coder ne sert \u00e0 rien<\/strong>.<\/p>\n<p>Je dirais la m\u00eame chose du macram\u00e9. C&rsquo;est marrant le mercredi apr\u00e8s-midi dans des activit\u00e9s p\u00e9riscolaires. Pas plus.<\/p>\n<p>Bien s\u00fbr, il peut \u00eatre utile d&rsquo;apprendre les bases de l&rsquo;algorithmique en math\u00e9matiques. Il peut \u00eatre utile encore d&rsquo;apprendre quelques rudiments de programmation <strong>au service du projet p\u00e9dagogique<\/strong>, quelle que soit la discipline. Il peut certes enfin \u00eatre utile d&rsquo;apprendre que les informations num\u00e9riques sont \u00e9crites dans des langages dont il para\u00eet pertinent de savoir qu&rsquo;ils existent et qu&rsquo;on peut s&rsquo;essayer \u00e0 les lire et <strong>les d\u00e9coder<\/strong>.<\/p>\n<p>Il est surtout plus utile et urgent, comme je le proposais (3) d&rsquo;inscrire \u00ab\u00a0<strong>publier<\/strong>\u00a0\u00bb dans les comp\u00e9tences du socle, ce qui, \u00e0 coup s\u00fbr, inscrirait plus durablement chaque jeune citoyen dans son \u00e9poque en lui permettant d&rsquo;exercer une libert\u00e9 fondamentale et de confronter son opinion \u00e0 celle des autres.<\/p>\n<p>Apr\u00e8s, l&rsquo;apprentissage du code, cela peut \u00eatre aussi de la formation professionnelle, dont on se demande par ailleurs en quoi elle ne concerne que l&rsquo;\u00e9ducation nationale\u00a0!<\/p>\n<p>Je passe sur le vide intersid\u00e9ral des questions de la journaliste de <em><a href=\"http:\/\/www.20minutes.fr\/\" target=\"_blank\">20minutes<\/a><\/em>\u00a0dont certaines sont \u00e0 l&rsquo;\u00e9vidence souffl\u00e9es par les lobbyistes de l&rsquo;informatique. Je note n\u00e9anmoins que, 18\u00a0ans apr\u00e8s <a href=\"https:\/\/fr.wikipedia.org\/wiki\/S%C3%A9gol%C3%A8ne_Royal\" target=\"_blank\">S\u00e9gol\u00e8ne Royal<\/a>, alors\u00a0ministre d\u00e9l\u00e9gu\u00e9e \u00e0 l&rsquo;Enseignement scolaire, qui d\u00e9clarait, en 1997, \u00ab\u00a0<span style=\"color: #800000;\"><em>que la cr\u00e9ation d\u2019une discipline sp\u00e9cifique pourrait m\u00eame avoir un effet contraire au but vis\u00e9 en d\u00e9ssaisissant les autres disciplines de la prise en compte de ces enjeux<\/em><\/span>\u00a0\u00bb (2), ce qui est le bon sens m\u00eame, notre ministre d&rsquo;aujourd&rsquo;hui r\u00e9pond, \u00e0 la question de la cr\u00e9ation d&rsquo;un nouveau corps de professeurs d&rsquo;informatique \u2014\u00a0c&rsquo;est la proposition n\u00b0\u00a01 d&rsquo;un <a href=\"http:\/\/www.cnnumerique.fr\/\" target=\"_blank\">CNNum<\/a>&#8230; comment dire\u00a0? visionnaire\u00a0\u2014 :<\/p>\n<blockquote><p>\u00ab\u00a0Cela reviendrait \u00e0 cr\u00e9er une discipline \u00e0 part enti\u00e8re. Or, le num\u00e9rique traverse toutes les disciplines et nous voulons que tous les enseignants puissent l\u2019utiliser dans leurs cours.\u00a0\u00bb<\/p><\/blockquote>\n<p><strong>Que de temps perdu\u00a0! Mais c&rsquo;est fort bien, j&rsquo;en prends note et suis rassur\u00e9<\/strong>. Alors quelle mouche pique, \u00e0 propos du num\u00e9rique, notre ministre de r\u00e9pondre absolument n&rsquo;importe quoi, en contradiction avec ce qui pr\u00e9c\u00e8de ?<\/p>\n<p><strong>Le num\u00e9rique au lyc\u00e9e ?<\/strong> Il y aura un enseignement d&rsquo;exploration sur l&rsquo;informatique et les sciences du num\u00e9rique\u2026 Quel rapport\u00a0? En quoi les autres enseignements d&rsquo;exploration, pour ne parler que de ceux-l\u00e0, ne sont-ils pas concern\u00e9s\u00a0? En quoi, par exemple, les enseignements \u00ab\u00a0Cr\u00e9ation et culture design\u00a0\u00bb ou \u00ab\u00a0Litt\u00e9rature et soci\u00e9t\u00e9\u00a0\u00bb ne sont-ils pas fortement touch\u00e9s par le num\u00e9rique\u00a0?<\/p>\n<p><strong>Le num\u00e9rique au coll\u00e8ge\u00a0? <\/strong>Au brevet, \u00e0 propos de la \u00ab\u00a0programmation\u00a0\u00bb, elle r\u00e9pond\u00a0: \u00ab<span style=\"color: #800000;\"><em>\u00a0Il s\u2019agira d\u2019un exercice d\u2019algorithmique, qui n\u2019aura pas forc\u00e9ment lieu sur ordinateur, car l\u2019on peut tr\u00e8s bien coder sur papier.<\/em><\/span>\u00a0\u00bb Quel embrouillamini s\u00e9mantique, <strong>au-del\u00e0 de toute\u00a0raison<\/strong>\u00a0: quel rapport entre \u00ab\u00a0programmation\u00a0\u00bb, \u00ab\u00a0algorithmique\u00a0\u00bb et \u00ab\u00a0coder\u00a0\u00bb\u00a0? \u00c0 propos de l&rsquo;\u00e9quipement des coll\u00e8ges et de l&rsquo;engagement des collectivit\u00e9s, elle rappelle le dispositif des \u00ab\u00a0coll\u00e8ges connect\u00e9s\u00a0\u00bb \u2014\u00a0nouvelle confusion\u00a0: les autres ne le sont-ils pas ou plus ?\u00a0\u2014 et ses objectifs ambitieux\u00a0:<\/p>\n<blockquote><p>\u00ab\u00a0\u00c0 la rentr\u00e9e 2016, 40 % des coll\u00e8ges seront connect\u00e9s, en 2017, ce sera le cas de 70 % et en 2018, 100 % le seront.\u00a0\u00bb<\/p><\/blockquote>\n<p>J&rsquo;ai du mal \u00e0 comprendre ces chiffres. Le pr\u00e9sident de la R\u00e9publique annon\u00e7ait, le 7 mai dernier (4), que ce dispositif concernait 209 coll\u00e8ges, soit 1 sur 30. M\u00eame si, comme il le laissait entendre, ce chiffre \u00e9tait port\u00e9 \u00e0 500 coll\u00e8ges pour 2016, cela ne fera que 500 sur 7\u00a0100 soit 7\u00a0%, tr\u00e8s loin des 40\u00a0% annonc\u00e9s. Quand on sait par ailleurs que nombreux sont les Conseils d\u00e9partementaux, dont les fonds sont tr\u00e8s fortement sollicit\u00e9s, \u00e0 tra\u00eener la patte pour accompagner ce dispositif, on peut \u00eatre certain que ces chiffres sont pure fantaisie\u00a0! Pourquoi en faire l&rsquo;annonce ?<\/p>\n<p>Par ailleurs, il ne suffit pas qu&rsquo;un coll\u00e8ge soit bien \u00e9quip\u00e9 et connect\u00e9, voire m\u00eame bien dirig\u00e9, soutenu et accompagn\u00e9, pour que <strong>la transformation num\u00e9rique<\/strong> op\u00e8re. Je veux citer ici un commentaire \u00e0 cette m\u00eame annonce lu sur un r\u00e9seau social :<\/p>\n<blockquote><p>\u00ab\u00a0Comme s&rsquo;il suffisait d&rsquo;avoir l&rsquo;\u00e9lectricit\u00e9 pour \u00eatre au courant&#8230; On n&rsquo;a jamais vu un fil d&rsquo;araign\u00e9e \u00eatre efficace en pendouillant sans \u00eatre mis en r\u00e9seau par une intelligence constructive.\u00a0\u00bb<\/p><\/blockquote>\n<p><strong>Le num\u00e9rique au premier degr\u00e9\u00a0?<\/strong>\u00a0\u00c0 la question de savoir pourquoi seulement 20\u00a0% des professeurs des \u00e9coles utilisent un manuel num\u00e9rique, <a href=\"https:\/\/fr.wikipedia.org\/wiki\/Najat_Vallaud-Belkacem\" target=\"_blank\">Najat Vallaud-Belkacem<\/a> r\u00e9pond\u00a0que \u00e7a ira mieux \u00ab\u00a0<span style=\"color: #800000;\"><em>quand toutes les \u00e9coles primaires seront \u00e9quip\u00e9es d\u2019un tableau interactif<\/em><\/span>\u00a0\u00bb\u00a0! Au-del\u00e0 du fait qu&rsquo;il conviendrait, pour que l&rsquo;\u00e9cole num\u00e9rique aille mieux, que ce soit chaque classe qui soit \u00e9quip\u00e9e d&rsquo;un ou de plusieurs tableaux interactifs, j&rsquo;ai encore du mal \u00e0 comprendre le rapport entre les deux\u00a0: fort heureusement, on peut se servir d&rsquo;un manuel num\u00e9rique sans aucun tableau pour le montrer. Enfin, si on veut faire avancer les choses sur ce plan, il conviendrait peut-\u00eatre d&rsquo;exiger des \u00e9diteurs des ressources interop\u00e9rables de qualit\u00e9, d&rsquo;une part, de former massivement, en formation initiale et continue, les professeurs des \u00e9coles d&rsquo;autre part.<\/p>\n<p>Bon sang, comment est-ce possible qu&rsquo;une ministre de ce niveau fournisse des r\u00e9ponses d&rsquo;une telle trivialit\u00e9\u00a0? Qui sont les conseillers et les communicants qui lui \u00e9crivent ces discours <strong>aux tonalit\u00e9s obscurantistes<\/strong>, eux aussi ? Comment est-ce possible que sa parole v\u00e9hicule un tel flou qui confond num\u00e9rique et informatique, usages et pratiques professionnelles, code et programmation, num\u00e9rique et outils num\u00e9riques, etc.\u00a0?<\/p>\n<hr \/>\n<p>Je souhaite revenir sur les contenus de la formation qui sera propos\u00e9e \u00e0 tous les enseignants du coll\u00e8ge et dont nous savons qu&rsquo;apprendre \u00e0 enseigner le code sera un des pans\u00a0! Un deuxi\u00e8me objectif semblerait lui \u00eatre assign\u00e9, si on lit bien entre les lignes\u00a0: il faudra apprendre aux \u00e9l\u00e8ves \u00e0<strong> bien se comporter<\/strong> sur les r\u00e9seaux sociaux\u00a0!<\/p>\n<p><img loading=\"lazy\" decoding=\"async\" class=\"aligncenter size-full wp-image-4134\" src=\"http:\/\/www.culture-numerique.fr\/wp-content\/uploads\/2015\/10\/2015-10-19_121226.png\" alt=\"Bien\" width=\"630\" height=\"88\" srcset=\"https:\/\/www.culture-numerique.fr\/wp-content\/uploads\/2015\/10\/2015-10-19_121226.png 630w, https:\/\/www.culture-numerique.fr\/wp-content\/uploads\/2015\/10\/2015-10-19_121226-300x42.png 300w, https:\/\/www.culture-numerique.fr\/wp-content\/uploads\/2015\/10\/2015-10-19_121226-100x14.png 100w, https:\/\/www.culture-numerique.fr\/wp-content\/uploads\/2015\/10\/2015-10-19_121226-150x21.png 150w, https:\/\/www.culture-numerique.fr\/wp-content\/uploads\/2015\/10\/2015-10-19_121226-200x28.png 200w, https:\/\/www.culture-numerique.fr\/wp-content\/uploads\/2015\/10\/2015-10-19_121226-450x63.png 450w, https:\/\/www.culture-numerique.fr\/wp-content\/uploads\/2015\/10\/2015-10-19_121226-600x84.png 600w\" sizes=\"auto, (max-width: 630px) 100vw, 630px\" \/><\/p>\n<p>Est-ce bien l\u00e0 la seule le\u00e7on qui soit tir\u00e9e de 15 ans d&rsquo;incapacit\u00e9 de l&rsquo;\u00e9cole \u00e0 prendre en compte les pratiques num\u00e9riques des jeunes, comme \u00e0 d\u00e9crypter les cons\u00e9quences en classe de certains \u00e9v\u00e9nements de janvier dernier\u00a0? Est-ce l\u00e0 ce qu&rsquo;on nous annonce pour <strong>une \u00e9ducation aux m\u00e9dias et \u00e0 l&rsquo;information r\u00e9nov\u00e9e<\/strong>\u00a0? S\u00e9rieusement\u00a0? Voil\u00e0 qui devrait particuli\u00e8rement navrer les coll\u00e8gues du\u00a0<a href=\"http:\/\/www.clemi.org\/fr\/\" target=\"_blank\">Clemi<\/a> et les\u00a0professeurs documentalistes\u2026<\/p>\n<p>Et quelles formes, quelles modalit\u00e9s pour cette formation\u00a0? L\u00e0 encore, chacun se d\u00e9brouille dans son acad\u00e9mie. Et qu&rsquo;on ne me dise pas qu&rsquo;il y a ce qu&rsquo;il faut sur les plateformes de formation en ligne, \u00e0 commencer par le mis\u00e9rable <a href=\"https:\/\/magistere.education.fr\/\" target=\"_blank\">M@gist\u00e8re<\/a> auquel on m&rsquo;a d&rsquo;ailleurs coup\u00e9 l&rsquo;acc\u00e8s.<\/p>\n<p>Si, d&rsquo;une mani\u00e8re g\u00e9n\u00e9rale, l&rsquo;argent manque \u00e0 la construction de l&rsquo;\u00e9cole num\u00e9rique, on se demande si ce ne sont pas <strong>le bon sens et la raison<\/strong> qui vont finir par manquer le plus\u2026<\/p>\n<p>Michel Guillou\u00a0<a href=\"https:\/\/twitter.com\/michelguillou\" target=\"_blank\">@michelguillou<\/a><\/p>\n<p><a href=\"http:\/\/creativecommons.org\/licenses\/by-nc-sa\/4.0\/\"><img loading=\"lazy\" decoding=\"async\" class=\"alignleft wp-image-1448 size-full\" src=\"http:\/\/i2.wp.com\/www.culture-numerique.fr\/wp-content\/uploads\/2014\/09\/80x15.png?resize=80%2C15\" alt=\"80x15\" width=\"80\" height=\"15\" data-pin-nopin=\"true\" \/><\/a><\/p>\n<p>&nbsp;<\/p>\n<p>Cr\u00e9dit photo\u00a0: <a href=\"http:\/\/www.flickr.com\/photos\/78101784@N03\/7159079916\">La Peur<\/a> via <a href=\"http:\/\/photopin.com\">photopin<\/a> <a href=\"https:\/\/creativecommons.org\/licenses\/by-nd\/2.0\/\">(licence)<\/a><\/p>\n<ol>\n<li>Oui, bien s\u00fbr, les \u00e9l\u00e8ves vont v\u00e9rifier ce que disent leurs professeurs\u00a0!\u00a0<a href=\"http:\/\/www.culture-numerique.fr\/?p=2250\" target=\"_blank\">http:\/\/www.culture-numerique.fr\/?p=2250<\/a><\/li>\n<li>Ch. informaticiens pour l\u2019\u00e9cole. Peu s\u00e9rieux s\u2019abstenir.\u00a0<a href=\"http:\/\/www.culture-numerique.fr\/?p=2358\" target=\"_blank\">http:\/\/www.culture-numerique.fr\/?p=2358<\/a><\/li>\n<li>Socle\u00a0: tous les \u00e9l\u00e8ves doivent savoir publier\u00a0<a href=\"http:\/\/www.culture-numerique.fr\/?p=843\" target=\"_blank\">http:\/\/www.culture-numerique.fr\/?p=843<\/a><\/li>\n<li>Changer l\u2019\u00e9cole avec le num\u00e9rique\u00a0: d\u2019une belle tautologie aux ellipses\u00a0<a href=\"http:\/\/www.culture-numerique.fr\/?p=3109\" target=\"_blank\">http:\/\/www.culture-numerique.fr\/?p=3109<\/a><\/li>\n<\/ol>\n","protected":false},"excerpt":{"rendered":"<p><img loading=\"lazy\" decoding=\"async\" class=\"aligncenter size-full wp-image-4103\" src=\"http:\/\/www.culture-numerique.fr\/wp-content\/uploads\/2015\/10\/7159079916_4d550338bb_o.jpg\" alt=\"Peur\" width=\"1024\" height=\"656\" srcset=\"https:\/\/www.culture-numerique.fr\/wp-content\/uploads\/2015\/10\/7159079916_4d550338bb_o.jpg 1024w, https:\/\/www.culture-numerique.fr\/wp-content\/uploads\/2015\/10\/7159079916_4d550338bb_o-300x192.jpg 300w, https:\/\/www.culture-numerique.fr\/wp-content\/uploads\/2015\/10\/7159079916_4d550338bb_o-100x64.jpg 100w, https:\/\/www.culture-numerique.fr\/wp-content\/uploads\/2015\/10\/7159079916_4d550338bb_o-150x96.jpg 150w, https:\/\/www.culture-numerique.fr\/wp-content\/uploads\/2015\/10\/7159079916_4d550338bb_o-200x128.jpg 200w, https:\/\/www.culture-numerique.fr\/wp-content\/uploads\/2015\/10\/7159079916_4d550338bb_o-450x288.jpg 450w, https:\/\/www.culture-numerique.fr\/wp-content\/uploads\/2015\/10\/7159079916_4d550338bb_o-600x384.jpg 600w, https:\/\/www.culture-numerique.fr\/wp-content\/uploads\/2015\/10\/7159079916_4d550338bb_o-900x577.jpg 900w\" sizes=\"auto, (max-width: 1024px) 100vw, 1024px\" \/><\/p>\n<p><strong>On va encore me trouver grognon\u00a0!<\/strong>\u00a0La collision est in\u00e9vitable, cela va de soi, car, \u00e0 perdre la raison, l&rsquo;\u00e9cole va droit dans le mur, c&rsquo;est une certitude.<\/p>\n<p>Il y avait pourtant tout lieu d&rsquo;\u00eatre optimiste,<\/p>\n<p><span class=\"ellipsis\">&hellip;<\/span><\/p>\n<div class=\"read-more\"><a href=\"https:\/\/www.culture-numerique.fr\/?p=4099\">Lire la suite &#8250;<\/a><\/div>\n<p><!-- end of .read-more --><\/p>\n","protected":false},"author":1,"featured_media":4103,"comment_status":"open","ping_status":"open","sticky":false,"template":"","format":"standard","meta":{"jetpack_post_was_ever_published":false,"_jetpack_newsletter_access":"","_jetpack_dont_email_post_to_subs":false,"_jetpack_newsletter_tier_id":0,"_jetpack_memberships_contains_paywalled_content":false,"_jetpack_memberships_contains_paid_content":false,"footnotes":""},"categories":[9],"tags":[662,660,109,137,561,52,649,663,188,7,11,661],"class_list":["post-4099","post","type-post","status-publish","format-standard","has-post-thumbnail","hentry","category-billets-dhumeur","tag-algorithmique","tag-bon-sens","tag-boussoles","tag-code","tag-colleges-connectes","tag-culture-numerique","tag-formation-au-numerique","tag-macrame","tag-obscurantisme","tag-programmation","tag-raison","tag-translitteratie"],"jetpack_featured_media_url":"https:\/\/www.culture-numerique.fr\/wp-content\/uploads\/2015\/10\/7159079916_4d550338bb_o.jpg","jetpack_sharing_enabled":true,"_links":{"self":[{"href":"https:\/\/www.culture-numerique.fr\/index.php?rest_route=\/wp\/v2\/posts\/4099","targetHints":{"allow":["GET"]}}],"collection":[{"href":"https:\/\/www.culture-numerique.fr\/index.php?rest_route=\/wp\/v2\/posts"}],"about":[{"href":"https:\/\/www.culture-numerique.fr\/index.php?rest_route=\/wp\/v2\/types\/post"}],"author":[{"embeddable":true,"href":"https:\/\/www.culture-numerique.fr\/index.php?rest_route=\/wp\/v2\/users\/1"}],"replies":[{"embeddable":true,"href":"https:\/\/www.culture-numerique.fr\/index.php?rest_route=%2Fwp%2Fv2%2Fcomments&post=4099"}],"version-history":[{"count":35,"href":"https:\/\/www.culture-numerique.fr\/index.php?rest_route=\/wp\/v2\/posts\/4099\/revisions"}],"predecessor-version":[{"id":4378,"href":"https:\/\/www.culture-numerique.fr\/index.php?rest_route=\/wp\/v2\/posts\/4099\/revisions\/4378"}],"wp:featuredmedia":[{"embeddable":true,"href":"https:\/\/www.culture-numerique.fr\/index.php?rest_route=\/wp\/v2\/media\/4103"}],"wp:attachment":[{"href":"https:\/\/www.culture-numerique.fr\/index.php?rest_route=%2Fwp%2Fv2%2Fmedia&parent=4099"}],"wp:term":[{"taxonomy":"category","embeddable":true,"href":"https:\/\/www.culture-numerique.fr\/index.php?rest_route=%2Fwp%2Fv2%2Fcategories&post=4099"},{"taxonomy":"post_tag","embeddable":true,"href":"https:\/\/www.culture-numerique.fr\/index.php?rest_route=%2Fwp%2Fv2%2Ftags&post=4099"}],"curies":[{"name":"wp","href":"https:\/\/api.w.org\/{rel}","templated":true}]}}