{"id":4077,"date":"2015-10-12T09:15:06","date_gmt":"2015-10-12T07:15:06","guid":{"rendered":"http:\/\/www.culture-numerique.fr\/?p=4077"},"modified":"2016-03-28T10:11:06","modified_gmt":"2016-03-28T08:11:06","slug":"instituer-un-droit-pour-chaque-jeune-citoyen-dacceder-a-la-litteratie-numerique","status":"publish","type":"post","link":"https:\/\/www.culture-numerique.fr\/?p=4077","title":{"rendered":"Instituer un droit pour chaque jeune citoyen d\u2019acc\u00e9der \u00e0 la litt\u00e9ratie num\u00e9rique"},"content":{"rendered":"<p><img loading=\"lazy\" decoding=\"async\" class=\"aligncenter size-full wp-image-4078\" src=\"http:\/\/www.culture-numerique.fr\/wp-content\/uploads\/2015\/10\/children-597471_1280.jpg\" alt=\"Enfants\" width=\"1280\" height=\"960\" srcset=\"https:\/\/www.culture-numerique.fr\/wp-content\/uploads\/2015\/10\/children-597471_1280.jpg 1280w, https:\/\/www.culture-numerique.fr\/wp-content\/uploads\/2015\/10\/children-597471_1280-300x225.jpg 300w, https:\/\/www.culture-numerique.fr\/wp-content\/uploads\/2015\/10\/children-597471_1280-1024x768.jpg 1024w, https:\/\/www.culture-numerique.fr\/wp-content\/uploads\/2015\/10\/children-597471_1280-100x75.jpg 100w, https:\/\/www.culture-numerique.fr\/wp-content\/uploads\/2015\/10\/children-597471_1280-150x113.jpg 150w, https:\/\/www.culture-numerique.fr\/wp-content\/uploads\/2015\/10\/children-597471_1280-200x150.jpg 200w, https:\/\/www.culture-numerique.fr\/wp-content\/uploads\/2015\/10\/children-597471_1280-450x338.jpg 450w, https:\/\/www.culture-numerique.fr\/wp-content\/uploads\/2015\/10\/children-597471_1280-600x450.jpg 600w, https:\/\/www.culture-numerique.fr\/wp-content\/uploads\/2015\/10\/children-597471_1280-900x675.jpg 900w\" sizes=\"auto, (max-width: 1280px) 100vw, 1280px\" \/><\/p>\n<p><strong>Telle est formul\u00e9e<\/strong>, \u00e0 quelques nuances pr\u00e8s, la proposition n\u00b0 80 du rapport d\u2019information d\u00e9pos\u00e9\u00a0par la Commission de \u00ab\u00a0r\u00e9flexion et de propositions\u00a0sur le droit et les libert\u00e9s \u00e0 l\u2019\u00e2ge num\u00e9rique\u00a0\u00bb de l&rsquo;Assembl\u00e9e nationale <a href=\"http:\/\/www2.assemblee-nationale.fr\/14\/commissions-permanentes\/numerique\" target=\"_blank\">remis jeudi 8 octobre<\/a> \u00e0 <a href=\"https:\/\/fr.wikipedia.org\/wiki\/Claude_Bartolone\" target=\"_blank\">Claude Bartolone<\/a> qui pr\u00e9side cette derni\u00e8re. Les rapporteurs ont rappel\u00e9 que le Conseil d&rsquo;\u00c9tat avait jug\u00e9, le 10 juin 2009, \u00ab\u00a0<span style=\"color: #800000;\"><em>qu\u2019en l\u2019\u00e9tat actuel des moyens de communication et eu\u00a0\u00e9gard au d\u00e9veloppement g\u00e9n\u00e9ralis\u00e9 des services de communication au public en\u00a0ligne ainsi qu\u2019\u00e0 l\u2019importance prise par ces services pour la participation \u00e0 la vie\u00a0d\u00e9mocratique et l\u2019expression des id\u00e9es et des opinions<\/em><\/span> \u00bb, <strong>l\u2019exercice de la\u00a0libert\u00e9 de communication et d\u2019expression<\/strong>, prot\u00e9g\u00e9e par l\u2019article 11 de la\u00a0D\u00e9claration des droits de l\u2019homme et du citoyen, impliquait <strong>la libert\u00e9 d\u2019acc\u00e9der \u00e0\u00a0Internet<\/strong>.<\/p>\n<p>La question de savoir si cette libert\u00e9, ainsi reconnue par\u00a0le Conseil, constitue un nouveau droit fondamental n\u2019est cependant pas tranch\u00e9e, regrettent les rapporteurs qui, apr\u00e8s de longs d\u00e9veloppements dont je vous fais gr\u00e2ce\u00a0\u2014\u00a0je vous recommande n\u00e9anmoins la lecture attentive de <a href=\"http:\/\/fr.scribd.com\/doc\/284144516\/Rapport-Comnum\" target=\"_blank\">ce long et riche rapport<\/a>\u00a0\u2014, formulent l&rsquo;excellente recommandation n\u00b0 79 \u00a0de \u00ab\u00a0<span style=\"color: #800000;\"><em>reconna\u00eetre aux plans national et europ\u00e9en <strong>le droit d\u2019acc\u00e8s \u00e0 internet\u00a0comme condition d\u2019exercice de plusieurs droits fondamentaux<\/strong><\/em><\/span>\u00a0\u00bb.<\/p>\n<h3>Acqu\u00e9rir les connaissances et les comp\u00e9tences n\u00e9cessaires \u00e9l\u00e9mentaires pour exercer ce droit<\/h3>\n<p>Tr\u00e8s logiquement, nos rapporteurs ont voulu enrichir cette derni\u00e8re recommandation d&rsquo;une autre qui lui est compl\u00e9mentaire, \u00e0 laquelle je faisais r\u00e9f\u00e9rence en t\u00eate de ce billet et qui a inspir\u00e9 son titre\u00a0:<\/p>\n<blockquote><p>\u00ab\u00a0<strong>Recommandation n\u00b0 80<\/strong><br \/>\nAfin de renforcer l\u2019effectivit\u00e9 du droit d\u2019acc\u00e8s \u00e0 l\u2019internet, instituer un\u00a0droit pour chacun d\u2019acc\u00e9der \u00e0 la \u00ab litt\u00e9ratie \u00bb num\u00e9rique.\u00a0\u00bb<\/p><\/blockquote>\n<p>Comment, en effet, exercer ce droit d&rsquo;acc\u00e8s et les droits fondamentaux qui lui sont associ\u00e9s quand on n&rsquo;a pas acquis les connaissances et les comp\u00e9tences n\u00e9cessaires \u00e0 cela\u00a0? Exercer sa libert\u00e9 d&rsquo;expression, <strong>\u00e7a doit imp\u00e9rativement s&rsquo;apprendre \u00e0 l&rsquo;\u00e9cole<\/strong>, proposais-je en janvier dernier, suite aux \u00e9v\u00e9nements que vous savez (1). Il en va de m\u00eame de cette libert\u00e9 d&rsquo;acc\u00e8s \u00e0 Internet qui doit faire l&rsquo;objet d&rsquo;un enseignement transversal aux disciplines, cela va de soi, mais qui pourrait trouver sa place dans l&rsquo;enseignement d&rsquo;\u00e9ducation aux m\u00e9dias et \u00e0 l&rsquo;information (EMI) sur lequel planche difficilement le CSP.<\/p>\n<p>Il s&rsquo;agit, par ce moyen, d&rsquo;acc\u00e9der\u00a0\u00e0 une litt\u00e9ratie num\u00e9rique globale, qui s&rsquo;enrichit des litt\u00e9raties m\u00e9diatique et informationnelle, support d&rsquo;une culture num\u00e9rique commune \u00e0 chaque citoyen. Comme le dit \u00e0 juste titre le rapport en r\u00e9f\u00e9rence, l&rsquo;objectif est bien de <strong>r\u00e9duire les in\u00e9galit\u00e9s<\/strong> et de ne pas aggraver, par un illettrisme num\u00e9rique, les fractures sociales existantes et les exclusions.<\/p>\n<h3><strong>Les enjeux du num\u00e9rique pour l&rsquo;\u00e9cole sont d&rsquo;abord citoyens et culturels<\/strong><\/h3>\n<p>L&rsquo;heureuse occasion m&rsquo;a \u00e9t\u00e9 donn\u00e9e d&rsquo;aller voir Vesoul. En effet, l&rsquo;atelier Canop\u00e9 local m&rsquo;a aimablement invit\u00e9 \u00e0 dire, devant de nombreux professeurs et cadres du d\u00e9partement de Haute-Sa\u00f4ne et de l&rsquo;acad\u00e9mie de Besan\u00e7on, quels \u00e9taient, \u00e0 mon avis, les enjeux de la rencontre compliqu\u00e9e de l&rsquo;\u00e9cole et du num\u00e9rique. J&rsquo;en ai fait une liste non exhaustive que j&rsquo;ai essay\u00e9 de mettre en perspective des chantiers en cours pour l&rsquo;\u00e9cole num\u00e9rique.<\/p>\n<p>Comme les parlementaires de la Commission\u00a0de \u00ab\u00a0r\u00e9flexion et de propositions\u00a0sur le droit et les libert\u00e9s \u00e0 l\u2019\u00e2ge num\u00e9rique\u00a0\u00bb, j&rsquo;ai moi aussi propos\u00e9 de porter l&rsquo;accent sur l&rsquo;acquisition d&rsquo;une \u00ab\u00a0<strong>culture commune<\/strong> et d&rsquo;une <strong>citoyennet\u00e9<\/strong> en prise et en accord avec leur temps qui s\u2019impr\u00e9gneraient et s\u2019enrichiraient du num\u00e9rique\u00a0\u00bb. J&rsquo;ai rappel\u00e9 qu&rsquo;au-del\u00e0 de l&rsquo;outillage et de la technologie, il y a surtout du <strong>lien<\/strong>, du <strong>partage<\/strong> et des <strong>relations humaines<\/strong>. J&rsquo;ai dit encore que l&rsquo;Internet devait d&rsquo;abord \u00eatre un <strong>r\u00e9seau de sujets<\/strong> avant d&rsquo;\u00eatre un r\u00e9seau d&rsquo;objets, qu&rsquo;il convenait d&rsquo;apprendre ensemble en <strong>croisant les pratiques et les regards<\/strong>, pour former les jeunes citoyens pr\u00eats \u00e0 entrer dans la soci\u00e9t\u00e9 de demain. J&rsquo;ai propos\u00e9 par ailleurs, moi aussi, que les enseignements\u00a0s&rsquo;impr\u00e8gnent de cette <strong>litt\u00e9ratie num\u00e9rique<\/strong> avant tout humaniste, culturelle et sociale.<\/p>\n<p>Une fois de plus (2), j&rsquo;ai enfin propos\u00e9 que <strong>publier<\/strong>, libert\u00e9 offerte aujourd&rsquo;hui \u00e0 chaque citoyen, d&rsquo;autant plus ais\u00e9ment s&rsquo;il dispose d&rsquo;un droit permanent d&rsquo;acc\u00e8s \u00e0 l&rsquo;Internet, devienne une comp\u00e9tence fondamentale comme lire, \u00e9crire ou compter.<\/p>\n<p>Vous trouverez ci-dessous l&rsquo;int\u00e9gralit\u00e9 du diaporama que j&rsquo;ai pr\u00e9sent\u00e9 ce jour-l\u00e0. Faites-en bon usage\u00a0! Il reprend des th\u00e9matiques d\u00e9j\u00e0 abord\u00e9es dans un billet pr\u00e9c\u00e9dent (3) mais sur lesquelles je suis revenu, en en faisant le tri et en les mettant au go\u00fbt du jour\u2026 et de mes observations.<\/p>\n<iframe src='https:\/\/www.slideshare.net\/slideshow\/embed_code\/53669643' width='605' height='496' sandbox=\"allow-popups allow-scripts allow-same-origin allow-presentation\" allowfullscreen webkitallowfullscreen mozallowfullscreen><\/iframe>\n<p>Michel Guillou\u00a0<a href=\"https:\/\/twitter.com\/michelguillou\" target=\"_blank\">@michelguillou<\/a><\/p>\n<p><a href=\"http:\/\/creativecommons.org\/licenses\/by-nc-sa\/2.0\/fr\/\" target=\"_blank\"><img loading=\"lazy\" decoding=\"async\" src=\"http:\/\/i1.wp.com\/i.creativecommons.org\/l\/by-nc-sa\/2.0\/fr\/80x15.png?zoom=1.5&amp;resize=80%2C15\" srcset=\"http:\/\/i1.wp.com\/i.creativecommons.org\/l\/by-nc-sa\/2.0\/fr\/80x15.png?zoom=1.5&amp;resize=80%2C15\" alt=\"image\" width=\"80\" height=\"15\" \/><\/a><\/p>\n<p>Cr\u00e9dit photo\u00a0:\u00a0<a href=\"https:\/\/pixabay.com\/fr\/enfants-sourire-asie-filipino-597471\/\" target=\"_blank\">Pixabay<\/a>\u00a0sous licence\u00a0<a href=\"https:\/\/creativecommons.org\/publicdomain\/zero\/1.0\/deed.fr\" target=\"_blank\">Creative Commons CC0<\/a><\/p>\n<ol>\n<li>La libert\u00e9 d\u2019expression doit imp\u00e9rativement s\u2019enseigner\u00a0<a href=\"http:\/\/www.culture-numerique.fr\/?p=2562\" target=\"_blank\">http:\/\/www.culture-numerique.fr\/?p=2562<\/a><\/li>\n<li>Socle\u00a0: tous les \u00e9l\u00e8ves doivent savoir publier\u00a0<a href=\"http:\/\/www.culture-numerique.fr\/?p=843\" target=\"_blank\">http:\/\/www.culture-numerique.fr\/?p=843<\/a><\/li>\n<li>Les 31 nouveaux d\u00e9fis pour le coll\u00e8ge, mais aussi pour l\u2019\u00c9cole et l\u2019Universit\u00e9\u00a0<a href=\"http:\/\/www.culture-numerique.fr\/?p=3207\" target=\"_blank\">http:\/\/www.culture-numerique.fr\/?p=3207<\/a><\/li>\n<\/ol>\n","protected":false},"excerpt":{"rendered":"<p><img loading=\"lazy\" decoding=\"async\" class=\"aligncenter size-full wp-image-4078\" src=\"http:\/\/www.culture-numerique.fr\/wp-content\/uploads\/2015\/10\/children-597471_1280.jpg\" alt=\"Enfants\" width=\"1280\" height=\"960\" srcset=\"https:\/\/www.culture-numerique.fr\/wp-content\/uploads\/2015\/10\/children-597471_1280.jpg 1280w, https:\/\/www.culture-numerique.fr\/wp-content\/uploads\/2015\/10\/children-597471_1280-300x225.jpg 300w, https:\/\/www.culture-numerique.fr\/wp-content\/uploads\/2015\/10\/children-597471_1280-1024x768.jpg 1024w, https:\/\/www.culture-numerique.fr\/wp-content\/uploads\/2015\/10\/children-597471_1280-100x75.jpg 100w, https:\/\/www.culture-numerique.fr\/wp-content\/uploads\/2015\/10\/children-597471_1280-150x113.jpg 150w, https:\/\/www.culture-numerique.fr\/wp-content\/uploads\/2015\/10\/children-597471_1280-200x150.jpg 200w, https:\/\/www.culture-numerique.fr\/wp-content\/uploads\/2015\/10\/children-597471_1280-450x338.jpg 450w, https:\/\/www.culture-numerique.fr\/wp-content\/uploads\/2015\/10\/children-597471_1280-600x450.jpg 600w, https:\/\/www.culture-numerique.fr\/wp-content\/uploads\/2015\/10\/children-597471_1280-900x675.jpg 900w\" sizes=\"auto, (max-width: 1280px) 100vw, 1280px\" \/><\/p>\n<p><strong>Telle est formul\u00e9e<\/strong>, \u00e0 quelques nuances pr\u00e8s, la proposition n\u00b0 80 du rapport d\u2019information d\u00e9pos\u00e9\u00a0par la Commission de \u00ab\u00a0r\u00e9flexion et de propositions\u00a0sur le droit et les libert\u00e9s \u00e0 l\u2019\u00e2ge num\u00e9rique\u00a0\u00bb de l&rsquo;Assembl\u00e9e nationale <a href=\"http:\/\/www2.assemblee-nationale.fr\/14\/commissions-permanentes\/numerique\" target=\"_blank\">remis jeudi 8 octobre<\/a> \u00e0 <a href=\"https:\/\/fr.wikipedia.org\/wiki\/Claude_Bartolone\" target=\"_blank\">Claude Bartolone<\/a> qui pr\u00e9side cette derni\u00e8re.<\/p>\n<p><span class=\"ellipsis\">&hellip;<\/span><\/p>\n<div class=\"read-more\"><a href=\"https:\/\/www.culture-numerique.fr\/?p=4077\">Lire la suite &#8250;<\/a><\/div>\n<p><!-- end of .read-more --><\/p>\n","protected":false},"author":1,"featured_media":4078,"comment_status":"open","ping_status":"open","sticky":false,"template":"","format":"standard","meta":{"jetpack_post_was_ever_published":false,"_jetpack_newsletter_access":"","_jetpack_dont_email_post_to_subs":false,"_jetpack_newsletter_tier_id":0,"_jetpack_memberships_contains_paywalled_content":false,"_jetpack_memberships_contains_paid_content":false,"footnotes":""},"categories":[20,36],"tags":[91,52,659,400,545,13,88,461,17,658],"class_list":["post-4077","post","type-post","status-publish","format-standard","has-post-thumbnail","hentry","category-breves","category-ressources","tag-citoyennete-numerique","tag-culture-numerique","tag-droit-dacces-a-internet","tag-enjeux-du-numerique","tag-illettrisme-numerique","tag-liberte-dexpression","tag-liberte-dopinion","tag-litteratie-numerique","tag-publier","tag-vesoul"],"jetpack_featured_media_url":"https:\/\/www.culture-numerique.fr\/wp-content\/uploads\/2015\/10\/children-597471_1280.jpg","jetpack_sharing_enabled":true,"_links":{"self":[{"href":"https:\/\/www.culture-numerique.fr\/index.php?rest_route=\/wp\/v2\/posts\/4077","targetHints":{"allow":["GET"]}}],"collection":[{"href":"https:\/\/www.culture-numerique.fr\/index.php?rest_route=\/wp\/v2\/posts"}],"about":[{"href":"https:\/\/www.culture-numerique.fr\/index.php?rest_route=\/wp\/v2\/types\/post"}],"author":[{"embeddable":true,"href":"https:\/\/www.culture-numerique.fr\/index.php?rest_route=\/wp\/v2\/users\/1"}],"replies":[{"embeddable":true,"href":"https:\/\/www.culture-numerique.fr\/index.php?rest_route=%2Fwp%2Fv2%2Fcomments&post=4077"}],"version-history":[{"count":22,"href":"https:\/\/www.culture-numerique.fr\/index.php?rest_route=\/wp\/v2\/posts\/4077\/revisions"}],"predecessor-version":[{"id":4869,"href":"https:\/\/www.culture-numerique.fr\/index.php?rest_route=\/wp\/v2\/posts\/4077\/revisions\/4869"}],"wp:featuredmedia":[{"embeddable":true,"href":"https:\/\/www.culture-numerique.fr\/index.php?rest_route=\/wp\/v2\/media\/4078"}],"wp:attachment":[{"href":"https:\/\/www.culture-numerique.fr\/index.php?rest_route=%2Fwp%2Fv2%2Fmedia&parent=4077"}],"wp:term":[{"taxonomy":"category","embeddable":true,"href":"https:\/\/www.culture-numerique.fr\/index.php?rest_route=%2Fwp%2Fv2%2Fcategories&post=4077"},{"taxonomy":"post_tag","embeddable":true,"href":"https:\/\/www.culture-numerique.fr\/index.php?rest_route=%2Fwp%2Fv2%2Ftags&post=4077"}],"curies":[{"name":"wp","href":"https:\/\/api.w.org\/{rel}","templated":true}]}}