{"id":4037,"date":"2015-09-29T18:33:32","date_gmt":"2015-09-29T16:33:32","guid":{"rendered":"http:\/\/www.culture-numerique.fr\/?p=4037"},"modified":"2016-10-09T10:09:45","modified_gmt":"2016-10-09T08:09:45","slug":"quelques-elements-pour-une-argumentation-a-lusage-des-contempteurs-du-numerique","status":"publish","type":"post","link":"https:\/\/www.culture-numerique.fr\/?p=4037","title":{"rendered":"Quelques \u00e9l\u00e9ments pour une argumentation \u00e0 l&rsquo;usage des contempteurs du num\u00e9rique"},"content":{"rendered":"<p><img loading=\"lazy\" decoding=\"async\" class=\"aligncenter size-full wp-image-4044\" src=\"http:\/\/www.culture-numerique.fr\/wp-content\/uploads\/2015\/09\/7099219575_8b5a72220a_b.jpg\" alt=\"Barbel\u00e9s\" width=\"1024\" height=\"683\" srcset=\"https:\/\/www.culture-numerique.fr\/wp-content\/uploads\/2015\/09\/7099219575_8b5a72220a_b.jpg 1024w, https:\/\/www.culture-numerique.fr\/wp-content\/uploads\/2015\/09\/7099219575_8b5a72220a_b-300x200.jpg 300w, https:\/\/www.culture-numerique.fr\/wp-content\/uploads\/2015\/09\/7099219575_8b5a72220a_b-100x67.jpg 100w, https:\/\/www.culture-numerique.fr\/wp-content\/uploads\/2015\/09\/7099219575_8b5a72220a_b-150x100.jpg 150w, https:\/\/www.culture-numerique.fr\/wp-content\/uploads\/2015\/09\/7099219575_8b5a72220a_b-200x133.jpg 200w, https:\/\/www.culture-numerique.fr\/wp-content\/uploads\/2015\/09\/7099219575_8b5a72220a_b-450x300.jpg 450w, https:\/\/www.culture-numerique.fr\/wp-content\/uploads\/2015\/09\/7099219575_8b5a72220a_b-600x400.jpg 600w, https:\/\/www.culture-numerique.fr\/wp-content\/uploads\/2015\/09\/7099219575_8b5a72220a_b-900x600.jpg 900w\" sizes=\"auto, (max-width: 1024px) 100vw, 1024px\" \/><\/p>\n<p><strong>Vous avez l&rsquo;ardent d\u00e9sir de\u00a0briller en soci\u00e9t\u00e9<\/strong>, dans la salle des profs d&rsquo;un coll\u00e8ge ou d&rsquo;un lyc\u00e9e, microcosme particulier mais finalement assez repr\u00e9sentatif de ladite soci\u00e9t\u00e9. Il est alors possible et de bon ton parfois de tenir un discours radical <strong>contre l&rsquo;irruption du num\u00e9rique \u00e0 l&rsquo;\u00e9cole. C&rsquo;est tendance<\/strong>. C&rsquo;est aussi tr\u00e8s pratique car ce discours peut alors fort utilement servir d&rsquo;appui \u00e0 votre combat personnel contre la r\u00e9forme du coll\u00e8ge car on\u00a0veut vous contraindre\u00a0\u00e0 travailler avec les coll\u00e8gues. Non mais\u00a0!<\/p>\n<p>Seulement voil\u00e0, vous manquez d&rsquo;arguments. Vous sentez bien, confus\u00e9ment, que votre discours est faible, creux, peu rigoureux et un tantinet r\u00e9actionnaire. Bref, vous n&rsquo;aimez pas \u00e7a. La premi\u00e8re id\u00e9e qui vous vient est de consulter la presse et les affiches syndicales lesquelles pestent \u00e0 longueur de colonnes contre ce num\u00e9rique perturbateur et ladite r\u00e9forme. Vous\u00a0pouvez aussi consacrer vos longues soir\u00e9es d&rsquo;automne \u00e0 fouiller le web \u00e0 la recherche des sites pourfendeurs du num\u00e9rique o\u00f9 se complaisent\u00a0et s&rsquo;\u00e9battent\u00a0les trolls du m\u00eame tonneau. Une derni\u00e8re m\u00e9thode enfin peut \u00eatre fructueuse qui consiste \u00e0 relire quelques bons ouvrages d&rsquo;Alain Finkielkraut qui a forc\u00e9ment\u00a0un avis sur le sujet, comme sur tous les autres d&rsquo;ailleurs.<\/p>\n<p><strong>Mais tout cela n&rsquo;est pas tr\u00e8s satisfaisant.<\/strong><\/p>\n<p>Non, je vous assure, et <strong>j&rsquo;en viens \u00e0 mon conseil<\/strong>, il est bien plus efficace d&rsquo;aller lire les \u00e9crits ou entendre les paroles de ceux qui font profession de soutenir ce dossier ou sont des professionnels de l&rsquo;\u00e9ducation. Vous allez le voir, vous trouverez l\u00e0 mati\u00e8re \u00e0 enrichir consid\u00e9rablement votre argumentaire et, <em>in fine<\/em>, r\u00e9ussirez \u00e0 ce que vos coll\u00e8gues ou autres auditeurs portent \u00e0 l&rsquo;occasion sur vous un regard admiratif. Faites-moi confiance\u00a0!<\/p>\n<h3>Ces technologies sont-elles efficaces\u00a0?<\/h3>\n<p>Ce n&rsquo;est pas moi qui pose la question, c&rsquo;est <a href=\"http:\/\/www.letudiant.fr\/educpros\/personnalites\/monteil-jean-marc-146.html\" target=\"_blank\">le recteur Jean-Marc Monteil<\/a>, que le Premier ministre a <a href=\"http:\/\/www.education.gouv.fr\/cid86818\/preparation-du-plan-numerique-pour-l-education-concertation-nationale-appel-a-projets-mission-monteil.html\" target=\"_blank\">charg\u00e9 d&rsquo;une mission<\/a> pour pr\u00e9parer le plan num\u00e9rique pour l\u2019\u00e9ducation.<\/p>\n<p><img loading=\"lazy\" decoding=\"async\" class=\"aligncenter size-full wp-image-4050\" src=\"http:\/\/www.culture-numerique.fr\/wp-content\/uploads\/2015\/09\/2015-09-27_202313.png\" alt=\"e-fran\" width=\"642\" height=\"112\" srcset=\"https:\/\/www.culture-numerique.fr\/wp-content\/uploads\/2015\/09\/2015-09-27_202313.png 642w, https:\/\/www.culture-numerique.fr\/wp-content\/uploads\/2015\/09\/2015-09-27_202313-300x52.png 300w, https:\/\/www.culture-numerique.fr\/wp-content\/uploads\/2015\/09\/2015-09-27_202313-100x17.png 100w, https:\/\/www.culture-numerique.fr\/wp-content\/uploads\/2015\/09\/2015-09-27_202313-150x26.png 150w, https:\/\/www.culture-numerique.fr\/wp-content\/uploads\/2015\/09\/2015-09-27_202313-200x35.png 200w, https:\/\/www.culture-numerique.fr\/wp-content\/uploads\/2015\/09\/2015-09-27_202313-450x79.png 450w, https:\/\/www.culture-numerique.fr\/wp-content\/uploads\/2015\/09\/2015-09-27_202313-600x105.png 600w\" sizes=\"auto, (max-width: 642px) 100vw, 642px\" \/><\/p>\n<p>C&rsquo;est en pr\u00e9sentant, en vid\u00e9o, les projets e-FRAN (espaces de formation, de recherches et d&rsquo;animation num\u00e9riques), selon <a href=\"http:\/\/www.gouvernement.fr\/sites\/default\/files\/contenu\/piece-jointe\/2015\/07\/textes_dorientations_e-fran_territoires_educatifs_dinnovation_numerique.pdf\" target=\"_blank\">les orientations d\u00e9finies<\/a> en juillet dernier (voir extrait ci-dessus), que le recteur Monteil suit \u00e0 la lettre ces recommandations. <strong>Il faut \u00ab\u00a0d\u00e9montrer ce qui marche\u00a0\u00bb<\/strong>. Et de s&rsquo;interroger en posant la question ci-dessus \u00ab\u00a0<span style=\"color: #800000;\"><em>Ces technologies sont-elles efficaces ?<\/em><\/span>\u00a0\u00bb et en formulant l&rsquo;exigence, pour y r\u00e9pondre, de \u00ab\u00a0<span style=\"color: #800000;\"><em>preuves scientifiques<\/em><\/span>\u00a0\u00bb.<\/p>\n<p>Voil\u00e0\u00a0! Faites comme le recteur Monteil, \u00e0 chaque fois qu&rsquo;on vous serine les oreilles avec le num\u00e9rique, demandez des preuves scientifiques de son efficacit\u00e9. Peu importe que le num\u00e9rique ne se r\u00e9duise pas aux\u00a0technologies qui le mettent en \u0153uvre, peu importe que la soci\u00e9t\u00e9, les entreprises, la culture s&rsquo;en soient d\u00e9j\u00e0 tr\u00e8s largement impr\u00e9gn\u00e9es, peu importe que les pratiques sociales des jeunes soient num\u00e9riques pour l&rsquo;essentiel ! Pour ce qui concerne l&rsquo;\u00e9ducation, il faut exiger <strong>des preuves scientifiques<\/strong>\u00a0!<\/p>\n<p>Ne me demandez pas o\u00f9 est cette vid\u00e9o\u00a0: quelques jours apr\u00e8s sa mise en ligne, elle a \u00e9t\u00e9 curieusement supprim\u00e9e <a href=\"http:\/\/www.dailymotion.com\/EducationFrance\" target=\"_blank\">du site officiel du minist\u00e8re<\/a>\u00a0! Aucune importance,\u00a0Jean-Marc Monteil disait l\u00e0 tout haut ce qui se dit \u00e0 longueur de temps en acad\u00e9mie entre cadres\u00a0!<\/p>\n<p>[<strong>Mise \u00e0 jour du 8 octobre 2015<\/strong>\u00a0: on me souffle \u00e0 l&rsquo;oreille que la vid\u00e9o disparue est revenue, voir ci-dessous. \u00c9coutez bien\u00a0! C&rsquo;est aux alentours de 1 minute et 25 s et c&rsquo;est parfaitement clair\u00a0: il faut v\u00e9rifier d&rsquo;abord si \u00e7a marche, de mani\u00e8re scien-ti-fique\u00a0!]<\/p>\n<p><iframe loading=\"lazy\" src=\"\/\/www.dailymotion.com\/embed\/video\/x38ngd2\" width=\"560\" height=\"315\" frameborder=\"0\" allowfullscreen=\"allowfullscreen\"><\/iframe><br \/>\n<i><\/i><\/p>\n<h3>Ceux qui ne l&rsquo;utilisent pas fr\u00e9quemment n&rsquo;en voient pas r\u00e9ellement l&rsquo;utilit\u00e9<\/h3>\n<p>Cette conclusion merveilleuse est tir\u00e9e d&rsquo;<a href=\"http:\/\/www.cndp.fr\/agence-usages-tice\/que-dit-la-recherche\/usages-pedagogiques-des-ent-quel-bilan-quelles-perspectives-87.htm\" target=\"_blank\">un rapport<\/a> de l&rsquo;Agence des usages (!) Tice (!) du <a href=\"https:\/\/www.reseau-canope.fr\/\" target=\"_blank\">r\u00e9seau Canop\u00e9<\/a>, ce qui ne l&#8217;emp\u00eache nullement d&rsquo;utiliser encore une URL du d\u00e9funt CNDP. Ah\u00a0! les merveilles des r\u00e9organisations qui obligent \u00e0 modifier tout le nommage et les liens du web\u2026 Cette honorable institution ferait aussi bien, par ailleurs, de prendre conscience que l&rsquo;acronyme Tice a fort heureusement quasiment disparu du vocabulaire institutionnel et que le mot d&rsquo;\u00ab\u00a0usages\u00a0\u00bb est abscons parce que fortement polys\u00e9mique.<\/p>\n<p>Ce fameux rapport est cens\u00e9 s&rsquo;appuyer\u00a0\u00ab\u00a0<span style=\"color: #800000;\"><em>sur deux recherches conduites sur les usages (!) p\u00e9dagogiques des ENT dans les acad\u00e9mies de Grenoble et Clermont-Ferrand [\u2026]\u00a0en\u00a02009 ainsi que dans l\u2019acad\u00e9mie de Cr\u00e9teil [\u2026] en 2014<\/em><\/span>\u00a0\u00bb.\u00a0L\u00e0 encore, sauf \u00e0 vouloir comparer l&rsquo;incomparable, on se demande bien ce qui autorise ces chercheurs \u00e0 faire \u00e9tat de r\u00e9sultats qui datent de\u2026 2009, autant dire un si\u00e8cle \u00e0 l&rsquo;\u00e8re du num\u00e9rique. On se serait bien content\u00e9 de l&rsquo;enqu\u00eate\u00a0de 2014 qui fournit sans doute des donn\u00e9es plus proches de ce qui se passe aujourd&rsquo;hui sur les ENT. Mais chut\u00a0! il s&rsquo;agit l\u00e0 d&rsquo;arguments que nos contempteurs vont pouvoir utiliser.<\/p>\n<p>Qu&rsquo;ils se contentent de \u00e7a, \u00e9crit noir sur blanc\u00a0: \u00ab<em>\u00a0<span style=\"color: #800000;\">Ceux qui ne l&rsquo;utilisent pas fr\u00e9quemment n&rsquo;en voient pas r\u00e9ellement l&rsquo;utilit\u00e9<\/span><\/em>\u00a0\u00bb. C&rsquo;est vrai, on se demande aujourd&rsquo;hui qui pourrait vous obliger \u00e0 remplir votre cahier de textes en ligne, \u00e0 placer dans les espaces <em>ad hoc<\/em> les devoirs et documents dont les \u00e9l\u00e8ves ont besoin, \u00e0 reporter vos notes, \u00e0 \u00e9changer avec les \u00e9l\u00e8ves et les parents au-del\u00e0 des heures de service\u2026<\/p>\n<p>C&rsquo;est vrai, on se demande qui pourrait ainsi mettre \u00e0 mal <strong>votre libert\u00e9 p\u00e9dagogique<\/strong>\u00a0! \u00c0 ceux-l\u00e0, dites que ce n&rsquo;est pas utile puisque vous ne vous en servez pas. Ce n&rsquo;est pas compliqu\u00e9.<\/p>\n<h3>Les ressources investies dans les TIC dans le domaine de l\u2019\u00e9ducation ne sont pas li\u00e9es\u00a0\u00e0\u00a0une\u00a0am\u00e9lioration des r\u00e9sultats des \u00e9l\u00e8ves en compr\u00e9hension de l\u2019\u00e9crit, en math\u00e9matiques\u00a0et en sciences<\/h3>\n<p><img loading=\"lazy\" decoding=\"async\" class=\"size-medium wp-image-4058 alignright\" src=\"http:\/\/www.culture-numerique.fr\/wp-content\/uploads\/2015\/09\/2015-09-29_181946-300x210.png\" alt=\"Pisa 2015\" width=\"300\" height=\"210\" srcset=\"https:\/\/www.culture-numerique.fr\/wp-content\/uploads\/2015\/09\/2015-09-29_181946-300x210.png 300w, https:\/\/www.culture-numerique.fr\/wp-content\/uploads\/2015\/09\/2015-09-29_181946-100x70.png 100w, https:\/\/www.culture-numerique.fr\/wp-content\/uploads\/2015\/09\/2015-09-29_181946-150x105.png 150w, https:\/\/www.culture-numerique.fr\/wp-content\/uploads\/2015\/09\/2015-09-29_181946-200x140.png 200w, https:\/\/www.culture-numerique.fr\/wp-content\/uploads\/2015\/09\/2015-09-29_181946-450x315.png 450w, https:\/\/www.culture-numerique.fr\/wp-content\/uploads\/2015\/09\/2015-09-29_181946-600x420.png 600w, https:\/\/www.culture-numerique.fr\/wp-content\/uploads\/2015\/09\/2015-09-29_181946.png 602w\" sizes=\"auto, (max-width: 300px) 100vw, 300px\" \/>J&rsquo;avais pourtant promis de ne pas commenter <a href=\"http:\/\/www.oecd.org\/fr\/edu\/scolaire\/Connectes-pour-apprendre-les-eleves-et-les-nouvelles-technologies-principaux-resultats.pdf\" target=\"_blank\">le dernier rapport PISA de l&rsquo;OCDE<\/a>. Mais, comme je suis \u00e0 la fois faible et curieux, je suis all\u00e9 voir de plus pr\u00e8s de quoi il s&rsquo;agissait\u2026<\/p>\n<p>Nos amis contempteurs du num\u00e9rique pourront donc utilement relever la phrase soulign\u00e9e dans l&rsquo;intertitre ci-dessus. Elle est extraite d&rsquo;un rapport international qui fait bien s\u00fbr autorit\u00e9. Ils pourront l&rsquo;afficher sur les murs, la crier sur les toits, la broder sur leur oreiller. C&rsquo;est cadeau\u00a0! Bien entendu, la presse, la grande, la vraie, s&rsquo;est complaisamment arr\u00eat\u00e9e \u00e0 la lecture et aux commentaires de <strong>ces 3 petites lignes<\/strong> dans un rapport qui fait, par ailleurs, 44 pages.<\/p>\n<p>L\u00e0 encore, peu importe qu&rsquo;il s&rsquo;agisse des r\u00e9sultats d&rsquo;une enqu\u00eate d\u00e9j\u00e0 ancienne (2012), peu importe qu&rsquo;elle soit titr\u00e9e \u00ab\u00a0<strong>Connect\u00e9s\u00a0pour apprendre\u00a0? Les \u00e9l\u00e8ves et les nouvelles technologies\u00a0?<\/strong>\u00a0\u00bb et qu&rsquo;elle s&rsquo;interroge donc sur la seule part technologique du num\u00e9rique qui n&rsquo;est nouvelle que pour les enqu\u00eateurs de l&rsquo;<a href=\"http:\/\/www.oecd.org\/fr\/\" target=\"_blank\">OCDE<\/a>\u00a0et certainement pas pour les \u00e9l\u00e8ves, peu importe que cette enqu\u00eate questionne\u00a0l&rsquo;acquisition de connaissances et de comp\u00e9tences traditionnelles, avec ou sans les outils num\u00e9riques, sans aucune modification, par ailleurs, des programmes, des m\u00e9thodes, des modalit\u00e9s d&rsquo;enseigner ou d&rsquo;\u00e9valuer, des lieux ou des temps, des postures m\u00eames des enseignants. Peu importe en effet\u00a0! On remplace le crayon par l&rsquo;ordinateur, on ne touche \u00e0 rien par ailleurs et \u00e7a ne marche pas mieux\u00a0! Comme c&rsquo;est curieux\u00a0!<\/p>\n<p>Peu importe encore que le rapport souligne bien des aspects b\u00e9n\u00e9fiques d&rsquo;un enseignement qui userait d&rsquo;outils et de technologies num\u00e9riques\u00a0! La chose est probablement\u00a0un heureux effet du hasard car, comme le soulignent les rapporteurs, dans un \u00e9clair de lucidit\u00e9\u00a0: \u00ab\u00a0<span style=\"color: #800000;\"><em>Au bout du compte, si la technologie peut permettre d\u2019optimiser\u00a0un enseignement d\u2019excellente qualit\u00e9, elle ne pourra jamais, aussi avanc\u00e9e soit-elle, pallier un\u00a0enseignement de pi\u00e8tre qualit\u00e9<\/em><\/span>\u00a0\u00bb. Oh le beau truisme\u00a0!<\/p>\n<hr \/>\n<p>Voil\u00e0, c&rsquo;\u00e9tait ma contribution au juste combat de ceux qui, o\u00f9 qu&rsquo;ils soient, s&rsquo;acharnent \u00e0 d\u00e9montrer que le num\u00e9rique ne passera pas par l&rsquo;\u00e9cole. Ils sont confort\u00e9s en cela par l&rsquo;avis g\u00e9n\u00e9ral des Fran\u00e7ais qui, \u00e0 40\u00a0% d&rsquo;entre eux, sont oppos\u00e9s \u00e0 ce que l&rsquo;\u00e9cole \u00e9value les \u00ab\u00a0savoirs num\u00e9riques\u00a0\u00bb (sic)\u00a0! Voir <a href=\"http:\/\/www.odoxa.fr\/wp-content\/uploads\/2015\/09\/Rendez-vous-de-linnovation-Odoxa-Syntec-Num%C3%A9rique-Savoirs-num%C3%A9riques-septembre-2015.pdf\" target=\"_blank\">une enqu\u00eate r\u00e9cente<\/a> r\u00e9alis\u00e9e par <a href=\"http:\/\/www.odoxa.fr\/\" target=\"_blank\">Odoxa<\/a> pour le <a href=\"http:\/\/www.syntec-numerique.fr\/\" target=\"_blank\">Syntec num\u00e9rique<\/a>.<\/p>\n<p>Comme je le dis souvent, la civilisation est en marche.<\/p>\n<p>Michel Guillou\u00a0<a href=\"https:\/\/twitter.com\/michelguillou\" target=\"_blank\">@michelguillou<\/a><\/p>\n<p><a href=\"http:\/\/creativecommons.org\/licenses\/by-nc-sa\/2.0\/fr\/\" target=\"_blank\"><img loading=\"lazy\" decoding=\"async\" src=\"http:\/\/i1.wp.com\/i.creativecommons.org\/l\/by-nc-sa\/2.0\/fr\/80x15.png?zoom=1.5&amp;resize=80%2C15\" srcset=\"http:\/\/i1.wp.com\/i.creativecommons.org\/l\/by-nc-sa\/2.0\/fr\/80x15.png?zoom=1.5&amp;resize=80%2C15\" alt=\"image\" width=\"80\" height=\"15\" data-pin-nopin=\"true\" \/><\/a><\/p>\n<p>Cr\u00e9dit photo\u00a0: <a href=\"http:\/\/www.flickr.com\/photos\/75935990@N05\/7099219575\">Barbed Wire With Safe Handles<\/a> via <a href=\"http:\/\/photopin.com\">photopin<\/a> <a href=\"https:\/\/creativecommons.org\/licenses\/by\/2.0\/\">(licence)<\/a><\/p>\n<p>[cite]<\/p>\n","protected":false},"excerpt":{"rendered":"<p><img loading=\"lazy\" decoding=\"async\" class=\"aligncenter size-full wp-image-4044\" src=\"http:\/\/www.culture-numerique.fr\/wp-content\/uploads\/2015\/09\/7099219575_8b5a72220a_b.jpg\" alt=\"Barbel\u00e9s\" width=\"1024\" height=\"683\" srcset=\"https:\/\/www.culture-numerique.fr\/wp-content\/uploads\/2015\/09\/7099219575_8b5a72220a_b.jpg 1024w, https:\/\/www.culture-numerique.fr\/wp-content\/uploads\/2015\/09\/7099219575_8b5a72220a_b-300x200.jpg 300w, https:\/\/www.culture-numerique.fr\/wp-content\/uploads\/2015\/09\/7099219575_8b5a72220a_b-100x67.jpg 100w, https:\/\/www.culture-numerique.fr\/wp-content\/uploads\/2015\/09\/7099219575_8b5a72220a_b-150x100.jpg 150w, https:\/\/www.culture-numerique.fr\/wp-content\/uploads\/2015\/09\/7099219575_8b5a72220a_b-200x133.jpg 200w, https:\/\/www.culture-numerique.fr\/wp-content\/uploads\/2015\/09\/7099219575_8b5a72220a_b-450x300.jpg 450w, https:\/\/www.culture-numerique.fr\/wp-content\/uploads\/2015\/09\/7099219575_8b5a72220a_b-600x400.jpg 600w, https:\/\/www.culture-numerique.fr\/wp-content\/uploads\/2015\/09\/7099219575_8b5a72220a_b-900x600.jpg 900w\" sizes=\"auto, (max-width: 1024px) 100vw, 1024px\" \/><\/p>\n<p><strong>Vous avez l&rsquo;ardent d\u00e9sir de\u00a0briller en soci\u00e9t\u00e9<\/strong>, dans la salle des profs d&rsquo;un coll\u00e8ge ou d&rsquo;un lyc\u00e9e, microcosme particulier mais finalement assez repr\u00e9sentatif de ladite soci\u00e9t\u00e9. Il est alors possible et de bon ton parfois de tenir un discours radical <strong>contre l&rsquo;irruption du num\u00e9rique \u00e0 l&rsquo;\u00e9cole.<\/strong><\/p>\n<p><span class=\"ellipsis\">&hellip;<\/span><\/p>\n<div class=\"read-more\"><a href=\"https:\/\/www.culture-numerique.fr\/?p=4037\">Lire la suite &#8250;<\/a><\/div>\n<p><!-- end of .read-more --><\/p>\n","protected":false},"author":1,"featured_media":4044,"comment_status":"open","ping_status":"open","sticky":false,"template":"","format":"standard","meta":{"jetpack_post_was_ever_published":false,"_jetpack_newsletter_access":"","_jetpack_dont_email_post_to_subs":true,"_jetpack_newsletter_tier_id":0,"_jetpack_memberships_contains_paywalled_content":false,"_jetpack_memberships_contains_paid_content":false,"footnotes":""},"categories":[9],"tags":[656,657,653,2,652,64,651,654,48,655],"class_list":["post-4037","post","type-post","status-publish","format-standard","has-post-thumbnail","hentry","category-billets-dhumeur","tag-amelioration-des-resultats","tag-civilisation","tag-enquetes","tag-numerique","tag-ocde","tag-outils","tag-pisa","tag-preuves-scientifiques","tag-technologies","tag-utilite"],"jetpack_featured_media_url":"https:\/\/www.culture-numerique.fr\/wp-content\/uploads\/2015\/09\/7099219575_8b5a72220a_b.jpg","jetpack_sharing_enabled":true,"_links":{"self":[{"href":"https:\/\/www.culture-numerique.fr\/index.php?rest_route=\/wp\/v2\/posts\/4037","targetHints":{"allow":["GET"]}}],"collection":[{"href":"https:\/\/www.culture-numerique.fr\/index.php?rest_route=\/wp\/v2\/posts"}],"about":[{"href":"https:\/\/www.culture-numerique.fr\/index.php?rest_route=\/wp\/v2\/types\/post"}],"author":[{"embeddable":true,"href":"https:\/\/www.culture-numerique.fr\/index.php?rest_route=\/wp\/v2\/users\/1"}],"replies":[{"embeddable":true,"href":"https:\/\/www.culture-numerique.fr\/index.php?rest_route=%2Fwp%2Fv2%2Fcomments&post=4037"}],"version-history":[{"count":34,"href":"https:\/\/www.culture-numerique.fr\/index.php?rest_route=\/wp\/v2\/posts\/4037\/revisions"}],"predecessor-version":[{"id":5410,"href":"https:\/\/www.culture-numerique.fr\/index.php?rest_route=\/wp\/v2\/posts\/4037\/revisions\/5410"}],"wp:featuredmedia":[{"embeddable":true,"href":"https:\/\/www.culture-numerique.fr\/index.php?rest_route=\/wp\/v2\/media\/4044"}],"wp:attachment":[{"href":"https:\/\/www.culture-numerique.fr\/index.php?rest_route=%2Fwp%2Fv2%2Fmedia&parent=4037"}],"wp:term":[{"taxonomy":"category","embeddable":true,"href":"https:\/\/www.culture-numerique.fr\/index.php?rest_route=%2Fwp%2Fv2%2Fcategories&post=4037"},{"taxonomy":"post_tag","embeddable":true,"href":"https:\/\/www.culture-numerique.fr\/index.php?rest_route=%2Fwp%2Fv2%2Ftags&post=4037"}],"curies":[{"name":"wp","href":"https:\/\/api.w.org\/{rel}","templated":true}]}}