{"id":39,"date":"2011-10-18T16:50:18","date_gmt":"2011-10-18T15:50:18","guid":{"rendered":"http:\/\/www.culture-numerique.fr\/?p=39"},"modified":"2015-09-18T02:06:48","modified_gmt":"2015-09-18T00:06:48","slug":"de-la-pedagogie-plus-de-50-ans-apres-freinet","status":"publish","type":"post","link":"https:\/\/www.culture-numerique.fr\/?p=39","title":{"rendered":"De la p\u00e9dagogie\u2026 plus de 50 ans apr\u00e8s Freinet\u2026"},"content":{"rendered":"<p><strong>Le bon<\/strong>\u00a0<strong><a title=\"C\u00e9lestin Freinet\" href=\"http:\/\/fr.wikipedia.org\/wiki\/C%C3%A9lestin_Freinet\" target=\"_blank\">C\u00e9lestin Freinet<\/a><\/strong>\u00a0doit se retourner dans sa tombe. Dans son travail sur \u00ab\u00a0<a title=\"Le Journal scolaire\" href=\"http:\/\/www.freinet.org\/ne\/177\/177-30.pdf\" target=\"_blank\">Le journal scolaire<\/a>\u00a0\u00bb, il pronait pour l\u2019\u00e9l\u00e8ve\u00a0<strong>une parole libre<\/strong>\u00a0: \u00ab\u00a0<strong>L\u2019enfant raconte\u00a0et, plus tard, \u00e9crit librement ce qu\u2019il\u00a0\u00e9prouve<\/strong>\u00a0: le besoin d\u2019exprimer, d\u2019ext\u00e9rioriser, de communiquer \u00e0 son entourage ou \u00e0 ses correspondants. Il n\u2019\u00e9crit\u00a0pas n\u2019importe quoi. [\u2026]\u00a0D\u00e9sormais, l\u2019enfant n\u2019\u00e9crit plus seulement ce qui l\u2019int\u00e9resse lui\u00a0; il \u00e9crit ce qui,\u00a0dans ses pens\u00e9es, dans ses observations,\u00a0dans ses sentiments et ses actes, est\u00a0susceptible d\u2019accrocher ses camarades\u00a0d\u2019abord, ses correspondants ensuite\u2026\u00a0\u00bb.<\/p>\n<p>Cet ouvrage, paru en 1967,\u00a0<em>post mortem<\/em>\u00a0donc, r\u00e9capitule les id\u00e9es-forces de C\u00e9lestin Freinet exprim\u00e9es d\u00e9j\u00e0 au d\u00e9but du si\u00e8cle dernier.<\/p>\n<p><img loading=\"lazy\" decoding=\"async\" class=\"alignleft\" src=\"http:\/\/www.culture-numerique.fr\/wp-content\/uploads\/2014\/04\/masque2-300x130.jpg\" alt=\"masque2\" width=\"300\" height=\"130\" \/>En 2011, la\u00a0<a title=\"Commission nationale informatique et libert\u00e9s\" href=\"http:\/\/www.cnil.fr\/\" target=\"_blank\">CNIL<\/a>\u00a0s\u2019adresse directement aux jeunes pour leur donner des conseils de publication. Ces derniers, au nombre de 10, sont\u00a0<a title=\"10 conseils de la CNIL pour rester net sur le web\" href=\"http:\/\/www.jeunes.cnil.fr\/fileadmin\/documents\/Jeunes\/Poster_BAT_def.pdf\" target=\"_blank\">tous pr\u00e9sent\u00e9s de la m\u00eame mani\u00e8re<\/a>\u00a0: des sentences en forme d\u2019alertes ponctu\u00e9es de points d\u2019exclamation et illustr\u00e9es de figures peu am\u00e8nes, pour faire peur\u00a0!<\/p>\n<p><a href=\"http:\/\/www.culture-numerique.fr\/wp-content\/uploads\/2014\/04\/peur.jpg\"><img loading=\"lazy\" decoding=\"async\" class=\"size-full wp-image-41 alignright\" src=\"http:\/\/www.culture-numerique.fr\/wp-content\/uploads\/2014\/04\/peur.jpg\" alt=\"peur\" width=\"287\" height=\"229\" srcset=\"https:\/\/www.culture-numerique.fr\/wp-content\/uploads\/2014\/04\/peur.jpg 287w, https:\/\/www.culture-numerique.fr\/wp-content\/uploads\/2014\/04\/peur-100x79.jpg 100w, https:\/\/www.culture-numerique.fr\/wp-content\/uploads\/2014\/04\/peur-150x119.jpg 150w, https:\/\/www.culture-numerique.fr\/wp-content\/uploads\/2014\/04\/peur-200x159.jpg 200w\" sizes=\"auto, (max-width: 287px) 100vw, 287px\" \/><\/a><\/p>\n<p>Un floril\u00e8ge\u00a0:<\/p>\n<ul>\n<li>R\u00e9fl\u00e9chis avant de publier\u00a0!<\/li>\n<li>Ne dis pas tout\u00a0!<\/li>\n<li>S\u00e9curise tes comptes\u00a0!<\/li>\n<li>V\u00e9rifie tes traces\u00a0!<\/li>\n<li>Fais le m\u00e9nage apr\u00e8s ton surf\u00a0!<\/li>\n<li>[\u2026]<\/li>\n<li><strong>Utilise un pseudonyme\u00a0!<\/strong><\/li>\n<\/ul>\n<p>\u00c0 l\u2019heure ou notre ministre de l\u2019\u00c9ducation nationale rappelle\u00a0<a title=\"Morale\" href=\"http:\/\/www.education.gouv.fr\/cid57423\/au-bo-du-1er-septembre-2011-instruction-morale-accompagnement-personnalise-orientation-active-etc.html\" target=\"_blank\">l\u2019obligation d\u2019une instruction morale \u00e0 l\u2019\u00e9cole<\/a>, la CNIL, elle\u00a0\u2014\u00a0\u00e0 sa d\u00e9charge, ce n\u2019est pas le seul organisme officiel \u00e0 le faire\u00a0\u2014, conseille aux jeunes\u00a0<strong>de mentir et de cacher leur v\u00e9ritable identit\u00e9<\/strong>.<\/p>\n<p>Quelle r\u00e9gression depuis Freinet, lui qui accordait tant d\u2019importance \u00e0 la signature authentique de l\u2019\u00e9l\u00e8ve sous ce qu\u2019il avait produit\u00a0!<\/p>\n<p>J\u2019ai gard\u00e9 sous le coude ce que disait \u00e0 ce sujet, en 2002, un participant aux forums Usenet\u00a0:<br \/>\n\u00ab\u00a0Il ne faut pas prendre de pseudo anonyme et m\u00eame pas de\u00a0pseudo tout court, si ce n\u2019est en contexte innocent [\u2026]. Il faut \u00eatre soi-m\u00eame, libre, franc, fier\u00a0et respectueux d\u2019autrui.\u00a0<strong>Il n\u2019y a pas de plus beau nom que celui\u00a0que vous avez re\u00e7u en naissant et pas de droit plus fondamental\u00a0que celui de s\u2019exprimer en signant ce qu\u2019on \u00e9crit de son vrai nom\u00a0<\/strong>et sans risquer autre chose que de s\u2019entendre dire qu\u2019on a tort par\u00a0quelqu\u2019un de tout aussi libre, franc, fier et respectueux d\u2019autrui que\u00a0soi-m\u00eame.\u00a0<strong>La libert\u00e9 d\u2019expression, c\u2019est \u00e7a<\/strong>.\u00a0\u00bb<\/p>\n<p>Une le\u00e7on pour la CNIL\u00a0?<\/p>\n<p>Michel Guillou\u00a0<a title=\"Twitter\" href=\"https:\/\/twitter.com\/#!\/michelguillou\" target=\"_blank\">@michelguillou<\/a><\/p>\n<p><img loading=\"lazy\" decoding=\"async\" src=\"http:\/\/i.creativecommons.org\/l\/by-nc-sa\/2.0\/fr\/80x15.png\" alt=\"\" width=\"80\" height=\"15\" \/><\/p>\n","protected":false},"excerpt":{"rendered":"<p><strong>Le bon<\/strong>\u00a0<strong><a title=\"C\u00e9lestin Freinet\" href=\"http:\/\/fr.wikipedia.org\/wiki\/C%C3%A9lestin_Freinet\" target=\"_blank\">C\u00e9lestin Freinet<\/a><\/strong>\u00a0doit se retourner dans sa tombe. Dans son travail sur \u00ab\u00a0<a title=\"Le Journal scolaire\" href=\"http:\/\/www.freinet.org\/ne\/177\/177-30.pdf\" target=\"_blank\">Le journal scolaire<\/a>\u00a0\u00bb, il pronait pour l\u2019\u00e9l\u00e8ve\u00a0<strong>une parole libre<\/strong>\u00a0: \u00ab\u00a0<strong>L\u2019enfant raconte\u00a0et,<\/strong><\/p>\n<p><span class=\"ellipsis\">&hellip;<\/span><\/p>\n<div class=\"read-more\"><a href=\"https:\/\/www.culture-numerique.fr\/?p=39\">Lire la suite &#8250;<\/a><\/div>\n<p><!-- end of .read-more --><\/p>\n","protected":false},"author":1,"featured_media":40,"comment_status":"open","ping_status":"open","sticky":false,"template":"","format":"standard","meta":{"jetpack_post_was_ever_published":false,"_jetpack_newsletter_access":"","_jetpack_dont_email_post_to_subs":false,"_jetpack_newsletter_tier_id":0,"_jetpack_memberships_contains_paywalled_content":false,"_jetpack_memberships_contains_paid_content":false,"footnotes":""},"categories":[9],"tags":[27,28,29,26],"class_list":["post-39","post","type-post","status-publish","format-standard","has-post-thumbnail","hentry","category-billets-dhumeur","tag-anonymat","tag-freinet","tag-identite","tag-pedagogie"],"jetpack_featured_media_url":"https:\/\/www.culture-numerique.fr\/wp-content\/uploads\/2014\/04\/masque2.jpg","jetpack_sharing_enabled":true,"_links":{"self":[{"href":"https:\/\/www.culture-numerique.fr\/index.php?rest_route=\/wp\/v2\/posts\/39","targetHints":{"allow":["GET"]}}],"collection":[{"href":"https:\/\/www.culture-numerique.fr\/index.php?rest_route=\/wp\/v2\/posts"}],"about":[{"href":"https:\/\/www.culture-numerique.fr\/index.php?rest_route=\/wp\/v2\/types\/post"}],"author":[{"embeddable":true,"href":"https:\/\/www.culture-numerique.fr\/index.php?rest_route=\/wp\/v2\/users\/1"}],"replies":[{"embeddable":true,"href":"https:\/\/www.culture-numerique.fr\/index.php?rest_route=%2Fwp%2Fv2%2Fcomments&post=39"}],"version-history":[{"count":3,"href":"https:\/\/www.culture-numerique.fr\/index.php?rest_route=\/wp\/v2\/posts\/39\/revisions"}],"predecessor-version":[{"id":3945,"href":"https:\/\/www.culture-numerique.fr\/index.php?rest_route=\/wp\/v2\/posts\/39\/revisions\/3945"}],"wp:featuredmedia":[{"embeddable":true,"href":"https:\/\/www.culture-numerique.fr\/index.php?rest_route=\/wp\/v2\/media\/40"}],"wp:attachment":[{"href":"https:\/\/www.culture-numerique.fr\/index.php?rest_route=%2Fwp%2Fv2%2Fmedia&parent=39"}],"wp:term":[{"taxonomy":"category","embeddable":true,"href":"https:\/\/www.culture-numerique.fr\/index.php?rest_route=%2Fwp%2Fv2%2Fcategories&post=39"},{"taxonomy":"post_tag","embeddable":true,"href":"https:\/\/www.culture-numerique.fr\/index.php?rest_route=%2Fwp%2Fv2%2Ftags&post=39"}],"curies":[{"name":"wp","href":"https:\/\/api.w.org\/{rel}","templated":true}]}}