{"id":383,"date":"2013-01-12T10:10:48","date_gmt":"2013-01-12T08:10:48","guid":{"rendered":"http:\/\/www.culture-numerique.fr\/?p=383"},"modified":"2016-10-18T23:42:07","modified_gmt":"2016-10-18T21:42:07","slug":"numerique-educatif-5-bonnes-idees-pour-le-ministre","status":"publish","type":"post","link":"https:\/\/www.culture-numerique.fr\/?p=383","title":{"rendered":"Num\u00e9rique \u00e9ducatif : 5 bonnes id\u00e9es pour le ministre\u2026"},"content":{"rendered":"<p style=\"text-align: center;\"><a href=\"http:\/\/www.culture-numerique.fr\/wp-content\/uploads\/2014\/04\/medium_493522912.jpg\"><img loading=\"lazy\" decoding=\"async\" class=\"wp-image-384 aligncenter\" src=\"http:\/\/www.culture-numerique.fr\/wp-content\/uploads\/2014\/04\/medium_493522912.jpg\" alt=\"Cinq\" width=\"838\" height=\"558\" srcset=\"https:\/\/www.culture-numerique.fr\/wp-content\/uploads\/2014\/04\/medium_493522912.jpg 500w, https:\/\/www.culture-numerique.fr\/wp-content\/uploads\/2014\/04\/medium_493522912-300x199.jpg 300w, https:\/\/www.culture-numerique.fr\/wp-content\/uploads\/2014\/04\/medium_493522912-100x66.jpg 100w, https:\/\/www.culture-numerique.fr\/wp-content\/uploads\/2014\/04\/medium_493522912-150x99.jpg 150w, https:\/\/www.culture-numerique.fr\/wp-content\/uploads\/2014\/04\/medium_493522912-200x133.jpg 200w, https:\/\/www.culture-numerique.fr\/wp-content\/uploads\/2014\/04\/medium_493522912-450x299.jpg 450w\" sizes=\"auto, (max-width: 838px) 100vw, 838px\" \/><\/a><\/p>\n<p><strong>Vous le savez, la mode, dans les blogs<\/strong>, est aux billets qui annoncent, par paquets de cinq en g\u00e9n\u00e9ral, dix astuces ou cinq bonnes id\u00e9es ou encore vingt trucs pour aider le lecteur assoiff\u00e9 de connaissances utiles. Comme je sais que Vincent Peillon me lit d\u00e8s qu\u2019il a une minute \u00e0 lui, j\u2019aimerais soumettre \u00e0 son \u00e9quipe, au moment o\u00f9 il s\u2019essaie \u00e0 refonder l\u2019\u00e9cole \u00e0 l\u2019\u00e9clairage du num\u00e9rique, cinq bonnes id\u00e9es ou astuces pour faire avancer un peu plus vite le chantier compliqu\u00e9 du num\u00e9rique \u00e9ducatif.<\/p>\n<p>Avertissement liminaire\u00a0: attention, derri\u00e8re la m\u00e9thode un peu farfelue, ces propositions sont tr\u00e8s s\u00e9rieuses\u00a0!<\/p>\n<h3><strong>1. \u00c9laborer une n\u00e9tiquette \u00e9ducative<\/strong><\/h3>\n<p>Le\u00a0<a href=\"http:\/\/tools.ietf.org\/html\/rfc1855\" target=\"_blank\">RFC 1855<\/a>\u00a0dit \u00ab\u00a0Netiquette Guidelines\u00a0\u00bb est un document officiel qui fait r\u00e9f\u00e9rence, depuis 1995, en mati\u00e8re de conventions d\u2019usages sur l\u2019Internet.<\/p>\n<p style=\"text-align: center;\"><a href=\"http:\/\/www.culture-numerique.fr\/wp-content\/uploads\/2014\/04\/2013-01-10_183538.jpg\"><img loading=\"lazy\" decoding=\"async\" class=\"size-full wp-image-385 aligncenter\" src=\"http:\/\/www.culture-numerique.fr\/wp-content\/uploads\/2014\/04\/2013-01-10_183538.jpg\" alt=\"RFC 1855\" width=\"583\" height=\"110\" srcset=\"https:\/\/www.culture-numerique.fr\/wp-content\/uploads\/2014\/04\/2013-01-10_183538.jpg 583w, https:\/\/www.culture-numerique.fr\/wp-content\/uploads\/2014\/04\/2013-01-10_183538-300x56.jpg 300w, https:\/\/www.culture-numerique.fr\/wp-content\/uploads\/2014\/04\/2013-01-10_183538-100x18.jpg 100w, https:\/\/www.culture-numerique.fr\/wp-content\/uploads\/2014\/04\/2013-01-10_183538-150x28.jpg 150w, https:\/\/www.culture-numerique.fr\/wp-content\/uploads\/2014\/04\/2013-01-10_183538-200x37.jpg 200w, https:\/\/www.culture-numerique.fr\/wp-content\/uploads\/2014\/04\/2013-01-10_183538-450x84.jpg 450w\" sizes=\"auto, (max-width: 583px) 100vw, 583px\" \/><\/a><\/p>\n<p>Un\u00a0<a href=\"http:\/\/fr.wikipedia.org\/wiki\/N%C3%A9tiquette\" target=\"_blank\">article Wikipedia<\/a>\u00a0lui est consacr\u00e9 et il existe une\u00a0<a href=\"http:\/\/www.sri.ucl.ac.be\/rfc1855.fr.html\" target=\"_blank\">traduction en fran\u00e7ais<\/a>. Ce document a tr\u00e8s longtemps fait r\u00e9f\u00e9rence, je le r\u00e9p\u00e8te, en mati\u00e8re de politesse, de r\u00e8gles de vie et d\u2019usage sur les services de l\u2019Internet. Il a propos\u00e9, en son temps, un certain nombre de\u00a0conventions, en forme de r\u00e9ponses \u00e9thiques, sorte d\u2019\u00e9tiquette de l\u2019Internet, d\u2019o\u00f9 son nom en fran\u00e7ais de n\u00e9tiquette.<\/p>\n<p>Dix-huit ans apr\u00e8s, ce document, qui conserve toute sa valeur p\u00e9dagogique, n\u2019est plus compr\u00e9hensible des jeunes internautes ou usagers des r\u00e9seaux.<\/p>\n<p>Au moment o\u00f9 il reste obligatoire, depuis 2004, pour chaque \u00e9cole, coll\u00e8ge ou lyc\u00e9e, d\u2019\u00e9laborer\u00a0<a href=\"http:\/\/eduscol.education.fr\/cid57095\/guide-charte-d-usage.html\" target=\"_blank\">une charte d\u2019usage<\/a>\u00a0des Tic qui s\u2019impose \u00e0 chaque utilisateur, \u00e9l\u00e8ve ou adulte, au moment o\u00f9 il est question de mettre en place, au niveau national, un grand r\u00e9seau social de l\u2019\u00e9ducation, au moment o\u00f9 la plupart des \u00e9l\u00e8ves ont dans leur poche, y compris parfois en classe, un terminal qui leur permet d\u2019acc\u00e9der \u00e0 Internet, il devient urgent de proposer, de la m\u00eame mani\u00e8re que le RFC 1855\u00a0s\u2019est impos\u00e9 jadis \u00e0 tout les internautes, un document de r\u00e9f\u00e9rence unique, ensemble coh\u00e9rent de conventions \u00e9thiques \u00e9ducatives.<\/p>\n<p><strong>Je propose donc de confier d\u00e8s que possible aux jeunes \u00e9lus du Conseil national de la vie lyc\u00e9enne, aid\u00e9s en cela par des juristes du minist\u00e8re, la mission d\u2019\u00e9laborer une n\u00e9tiquette \u00e9ducative de r\u00e9f\u00e9rence, tr\u00e8s r\u00e9guli\u00e8rement actualis\u00e9e.<\/strong><\/p>\n<p>Ce document\u00a0:<\/p>\n<ul>\n<li>permettrait de pallier les manques de nombre d\u2019\u00e9coles ou d\u2019\u00e9tablissements en mati\u00e8re de chartes d\u2019usage\u00a0;<\/li>\n<li>constituerait un corpus de r\u00e9f\u00e9rence qui serait compl\u00e9t\u00e9 d\u2019une annexe pr\u00e9cisant les conditions locales de l\u2019\u00e9cole ou de l\u2019\u00e9tablissement\u00a0;<\/li>\n<li>serait utilis\u00e9 de m\u00eame\u00a0avec les \u00e9l\u00e8ves\u00a0pour le travail n\u00e9cessaire de lecture, d\u2019explication, de commentaire relatif \u00e0 l\u2019\u00e9ducation au num\u00e9rique et aux m\u00e9dias\u00a0;<\/li>\n<li>contribuerait ainsi \u00e0 l\u2019acquisition de nouvelles comp\u00e9tences relatives \u00e0 l\u2019autonomie et la\u00a0responsabilit\u00e9.<\/li>\n<\/ul>\n<h3><strong>2. Labelliser les \u00e9coles et \u00e9tablissements<\/strong><\/h3>\n<p>Il n\u2019est pas dans les habitudes de l\u2019\u00e9cole de France de comparer ses \u00e9coles, ses \u00e9tablissements et de mettre en avant certains d\u2019entre eux au d\u00e9triment d\u2019autres\u2026 C\u2019est m\u00eame franchement mal vu en g\u00e9n\u00e9ral de s\u2019y essayer. La presse s\u2019y risque parfois pour comparer les r\u00e9sultats du baccalaur\u00e9at, \u00e9tablir une sorte de palmar\u00e8s. Le minist\u00e8re soi-m\u00eame a commenc\u00e9, depuis quelques ann\u00e9es, \u00e0 fournir un certain nombre d\u2019indicateurs propres \u00e0 \u00e9tayer le travail des m\u00e9dias en la mati\u00e8re.<\/p>\n<p>C\u2019est toujours l\u2019occasion de remous, de remises en causes, de d\u00e9sappointements, du c\u00f4t\u00e9 des parents d\u2019\u00e9l\u00e8ves, des collectivit\u00e9s territoriales, des syndicats, des enseignants eux-m\u00eames.<\/p>\n<p>Et pourtant\u2026 En mati\u00e8re de num\u00e9rique \u00e9ducatif, il convient de ne pas tra\u00eener et que chaque \u00e9cole, coll\u00e8ge ou lyc\u00e9e s\u2019engage r\u00e9solument et fournisse les efforts n\u00e9cessaires dans chacun des domaines permettant une acculturation rapide\u00a0: l\u2019\u00e9quipement, la formation, les ressources, les usages.<\/p>\n<p>Il existe d\u00e9j\u00e0 le label \u00ab\u00a0<a href=\"http:\/\/www.villes-internet.net\/label\/\" target=\"_blank\">Villes Internet<\/a>\u00a0\u00bb, le label \u00ab\u00a0<a href=\"http:\/\/www.villes-internet.net\/ecoles-internet\" target=\"_blank\">\u00c9coles Internet<\/a>\u00a0\u00bb\u2026<\/p>\n<p>Depuis plusieurs ann\u00e9es, l\u2019acad\u00e9mie de Versailles s\u2019est engag\u00e9e dans une d\u00e9marche de labellisation Tice de ses coll\u00e8ges et lyc\u00e9es, d\u2019abord, de ses \u00e9coles plus r\u00e9cemment. Une\u00a0<a href=\"http:\/\/labeltice.ac-versailles.fr\/\" target=\"_blank\">application en ligne<\/a>, non accessible au public,\u00a0permet \u00e0 chaque \u00e9cole ou \u00e9tablissement de se positionner sur une\u00a0<a href=\"http:\/\/www.mp-soa.ac-versailles.fr\/spip.php?article129\" target=\"_blank\">\u00e9chelle de r\u00e9f\u00e9rence<\/a>\u00a0actualis\u00e9e et d\u2019adopter une d\u00e9marche vertueuse vers le num\u00e9rique. \u00c0 ma connaissance, seules les acad\u00e9mies de\u00a0<a href=\"http:\/\/www.ac-nice.fr\/matice\/matice_v2\/piloter-et-mettre-en-oeuvre-le-numerique\/hqen\/label-hqen\" target=\"_blank\">Nice<\/a>\u00a0et de\u00a0<a href=\"http:\/\/tice.ac-martinique.fr\/ctice\/articles.php?lng=fr&amp;pg=775\" target=\"_blank\">Martinique<\/a>\u00a0semblent lui avoir embo\u00eet\u00e9 le pas. Mais ces labels ne font pas l\u2019objet d\u2019une publication et restent confidentiels, m\u00eame si certains \u00e9tablissements ne font pas myst\u00e8re de leur r\u00e9ussite dans ce domaine, comme\u00a0<a href=\"http:\/\/www.clg-vinci-ecquevilly.ac-versailles.fr\/spip.php?article510\" target=\"_blank\">ce coll\u00e8ge des Yvelines<\/a>\u00a0(voir ci-dessous).<\/p>\n<p style=\"text-align: center;\"><a href=\"http:\/\/www.culture-numerique.fr\/wp-content\/uploads\/2014\/04\/2013-01-11_003557.jpg\"><img loading=\"lazy\" decoding=\"async\" class=\"size-full wp-image-386 aligncenter\" src=\"http:\/\/www.culture-numerique.fr\/wp-content\/uploads\/2014\/04\/2013-01-11_003557.jpg\" alt=\"Label Tice\" width=\"512\" height=\"101\" srcset=\"https:\/\/www.culture-numerique.fr\/wp-content\/uploads\/2014\/04\/2013-01-11_003557.jpg 512w, https:\/\/www.culture-numerique.fr\/wp-content\/uploads\/2014\/04\/2013-01-11_003557-300x59.jpg 300w, https:\/\/www.culture-numerique.fr\/wp-content\/uploads\/2014\/04\/2013-01-11_003557-100x19.jpg 100w, https:\/\/www.culture-numerique.fr\/wp-content\/uploads\/2014\/04\/2013-01-11_003557-150x29.jpg 150w, https:\/\/www.culture-numerique.fr\/wp-content\/uploads\/2014\/04\/2013-01-11_003557-200x39.jpg 200w, https:\/\/www.culture-numerique.fr\/wp-content\/uploads\/2014\/04\/2013-01-11_003557-450x88.jpg 450w\" sizes=\"auto, (max-width: 512px) 100vw, 512px\" \/><\/a><\/p>\n<p>Il est temps, je crois, de g\u00e9n\u00e9raliser ce processus de labellisation et d\u2019en publier les r\u00e9sultats.<\/p>\n<p><strong>Je propose l\u2019\u00e9laboration d\u2019un r\u00e9f\u00e9rentiel national complet\u00a0<\/strong><strong>permettant \u00e0 chaque \u00e9cole, coll\u00e8ge ou lyc\u00e9e de se positionner librement et d\u2019adopter une d\u00e9marche de progression et<\/strong><strong>\u00a0d\u2019engagement num\u00e9rique. Je propose ainsi d\u2019attribuer \u00e0 chacune de ces entit\u00e9s un label num\u00e9rique, susceptible d\u2019\u00e9voluer. Je propose la publication, sur le site Eduscol, du classement obtenu par chacune des \u00e9coles, par chacun des \u00e9tablissements.<\/strong><\/p>\n<p>Ce label num\u00e9rique public permettrait\u00a0:<\/p>\n<ul>\n<li>\u00e0 chaque \u00e9cole, coll\u00e8ge ou lyc\u00e9e de conna\u00eetre tr\u00e8s pr\u00e9cis\u00e9ment ses axes de progression, en mati\u00e8re de formation et d\u2019usages\u00a0;<\/li>\n<li>\u00e0 chaque collectivit\u00e9 de faire les efforts n\u00e9cessaires en mati\u00e8re d\u2019\u00e9quipement pour gommer les in\u00e9galit\u00e9s\u00a0;<\/li>\n<li>\u00e0 chaque direction d\u00e9partementale, \u00e0 chaque rectorat, de rep\u00e9rer les \u00e9coles ou \u00e9tablissements en difficult\u00e9 et de leur prodiguer l\u2019accompagnement qui convient\u00a0;<\/li>\n<li>de la m\u00eame mani\u00e8re, de valoriser et promouvoir les r\u00e9ussites dans ce domaine.<\/li>\n<\/ul>\n<h3><strong>3. Marier l\u2019innovation et le num\u00e9rique<\/strong><\/h3>\n<p>Oublions le clin d\u2019\u0153il, je voudrais m\u2019expliquer sur ce point.<\/p>\n<p>Premi\u00e8re observation\u00a0: la quasi totalit\u00e9 des actions pr\u00e9sent\u00e9es lors des\u00a0<a href=\"http:\/\/eduscol.education.fr\/cid65866\/les-journees-innovation-28-mars-2013.html\" target=\"_blank\">journ\u00e9es de l\u2019innovation<\/a>\u00a0s\u2019appuient de fait tr\u00e8s fortement sur une d\u00e9marche d\u2019usage du num\u00e9rique, m\u00eame si c\u2019est parfois de mani\u00e8re secondaire, la\u00a0<a href=\"https:\/\/eduscol.education.fr\/experitheque\/carte.php\" target=\"_blank\">pr\u00e9sentation des projets\u00a0<\/a>ne permettant pas\u00a0<em>a priori<\/em>\u00a0de s\u2019en assurer. Deuxi\u00e8me observation\u00a0: la grande majorit\u00e9 des projets num\u00e9riques trouvent leur motivation dans la n\u00e9cessit\u00e9 d\u2019innover.<\/p>\n<p>Par ailleurs, si l\u2019innovation ne se d\u00e9cr\u00e8te pas, l\u2019\u00e9conomie non plus. S\u2019il est par exemple possible de d\u00e9cider qu\u2019une nouvelle d\u00e9pense ne peut se faire que si elle est compens\u00e9e par une recette \u00e9quivalente, il est aussi possible, je crois, de prendre les m\u00eames r\u00e9solutions en mati\u00e8re d\u2019innovation et de num\u00e9rique et de conditionner l\u2019une \u00e0 l\u2019autre.<\/p>\n<p><strong>Je propose que tout nouveau projet ou nouvelle action en mati\u00e8re d\u2019\u00e9ducation ne soit accept\u00e9 et donc port\u00e9 et valoris\u00e9 qu\u2019\u00e0 la double condition d\u2019ancrer ses motivations dans la volont\u00e9 d\u2019innover et d\u2019utiliser des technologies ou des m\u00e9dias num\u00e9riques.<\/strong><\/p>\n<p>Une certaine forme de d\u00e9marche vertueuse, l\u00e0 encore, qui peut d\u00e9montrer que les technologies ne sont pas nouvelles mais bien innovantes.<\/p>\n<h3><strong>4. R\u00e9sister aux lobbys<\/strong><\/h3>\n<p>En mati\u00e8re de num\u00e9rique \u00e9ducatif, dont l\u2019\u00e9ducation aux m\u00e9dias est un des volets importants, sujet principal de ce blog, j\u2019essaie, \u00e0 longueur de billets de rep\u00e9rer et d\u00e9noncer, si possible, les freins qui l\u2019emp\u00eachent de se d\u00e9velopper et de cro\u00eetre. \u00c0 ce sujet, il faut \u00e9voquer la force et l\u2019influence de quelques-uns des acteurs de l\u2019\u00e9cole, en son sein ou \u00e0 ses c\u00f4t\u00e9s, r\u00e9unis en lobbys puissants. Ces derniers\u00a0ne sont pas responsables de tout, certes, mais ils ont, chacun pour leur part et \u00e0 leur mani\u00e8re propre, particip\u00e9 \u00e0 faire \u00e9voluer les politiques minist\u00e9rielles \u00e0 leur seul profit et r\u00e9ussi parfois \u00e0 mettre des b\u00e2tons dans les roues de ceux qui voulaient avancer et faire avancer le num\u00e9rique \u00e0 l\u2019\u00e9cole, ces derni\u00e8res ann\u00e9es.<\/p>\n<p>Rendons-leur gr\u00e2ce, plus rarement leur action a contribu\u00e9 \u00e0 faire avancer les choses. J\u2019y reviendrai\u2026 plus tard.<\/p>\n<p>Qui sont-ils\u00a0?<\/p>\n<ul>\n<li>Les constructeurs de mat\u00e9riels, qui ne partagent rien entre eux et surtout pas les formats d\u2019\u00e9change et ont ainsi contribu\u00e9 \u00e0 l\u2019\u00e9chec relatif de l\u2019utilisation des tableaux num\u00e9riques et des tablettes\u00a0;<\/li>\n<li>Les \u00e9diteurs de logiciels \u00e9ducatifs et manuels scolaires frileux et soucieux d\u2019une rentabilit\u00e9 \u00e0 court terme, incapables d\u2019une vision prospective et d\u2019investir sur l\u2019avenir, le num\u00e9rique et les formats libres ;<\/li>\n<li>Les cercles de r\u00e9flexion, instruments de l\u2019ambition politique, bien souvent ignorants des pr\u00e9occupations du terrain et du\u00a0quotidien\u00a0p\u00e9dagogique ;<\/li>\n<li>Les universitaires de l\u2019informatique qui croient que num\u00e9rique et informatique, c\u2019est pareil puisque \u00e7a rime et que\u00a0l\u2019algorithmique\u00a0est un apprentissage fondamental\u00a0; on attend l\u2019offensive des\u00a0cybern\u00e9ticiens\u00a0et des \u00ab\u00a0web designers\u00a0\u00bb pour imposer leur discipline dans l\u2019enseignement \u00e9l\u00e9mentaire et secondaire\u00a0;<\/li>\n<li>Les p\u00e9dagogues technol\u00e2tres qui\u00a0assoient\u00a0souvent leur pouvoir et leur influence confiscatoire sur une suppos\u00e9e ma\u00eetrise technique\u00a0; c\u2019est aussi le cas des informaticiens de l\u2019administration de l\u2019\u00e9ducation qui, eux aussi tr\u00e8s souvent, construisent leur pouvoir sur les m\u00eames ressorts, y ajoutant la s\u00e9curit\u00e9 dont ils seraient les garants exclusifs\u00a0;<\/li>\n<li>Les r\u00e9actionnaires m\u00e9diatiques, philosophes, \u00e9crivains, acteurs, journalistes, hommes ou femmes politiques, dont l\u2019angoisse du num\u00e9rique et de la modernit\u00e9 est le principal moteur\u00a0;<\/li>\n<li>Les associations, groupements et autres officines dont la raison d\u2019exister est aussi de faire peur \u00e0 la populace et d\u2019en tirer des subsides cons\u00e9quents\u00a0;<\/li>\n<li>d\u2019autres encore, plus difficilement identifiables\u2026<\/li>\n<\/ul>\n<p>Bon, je ne me suis pas fait que des amis, l\u00e0\u2026 Tant pis.<\/p>\n<p><strong>Je propose de confier au nouveau conseil du num\u00e9rique \u00e9ducatif la mission d\u2019exercer la plus grande vigilance \u00e0 l\u2019\u00e9gard de tous les groupes de pression, \u00e9conomiques, bien s\u00fbr, mais aussi et surtout id\u00e9ologiques et politiques,\u00a0<\/strong><strong>de pr\u00e9coniser des formats d\u2019\u00e9change libres et standards<\/strong><strong>\u00a0au service de l\u2019int\u00e9r\u00eat public et de conseiller le ministre \u00e0 ce sujet.\u00a0<\/strong><\/p>\n<p>Les enjeux du num\u00e9rique \u00e9ducatif et de ses usages pertinents et responsables sont si importants que l\u2019engagement des professeurs et de l\u2019institution ne peut \u00eatre frein\u00e9 ou entrav\u00e9 par la manifestation d\u2019int\u00e9r\u00eats personnels ou strictement priv\u00e9s.<\/p>\n<h3><strong>5. Oublier les antiennes pour \u00e9valuer mieux<\/strong><\/h3>\n<p>Les fonds acad\u00e9miques d\u00e9bordent de comptes rendus d\u2019exp\u00e9rimentations diverses lanc\u00e9es depuis des ann\u00e9es, de rapports de th\u00e8ses ou de recherche en sciences de l\u2019\u00e9ducation, de rapports de l\u2019inspection g\u00e9n\u00e9rale. Ces documents sont rarement disponibles en ligne \u2014 une recherche ne vaut que si elle est imprim\u00e9e, pas publi\u00e9e. Ils ne font d\u2019ailleurs que peu souvent r\u00e9f\u00e9rence aux usages du num\u00e9rique. Loin de moi pourtant l\u2019id\u00e9e de dire le moindre mal de ces excellents travaux desquels il y a beaucoup \u00e0 apprendre.<\/p>\n<p>Je crains en revanche qu\u2019il ne faille ne tenir que faiblement compte des travaux r\u00e9cents ou comptes rendus d\u2019exp\u00e9rimentations relatifs \u00e0 l\u2019usage des technologies ou des m\u00e9dias num\u00e9riques. En effet, en la mati\u00e8re, tout va tellement vite que la v\u00e9rit\u00e9 et les refrains d\u2019hier ne valent pas tripette \u00e0 l\u2019\u00e9clairage des r\u00e9alit\u00e9s d\u2019aujourd\u2019hui. Tout change tr\u00e8s vite, \u00e0 commencer par les outils mat\u00e9riels bien s\u00fbr. La qualit\u00e9 des ressources et des services ne cesse de s\u2019am\u00e9liorer. Les apprentissages fondamentaux s\u2019enrichissent jour apr\u00e8s jour d\u2019usages toujours plus pertinents et ad\u00e9quats du num\u00e9rique.<\/p>\n<p style=\"text-align: center;\"><a href=\"http:\/\/www.culture-numerique.fr\/wp-content\/uploads\/2014\/04\/2013-01-12_002339.jpg\"><img loading=\"lazy\" decoding=\"async\" class=\"size-full wp-image-388 aligncenter\" src=\"http:\/\/www.culture-numerique.fr\/wp-content\/uploads\/2014\/04\/2013-01-12_002339.jpg\" alt=\"Plan\" width=\"751\" height=\"117\" srcset=\"https:\/\/www.culture-numerique.fr\/wp-content\/uploads\/2014\/04\/2013-01-12_002339.jpg 751w, https:\/\/www.culture-numerique.fr\/wp-content\/uploads\/2014\/04\/2013-01-12_002339-300x46.jpg 300w, https:\/\/www.culture-numerique.fr\/wp-content\/uploads\/2014\/04\/2013-01-12_002339-100x15.jpg 100w, https:\/\/www.culture-numerique.fr\/wp-content\/uploads\/2014\/04\/2013-01-12_002339-150x23.jpg 150w, https:\/\/www.culture-numerique.fr\/wp-content\/uploads\/2014\/04\/2013-01-12_002339-200x31.jpg 200w, https:\/\/www.culture-numerique.fr\/wp-content\/uploads\/2014\/04\/2013-01-12_002339-450x70.jpg 450w, https:\/\/www.culture-numerique.fr\/wp-content\/uploads\/2014\/04\/2013-01-12_002339-600x93.jpg 600w\" sizes=\"auto, (max-width: 751px) 100vw, 751px\" \/><\/a><\/p>\n<p><strong>Je propose, compte tenu de l\u2019acc\u00e9l\u00e9ration des possibilit\u00e9s d\u2019usages p\u00e9dagogiques du num\u00e9rique, de confier \u00e0 quelques inspecteurs g\u00e9n\u00e9raux avertis la mission de produire, \u00e0 intervalles tr\u00e8s courts, sur un site web\u00a0<em>ad hoc<\/em>\u00a0une \u00e9valuation des actions les plus innovantes et mod\u00e9lisables.<\/strong><\/p>\n<p>Se retourner en arri\u00e8re \u00e0 l\u2019\u00e9coute des vieilles antiennes est d\u00e9finitivement vain. Il est n\u00e9cessaire de s\u2019adapter et de modifier profond\u00e9ment les m\u00e9thodes d\u2019\u00e9valuation du syst\u00e8me \u00e9ducatif, en s\u2019aidant, par exemple, du label num\u00e9rique \u00e9voqu\u00e9 plus haut.<\/p>\n<p>Michel Guillou\u00a0<a title=\"Twitter\" href=\"https:\/\/twitter.com\/#!\/michelguillou\" target=\"_blank\">@michelguillou<\/a><\/p>\n<p><a href=\"http:\/\/creativecommons.org\/licenses\/by-nc-sa\/2.0\/fr\/\"><img loading=\"lazy\" decoding=\"async\" class=\"size-full wp-image-387 alignleft\" src=\"http:\/\/www.culture-numerique.fr\/wp-content\/uploads\/2014\/04\/80x15.png\" alt=\"80x15 CC\" width=\"80\" height=\"15\" \/><\/a><\/p>\n<p>&nbsp;<\/p>\n<p>Cr\u00e9dit photo\u00a0:\u00a0<a href=\"http:\/\/www.flickr.com\/photos\/lst1984\/493522912\/\" target=\"_blank\">Lst1984<\/a>\u00a0via\u00a0<a href=\"http:\/\/photopin.com\/\" target=\"_blank\">photopin<\/a>\u00a0<a href=\"http:\/\/creativecommons.org\/licenses\/by-nc\/2.0\/\" target=\"_blank\">cc<\/a><\/p>\n<p>[cite]<\/p>\n","protected":false},"excerpt":{"rendered":"<p style=\"text-align: center;\"><a href=\"http:\/\/www.culture-numerique.fr\/wp-content\/uploads\/2014\/04\/medium_493522912.jpg\"><img loading=\"lazy\" decoding=\"async\" class=\"wp-image-384 aligncenter\" src=\"http:\/\/www.culture-numerique.fr\/wp-content\/uploads\/2014\/04\/medium_493522912.jpg\" alt=\"Cinq\" width=\"838\" height=\"558\" srcset=\"https:\/\/www.culture-numerique.fr\/wp-content\/uploads\/2014\/04\/medium_493522912.jpg 500w, https:\/\/www.culture-numerique.fr\/wp-content\/uploads\/2014\/04\/medium_493522912-300x199.jpg 300w, https:\/\/www.culture-numerique.fr\/wp-content\/uploads\/2014\/04\/medium_493522912-100x66.jpg 100w, https:\/\/www.culture-numerique.fr\/wp-content\/uploads\/2014\/04\/medium_493522912-150x99.jpg 150w, https:\/\/www.culture-numerique.fr\/wp-content\/uploads\/2014\/04\/medium_493522912-200x133.jpg 200w, https:\/\/www.culture-numerique.fr\/wp-content\/uploads\/2014\/04\/medium_493522912-450x299.jpg 450w\" sizes=\"auto, (max-width: 838px) 100vw, 838px\" \/><\/a><\/p>\n<p><strong>Vous le savez, la mode, dans les blogs<\/strong>, est aux billets qui annoncent, par paquets de cinq en g\u00e9n\u00e9ral, dix astuces ou cinq bonnes id\u00e9es ou encore vingt trucs pour aider le lecteur assoiff\u00e9 de connaissances utiles.<\/p>\n<p><span class=\"ellipsis\">&hellip;<\/span><\/p>\n<div class=\"read-more\"><a href=\"https:\/\/www.culture-numerique.fr\/?p=383\">Lire la suite &#8250;<\/a><\/div>\n<p><!-- end of .read-more --><\/p>\n","protected":false},"author":1,"featured_media":384,"comment_status":"open","ping_status":"open","sticky":false,"template":"","format":"standard","meta":{"jetpack_post_was_ever_published":false,"_jetpack_newsletter_access":"","_jetpack_dont_email_post_to_subs":true,"_jetpack_newsletter_tier_id":0,"_jetpack_memberships_contains_paywalled_content":false,"_jetpack_memberships_contains_paid_content":false,"footnotes":""},"categories":[9],"tags":[47,279,51,277,278,87,2],"class_list":["post-383","post","type-post","status-publish","format-standard","has-post-thumbnail","hentry","category-billets-dhumeur","tag-chartes","tag-conventions","tag-evaluation","tag-labellisation","tag-lobbys","tag-netiquette","tag-numerique"],"jetpack_featured_media_url":"https:\/\/www.culture-numerique.fr\/wp-content\/uploads\/2014\/04\/medium_493522912.jpg","jetpack_sharing_enabled":true,"_links":{"self":[{"href":"https:\/\/www.culture-numerique.fr\/index.php?rest_route=\/wp\/v2\/posts\/383","targetHints":{"allow":["GET"]}}],"collection":[{"href":"https:\/\/www.culture-numerique.fr\/index.php?rest_route=\/wp\/v2\/posts"}],"about":[{"href":"https:\/\/www.culture-numerique.fr\/index.php?rest_route=\/wp\/v2\/types\/post"}],"author":[{"embeddable":true,"href":"https:\/\/www.culture-numerique.fr\/index.php?rest_route=\/wp\/v2\/users\/1"}],"replies":[{"embeddable":true,"href":"https:\/\/www.culture-numerique.fr\/index.php?rest_route=%2Fwp%2Fv2%2Fcomments&post=383"}],"version-history":[{"count":6,"href":"https:\/\/www.culture-numerique.fr\/index.php?rest_route=\/wp\/v2\/posts\/383\/revisions"}],"predecessor-version":[{"id":5462,"href":"https:\/\/www.culture-numerique.fr\/index.php?rest_route=\/wp\/v2\/posts\/383\/revisions\/5462"}],"wp:featuredmedia":[{"embeddable":true,"href":"https:\/\/www.culture-numerique.fr\/index.php?rest_route=\/wp\/v2\/media\/384"}],"wp:attachment":[{"href":"https:\/\/www.culture-numerique.fr\/index.php?rest_route=%2Fwp%2Fv2%2Fmedia&parent=383"}],"wp:term":[{"taxonomy":"category","embeddable":true,"href":"https:\/\/www.culture-numerique.fr\/index.php?rest_route=%2Fwp%2Fv2%2Fcategories&post=383"},{"taxonomy":"post_tag","embeddable":true,"href":"https:\/\/www.culture-numerique.fr\/index.php?rest_route=%2Fwp%2Fv2%2Ftags&post=383"}],"curies":[{"name":"wp","href":"https:\/\/api.w.org\/{rel}","templated":true}]}}