{"id":3807,"date":"2015-09-10T22:20:34","date_gmt":"2015-09-10T20:20:34","guid":{"rendered":"http:\/\/www.culture-numerique.fr\/?p=3807"},"modified":"2019-05-18T02:09:25","modified_gmt":"2019-05-18T00:09:25","slug":"trouver-linformation-pertinente-la-comprendre-pour-la-reinvestir-dans-une-production-personnelle-ou-collective","status":"publish","type":"post","link":"https:\/\/www.culture-numerique.fr\/?p=3807","title":{"rendered":"Trouver l\u2019information pertinente, la comprendre pour la r\u00e9investir dans une production personnelle ou collective"},"content":{"rendered":"<p><strong><img loading=\"lazy\" decoding=\"async\" class=\"aligncenter size-full wp-image-3810\" src=\"http:\/\/www.culture-numerique.fr\/wp-content\/uploads\/2015\/09\/library-340997_1280.jpg\" alt=\"Biblioth\u00e8que universitaire\" width=\"1280\" height=\"720\" srcset=\"https:\/\/www.culture-numerique.fr\/wp-content\/uploads\/2015\/09\/library-340997_1280.jpg 1280w, https:\/\/www.culture-numerique.fr\/wp-content\/uploads\/2015\/09\/library-340997_1280-300x169.jpg 300w, https:\/\/www.culture-numerique.fr\/wp-content\/uploads\/2015\/09\/library-340997_1280-1024x576.jpg 1024w, https:\/\/www.culture-numerique.fr\/wp-content\/uploads\/2015\/09\/library-340997_1280-100x56.jpg 100w, https:\/\/www.culture-numerique.fr\/wp-content\/uploads\/2015\/09\/library-340997_1280-150x84.jpg 150w, https:\/\/www.culture-numerique.fr\/wp-content\/uploads\/2015\/09\/library-340997_1280-200x113.jpg 200w, https:\/\/www.culture-numerique.fr\/wp-content\/uploads\/2015\/09\/library-340997_1280-450x253.jpg 450w, https:\/\/www.culture-numerique.fr\/wp-content\/uploads\/2015\/09\/library-340997_1280-600x338.jpg 600w, https:\/\/www.culture-numerique.fr\/wp-content\/uploads\/2015\/09\/library-340997_1280-900x506.jpg 900w\" sizes=\"auto, (max-width: 1280px) 100vw, 1280px\" \/><\/strong><\/p>\n<p><strong>Le titre de ce billet est extrait d&rsquo;une<\/strong>\u00a0phrase du <a href=\"http:\/\/cache.media.enseignementsup-recherche.gouv.fr\/file\/STRANES\/12\/2\/STRANES_entier_bd_461122.pdf\" target=\"_blank\" rel=\"noopener noreferrer\">rapport<\/a> produit par le comit\u00e9\u00a0pour la Strat\u00e9gie nationale de l&rsquo;enseignement sup\u00e9rieur (StraNES). Sa pr\u00e9sidente l&rsquo;a\u00a0remis ce mardi 8 septembre dernier au pr\u00e9sident de la R\u00e9publique.<\/p>\n<p>Apr\u00e8s un premier rappel sur l&rsquo;importance et le d\u00e9veloppement, fix\u00e9s par la loi, de <strong>l&rsquo;approche par comp\u00e9tences<\/strong>, qui \u00ab\u00a0<span style=\"color: #993366;\"><em>vise \u00e0 construire les cursus d\u2019enseignement non plus \u00e0\u00a0partir\u00a0des seuls contenus mais sur la base de comp\u00e9tences attendues des \u00e9l\u00e8ves et\u00a0\u00e9tudiants<\/em><\/span>\u00a0\u00bb, cinq grands axes de travail sont assign\u00e9s \u00e0 l&rsquo;enseignement sup\u00e9rieur, dont le quatri\u00e8me s&rsquo;intitule \u00ab\u00a0<strong>Inventer l\u2019\u00e9ducation sup\u00e9rieure\u00a0du XXIe\u00a0si\u00e8cle<\/strong>\u00a0\u00bb. Il s&rsquo;agit d&rsquo;une longue et plaisante partie consacr\u00e9e en effet \u00e0 l&rsquo;engagement num\u00e9rique de l&rsquo;enseignement sup\u00e9rieur. Elle fourmille de bonnes id\u00e9es plus r\u00e9jouissantes et iconoclastes les unes que les autres.<\/p>\n<h3>Descendre de l&rsquo;estrade<\/h3>\n<blockquote><p>\u00ab\u00a0Depuis le d\u00e9ploiement d\u2019internet, la masse des informations imm\u00e9diatement disponibles\u00a0a\u00a0explos\u00e9\u00a0; le r\u00f4le des enseignants, traditionnellement d\u00e9tenteurs du savoir, et des \u00e9tudiants, plac\u00e9s\u00a0en position de r\u00e9cepteurs de ce savoir, a boug\u00e9, chacun pouvant maintenant apporter sa juste\u00a0contribution \u00e0 l\u2019\u00e9difice collectif de la connaissance.\u00a0\u00bb<\/p><\/blockquote>\n<p>\u00c7a commence plut\u00f4t fort. Je ne sais pas trop comment une telle phrase peut \u00eatre ressentie des enseignants du sup\u00e9rieur mais je suis certain que la r\u00e9action ne devrait pas \u00eatre diff\u00e9rente de ce qui pourrait \u00eatre observ\u00e9 si elle\u00a0\u00e9tait affich\u00e9e dans la salle des professeurs d&rsquo;un lyc\u00e9e. M\u00eame si chacun, dans l&rsquo;estimable corporation des professeurs de tous niveaux, per\u00e7oit plus ou moins nettement cette r\u00e9alit\u00e9, ce ne sont des choses qui ne se disent pas\u00a0! Quant \u00e0 l&rsquo;\u00e9crire\u2026<\/p>\n<h3><strong>Changer le cadre de travail<\/strong><\/h3>\n<p>Faisant le constat que \u00ab\u00a0<span style=\"color: #800080;\"><em>Les \u00e9tudiants ont \u00e9videmment chang\u00e9 avec le monde\u00a0qui les entoure, leur\u00a0relation au savoir n\u2019est plus la m\u00eame<\/em><\/span>\u00a0\u00bb, les rapporteurs proposent de transformer la p\u00e9dagogie au fond et formulent la proposition suivante qui devrait agiter le landerneau universitaire\u00a0:<\/p>\n<blockquote><p>\u00ab\u00a0Rendre les \u00e9tudiants acteurs d\u2019une p\u00e9dagogie contributive, active\u00a0et num\u00e9rique est une des clefs d\u2019une meilleure r\u00e9ussite\u00a0; reconna\u00eetre l\u2019implication des personnels et\u00a0leur permettre de d\u00e9ployer leur action est un des leviers de cette transformation\u00a0\u00bb<\/p><\/blockquote>\n<p>Il ne s&rsquo;agit pas d&rsquo;avancer lentement, au gr\u00e9 de suppos\u00e9es modes et des passades\u00a0:<\/p>\n<blockquote><p>\u00ab\u00a0L\u2019environnement num\u00e9rique\u00a0de travail doit d\u00e9sormais \u00eatre la r\u00e8gle, ce qui exige un acc\u00e8s des \u00e9tudiants \u00e0 un ordinateur, la mise\u00a0en place des infrastructures n\u00e9cessaires mais surtout un usage syst\u00e9matique par les enseignants\u00a0et\u00a0enseignants-chercheurs qui auront \u00e9t\u00e9 form\u00e9s et impliqu\u00e9s\u00a0\u00bb<\/p><\/blockquote>\n<p>Les mots sont forts, <strong>l&rsquo;injonction est claire<\/strong>, en direction des administrations qui doivent pouvoir fournir le mat\u00e9riel n\u00e9cessaire aux \u00e9tudiants comme en direction des enseignants qui doivent avoir \u00e9t\u00e9 form\u00e9s. Il faut noter aussi le terme fort d&rsquo;<strong>implication<\/strong> personnelle qui s&rsquo;approche de celui que j&rsquo;utilise habituellement en parlant d&rsquo;engagement. L&rsquo;important est l\u00e0 et \u00e9crit\u00a0: il ne faut plus tra\u00eener des pieds.<\/p>\n<h3><strong>Changer l&rsquo;\u00e9valuation<\/strong><\/h3>\n<p>Le rapport propose\u00a0\u2014\u00a0il ne s&rsquo;agit pas d&rsquo;hypoth\u00e8ses de travail\u00a0\u2014 de \u00ab<span style=\"color: #993366;\"><em>\u00a0prendre acte de la transformation de l\u2019acc\u00e8s au\u00a0savoir et des modalit\u00e9s de m\u00e9morisation induit par le d\u00e9veloppement d\u2019internet<\/em><\/span>\u00a0\u00bb. La cons\u00e9quence est claire\u00a0: il faut changer la mani\u00e8re d&rsquo;\u00e9valuer les \u00e9tudiants.<\/p>\n<blockquote><p>\u00ab\u00a0Cela fait maintenant plusieurs d\u00e9cennies\u00a0qu\u2019on autorise les calculatrices dans les examens\u00a0; l\u2019\u00e9tape suivante est d\u2019autoriser [&#8230;]\u00a0les ordinateurs avec acc\u00e8s total \u00e0 internet. Cette \u00e9tape est in\u00e9luctable,\u00a0anticipons-la afin de permettre le d\u00e9ploiement d\u2019une formation adapt\u00e9e au monde qui nous entoure\u00a0\u00bb<\/p><\/blockquote>\n<p>Le rapport propose de v\u00e9rifier et d&rsquo;\u00e9valuer donc, en se servant des m\u00e9dias disponibles, c&rsquo;est le titre de ce billet car cette \u00e9volution me semble fondamentale \u00ab\u00a0<span style=\"color: #993366;\"><em>la capacit\u00e9\u00a0\u00e0 savoir trouver l\u2019information pertinente, \u00e0 la comprendre pour la r\u00e9investir dans une production\u00a0personnelle ou collective<\/em><\/span>\u00a0\u00bb (voir plus loin). Le dernier mot est \u00e0 noter\u00a0: le num\u00e9rique engage <strong>\u00e0 collaborer, \u00e0 co-produire<\/strong>, il conviendra donc d&rsquo;en tenir compte pour l&rsquo;\u00e9valuation normative comme en cours de formation.<\/p>\n<p>Pour ma part, j&rsquo;ai souvent fait le constat identique que le baccalaur\u00e9at n&rsquo;\u00e9tait pas ou plus adapt\u00e9 \u00e0 une soci\u00e9t\u00e9 num\u00e9rique et surtout aux pratiques des jeunes \u00e9l\u00e8ves, bient\u00f4t \u00e9tudiants. Ce rapport va dans le m\u00eame sens et la r\u00e9alit\u00e9 s&rsquo;impose\u00a0: <strong>pendant les examens, autoriser les ordinateurs est une \u00e9tape in\u00e9luctable<\/strong>. C&rsquo;est d&rsquo;ailleurs le sens du <a href=\"http:\/\/www.nextinpact.com\/news\/96368-l-acces-a-internet-bientot-autorise-lors-examens-universitaires.htm\" target=\"_blank\" rel=\"noopener noreferrer\">titre choisi par le site <em>Nextinpact<\/em><\/a>\u00a0pour en faire l&rsquo;annonce.<\/p>\n<p>Les rapporteurs, tr\u00e8s logiquement, enfoncent le clou. Si les modes d&rsquo;acc\u00e8s et de transmission du savoir changent, si l&rsquo;\u00e9valuation doit changer, alors les modalit\u00e9s des enseignements doivent changer.<\/p>\n<h4><img loading=\"lazy\" decoding=\"async\" class=\"aligncenter wp-image-3809 size-full\" src=\"http:\/\/www.culture-numerique.fr\/wp-content\/uploads\/2015\/09\/2015-09-10_163510.png\" alt=\"Rapport du SaTRES\" width=\"786\" height=\"320\" srcset=\"https:\/\/www.culture-numerique.fr\/wp-content\/uploads\/2015\/09\/2015-09-10_163510.png 786w, https:\/\/www.culture-numerique.fr\/wp-content\/uploads\/2015\/09\/2015-09-10_163510-300x122.png 300w, https:\/\/www.culture-numerique.fr\/wp-content\/uploads\/2015\/09\/2015-09-10_163510-100x41.png 100w, https:\/\/www.culture-numerique.fr\/wp-content\/uploads\/2015\/09\/2015-09-10_163510-150x61.png 150w, https:\/\/www.culture-numerique.fr\/wp-content\/uploads\/2015\/09\/2015-09-10_163510-200x81.png 200w, https:\/\/www.culture-numerique.fr\/wp-content\/uploads\/2015\/09\/2015-09-10_163510-450x183.png 450w, https:\/\/www.culture-numerique.fr\/wp-content\/uploads\/2015\/09\/2015-09-10_163510-600x244.png 600w\" sizes=\"auto, (max-width: 786px) 100vw, 786px\" \/><\/h4>\n<h3>Changer la p\u00e9dagogie<\/h3>\n<p>Il s&rsquo;agit l\u00e0 d&rsquo;un fort d\u00e9fi lanc\u00e9 \u00e0 des enseignants souvent aussi chercheurs qui se pr\u00e9occupent g\u00e9n\u00e9ralement assez peu de la mani\u00e8re dont ils dispensent leur enseignement. Pour ma part, cette r\u00e9volution me para\u00eet autrement plus importante que la simple pr\u00e9sence d&rsquo;ordinateurs sur les tables d&rsquo;examen.<\/p>\n<blockquote><p>\u00ab\u00a0Ces mesures ne sont \u00e9videmment pas seulement d\u2019ordre technique\u00a0 : elles induisent une\u00a0transformation profonde, et n\u00e9cessaire, de la mani\u00e8re d\u2019enseigner, et d\u2019\u00e9valuer. Elles supposent\u00a0de d\u00e9finir plus nettement les comp\u00e9tences r\u00e9ellement attendues chez les dipl\u00f4m\u00e9s. Ainsi, le\u00a0mode d\u2019\u00e9valuation classique, c\u2019est-\u00e0-dire sans mise \u00e0 disposition de documents, induit un mode\u00a0d\u2019apprentissage dans lequel la m\u00e9morisation joue un r\u00f4le tr\u00e8s important. Si toute l\u2019information\u00a0devient accessible en situation d\u2019examen, les \u00e9preuves devront \u00e9voluer en cons\u00e9quence\u00a0: la capacit\u00e9\u00a0\u00e0 savoir trouver l\u2019information pertinente, \u00e0 la comprendre pour la r\u00e9investir dans une production\u00a0personnelle ou collective, prend une importance plus grande et le r\u00f4le des enseignants-chercheurs\u00a0dans ce\u00a0processus de construction des savoirs encore plus indispensable. Elle nous semble aussi\u00a0plus\u00a0en phase avec les comp\u00e9tences n\u00e9cessaires dans le monde qui est le n\u00f4tre.\u00a0\u00bb<\/p><\/blockquote>\n<p>Il y a deux ans, dans un billet intitul\u00e9 \u00ab\u00a0<strong><a href=\"http:\/\/www.culture-numerique.fr\/?p=267\" target=\"_blank\" rel=\"noopener noreferrer\">Une exigence : modifier radicalement le baccalaur\u00e9at<\/a><\/strong>\u00a0\u00bb,\u00a0je proposais peu ou prou la m\u00eame chose \u00e0 propos de l&rsquo;examen de fin d&rsquo;\u00e9tudes secondaires, palier vers l&rsquo;enseignement sup\u00e9rieur\u00a0:<\/p>\n<blockquote><p>\u00ab\u00a0C\u2019est par l\u00e0 qu\u2019il faut commencer, proc\u00e9der [&#8230;]\u00a0\u00e0 un changement radical des modalit\u00e9s d\u2019\u00e9valuation des comp\u00e9tences scolaires des \u00e9l\u00e8ves, sans oublier les autres, acquises hors de l\u2019\u00e9cole, sans oublier non plus de v\u00e9rifier que ces apprentis \u00e9tudiants savent, comme on le fait maintenant de plus en plus \u00e0 l\u2019Universit\u00e9, s\u2019approprier et r\u00e9utiliser de nouvelles connaissances plut\u00f4t que de r\u00e9citer celles qu\u2019ils ont apprises par c\u0153ur. C\u2019est possible m\u00eame en gardant les m\u00eames programmes et les m\u00eames contenus d\u2019enseignement.\u00a0\u00bb<\/p><\/blockquote>\n<p>\u00ab\u00a0<span style=\"color: #993366;\"><em>Le num\u00e9rique est donc bien l\u2019occasion d\u2019un renouveau\u00a0p\u00e9dagogiqu<\/em><\/span>e\u00a0\u00bb pr\u00e9cisent <em>in fine<\/em> nos rapporteurs, prenant beaucoup de pr\u00e9cautions \u00e0 expliquer aux enseignants du sup\u00e9rieur\u00a0\u2014\u00a0pour ma part, je ne vois pas pourquoi ces mutations ne concerneraient pas aussi les enseignants du premier et du second degr\u00e9s\u00a0\u2014 que leur m\u00e9tier ne va pas dispara\u00eetre,<strong> qu&rsquo;il s&rsquo;agit d&rsquo;une \u00e9volution, une mutation<\/strong>, qu&rsquo;ils ne seront plus seuls \u00e0 d\u00e9livrer des contenus mais qu&rsquo;ils resteront ceux qui les feront apprendre aux \u00e9tudiants et qui les aideront \u00e0 les mobiliser \u00e0 bon escient.<\/p>\n<p>La perspective est, \u00e0 mon avis, enthousiasmante. Je crains qu&rsquo;elle ne soit encore v\u00e9cue par beaucoup que sous la forme d&rsquo;un traumatisme.<\/p>\n<h3>Changer l&rsquo;\u00e9ditorialisation des savoirs<\/h3>\n<p>Le rapport en r\u00e9f\u00e9rence va aussi beaucoup plus loin en bousculant quelque peu la mani\u00e8re dont s&rsquo;\u00e9laborent et se diffusent les savoirs produits dans l&rsquo;enseignement sup\u00e9rieur. Il propose de tirer avantage du dispositif <a href=\"https:\/\/www.france-universite-numerique-mooc.fr\/\" target=\"_blank\" rel=\"noopener noreferrer\">FUN (France Universit\u00e9 Num\u00e9rique)<\/a> et du d\u00e9veloppement des <a href=\"https:\/\/fr.wikipedia.org\/wiki\/Formation_en_ligne_ouverte_%C3%A0_tous\" target=\"_blank\" rel=\"noopener noreferrer\">MOOC<\/a> en particulier pour poser la question\u00a0de la certification des connaissances et comp\u00e9tences acquises par les apprenants.<\/p>\n<p>Par ailleurs, ce n&rsquo;est pas l\u00e0 la moins novatrice de ces pr\u00e9conisations, le rapport avance l&rsquo;id\u00e9e de cesser de dilapider au profit d&rsquo;int\u00e9r\u00eats priv\u00e9s les contenus cr\u00e9\u00e9s dans l&rsquo;enseignement sup\u00e9rieur. Il s&rsquo;agit de placer toutes ces productions<strong> sous licence \u00ab\u00a0Creative Commons\u00a0\u00bb<\/strong> \u00ab\u00a0<span style=\"color: #993366;\"><em>afin d\u2019\u00e9viter qu\u2019une entreprise ne les capte pour mieux les diffuser\u2026\u00a0et emp\u00eache les enseignants \u00e0 l\u2019origine de la cr\u00e9ation d\u2019en rester ma\u00eetres<\/em><\/span>\u00a0\u00bb. \u00a0La bonne id\u00e9e aurait \u00e9t\u00e9 d&rsquo;aller encore plus loin en pr\u00e9conisant de publier aussi sur <a href=\"https:\/\/fr.wikipedia.org\/wiki\/Wikip%C3%A9dia:Accueil_principal\" target=\"_blank\" rel=\"noopener noreferrer\">Wikip\u00e9dia<\/a>, comme le font d\u00e9j\u00e0 fort heureusement de nombreux chercheurs.<\/p>\n<p>Mais on ne va pas se plaindre. De mani\u00e8re \u00e9vidente, ce rapport contient, \u00e0 propos du num\u00e9rique, au contraire de certains autres \u00e0 qui on a malheureusement offert un meilleur \u00e9clairage, un grand nombre de propositions fort int\u00e9ressantes qui, si elles sont mises en \u0153uvre, risquent de bousculer quelque peu la routine et la tradition, en m\u00eame temps que de contraindre \u00e0 la modification de certaines postures.<\/p>\n<p>Et c&rsquo;est tant mieux.<\/p>\n<p>P.-S. On me souffle \u00e0 l&rsquo;oreille\u00a0\u2014\u00a0c&rsquo;est un avis particuli\u00e8rement autoris\u00e9\u00a0\u2014 que ce rapport \u00ab\u00a0<span style=\"color: #993366;\"><em>c&rsquo;est de l&rsquo;eau ti\u00e8de, le niveau z\u00e9ro de la r\u00e9flexion<\/em><\/span>\u00a0\u00bb, je cite. C&rsquo;est vraiment dommage, si c&rsquo;est vrai, je ne suis pas capable d&rsquo;en juger. Je vous assure\u00a0en revanche\u00a0que ce qui concerne le num\u00e9rique vaut d&rsquo;\u00eatre lu et entendu. Et mis en \u0153uvre.<\/p>\n<p>Michel Guillou\u00a0<a href=\"https:\/\/twitter.com\/michelguillou\" target=\"_blank\" rel=\"noopener noreferrer\">@michelguillou<\/a><\/p>\n<p><a href=\"http:\/\/creativecommons.org\/licenses\/by-nc-sa\/4.0\/\"><img loading=\"lazy\" decoding=\"async\" class=\"alignnone\" src=\"https:\/\/i.creativecommons.org\/l\/by-nc-sa\/2.0\/fr\/80x15.png\" alt=\"image\" width=\"80\" height=\"15\" \/><\/a><\/p>\n<p>Cr\u00e9dit photo :\u00a0<a href=\"https:\/\/pixabay.com\/fr\/users\/Eliens-227938\/\" target=\"_blank\" rel=\"noopener noreferrer\">Eliens<\/a> sous licence\u00a0CC0 Public Domain via <a href=\"http:\/\/pixabay.com\/\">Pixabay<\/a><\/p>\n<p>[cite]<\/p>\n","protected":false},"excerpt":{"rendered":"<p><strong><img loading=\"lazy\" decoding=\"async\" class=\"aligncenter size-full wp-image-3810\" src=\"http:\/\/www.culture-numerique.fr\/wp-content\/uploads\/2015\/09\/library-340997_1280.jpg\" alt=\"Biblioth\u00e8que universitaire\" width=\"1280\" height=\"720\" srcset=\"https:\/\/www.culture-numerique.fr\/wp-content\/uploads\/2015\/09\/library-340997_1280.jpg 1280w, https:\/\/www.culture-numerique.fr\/wp-content\/uploads\/2015\/09\/library-340997_1280-300x169.jpg 300w, https:\/\/www.culture-numerique.fr\/wp-content\/uploads\/2015\/09\/library-340997_1280-1024x576.jpg 1024w, https:\/\/www.culture-numerique.fr\/wp-content\/uploads\/2015\/09\/library-340997_1280-100x56.jpg 100w, https:\/\/www.culture-numerique.fr\/wp-content\/uploads\/2015\/09\/library-340997_1280-150x84.jpg 150w, https:\/\/www.culture-numerique.fr\/wp-content\/uploads\/2015\/09\/library-340997_1280-200x113.jpg 200w, https:\/\/www.culture-numerique.fr\/wp-content\/uploads\/2015\/09\/library-340997_1280-450x253.jpg 450w, https:\/\/www.culture-numerique.fr\/wp-content\/uploads\/2015\/09\/library-340997_1280-600x338.jpg 600w, https:\/\/www.culture-numerique.fr\/wp-content\/uploads\/2015\/09\/library-340997_1280-900x506.jpg 900w\" sizes=\"auto, (max-width: 1280px) 100vw, 1280px\" \/><\/strong><\/p>\n<p><strong>Le titre de ce billet est extrait d&rsquo;une<\/strong>\u00a0phrase du <a href=\"http:\/\/cache.media.enseignementsup-recherche.gouv.fr\/file\/STRANES\/12\/2\/STRANES_entier_bd_461122.pdf\" target=\"_blank\" rel=\"noopener noreferrer\">rapport<\/a> produit par le comit\u00e9\u00a0pour la Strat\u00e9gie nationale de l&rsquo;enseignement sup\u00e9rieur (StraNES). Sa pr\u00e9sidente l&rsquo;a\u00a0remis ce mardi 8 septembre dernier au pr\u00e9sident de la R\u00e9publique.<\/p>\n<p><span class=\"ellipsis\">&hellip;<\/span><\/p>\n<div class=\"read-more\"><a href=\"https:\/\/www.culture-numerique.fr\/?p=3807\">Lire la suite &#8250;<\/a><\/div>\n<p><!-- end of .read-more --><\/p>\n","protected":false},"author":1,"featured_media":3810,"comment_status":"open","ping_status":"open","sticky":false,"template":"","format":"standard","meta":{"jetpack_post_was_ever_published":false,"_jetpack_newsletter_access":"","_jetpack_dont_email_post_to_subs":true,"_jetpack_newsletter_tier_id":0,"_jetpack_memberships_contains_paywalled_content":false,"_jetpack_memberships_contains_paid_content":false,"footnotes":""},"categories":[9,20],"tags":[125,646,51,63,2,647,648],"class_list":["post-3807","post","type-post","status-publish","format-standard","has-post-thumbnail","hentry","category-billets-dhumeur","category-breves","tag-baccalaureat","tag-enseignement-superieur","tag-evaluation","tag-mooc","tag-numerique","tag-rapport-du-stranes","tag-societe-apprenante"],"jetpack_featured_media_url":"https:\/\/www.culture-numerique.fr\/wp-content\/uploads\/2015\/09\/library-340997_1280.jpg","jetpack_sharing_enabled":true,"_links":{"self":[{"href":"https:\/\/www.culture-numerique.fr\/index.php?rest_route=\/wp\/v2\/posts\/3807","targetHints":{"allow":["GET"]}}],"collection":[{"href":"https:\/\/www.culture-numerique.fr\/index.php?rest_route=\/wp\/v2\/posts"}],"about":[{"href":"https:\/\/www.culture-numerique.fr\/index.php?rest_route=\/wp\/v2\/types\/post"}],"author":[{"embeddable":true,"href":"https:\/\/www.culture-numerique.fr\/index.php?rest_route=\/wp\/v2\/users\/1"}],"replies":[{"embeddable":true,"href":"https:\/\/www.culture-numerique.fr\/index.php?rest_route=%2Fwp%2Fv2%2Fcomments&post=3807"}],"version-history":[{"count":28,"href":"https:\/\/www.culture-numerique.fr\/index.php?rest_route=\/wp\/v2\/posts\/3807\/revisions"}],"predecessor-version":[{"id":7905,"href":"https:\/\/www.culture-numerique.fr\/index.php?rest_route=\/wp\/v2\/posts\/3807\/revisions\/7905"}],"wp:featuredmedia":[{"embeddable":true,"href":"https:\/\/www.culture-numerique.fr\/index.php?rest_route=\/wp\/v2\/media\/3810"}],"wp:attachment":[{"href":"https:\/\/www.culture-numerique.fr\/index.php?rest_route=%2Fwp%2Fv2%2Fmedia&parent=3807"}],"wp:term":[{"taxonomy":"category","embeddable":true,"href":"https:\/\/www.culture-numerique.fr\/index.php?rest_route=%2Fwp%2Fv2%2Fcategories&post=3807"},{"taxonomy":"post_tag","embeddable":true,"href":"https:\/\/www.culture-numerique.fr\/index.php?rest_route=%2Fwp%2Fv2%2Ftags&post=3807"}],"curies":[{"name":"wp","href":"https:\/\/api.w.org\/{rel}","templated":true}]}}