{"id":3787,"date":"2015-09-09T16:08:45","date_gmt":"2015-09-09T14:08:45","guid":{"rendered":"http:\/\/www.culture-numerique.fr\/?p=3787"},"modified":"2015-09-10T10:40:06","modified_gmt":"2015-09-10T08:40:06","slug":"changement-de-tete-a-la-direction-du-numerique-educatif-faut-il-sen-inquieter","status":"publish","type":"post","link":"https:\/\/www.culture-numerique.fr\/?p=3787","title":{"rendered":"Changement de t\u00eate \u00e0 la Direction du Num\u00e9rique pour l&rsquo;\u00c9ducation\u00a0: faut-il s&rsquo;en inqui\u00e9ter\u00a0?"},"content":{"rendered":"<p><img loading=\"lazy\" decoding=\"async\" class=\"aligncenter size-full wp-image-3798\" src=\"http:\/\/www.culture-numerique.fr\/wp-content\/uploads\/2015\/09\/1280px-Minist\u00e8re_de_l\u00c9ducation_Nationale_-_Paris_-_2.jpg\" alt=\"MEN2\" width=\"1280\" height=\"960\" srcset=\"https:\/\/www.culture-numerique.fr\/wp-content\/uploads\/2015\/09\/1280px-Minist\u00e8re_de_l\u00c9ducation_Nationale_-_Paris_-_2.jpg 1280w, https:\/\/www.culture-numerique.fr\/wp-content\/uploads\/2015\/09\/1280px-Minist\u00e8re_de_l\u00c9ducation_Nationale_-_Paris_-_2-300x225.jpg 300w, https:\/\/www.culture-numerique.fr\/wp-content\/uploads\/2015\/09\/1280px-Minist\u00e8re_de_l\u00c9ducation_Nationale_-_Paris_-_2-1024x768.jpg 1024w, https:\/\/www.culture-numerique.fr\/wp-content\/uploads\/2015\/09\/1280px-Minist\u00e8re_de_l\u00c9ducation_Nationale_-_Paris_-_2-100x75.jpg 100w, https:\/\/www.culture-numerique.fr\/wp-content\/uploads\/2015\/09\/1280px-Minist\u00e8re_de_l\u00c9ducation_Nationale_-_Paris_-_2-150x113.jpg 150w, https:\/\/www.culture-numerique.fr\/wp-content\/uploads\/2015\/09\/1280px-Minist\u00e8re_de_l\u00c9ducation_Nationale_-_Paris_-_2-200x150.jpg 200w, https:\/\/www.culture-numerique.fr\/wp-content\/uploads\/2015\/09\/1280px-Minist\u00e8re_de_l\u00c9ducation_Nationale_-_Paris_-_2-450x338.jpg 450w, https:\/\/www.culture-numerique.fr\/wp-content\/uploads\/2015\/09\/1280px-Minist\u00e8re_de_l\u00c9ducation_Nationale_-_Paris_-_2-600x450.jpg 600w, https:\/\/www.culture-numerique.fr\/wp-content\/uploads\/2015\/09\/1280px-Minist\u00e8re_de_l\u00c9ducation_Nationale_-_Paris_-_2-900x675.jpg 900w\" sizes=\"auto, (max-width: 1280px) 100vw, 1280px\" \/><\/p>\n<p><strong>Le <a href=\"http:\/\/eduscol.education.fr\/cid92570\/mathieu-jeandron-nomme-directeur-du-numerique-pour-l-education.html\" target=\"_blank\">portail Eduscol confirme<\/a> ce matin<\/strong> la rumeur qui courait\u00a0: la premi\u00e8re directrice de la\u00a0Direction du Num\u00e9rique\u00a0pour l&rsquo;\u00c9ducation\u00a0au minist\u00e8re, celle que Vincent Peillon avait nomm\u00e9e pour en pr\u00e9parer la mise en place et l&rsquo;organisation, <a href=\"http:\/\/eduscol.education.fr\/pnf-lettres\/spip.php?article52\" target=\"_blank\">Catherine Becchetti-Bizot<\/a>, a \u00e9t\u00e9 d\u00e9barqu\u00e9e et remplac\u00e9e par son adjoint, <a href=\"https:\/\/twitter.com\/jeandronmathieu\" target=\"_blank\">Mathieu Jeandron<\/a>, hier encore DSI de l&rsquo;\u00c9ducation nationale.<\/p>\n<p>Ce dernier relaie sur Twitter l&rsquo;information du minist\u00e8re\u00a0:<\/p>\n<blockquote class=\"twitter-tweet\" data-width=\"550\" data-dnt=\"true\">\n<p lang=\"fr\" dir=\"ltr\"><a href=\"https:\/\/twitter.com\/JeandronMathieu?ref_src=twsrc%5Etfw\">@JeandronMathieu<\/a> nomm\u00e9 directeur du num\u00e9rique pour l&#39;\u00e9ducation sur proposition de <a href=\"https:\/\/twitter.com\/najatvb?ref_src=twsrc%5Etfw\">@najatvb<\/a> <a href=\"http:\/\/t.co\/XdQi1eWeyD\">http:\/\/t.co\/XdQi1eWeyD<\/a> <a href=\"http:\/\/t.co\/tkEOyhQJ0N\">pic.twitter.com\/tkEOyhQJ0N<\/a><\/p>\n<p>&mdash; \u00c9ducation Num\u00e9rique (@Edu_Num) <a href=\"https:\/\/twitter.com\/Edu_Num\/status\/641584618282582016?ref_src=twsrc%5Etfw\">September 9, 2015<\/a><\/p><\/blockquote>\n<p><script async src=\"https:\/\/platform.twitter.com\/widgets.js\" charset=\"utf-8\"><\/script><\/p>\n<h4>Que faut-il en penser\u00a0?<\/h4>\n<p>J&rsquo;avais dit, en son temps (1), que la nomination \u00e0 la t\u00eate de cette direction d&rsquo;une femme, inspectrice g\u00e9n\u00e9rale de lettres, d\u00e9j\u00e0 engag\u00e9e dans l&rsquo;\u00e9ducation aux m\u00e9dias, \u00e9tait un signe triplement prometteur. Depuis, elle a lanc\u00e9 un chantier tr\u00e8s complexe et tr\u00e8s lourd de refondation du num\u00e9rique \u00e9ducatif, en accompagnant, avec ses \u00e9quipes rue de Grenelle ou dans les acad\u00e9mies,\u00a0des choix politiques pour le moins confus mais avec sa vision toute personnelle, s&rsquo;engageant pour\u00a0promouvoir l&rsquo;acquisition par tous les personnels, cadres et enseignants, d&rsquo;une <strong>litt\u00e9ratie num\u00e9rique globale<\/strong>. De la m\u00eame fa\u00e7on, elle a travaill\u00e9 \u00e0 changer au fond et patiemment un syst\u00e8me tr\u00e8s verrouill\u00e9 et, sous bien des aspects, d\u00e9finitivement obsol\u00e8te et incapable de s&rsquo;adapter \u00e0 ce monde num\u00e9rique en marche, malgr\u00e9 l&rsquo;\u00e9lan donn\u00e9 par l&rsquo;engagement des jeunes.<\/p>\n<p>Son engagement \u00e0 elle faisait plaisir \u00e0 voir. J&rsquo;avais commenc\u00e9 un billet pour critiquer, de mani\u00e8re tr\u00e8s pond\u00e9r\u00e9e et plut\u00f4t positive, les r\u00e9centes orientations prises en mati\u00e8re de formation. Je le finirai plus tard, il n&rsquo;y a pas urgence, mais il suffit de l&rsquo;\u00e9couter \u00e9voquer les points forts de ce chantier dans <a href=\"https:\/\/youtu.be\/B8_-5v7QxvI\" target=\"_blank\">une r\u00e9cente vid\u00e9o<\/a> pour comprendre sa d\u00e9termination et son courage.<\/p>\n<p>\u00c0 l&rsquo;\u00e9vidence, elle a d\u00fb devoir r\u00e9sister, au minist\u00e8re, \u00e0 la pression de nombreux lobbys, dans et surtout hors l&rsquo;institution, plus influents les uns que les autres. Je fais le pari que c&rsquo;est, en partie, la raison de son \u00e9chec. J&rsquo;y reviendrai plus en d\u00e9tails, sans doute, mais les attaques honteuses dont elle a pr\u00e9c\u00e9demment fait l&rsquo;objet, en certains lieux\u00a0\u2014\u00a0je pense \u00e0 une audition devant le Parlement\u00a0\u2014 comme l&rsquo;incompr\u00e9hension de certains de ses partenaires\u00a0\u2014\u00a0et l\u00e0 je pense en particulier au nouveau Conseil sup\u00e9rieur des programmes qui n&rsquo;a pas compris grand chose au num\u00e9rique, \u00e9ducatif ou pas\u00a0\u2014 n&rsquo;ont sans doute pas permis qu&rsquo;elle puisse continuer davantage.<\/p>\n<p>C&rsquo;est dommage. Je lui souhaite ce qu&rsquo;il y a de mieux pour la suite de sa carri\u00e8re.<\/p>\n<h4><strong>Et maintenant\u00a0?<\/strong><\/h4>\n<p>Je ne veux rien supposer <em>a priori<\/em>. Je ne connais pas Mathieu Jeandron. Il est jeune et ne provient pas du s\u00e9rail et ce sont sans doute l\u00e0 deux avantages. Je lui souhaite aussi tout ce qu&rsquo;il y a de meilleur. Cela dit, j&rsquo;accorde plus d&rsquo;importance \u00e0 ce que va devenir le num\u00e9rique \u00e9ducatif, aux orientations qui seront prises, qu&rsquo;\u00e0 sa propre personne. Il ne devrait pas m&rsquo;en vouloir.<\/p>\n<p>Mais certaines questions se posent qui laissent planer, comme je l&rsquo;ai dit, des inqui\u00e9tudes\u00a0:<\/p>\n<blockquote class=\"twitter-tweet\" data-width=\"550\" data-dnt=\"true\">\n<p lang=\"fr\" dir=\"ltr\">Si cette info est v\u00e9rifi\u00e9e <a href=\"http:\/\/t.co\/xbK417tOyz\">http:\/\/t.co\/xbK417tOyz<\/a> elle n&#39;augure rien de bon pour le num\u00e9rique \u00e9ducatif <a href=\"https:\/\/twitter.com\/hashtag\/EcoleNumerique?src=hash&amp;ref_src=twsrc%5Etfw\">#EcoleNumerique<\/a> <a href=\"https:\/\/twitter.com\/hashtag\/MauvaisSignal?src=hash&amp;ref_src=twsrc%5Etfw\">#MauvaisSignal<\/a><\/p>\n<p>&mdash; Michel Guillou \ud83c\udf31 (@michelguillou) <a href=\"https:\/\/twitter.com\/michelguillou\/status\/641546084901367808?ref_src=twsrc%5Etfw\">September 9, 2015<\/a><\/p><\/blockquote>\n<p><script async src=\"https:\/\/platform.twitter.com\/widgets.js\" charset=\"utf-8\"><\/script><\/p>\n<p>Nommer \u00e0 la t\u00eate d&rsquo;un service cens\u00e9 coordonner les chantiers relatifs \u00e0 la mise en \u0153uvre du num\u00e9rique dans les classes avec ceux relatifs aux syst\u00e8mes d&rsquo;information de ce grand minist\u00e8re, quelqu&rsquo;un qui prenait en charge pr\u00e9c\u00e9demment ce deuxi\u00e8me chantier, ne serait-ce pas prendre le risque de subordonner l&rsquo;un \u00e0 l&rsquo;autre et de mettre la p\u00e9dagogie au service de l&rsquo;informatique, au contraire du bon sens\u00a0?<\/p>\n<p>Mathieu Jeandron saura-t-il, pourra-t-il, r\u00e9sister aux lobbys tr\u00e8s puissants qui arpentent les cabinets verniss\u00e9s du minist\u00e8re ou de la pr\u00e9sidence\u00a0? Je pense aux\u00a0grands groupes industriels, Apple, Google, Microsoft\u2026 qui lancent une offensive sans pr\u00e9c\u00e9dent sur les march\u00e9s \u00e9ducatifs, en France comme ailleurs. Je pense encore \u00e0 certains d\u00e9lires n\u00e9o-obscurantistes\u00a0\u2014\u00a0je persiste et je signe\u00a0:<\/p>\n<blockquote><p>\u00ab\u00a0Ceux qui tentent de nous faire prendre des vessies pour des lanternes et, par exemple, l\u2019enseignement du code \u2014 lequel, d\u2019ailleurs ? \u2014 pour l\u2019\u00e9ducation au num\u00e9rique.\u00a0\u00bb<\/p><\/blockquote>\n<p>Notre nouveau directeur saura-t-il r\u00e9sister \u00e0 l&rsquo;incommensurable inertie qui p\u00e8se sur ce minist\u00e8re\u00a0? Saura-t-il, lui qui n&rsquo;est pas un p\u00e9dagogue, peser sur les mutations p\u00e9dagogiques et \u00e9ducatives n\u00e9cessaires ? Pourra-t-il \u00eatre un interlocuteur l\u00e9gitime du\u00a0CSP (programmes), de\u00a0l&rsquo;Inspection g\u00e9n\u00e9rale, de\u00a0la DGESCO (je pense aux examens), des\u00a0ESPE (formation initiale) o\u00f9 il y tant \u00e0 faire, des\u00a0recteurs et directeurs des services d\u00e9partementaux\u00a0?<\/p>\n<p>L\u00e0, j&rsquo;ai comme un doute. Il ne demande qu&rsquo;\u00e0 \u00eatre lev\u00e9.<\/p>\n<p>Michel Guillou\u00a0<a href=\"https:\/\/twitter.com\/michelguillou\" target=\"_blank\">@michelguillou<\/a><\/p>\n<p><a href=\"http:\/\/creativecommons.org\/licenses\/by-nc-sa\/2.0\/fr\/\" target=\"_blank\"><img loading=\"lazy\" decoding=\"async\" src=\"http:\/\/i1.wp.com\/i.creativecommons.org\/l\/by-nc-sa\/2.0\/fr\/80x15.png?zoom=1.5&amp;resize=80%2C15\" srcset=\"http:\/\/i1.wp.com\/i.creativecommons.org\/l\/by-nc-sa\/2.0\/fr\/80x15.png?zoom=1.5&amp;resize=80%2C15\" alt=\"image\" width=\"80\" height=\"15\" \/><\/a><\/p>\n<p>Photo par Peter17 (Own work) [<a href=\"http:\/\/www.gnu.org\/copyleft\/fdl.html\">GFDL<\/a> or <a href=\"http:\/\/creativecommons.org\/licenses\/by\/3.0\">CC BY 3.0<\/a>], <a href=\"https:\/\/commons.wikimedia.org\/wiki\/File%3AMinist%C3%A8re_de_l'%C3%89ducation_Nationale_-_Paris_-_2.jpg\">via Wikimedia Commons<\/a><\/p>\n<ol>\n<li>Enfin la l\u00e9gitimit\u00e9 pour la direction du num\u00e9rique \u00e9ducatif <a href=\"http:\/\/www.culture-numerique.fr\/?p=663\" target=\"_blank\">http:\/\/www.culture-numerique.fr\/?p=663<\/a><\/li>\n<\/ol>\n","protected":false},"excerpt":{"rendered":"<p><img loading=\"lazy\" decoding=\"async\" class=\"aligncenter size-full wp-image-3798\" src=\"http:\/\/www.culture-numerique.fr\/wp-content\/uploads\/2015\/09\/1280px-Minist\u00e8re_de_l\u00c9ducation_Nationale_-_Paris_-_2.jpg\" alt=\"MEN2\" width=\"1280\" height=\"960\" srcset=\"https:\/\/www.culture-numerique.fr\/wp-content\/uploads\/2015\/09\/1280px-Minist\u00e8re_de_l\u00c9ducation_Nationale_-_Paris_-_2.jpg 1280w, https:\/\/www.culture-numerique.fr\/wp-content\/uploads\/2015\/09\/1280px-Minist\u00e8re_de_l\u00c9ducation_Nationale_-_Paris_-_2-300x225.jpg 300w, https:\/\/www.culture-numerique.fr\/wp-content\/uploads\/2015\/09\/1280px-Minist\u00e8re_de_l\u00c9ducation_Nationale_-_Paris_-_2-1024x768.jpg 1024w, https:\/\/www.culture-numerique.fr\/wp-content\/uploads\/2015\/09\/1280px-Minist\u00e8re_de_l\u00c9ducation_Nationale_-_Paris_-_2-100x75.jpg 100w, https:\/\/www.culture-numerique.fr\/wp-content\/uploads\/2015\/09\/1280px-Minist\u00e8re_de_l\u00c9ducation_Nationale_-_Paris_-_2-150x113.jpg 150w, https:\/\/www.culture-numerique.fr\/wp-content\/uploads\/2015\/09\/1280px-Minist\u00e8re_de_l\u00c9ducation_Nationale_-_Paris_-_2-200x150.jpg 200w, https:\/\/www.culture-numerique.fr\/wp-content\/uploads\/2015\/09\/1280px-Minist\u00e8re_de_l\u00c9ducation_Nationale_-_Paris_-_2-450x338.jpg 450w, https:\/\/www.culture-numerique.fr\/wp-content\/uploads\/2015\/09\/1280px-Minist\u00e8re_de_l\u00c9ducation_Nationale_-_Paris_-_2-600x450.jpg 600w, https:\/\/www.culture-numerique.fr\/wp-content\/uploads\/2015\/09\/1280px-Minist\u00e8re_de_l\u00c9ducation_Nationale_-_Paris_-_2-900x675.jpg 900w\" sizes=\"auto, (max-width: 1280px) 100vw, 1280px\" \/><\/p>\n<p><strong>Le <a href=\"http:\/\/eduscol.education.fr\/cid92570\/mathieu-jeandron-nomme-directeur-du-numerique-pour-l-education.html\" target=\"_blank\">portail Eduscol confirme<\/a> ce matin<\/strong> la rumeur qui courait\u00a0: la premi\u00e8re directrice de la\u00a0Direction du Num\u00e9rique\u00a0pour l&rsquo;\u00c9ducation\u00a0au minist\u00e8re, celle que Vincent Peillon avait nomm\u00e9e pour en pr\u00e9parer la mise en place et l&rsquo;organisation,<\/p>\n<p><span class=\"ellipsis\">&hellip;<\/span><\/p>\n<div class=\"read-more\"><a href=\"https:\/\/www.culture-numerique.fr\/?p=3787\">Lire la suite &#8250;<\/a><\/div>\n<p><!-- end of .read-more --><\/p>\n","protected":false},"author":1,"featured_media":3798,"comment_status":"open","ping_status":"open","sticky":false,"template":"","format":"standard","meta":{"jetpack_post_was_ever_published":false,"_jetpack_newsletter_access":"","_jetpack_dont_email_post_to_subs":false,"_jetpack_newsletter_tier_id":0,"_jetpack_memberships_contains_paywalled_content":false,"_jetpack_memberships_contains_paid_content":false,"footnotes":""},"categories":[20],"tags":[399,84,114,645,322,4],"class_list":["post-3787","post","type-post","status-publish","format-standard","has-post-thumbnail","hentry","category-breves","tag-catherine-becchetti-bizot","tag-dne","tag-education-numerique","tag-mathieu-jeandron","tag-ministere","tag-numerique-educatif"],"jetpack_featured_media_url":"https:\/\/www.culture-numerique.fr\/wp-content\/uploads\/2015\/09\/1280px-Minist\u00e8re_de_l\u00c9ducation_Nationale_-_Paris_-_2.jpg","jetpack_sharing_enabled":true,"_links":{"self":[{"href":"https:\/\/www.culture-numerique.fr\/index.php?rest_route=\/wp\/v2\/posts\/3787","targetHints":{"allow":["GET"]}}],"collection":[{"href":"https:\/\/www.culture-numerique.fr\/index.php?rest_route=\/wp\/v2\/posts"}],"about":[{"href":"https:\/\/www.culture-numerique.fr\/index.php?rest_route=\/wp\/v2\/types\/post"}],"author":[{"embeddable":true,"href":"https:\/\/www.culture-numerique.fr\/index.php?rest_route=\/wp\/v2\/users\/1"}],"replies":[{"embeddable":true,"href":"https:\/\/www.culture-numerique.fr\/index.php?rest_route=%2Fwp%2Fv2%2Fcomments&post=3787"}],"version-history":[{"count":16,"href":"https:\/\/www.culture-numerique.fr\/index.php?rest_route=\/wp\/v2\/posts\/3787\/revisions"}],"predecessor-version":[{"id":3805,"href":"https:\/\/www.culture-numerique.fr\/index.php?rest_route=\/wp\/v2\/posts\/3787\/revisions\/3805"}],"wp:featuredmedia":[{"embeddable":true,"href":"https:\/\/www.culture-numerique.fr\/index.php?rest_route=\/wp\/v2\/media\/3798"}],"wp:attachment":[{"href":"https:\/\/www.culture-numerique.fr\/index.php?rest_route=%2Fwp%2Fv2%2Fmedia&parent=3787"}],"wp:term":[{"taxonomy":"category","embeddable":true,"href":"https:\/\/www.culture-numerique.fr\/index.php?rest_route=%2Fwp%2Fv2%2Fcategories&post=3787"},{"taxonomy":"post_tag","embeddable":true,"href":"https:\/\/www.culture-numerique.fr\/index.php?rest_route=%2Fwp%2Fv2%2Ftags&post=3787"}],"curies":[{"name":"wp","href":"https:\/\/api.w.org\/{rel}","templated":true}]}}