{"id":375,"date":"2013-01-22T09:37:34","date_gmt":"2013-01-22T07:37:34","guid":{"rendered":"http:\/\/www.culture-numerique.fr\/?p=375"},"modified":"2017-12-23T20:59:54","modified_gmt":"2017-12-23T19:59:54","slug":"egalite-pour-leducation-vers-le-tres-haut-debit","status":"publish","type":"post","link":"https:\/\/www.culture-numerique.fr\/?p=375","title":{"rendered":"\u00c9galit\u00e9 pour l\u2019\u00e9ducation : vers le tr\u00e8s haut d\u00e9bit ?"},"content":{"rendered":"<p style=\"text-align: center;\"><a href=\"http:\/\/www.culture-numerique.fr\/wp-content\/uploads\/2014\/04\/medium_2775387157.jpg\"><img loading=\"lazy\" decoding=\"async\" class=\"wp-image-376 aligncenter\" src=\"http:\/\/www.culture-numerique.fr\/wp-content\/uploads\/2014\/04\/medium_2775387157.jpg\" alt=\"Compteurs\" width=\"835\" height=\"626\" srcset=\"https:\/\/www.culture-numerique.fr\/wp-content\/uploads\/2014\/04\/medium_2775387157.jpg 500w, https:\/\/www.culture-numerique.fr\/wp-content\/uploads\/2014\/04\/medium_2775387157-300x225.jpg 300w, https:\/\/www.culture-numerique.fr\/wp-content\/uploads\/2014\/04\/medium_2775387157-100x75.jpg 100w, https:\/\/www.culture-numerique.fr\/wp-content\/uploads\/2014\/04\/medium_2775387157-150x112.jpg 150w, https:\/\/www.culture-numerique.fr\/wp-content\/uploads\/2014\/04\/medium_2775387157-200x150.jpg 200w, https:\/\/www.culture-numerique.fr\/wp-content\/uploads\/2014\/04\/medium_2775387157-450x337.jpg 450w\" sizes=\"auto, (max-width: 835px) 100vw, 835px\" \/><\/a><\/p>\n<p><strong>Pas plus tard que la semaine derni\u00e8re<\/strong>, le 18 janvier exactement, le minist\u00e8re annon\u00e7ait, dans un\u00a0<a href=\"http:\/\/www.education.gouv.fr\/cid66831\/signature-d-une-convention-avec-la-caisse-des-depots-pour-developper-le-tres-haut-debit-et-les-usages-numeriques-a-l-ecole.html\" target=\"_blank\" rel=\"noopener\">communiqu\u00e9 de presse<\/a>, la signature d\u2019une\u00a0<a href=\"http:\/\/cache.media.education.gouv.fr\/file\/01_Janvier\/97\/7\/Convention_MEN_CDC_238977.pdf\" target=\"_blank\" rel=\"noopener\">convention<\/a>\u00a0avec la Caisse des D\u00e9p\u00f4ts et Consignations. Celle-ci a un objectif double\u00a0: \u00ab\u00a0Le d\u00e9ploiement du tr\u00e8s haut d\u00e9bit et le renforcement des usages num\u00e9riques dans les \u00e9coles\u00a0\u00bb.<\/p>\n<h3><strong>Ce communiqu\u00e9 de presse m\u00e9rite tout d\u2019abord une lecture attentive<\/strong><\/h3>\n<p>Il s\u2019agit d\u2019abord, nous dit le ministre, d\u2019\u00ab\u00a0<em>accompagner les collectivit\u00e9s, et plus particuli\u00e8rement les communes, \u00e0 s\u2019\u00e9quiper et \u00e0 se doter des services num\u00e9riques indispensables \u00e0 l\u2019\u00e9cole de demain<\/em>\u00a0\u00bb.\u00a0Fort bien, il n\u2019y a rien l\u00e0 \u00e0 redire. On voit bien o\u00f9 le minist\u00e8re veut faire porter son premier effort. On peut discuter de la cible pr\u00e9f\u00e9rentielle choisie mais \u00e7a se tient.<\/p>\n<p>Le ministre note tout d\u2019abord que \u00ab\u00a0<em>p<\/em><em>enser l\u2019avenir et promouvoir le d\u00e9veloppement des usages dans les classes qui exploitent toutes les potentialit\u00e9s du num\u00e9rique passent d\u00e9sormais par le d\u00e9ploiement du tr\u00e8s haut d\u00e9bit<\/em>\u00a0\u00bb. Pour ma part, j\u2019aurais plut\u00f4t propos\u00e9 l\u2019inverse, c\u2019est \u00e0 dire que penser l\u2019avenir et promouvoir les usages num\u00e9riques passent par le tr\u00e8s haut d\u00e9bit comme<strong>condition<\/strong>\u00a0\u00e0 l\u2019exploitation\u00a0\u2014 j\u2019aurais plus volontiers parl\u00e9 d\u2019\u00ab\u00a0expression\u00a0\u00bb \u2014 des potentialit\u00e9s du num\u00e9rique. Une simple inversion qui d\u00e9note tout de m\u00eame, \u00e0 mon avis, une l\u00e9g\u00e8re mais\u00a0symptomatique\u00a0incompr\u00e9hension des enjeux forts li\u00e9s au tr\u00e8s haut d\u00e9bit.<\/p>\n<p>Ce communiqu\u00e9 se continue ensuite par une d\u00e9claration de principe\u00a0: les Espaces num\u00e9riques de travail ou ENT auraient permis la massification et l\u2019intensification des usages. Le conditionnel est de moi. On comprend pourquoi un tel pr\u00e9suppos\u00e9 quand on sait quelle part centrale a pris\u00a0sur ce chantier des ENT, depuis le d\u00e9but de ce mill\u00e9naire, la Caisse des D\u00e9p\u00f4ts et Consignations cosignataire de cette convention. Il est en effet difficile de lui dire tout de go que, pour l\u2019essentiel, dix ans apr\u00e8s, \u00e7a ne marche pas, que les collectivit\u00e9s territoriales, laiss\u00e9es \u00e0 l\u2019abandon pour n\u00e9gocier des march\u00e9s mal ficel\u00e9s avec des op\u00e9rateurs ignorants des besoins de l\u2019\u00e9cole, ont mis en place des outils peu ergonomiques, bogu\u00e9s, qui ne rendent aucun des services attendus dans des conditions qui permettent r\u00e9ellement de s\u2019en servir. Il est \u00e9galement difficile de dire que le minist\u00e8re n\u2019a pas pris, lui non plus, aux c\u00f4t\u00e9s des collectivit\u00e9s, la mesure de l\u2019accompagnement n\u00e9cessaire de tous les personnels et, en premier lieu, de l\u2019accompagnement de l\u2019encadrement au changement et \u00e0 de nouvelles formes de pilotage. Enfin, il est difficile de dire que les statistiques qui montrent un usage fort sont fausses car largement sur\u00e9valu\u00e9es. J\u2019y reviendrai dans un autre billet, bien s\u00fbr, car \u00e7a m\u00e9rite d\u00e9veloppement.<\/p>\n<p>La fin de ce paragraphe est rigolote qui parle d\u2019acc\u00e9der ainsi plus ais\u00e9ment aux ressources p\u00e9dagogiques \u2014 o\u00f9 sont-elles\u00a0? quelles sont-elles\u00a0? voir\u00a0<a href=\"http:\/\/gingko.neottia.net\/post\/31456111896\/stocker-cest-confisquer\" target=\"_blank\" rel=\"noopener\">ce que je pense<\/a>\u00a0d\u2019une logique de stock sans avenir \u2014 de mani\u00e8re plus s\u00e9curis\u00e9e (!) et d\u2019attendre ainsi des solutions du c\u00f4t\u00e9 de la \u00ab\u00a0fili\u00e8re du num\u00e9rique \u00e9ducatif\u00a0\u00bb. Vous savez, il s\u2019agit d\u2019un de ces lobbys dont je\u00a0<a href=\"http:\/\/gingko.neottia.net\/post\/40290455006\/numerique-educatif-5-bonnes-idees-pour-le-ministre\" target=\"_blank\" rel=\"noopener\">disais r\u00e9cemment<\/a>\u00a0qu\u2019il convenait de leur pr\u00eater une oreille tr\u00e8s distraite pour avancer efficacement sur les objectifs de l\u2019\u00e9cole num\u00e9rique\u2026<\/p>\n<p>Loin, tr\u00e8s loin m\u00eame, d\u2019avoir massifi\u00e9 et intensifi\u00e9 les usages\u00a0num\u00e9riques, les ENT ont, le plus souvent\u00a0\u2014 il y a bien s\u00fbr des exceptions\u00a0\u2014, contribu\u00e9 \u00e0 freiner les usages existants ou naissants et, parfois m\u00eame, \u00e0 d\u00e9courager pour de bon professeurs, \u00e9l\u00e8ves et parents et mettre des carcans et des freins l\u00e0 o\u00f9 ces derniers esp\u00e9raient de l\u2019autonomie et la libert\u00e9 des \u00e9changes.<\/p>\n<h3><strong>Venons-en maintenant \u00e0 cette convention si importante, pourtant<\/strong><\/h3>\n<p>Oui, ce texte est avant tout essentiel parce que, pour la premi\u00e8re fois \u00e0 ma connaissance,\u00a0<strong>il affirme la priorit\u00e9, condition\u00a0<\/strong><strong>de l\u2019\u00e9galit\u00e9 et\u00a0<\/strong><strong>de la r\u00e9ussite, du tr\u00e8s haut d\u00e9bit.\u00a0<\/strong><\/p>\n<p>Pourtant, d\u00e8s les premi\u00e8res lignes, il suscite un certain nombre d\u2019interrogations ou de questionnements\u00a0:<\/p>\n<ul>\n<li>Pourquoi cette convention ne porte-t-elle que sur une p\u00e9riode de 3 ans, de 2013 \u00e0 2016\u00a0? Les partenaires pensent-ils s\u00e9rieusement que le d\u00e9ploiement du tr\u00e8s haut d\u00e9bit sera op\u00e9rationnel dans toutes les \u00e9coles de France dans 3 ans\u00a0?<\/li>\n<li>Pourquoi ce titre gadget et anglol\u00e2tre de \u00ab\u00a0e-\u00e9ducation\u00a0\u00bb\u00a0? Le fran\u00e7ais est-il une langue si pauvre et d\u00e9test\u00e9e des \u00e9lites du minist\u00e8re qu\u2019ils en soient \u00e0 pr\u00e9f\u00e9rer cette appellation absconse au joli mot d\u2019\u00e9ducation num\u00e9rique\u00a0?<\/li>\n<li>Pourquoi la CDC fonde-t-elle son engagement dans la continuit\u00e9 de celui qu\u2019elle a port\u00e9 ces dix derni\u00e8res ann\u00e9es pour les ENT avec le succ\u00e8s si t\u00e9nu que l\u2019on sait et que je viens de rappeler\u00a0? Est-ce sa mani\u00e8re d\u2019anticiper l\u2019\u00e9chec\u00a0?<\/li>\n<\/ul>\n<p>Pourtant, les convictions affich\u00e9es dans ce protocole sont porteuses de valeurs fortes et d\u2019espoirs. Il convient de les rappeler\u00a0:<\/p>\n<blockquote>\n<div>\n<div>\n<div>\n<div>\n<div>\n<div>\n<div>\u00ab\u00a0&#8211;\u00a0<em>Donner \u00e0 chaque jeune et chaque famille un service public de l\u2019enseignement num\u00e9rique de qualit\u00e9\u00a0;<br \/>\n<\/em><em>&#8211; Promouvoir le partenariat entre l\u2019\u00c9tat et les collectivit\u00e9s locales sur les questions d\u2019\u00e9ducation num\u00e9rique en France\u00a0;<br \/>\n<\/em><em>&#8211; Mutualiser les avanc\u00e9es tout en respectant la diversit\u00e9 et la richesse des approches territoriales\u00a0;<br \/>\n<\/em><em>&#8211; S\u2019inscrire dans le long terme pour diffuser l\u2019innovation permise gr\u00e2ce aux nouvelles technologies sur l\u2019ensemble du territoire, et contribuer ainsi \u00e0 l\u2019\u00e9conomie de la connaissance.<\/em>\u00a0\u00bb<\/div>\n<\/div>\n<\/div>\n<\/div>\n<\/div>\n<\/div>\n<\/div>\n<\/blockquote>\n<h3><strong>Quels sont les grands axes de ce protocole de partenariat\u00a0?<\/strong><\/h3>\n<ul>\n<li><strong>Premier projet\u00a0: connecter toutes les \u00e9coles et \u00e9tablissement au tr\u00e8s haut d\u00e9bit.<\/strong><\/li>\n<\/ul>\n<p>Ce sujet vient \u00e0 point \u00e0 qui sait attendre.<\/p>\n<p>La situation est catastrophique. Je ne veux m\u00eame pas parler des \u00e9coles dont les professeurs s\u2019essaient comme ils le peuvent \u00e0 l\u2019\u00e9ducation num\u00e9rique dans un vrai d\u00e9sert \u00e9ponyme. Ils valident le B2I, par exemple, dont je rappelle que le premier I vaut pour \u00ab\u00a0Informatique\u00a0\u00bb \u2014 on se demande bien pourquoi, les usages num\u00e9riques n\u2019ayant que peu de rapport avec cette science du num\u00e9rique \u2014 et le deuxi\u00e8me pour \u00ab\u00a0Internet\u00a0\u00bb dont bien des \u00e9coles sont encore d\u00e9pourvues.<\/p>\n<p>Ce chantier du tr\u00e8s haut d\u00e9bit, dont il semble que seule la Caisse des D\u00e9p\u00f4ts et Consignations soit capable de le prendre en charge et de coordonner l\u2019action de toutes les parties, est essentiel. Fondamental.\u00a0<strong>C\u2019est la condition\u00a0<em>sine qua non<\/em>\u00a0de la r\u00e9ussite du num\u00e9rique \u00e9ducatif.<\/strong>\u00a0\u00c0 l\u2019heure o\u00f9\u00a0l\u2019Internet\u00a0et ses ressources num\u00e9riques en ligne apparaissent constituer un\u00a0<strong>bien commun<\/strong>, n\u00e9cessaire au travail, \u00e0 l\u2019exercice de la citoyennet\u00e9 et bient\u00f4t, peut-\u00eatre demain, \u00e0 l\u2019\u00e9cole, l\u2019\u00c9tat a pour premi\u00e8re mission de garantir de mani\u00e8re \u00e9galitaire l\u2019acc\u00e8s de tous \u00e0 Internet. Par ailleurs, il est absolument indispensable d\u2019offrir \u00e0 tous les enseignements le n\u00e9cessaire confort technique dont ils ont besoin. La lenteur d\u00e9sesp\u00e9rante des acc\u00e8s a \u00e9t\u00e9, ces derni\u00e8res ann\u00e9es, une des principales raisons de l\u2019abandon de nombre d\u2019usages num\u00e9riques.<\/p>\n<p>Le d\u00e9veloppement des \u00e9changes des professeurs, entre eux mais aussi avec les \u00e9l\u00e8ves et leurs parents, \u00e9changes qui s\u2019op\u00e8rent certes parfois via des ENT mais aussi, bien souvent encore, par d\u2019autres dispositifs applicatifs, est conditionn\u00e9 de m\u00eame \u00e0 la largeur des tuyaux, seule \u00e0 m\u00eame de faciliter ce d\u00e9veloppement et ces relations, \u00e0 tous les moments de la journ\u00e9e.<\/p>\n<p>Mais parlons technique. J\u2019avais d\u00e9j\u00e0 \u00e9voqu\u00e9 \u00e7a\u00a0<a href=\"http:\/\/gingko.neottia.net\/post\/39040451064\/si-ce-netaient-pas-les-fetes\" target=\"_blank\" rel=\"noopener\">dans ce billet<\/a>\u00a0: C\u00e9cile Duflot,\u00a0ministre de l\u2019\u00e9galit\u00e9 des territoires et du logement,\u00a0fixait comme objectif, r\u00e9cemment,\u00a0un acc\u00e8s pour tous \u00e0 un \u00ab\u00a0bon d\u00e9bit\u00a0\u00bb de 3 \u00e0 5\u00a0Mb\/s d\u2019ici 5 ans\u00a0! J\u2019avais d\u00e9j\u00e0 dit que ce d\u00e9bit, propos\u00e9 aux familles, \u00e9tait d\u00e9j\u00e0 tr\u00e8s insuffisant dans ce seul cadre. L\u2019objectif, pour l\u2019\u00e9ducation, doit \u00eatre tr\u00e8s largement sup\u00e9rieur dans 5 ans, les 3 ans de la dure de validit\u00e9 du protocole ne suffisant pas. Tr\u00e8s\u00a0raisonnablement\u00a0 \u00e0 ce terme, il faut penser pour les \u00e9coles \u00e0 des d\u00e9bits de plus de 10\u00a0Mb\/s, pour les coll\u00e8ges \u00e0 des d\u00e9bits de plusieurs dizaines de Mb\/s et \u00e0 au moins 100\u00a0Mb\/s dans les lyc\u00e9es, en particulier les lyc\u00e9es professionnels.<\/p>\n<p><strong>En-de\u00e7\u00e0 de ces objectifs, il ne peut s\u2019agir de tr\u00e8s haut d\u00e9bit\u00a0!<\/strong><\/p>\n<p>Un autre point qui n\u2019est pas \u00e9voqu\u00e9\u00a0: l\u2019Internet fourni aux \u00e9tablissement doit \u00eatre neutre, quitte \u00e0 donner aux \u00e9quipes \u00e9ducatives les moyens de d\u00e9cider, si besoin, du filtrage qui convient.<\/p>\n<ul>\n<li><strong>Deuxi\u00e8me projet\u00a0: pr\u00e9parer l\u2019\u00e9cole num\u00e9rique du 1er degr\u00e9 pour tous, avec les collectivit\u00e9s concern\u00e9es<\/strong><\/li>\n<\/ul>\n<p>Il fallait bien commencer et le retard du premier degr\u00e9 est si important, en effet, que c\u2019est peut-\u00eatre une bonne id\u00e9e, en effet, de mener d\u2019abord ce projet avec la CDC. Par ailleurs,\u00a0le d\u00e9fi s\u2019av\u00e8re tr\u00e8s compliqu\u00e9, car ce sont bien des milliers, 24\u00a0000 petites collectivit\u00e9s territoriales, les communes, si diff\u00e9rentes les unes que les autres, que la CDC et l\u2019\u00c9tat vont voir venir s\u2019asseoir \u00e0 la table des n\u00e9gociations.<\/p>\n<p>Le projet pr\u00e9sent\u00e9 semble coh\u00e9rent. Il semble aller bien au-del\u00e0 du\u00a0<a href=\"http:\/\/eduscol.education.fr\/cid56257\/ecole-numerique-rurale.html\" target=\"_blank\" rel=\"noopener\">plan ENR<\/a>\u00a0pour conduire \u00e0 une g\u00e9n\u00e9ralisation des \u00e9quipements, tout en mutualisant les personnels techniques et les moyens.<\/p>\n<p>Je crains toutefois que l\u2019effort ne porte que sur un d\u00e9corum technique de mat\u00e9riels sophistiqu\u00e9s et de services en ligne\u00a0\u2014 la CDC appuie l\u2019ENT du 1er degr\u00e9 \u2014 sans se pr\u00e9occuper, comme on le verra aussi pour le point suivant qui concerne les coll\u00e8ges, de la n\u00e9cessaire modernisation de l\u2019architecture et, de mani\u00e8re plus \u00e9vidente au premier degr\u00e9, de la r\u00e9forme des rythmes scolaires et contenus et s\u00e9quences d\u2019enseignement, bien au-del\u00e0 de celle qu\u2019on nous pr\u00e9pare en ce moment et qui suscite d\u00e9j\u00e0 tant d\u2019inqui\u00e9tudes.<\/p>\n<p>L\u00e0 encore, il conviendra pour l\u2019\u00c9tat de fixer les r\u00e8gles du jeu, faute de quoi il subira les diktats des lobbys de tout poil.<\/p>\n<p><a href=\"http:\/\/www.culture-numerique.fr\/wp-content\/uploads\/2014\/04\/medium_6246684191.jpg\"><img loading=\"lazy\" decoding=\"async\" class=\"size-medium wp-image-377 alignright\" src=\"http:\/\/www.culture-numerique.fr\/wp-content\/uploads\/2014\/04\/medium_6246684191-300x168.jpg\" alt=\"Coll\u00e8ge\" width=\"300\" height=\"168\" srcset=\"https:\/\/www.culture-numerique.fr\/wp-content\/uploads\/2014\/04\/medium_6246684191-300x168.jpg 300w, https:\/\/www.culture-numerique.fr\/wp-content\/uploads\/2014\/04\/medium_6246684191-100x56.jpg 100w, https:\/\/www.culture-numerique.fr\/wp-content\/uploads\/2014\/04\/medium_6246684191-150x84.jpg 150w, https:\/\/www.culture-numerique.fr\/wp-content\/uploads\/2014\/04\/medium_6246684191-200x112.jpg 200w, https:\/\/www.culture-numerique.fr\/wp-content\/uploads\/2014\/04\/medium_6246684191-450x252.jpg 450w, https:\/\/www.culture-numerique.fr\/wp-content\/uploads\/2014\/04\/medium_6246684191.jpg 500w\" sizes=\"auto, (max-width: 300px) 100vw, 300px\" \/><\/a><\/p>\n<ul>\n<li><strong>Troisi\u00e8me projet\u00a0: cr\u00e9er des coll\u00e8ges num\u00e9riques pilotes.<\/strong><\/li>\n<\/ul>\n<p>Quelle dr\u00f4le d\u2019id\u00e9e\u00a0!<\/p>\n<p>Certes, ce projet a un c\u00f4t\u00e9 plut\u00f4t s\u00e9duisant. Mais proposer \u00e0 un coll\u00e8ge de devenir pilote ne me semble en effet ni nouveau, ni original, ni surtout tr\u00e8s\u00a0ad\u00e9quat aux enjeux. Je sais bien s\u00fbr quel a \u00e9t\u00e9 l\u2019apport des exp\u00e9rimentations pass\u00e9es, plus souvent d\u2019ailleurs lanc\u00e9es \u00e0 l\u2019initiative de pionniers que par d\u00e9cision d\u2019une quelconque administration. Je n\u2019y reviens pas. De m\u00eame, ces derni\u00e8res ann\u00e9es, de nombreux projets innovants et originaux, mis en place dans des \u00e9tablissements pilotes, ont permis de faire avancer consid\u00e9rablement la r\u00e9flexion et l\u2019innovation p\u00e9dagogique, en mati\u00e8re d\u2019\u00e9valuation de l\u2019acquisition des connaissances et des comp\u00e9tences, pour ne citer que l\u2019exemple du socle commun.<\/p>\n<p>Mais il s\u2019agit de num\u00e9rique\u00a0! L\u2019exp\u00e9rience des coll\u00e8ges num\u00e9riques pilotes existants, car ils sont d\u00e9j\u00e0 pl\u00e9thore, montre qu\u2019il ne suffit pas de mettre du mat\u00e9riel, des monceaux de ressources, un ENT performant, une infrastructure de qualit\u00e9, y compris m\u00eame du haut d\u00e9bit pour que \u00e7a fonctionne\u00a0! Encore faut-il qu\u2019il y ait aussi un chef d\u2019\u00e9tablissement concern\u00e9 et engag\u00e9, des personnels d\u2019\u00e9ducation enthousiastes, des enseignants form\u00e9s et volontaires, des inspecteurs au fait et int\u00e9ress\u00e9s\u00a0! Et que cette toute cette \u00e9quipe puisse travailler ensemble pendant un bon moment\u2026<\/p>\n<p><strong>Et puis, que s\u2019agit-il de d\u00e9montrer, en fait<\/strong><strong>\u00a0?<\/strong>\u00a0Les bonnes pratiques, dit le protocole. L\u2019utilisation des mat\u00e9riels, des ressources\u00a0? C\u2019est tr\u00e8s loin d\u2019\u00eatre le plus important, soyons clair. Et c\u2019est pourtant tr\u00e8s souvent ce qui int\u00e9resse le microcosme, \u00e0 commencer par les bailleurs de fonds que sont les collectivit\u00e9s territoriales.<\/p>\n<p>S\u2019il s\u2019agit au contraire d\u2019\u00e9valuer, dans les coll\u00e8ges comme dans les \u00e9coles, d\u2019ailleurs, les effets d\u2019une architecture r\u00e9nov\u00e9e et adapt\u00e9e, de s\u00e9quences de travail diff\u00e9rentes, incluant du travail collectif et collaboratif, s\u2019il s\u2019agit d\u2019\u00e9valuer des contenus disciplinaires reconstruits, la possibilit\u00e9 d\u2019enseignements transversaux, s\u2019il s\u2019agit d\u2019adopter de nouvelles postures, c\u00f4t\u00e9 ma\u00eetres comme c\u00f4t\u00e9 \u00e9l\u00e8ves, de confier\u00a0\u00e0 ces derniers\u00a0de nouvelles responsabilit\u00e9s notamment en mati\u00e8re de libert\u00e9 d\u2019expression et de publication, s\u2019il s\u2019agit de mettre en \u0153uvre entre pairs des pratiques de partage et d\u2019\u00e9changes comme de production de ressources, s\u2019il s\u2019agit d\u2019\u00e9valuer\u00a0\u2014 et qui le fera\u00a0? \u2014 de nouvelles modalit\u00e9s de pilotage et de gouvernance, de mesurer et d\u2019appr\u00e9cier le changement enfin, oui, s\u2019il s\u2019agit de tout cela, il est peut-\u00eatre possible d\u2019avancer.<\/p>\n<p>Mais tout va trop vite. C\u2019est aussi l\u2019id\u00e9e que j\u2019exprimais r\u00e9cemment\u00a0<a href=\"http:\/\/gingko.neottia.net\/post\/40290455006\/numerique-educatif-5-bonnes-idees-pour-le-ministre\" target=\"_blank\" rel=\"noopener\">dans ce billet<\/a>\u00a0o\u00f9 je sugg\u00e9rais qu\u2019on \u00e9vite, pour tenter de rattraper le temps perdu sur une soci\u00e9t\u00e9 et sa jeunesse qui vont beaucoup plus vite, de se retourner et de ressasser les vieux refrains.\u00a0L\u2019\u00e9cole doit avancer. \u00c0 marche forc\u00e9e.<\/p>\n<p>Alors \u2014 et c\u2019est une id\u00e9e \u00e0 creuser qui me para\u00eet, en premi\u00e8re analyse, plus efficace \u2014 ne convient-il pas, si l\u2019on veut partager les bonnes pratiques, de confier \u00e0 des professeurs ou des groupes de professeurs volontaires, plut\u00f4t qu\u2019\u00e0 des \u00e9tablissements entiers, les cl\u00e9s d\u2019une exp\u00e9rimentation num\u00e9rique \u00e0 leur id\u00e9e et \u00e0 leur mesure\u00a0?<\/p>\n<p>Car il s\u2019agit tout de m\u00eame de rapidement r\u00e9pandre, essaimer, inonder et g\u00e9n\u00e9raliser.<\/p>\n<ul>\n<li><strong>Quatri\u00e8me projet\u00a0: \u00e9tendre le cadre de confiance des ENT.<\/strong><\/li>\n<\/ul>\n<p>La lecture de cette partie confirme en tous points, et c\u2019est rassurant, toutes les r\u00e9serves que j\u2019ai d\u00e9j\u00e0 exprim\u00e9es \u00e0 ce sujet et que j\u2019ai r\u00e9p\u00e9t\u00e9es dans mon introduction. En filigrane, on y lit tous les probl\u00e8mes, toutes les difficult\u00e9s qui se posent tous les jours, aujourd\u2019hui, aux \u00e9quipes \u00e9ducatives mais aussi aux \u00e9l\u00e8ves et \u00e0 leurs parents \u00e0 ce sujet.<\/p>\n<p>Je n\u2019y reviens pas, sauf \u00e0 r\u00e9p\u00e9ter que ce chantier doit \u00eatre revu de fond en comble et surtout lib\u00e9r\u00e9 de ses trop nombreuses entraves.<\/p>\n<ul>\n<li><strong>Cinqui\u00e8me projet\u00a0: favoriser les usages du num\u00e9rique \u00e9ducatif.<\/strong><\/li>\n<\/ul>\n<p>Ce dernier point concerne des projets d\u00e9j\u00e0 commenc\u00e9s, l\u2019\u00e9valuation des ENT\u00a0\u2014 promis, je n\u2019y reviens pas\u00a0! \u2014\u00a0et la mobilisation du r\u00e9seau Cyber-base.<\/p>\n<h3><strong>Conclusion<\/strong><\/h3>\n<p>Il convient, je l\u2019ai dit, d\u2019accorder de l\u2019importance \u00e0 ce document dont beaucoup d\u00e9sesp\u00e9raient de le voir un jour. L\u2019engagement des collectivit\u00e9s, des minist\u00e8res concern\u00e9s, dont celui de l\u2019\u00e9ducation, cela va de soi, des op\u00e9rateurs aussi, doit \u00eatre total derri\u00e8re la mission de coordination et d\u2019impulsion de la CDC.<\/p>\n<p>Cette derni\u00e8re n\u2019a, et c\u2019est assez logique, qu\u2019une vision fonctionnelle, utilitariste parfois\u00a0du chantier en r\u00e9f\u00e9rence, o\u00f9 le d\u00e9veloppement de l\u2019\u00e9conomie autour du num\u00e9rique \u00e9ducatif a une place centrale privil\u00e9gi\u00e9e. On en a l\u2019exemple avec les ENT cens\u00e9s profiter \u00e0 l\u2019enseignement, aux \u00e9quipes \u00e9ducatives et aux parents, en permettant le rapprochement et la liaison entre eux, mais qui ne profitent de fait qu\u2019\u00e0 la visibilit\u00e9 publique de l\u2019action politique des collectivit\u00e9s concern\u00e9es et, surtout, aux int\u00e9grateurs des plateformes logicielles et aux producteurs de ressources dont beaucoup, disons-le clairement, sont totalement inutiles.<\/p>\n<p>Il reste donc au syst\u00e8me \u00e9ducatif \u00e0 donner\u00a0<strong>le suppl\u00e9ment d\u2019\u00e2me<\/strong>\u00a0p\u00e9dagogique n\u00e9cessaire \u00e0 la r\u00e9ussite du lancement de l\u2019\u00e9cole num\u00e9rique. Ce ne sont pas les chantiers qui manquent, \u00e9num\u00e9r\u00e9s \u00e0 longueur de billets sur ce blog, de la formation des cadres aux (r)\u00e9volutions structurelles n\u00e9cessaires, aux changements de postures voire de missions, en passant par l\u2019\u00e9ducation du jeune citoyen \u00e0 la vie num\u00e9rique\u2026<\/p>\n<p>Ces prochaines ann\u00e9es doivent \u00eatre l\u2019occasion de permettre \u00e0 chaque \u00e9l\u00e8ve, le citadin comme celui de l\u2019\u00e9cole du village le plus recul\u00e9 en France, d\u2019avoir un acc\u00e8s \u00e9gal et confortable \u00e0 tous les savoirs en ligne. C\u2019est non seulement un enjeu fort pour l\u2019\u00e9cole mais, au-del\u00e0, pour la soci\u00e9t\u00e9 toute enti\u00e8re.<\/p>\n<p>Michel Guillou\u00a0<a title=\"Twitter\" href=\"https:\/\/twitter.com\/#!\/michelguillou\" target=\"_blank\" rel=\"noopener\">@michelguillou<\/a><\/p>\n<p><a href=\"http:\/\/creativecommons.org\/licenses\/by-nc-sa\/2.0\/fr\/\" target=\"_blank\" rel=\"noopener\"><img loading=\"lazy\" decoding=\"async\" src=\"http:\/\/i.creativecommons.org\/l\/by-nc-sa\/2.0\/fr\/80x15.png\" alt=\"image\" width=\"80\" height=\"15\" \/><\/a><\/p>\n<p>Cr\u00e9dit photo\u00a0:\u00a0<a href=\"http:\/\/www.flickr.com\/photos\/zemoko\/2775387157\/\" target=\"_blank\" rel=\"noopener\">zemoko<\/a>\u00a0et\u00a0<a href=\"http:\/\/www.flickr.com\/photos\/telecom-bretagne\/6246684191\/\" target=\"_blank\" rel=\"noopener\">Telecom Bretagne<\/a>\u00a0via\u00a0<a href=\"http:\/\/photopin.com\/\" target=\"_blank\" rel=\"noopener\">photopin<\/a>\u00a0<a href=\"http:\/\/creativecommons.org\/licenses\/by-sa\/2.0\/\" target=\"_blank\" rel=\"noopener\">cc<\/a><\/p>\n<p>[cite]<\/p>\n","protected":false},"excerpt":{"rendered":"<p style=\"text-align: center;\"><a href=\"http:\/\/www.culture-numerique.fr\/wp-content\/uploads\/2014\/04\/medium_2775387157.jpg\"><img loading=\"lazy\" decoding=\"async\" class=\"wp-image-376 aligncenter\" src=\"http:\/\/www.culture-numerique.fr\/wp-content\/uploads\/2014\/04\/medium_2775387157.jpg\" alt=\"Compteurs\" width=\"835\" height=\"626\" srcset=\"https:\/\/www.culture-numerique.fr\/wp-content\/uploads\/2014\/04\/medium_2775387157.jpg 500w, https:\/\/www.culture-numerique.fr\/wp-content\/uploads\/2014\/04\/medium_2775387157-300x225.jpg 300w, https:\/\/www.culture-numerique.fr\/wp-content\/uploads\/2014\/04\/medium_2775387157-100x75.jpg 100w, https:\/\/www.culture-numerique.fr\/wp-content\/uploads\/2014\/04\/medium_2775387157-150x112.jpg 150w, https:\/\/www.culture-numerique.fr\/wp-content\/uploads\/2014\/04\/medium_2775387157-200x150.jpg 200w, https:\/\/www.culture-numerique.fr\/wp-content\/uploads\/2014\/04\/medium_2775387157-450x337.jpg 450w\" sizes=\"auto, (max-width: 835px) 100vw, 835px\" \/><\/a><\/p>\n<p><strong>Pas plus tard que la semaine derni\u00e8re<\/strong>, le 18 janvier exactement, le minist\u00e8re annon\u00e7ait, dans un\u00a0<a href=\"http:\/\/www.education.gouv.fr\/cid66831\/signature-d-une-convention-avec-la-caisse-des-depots-pour-developper-le-tres-haut-debit-et-les-usages-numeriques-a-l-ecole.html\" target=\"_blank\" rel=\"noopener\">communiqu\u00e9 de presse<\/a>, la signature d\u2019une\u00a0<a href=\"http:\/\/cache.media.education.gouv.fr\/file\/01_Janvier\/97\/7\/Convention_MEN_CDC_238977.pdf\" target=\"_blank\" rel=\"noopener\">convention<\/a>\u00a0avec la Caisse des D\u00e9p\u00f4ts et Consignations.<\/p>\n<p><span class=\"ellipsis\">&hellip;<\/span><\/p>\n<div class=\"read-more\"><a href=\"https:\/\/www.culture-numerique.fr\/?p=375\">Lire la suite &#8250;<\/a><\/div>\n<p><!-- end of .read-more --><\/p>\n","protected":false},"author":1,"featured_media":376,"comment_status":"open","ping_status":"open","sticky":false,"template":"","format":"standard","meta":{"jetpack_post_was_ever_published":false,"_jetpack_newsletter_access":"","_jetpack_dont_email_post_to_subs":false,"_jetpack_newsletter_tier_id":0,"_jetpack_memberships_contains_paywalled_content":false,"_jetpack_memberships_contains_paid_content":false,"footnotes":""},"categories":[9],"tags":[162,57,114,272,273,251,196],"class_list":["post-375","post","type-post","status-publish","format-standard","has-post-thumbnail","hentry","category-billets-dhumeur","tag-collectivites-territoriales","tag-connaissances","tag-education-numerique","tag-egalite","tag-partenariat","tag-politiques-publiques","tag-tres-haut-debit"],"jetpack_featured_media_url":"https:\/\/www.culture-numerique.fr\/wp-content\/uploads\/2014\/04\/medium_2775387157.jpg","jetpack_sharing_enabled":true,"_links":{"self":[{"href":"https:\/\/www.culture-numerique.fr\/index.php?rest_route=\/wp\/v2\/posts\/375","targetHints":{"allow":["GET"]}}],"collection":[{"href":"https:\/\/www.culture-numerique.fr\/index.php?rest_route=\/wp\/v2\/posts"}],"about":[{"href":"https:\/\/www.culture-numerique.fr\/index.php?rest_route=\/wp\/v2\/types\/post"}],"author":[{"embeddable":true,"href":"https:\/\/www.culture-numerique.fr\/index.php?rest_route=\/wp\/v2\/users\/1"}],"replies":[{"embeddable":true,"href":"https:\/\/www.culture-numerique.fr\/index.php?rest_route=%2Fwp%2Fv2%2Fcomments&post=375"}],"version-history":[{"count":6,"href":"https:\/\/www.culture-numerique.fr\/index.php?rest_route=\/wp\/v2\/posts\/375\/revisions"}],"predecessor-version":[{"id":7384,"href":"https:\/\/www.culture-numerique.fr\/index.php?rest_route=\/wp\/v2\/posts\/375\/revisions\/7384"}],"wp:featuredmedia":[{"embeddable":true,"href":"https:\/\/www.culture-numerique.fr\/index.php?rest_route=\/wp\/v2\/media\/376"}],"wp:attachment":[{"href":"https:\/\/www.culture-numerique.fr\/index.php?rest_route=%2Fwp%2Fv2%2Fmedia&parent=375"}],"wp:term":[{"taxonomy":"category","embeddable":true,"href":"https:\/\/www.culture-numerique.fr\/index.php?rest_route=%2Fwp%2Fv2%2Fcategories&post=375"},{"taxonomy":"post_tag","embeddable":true,"href":"https:\/\/www.culture-numerique.fr\/index.php?rest_route=%2Fwp%2Fv2%2Ftags&post=375"}],"curies":[{"name":"wp","href":"https:\/\/api.w.org\/{rel}","templated":true}]}}