{"id":3699,"date":"2015-09-02T08:59:13","date_gmt":"2015-09-02T06:59:13","guid":{"rendered":"http:\/\/www.culture-numerique.fr\/?p=3699"},"modified":"2016-11-26T23:10:25","modified_gmt":"2016-11-26T22:10:25","slug":"suzanne-entre-a-lecole-laquelle-est-censee-entrer-dans-lere-numerique","status":"publish","type":"post","link":"https:\/\/www.culture-numerique.fr\/?p=3699","title":{"rendered":"Suzanne entre \u00e0 l&rsquo;\u00e9cole, laquelle est cens\u00e9e entrer dans l&rsquo;\u00e8re num\u00e9rique"},"content":{"rendered":"<p><img loading=\"lazy\" decoding=\"async\" class=\"size-full wp-image-3711 alignright\" src=\"http:\/\/www.culture-numerique.fr\/wp-content\/uploads\/2015\/09\/Suzanne-va-\u00e0-l\u00e9cole.jpg\" alt=\"Suzanne va \u00e0 l'\u00e9cole\" width=\"320\" height=\"594\" srcset=\"https:\/\/www.culture-numerique.fr\/wp-content\/uploads\/2015\/09\/Suzanne-va-\u00e0-l\u00e9cole.jpg 320w, https:\/\/www.culture-numerique.fr\/wp-content\/uploads\/2015\/09\/Suzanne-va-\u00e0-l\u00e9cole-162x300.jpg 162w, https:\/\/www.culture-numerique.fr\/wp-content\/uploads\/2015\/09\/Suzanne-va-\u00e0-l\u00e9cole-100x186.jpg 100w, https:\/\/www.culture-numerique.fr\/wp-content\/uploads\/2015\/09\/Suzanne-va-\u00e0-l\u00e9cole-150x278.jpg 150w, https:\/\/www.culture-numerique.fr\/wp-content\/uploads\/2015\/09\/Suzanne-va-\u00e0-l\u00e9cole-200x371.jpg 200w, https:\/\/www.culture-numerique.fr\/wp-content\/uploads\/2015\/09\/Suzanne-va-\u00e0-l\u00e9cole-300x557.jpg 300w\" sizes=\"auto, (max-width: 320px) 100vw, 320px\" \/><strong>Tous les \u00e9t\u00e9s, vous le savez<\/strong>, je vous parle de Suzanne (1, 2, 3) qui a maintenant trois ans. Cet \u00e9t\u00e9, la famille s&rsquo;est agrandie et Suzanne a un petit fr\u00e8re, Marcel, qui la d\u00e9\u00e7oit consid\u00e9rablement car le bonhomme ne pense encore qu&rsquo;\u00e0 t\u00e9ter et dormir. Mais ce qui concerne Suzanne, \u00e0 la fin de cet \u00e9t\u00e9, est bien s\u00fbr son entr\u00e9e \u00e0 l&rsquo;\u00e9cole maternelle. Elle s&rsquo;en r\u00e9jouit et s&rsquo;enthousiasme \u00e0 l&rsquo;id\u00e9e d&rsquo;apprendre plein de choses, comment compter et dessiner ou encore comment les \u00e9toiles de mer font pour ouvrir les coquillages et manger l&rsquo;animal qui y vit, ce qui fut une des pr\u00e9occupations de cet \u00e9t\u00e9 au bord de la mer.<\/p>\n<h3>Suzanne sait ce qu&rsquo;est le num\u00e9rique<\/h3>\n<p>Elle le sait pour la premi\u00e8re raison que j&rsquo;ai profit\u00e9 de l&rsquo;\u00e9t\u00e9 2014 pour le lui expliquer patiemment (3), esp\u00e9rant ainsi \u00eatre compris de quelques autres, mais aussi parce que, \u00e0 ma grande surprise, elle baigne dedans tr\u00e8s ais\u00e9ment et depuis un bon moment d\u00e9j\u00e0. Dessiner sur sa tablette lui procure le m\u00eame plaisir que de le faire sur une feuille de papier avec ses crayons de couleur. Prendre des photos, num\u00e9riques forc\u00e9ment,\u00a0ne lui pose non plus aucun probl\u00e8me.<\/p>\n<p>D&rsquo;ailleurs, et contrairement \u00e0 la grande majorit\u00e9 des adultes et malgr\u00e9 mes patientes explications \u2014\u00a0ou gr\u00e2ce \u00e0 elles\u00a0\u2014, <strong>Suzanne ne sait pas ce qui est num\u00e9rique et ce qui ne l&rsquo;est pas<\/strong>. Elle vit avec son temps, et apprend logiquement \u00e0 se servir des objets ou outils, num\u00e9riques ou pas, qui sont mis \u00e0 sa disposition. Elle n&rsquo;\u00e9prouve aucune fascination pour cet outillage dont elle se sert pour atteindre\u00a0ses objectifs. Plus tard, j&rsquo;en suis persuad\u00e9, elle saura adopter les postures personnelles intimement li\u00e9es aux pratiques sociales et collectives, citoyennes dans bien des cas. Elle sait d\u00e9j\u00e0 ce que collaborer, \u00e9changer et partager veulent dire et, sans doute, le saura-t-elle mieux encore plus tard.<\/p>\n<h3>Suzanne et l&rsquo;\u00e9cole font leur rentr\u00e9e<\/h3>\n<p>C&rsquo;\u00e9tait ce matin en effet. Ce que Suzanne ne sait pas, en franchissant le portail de la maternelle, c&rsquo;est que <strong>l&rsquo;\u00e9cole, elle aussi, fait sa rentr\u00e9e<\/strong>. Depuis ce matin, en effet, les nouveaux programmes entrent en vigueur, cens\u00e9s d\u00e9couler de la loi de refondation de l&rsquo;\u00e9cole et respecter les orientations politiques officielles. Depuis ce matin donc, avec <a href=\"http:\/\/www.education.gouv.fr\/pid25535\/bulletin_officiel.html?cid_bo=86940\" target=\"_blank\">ses nouveaux programmes<\/a>, l&rsquo;\u00e9cole maternelle entre dans l&rsquo;\u00e8re du num\u00e9rique, si l&rsquo;on sait bien lire les slogans de la communication institutionnelle.<\/p>\n<p><img loading=\"lazy\" decoding=\"async\" class=\"aligncenter size-full wp-image-3701\" src=\"http:\/\/www.culture-numerique.fr\/wp-content\/uploads\/2015\/08\/1024px-Entr\u00e9e_des_filles_de_l\u00e9cole_de_Vielle-Adour_Hautes-Pyr\u00e9n\u00e9es_France.jpg\" alt=\"Entr\u00e9e des filles de l'\u00e9cole de Vielle-Adour\" width=\"1024\" height=\"768\" srcset=\"https:\/\/www.culture-numerique.fr\/wp-content\/uploads\/2015\/08\/1024px-Entr\u00e9e_des_filles_de_l\u00e9cole_de_Vielle-Adour_Hautes-Pyr\u00e9n\u00e9es_France.jpg 1024w, https:\/\/www.culture-numerique.fr\/wp-content\/uploads\/2015\/08\/1024px-Entr\u00e9e_des_filles_de_l\u00e9cole_de_Vielle-Adour_Hautes-Pyr\u00e9n\u00e9es_France-300x225.jpg 300w, https:\/\/www.culture-numerique.fr\/wp-content\/uploads\/2015\/08\/1024px-Entr\u00e9e_des_filles_de_l\u00e9cole_de_Vielle-Adour_Hautes-Pyr\u00e9n\u00e9es_France-100x75.jpg 100w, https:\/\/www.culture-numerique.fr\/wp-content\/uploads\/2015\/08\/1024px-Entr\u00e9e_des_filles_de_l\u00e9cole_de_Vielle-Adour_Hautes-Pyr\u00e9n\u00e9es_France-150x113.jpg 150w, https:\/\/www.culture-numerique.fr\/wp-content\/uploads\/2015\/08\/1024px-Entr\u00e9e_des_filles_de_l\u00e9cole_de_Vielle-Adour_Hautes-Pyr\u00e9n\u00e9es_France-200x150.jpg 200w, https:\/\/www.culture-numerique.fr\/wp-content\/uploads\/2015\/08\/1024px-Entr\u00e9e_des_filles_de_l\u00e9cole_de_Vielle-Adour_Hautes-Pyr\u00e9n\u00e9es_France-450x338.jpg 450w, https:\/\/www.culture-numerique.fr\/wp-content\/uploads\/2015\/08\/1024px-Entr\u00e9e_des_filles_de_l\u00e9cole_de_Vielle-Adour_Hautes-Pyr\u00e9n\u00e9es_France-600x450.jpg 600w, https:\/\/www.culture-numerique.fr\/wp-content\/uploads\/2015\/08\/1024px-Entr\u00e9e_des_filles_de_l\u00e9cole_de_Vielle-Adour_Hautes-Pyr\u00e9n\u00e9es_France-900x675.jpg 900w\" sizes=\"auto, (max-width: 1024px) 100vw, 1024px\" \/><\/p>\n<p>Ces nouveaux textes sont fort int\u00e9ressants. Ils assignent, par exemple, \u00e0 l&rsquo;\u00e9cole l&rsquo;objectif d&rsquo;accompagner\u00a0\u00ab\u00a0<span style=\"color: #993366;\"><em>les transitions v\u00e9cues par les enfants<\/em>\u00a0\u00bb<\/span> ou encore d&rsquo;<span style=\"color: #993366;\">\u00ab\u00a0<em>apprendre en r\u00e9fl\u00e9chissant et en r\u00e9solvant des probl\u00e8mes<\/em><\/span>\u00a0\u00bb ou d&rsquo;\u00ab\u00a0<span style=\"color: #993366;\"><em>apprendre en s&rsquo;exer\u00e7ant<\/em><\/span>\u00a0\u00bb. Fort bien. Les jeunes \u00e9l\u00e8ves vont \u00ab\u00a0<span style=\"color: #993366;\"><em>apprendre ensemble et vivre ensemble<\/em><\/span>\u00a0\u00bb et, chacun d&rsquo;eux, \u00ab\u00a0<span style=\"color: #993366;\"><em>se construire comme personne singuli\u00e8re au sein d&rsquo;un groupe<\/em><\/span>\u00a0\u00bb. Je ne m&rsquo;attarde pas sur le nombre, la qualit\u00e9 et la description des attendus en fin de maternelle, fort nombreux et, \u00e0 la premi\u00e8re lecture, plut\u00f4t complexes. De mani\u00e8re \u00e9vidente, ces programmes montrent pourtant un net progr\u00e8s par rapport aux premi\u00e8res moutures produites par le CSP (4). Il nous vient \u00e0 l&rsquo;id\u00e9e\u00a0que les honorables personnalit\u00e9s politiques ou universitaires qui y si\u00e8gent ont tout compris au num\u00e9rique, comme Suzanne, <strong>puisque le texte n&rsquo;en parle pas ou presque<\/strong>. La question des supports, au long de ce document, n&rsquo;est pas pos\u00e9e, notamment lorsqu&rsquo;il est \u00e9voqu\u00e9, par exemple, le dessin, le graphisme, l&rsquo;observation et la compr\u00e9hension des images. On peut se dire que, tr\u00e8s naturellement, les ma\u00eetres vont pouvoir utiliser aussi les supports num\u00e9riques auxquels les \u00e9l\u00e8ves sont habitu\u00e9s. On pourrait se le dire\u2026<\/p>\n<p>Mais une lecture attentive de ces programmes permet de mieux comprendre ce qui traverse l&rsquo;esprit de ses r\u00e9dacteurs.\u00a0\u00c0 propos de l&rsquo;apprentissage de l&rsquo;\u00e9crit, au contraire de ce qui a \u00e9t\u00e9 d\u00e9cid\u00e9 dans d&rsquo;autres pays outre-Atlantique ou dans le Nord de l&rsquo;Europe, on apprend qu&rsquo;il n&rsquo;est pas question de renoncer \u00e0 l&rsquo;\u00e9criture cursive et qu&rsquo;il convient ainsi d&rsquo;aller \u00e0 \u00ab<span style=\"color: #993366;\">\u00a0<em>la d\u00e9couverte des correspondances entre les trois \u00e9critures (cursive, script, capitales) qui donne aux enfants une palette de possibles, en trac\u00e9 manuscrit et sur traitement de texte<\/em><\/span>\u00a0\u00bb.<\/p>\n<p>Pour ma part, comme je l&rsquo;ai d\u00e9j\u00e0 dit, je continue de m&rsquo;interroger (5).<\/p>\n<p>Pourquoi s&rsquo;obstiner \u00e0 faire de l&rsquo;\u00e9criture cursive, \u00e9criture pour soi plus que pour les autres, une \u00e9criture de r\u00e9f\u00e9rence\u00a0? Pourquoi ne pas privil\u00e9gier l&rsquo;\u00e9criture scripte, beaucoup plus lisible et surtout beaucoup plus proche des caract\u00e8res des livres ou de ceux des \u00e9crits num\u00e9riques\u00a0? Pourquoi s&rsquo;attarder autant sur l&rsquo;apprentissage des capitales, lesquelles n&rsquo;\u00e9tant utilis\u00e9es \u00e0 l&rsquo;\u00e9crit que pour indiquer au lecteur le d\u00e9but de la\u00a0phrase\u00a0? Pourquoi encore ne proposer\u00a0que les seuls claviers et traitements de texte comme outils compl\u00e9mentaires au travail manuscrit ? Nos r\u00e9dacteurs savent-ils qu&rsquo;il existe des mani\u00e8res nouvelles de produire des \u00e9crits num\u00e9riques via des logiciels collaboratifs ou de publication sur des claviers virtuels ou par la voie orale\u00a0? Savent-ils encore que ces claviers virtuels permettent maintenant\u00a0de lier les lettres pour construire des mots, comme le permet l&rsquo;\u00e9criture cursive\u00a0?<\/p>\n<p>Est-il possible, au-del\u00e0 de ces vaines querelles, <strong>de proposer enfin une r\u00e9flexion prospective s\u00e9rieuse sur ces sujets<\/strong>, qui tienne compte \u00e0 la fois de l&rsquo;\u00e9volution des technologies et des pratiques sociales et professionnelles\u00a0\u2014\u00a0j&rsquo;ai d\u00e9j\u00e0 pos\u00e9 la question (6) : qui pratique encore majoritairement l&rsquo;\u00e9criture manuscrite apr\u00e8s le baccalaur\u00e9at, \u00e0 l&rsquo;universit\u00e9 comme dans l&rsquo;entreprise\u00a0? Plus grand monde, semble-t-il.<\/p>\n<h3>Une vision strictement utilitaire du num\u00e9rique<\/h3>\n<p>Il faut aller au bout de la lecture de ce long texte pour comprendre quelle triste vision du num\u00e9rique ont nos r\u00e9dacteurs conseillers. \u00c0 la fin du dernier paragraphe, intitul\u00e9 \u00ab\u00a05.1.1. Objectifs vis\u00e9s et \u00e9l\u00e9ments de progressivit\u00e9\u00a0\u00bb, on lit ces lignes merveilleuses, dans un sous-chapitre intitul\u00e9 \u00ab\u00a0Utiliser des outils num\u00e9riques\u00a0\u00bb (sic)\u00a0:<\/p>\n<blockquote><p>\u00ab\u00a0D\u00e8s leur plus jeune \u00e2ge, les enfants sont en contact avec les nouvelles technologies. Le r\u00f4le de l&rsquo;\u00e9cole est de leur donner des rep\u00e8res pour en comprendre l&rsquo;utilit\u00e9 et commencer \u00e0 les utiliser de mani\u00e8re adapt\u00e9e (tablette num\u00e9rique, ordinateur, appareil photo num\u00e9rique&#8230;). Des recherches cibl\u00e9es, via le r\u00e9seau Internet, sont effectu\u00e9es et comment\u00e9es par l&rsquo;enseignant.\u00a0\u00bb<\/p><\/blockquote>\n<p>Il y a tant \u00e0 dire\u00a0! L&rsquo;utilisation obsol\u00e8te de l&rsquo;adjectif \u00ab\u00a0nouvelles\u00a0\u00bb pour ces technologies qui ne le sont plus que pour les novices, cette relation de \u00ab\u00a0contact\u00a0\u00bb qui t\u00e9moigne de l&rsquo;incompr\u00e9hension de l&rsquo;engagement des jeunes, <strong>l&#8217;emploi r\u00e9p\u00e9titif et\u00a0lancinant de mots (utilit\u00e9, utiliser, outils)<\/strong> qui veut r\u00e9sumer la posture du jeune citoyen num\u00e9rique \u00e0 celle passive d&rsquo;un consommateur usager, la qualification de \u00ab\u00a0num\u00e9rique\u00a0\u00bb accol\u00e9e \u00e0 l&rsquo;appareil photo, comme s&rsquo;il en existait qui ne le soient pas\u00a0!<\/p>\n<p>\u00c7a saute aux yeux\u00a0: pour ces ar\u00e9opages, le num\u00e9rique n&rsquo;est qu&rsquo;outils au service de jeunes usagers. Il ne s&rsquo;agit pas d&rsquo;acqu\u00e9rir autonomie, responsabilit\u00e9 ou des comp\u00e9tences sociales et citoyennes nouvelles et plus riches, il ne s&rsquo;agit pas de mettre en \u0153uvre des projets cr\u00e9atifs qui sollicitent la collaboration des \u00e9l\u00e8ves, <strong>il ne s&rsquo;agit pas enfin de toucher du doigt une culture num\u00e9rique globale<\/strong>, comme on pourrait l&rsquo;imaginer, il s&rsquo;agit d&rsquo;apprendre \u00e0 utiliser des outils\u00a0!<\/p>\n<p>Par chance, les r\u00e9dacteurs s&rsquo;aper\u00e7oivent enfin que l&rsquo;Internet permet de mettre en \u0153uvre des pratiques d&rsquo;\u00e9change\u00a0:<\/p>\n<blockquote><p>\u00ab\u00a0Des projets de classe ou d&rsquo;\u00e9cole induisant des relations avec d&rsquo;autres enfants favorisent des exp\u00e9riences de communication \u00e0 distance. L&rsquo;enseignant \u00e9voque avec les enfants l&rsquo;id\u00e9e d&rsquo;un monde en r\u00e9seau qui peut permettre de parler \u00e0 d&rsquo;autres personnes parfois tr\u00e8s \u00e9loign\u00e9es\u00a0\u00bb<\/p><\/blockquote>\n<p>Dommage qu&rsquo;il ne s&rsquo;agisse, au bout du compte, que de parler et pas <strong>de partager, d&rsquo;\u00e9changer, de co-publier, de co-produire, de co-construire, de coop\u00e9rer, de collaborer avec l&rsquo;autre<\/strong>. Dommage aussi qu&rsquo;il ne s&rsquo;agisse l\u00e0 que l&rsquo;\u00e9vocation de pratiques furtives et plaisantes et qu&rsquo;on ne suscite pas l&rsquo;ardente obligation d&rsquo;aller plus loin et d&rsquo;apprendre davantage de l&rsquo;autre, si lointain soit-il.<\/p>\n<h3>Le mod\u00e8le surann\u00e9 de la corne d&rsquo;abondance<\/h3>\n<p><img loading=\"lazy\" decoding=\"async\" class=\"aligncenter size-full wp-image-3729\" src=\"http:\/\/www.culture-numerique.fr\/wp-content\/uploads\/2015\/09\/Canop\u00e9-maternelle.png\" alt=\"Canop\u00e9 maternelle\" width=\"944\" height=\"347\" srcset=\"https:\/\/www.culture-numerique.fr\/wp-content\/uploads\/2015\/09\/Canop\u00e9-maternelle.png 944w, https:\/\/www.culture-numerique.fr\/wp-content\/uploads\/2015\/09\/Canop\u00e9-maternelle-300x110.png 300w, https:\/\/www.culture-numerique.fr\/wp-content\/uploads\/2015\/09\/Canop\u00e9-maternelle-100x37.png 100w, https:\/\/www.culture-numerique.fr\/wp-content\/uploads\/2015\/09\/Canop\u00e9-maternelle-150x55.png 150w, https:\/\/www.culture-numerique.fr\/wp-content\/uploads\/2015\/09\/Canop\u00e9-maternelle-200x74.png 200w, https:\/\/www.culture-numerique.fr\/wp-content\/uploads\/2015\/09\/Canop\u00e9-maternelle-450x165.png 450w, https:\/\/www.culture-numerique.fr\/wp-content\/uploads\/2015\/09\/Canop\u00e9-maternelle-600x221.png 600w, https:\/\/www.culture-numerique.fr\/wp-content\/uploads\/2015\/09\/Canop\u00e9-maternelle-900x331.png 900w\" sizes=\"auto, (max-width: 944px) 100vw, 944px\" \/>Tel \u00e9tait le titre d&rsquo;un article (7) \u00e9crit il y a trois ans sur le m\u00eame sujet. Un peu plus tard, je pr\u00e9cisais ma pens\u00e9e (8). <strong>Le num\u00e9rique et l&rsquo;Internet, je le rappelle, ne sont pas construits comme \u00e7a<\/strong>,\u00a0sur ce mod\u00e8le.<\/p>\n<p>De quoi s&rsquo;agit-il\u00a0? Sollicit\u00e9, comme c&rsquo;est son r\u00f4le, pour accompagner la mise en \u0153uvre de ces nouveaux programmes, le r\u00e9seau CANOP\u00c9 est tomb\u00e9 dans un pi\u00e8ge convenu. Comme le faisaient avant lui les r\u00e9seaux CNDP et SCEREN, il a, pour ce faire, d\u00e9sign\u00e9 en toute h\u00e2te des experts et construit <a href=\"https:\/\/www.reseau-canope.fr\/actualites\/actualite\/nouveau-programme-en-maternelle-presentation-et-explication.html\" target=\"_blank\">un fort joli site web<\/a>, pr\u00e9sentant, sur diff\u00e9rents m\u00e9dias, les points forts de ces nouveaux programmes. Puis, il a, sur ce site central, rassembl\u00e9 de nombreux exemples pointant\u00a0des s\u00e9quences p\u00e9dagogiques d\u00e9j\u00e0 publi\u00e9es, sous la forme d&rsquo;une fort riche bibliographie.<\/p>\n<p>De mani\u00e8re \u00e9vidente, ces documents, explications, exemples, r\u00e9f\u00e9rences bibliographiques vont rendre d&rsquo;inestimables services aux jeunes professeurs encore peu aguerris. <strong>Mais on pouvait attendre mieux et plus efficace<\/strong>. Ces jeunes professeurs, dans les premiers mois de la mise en \u0153uvre de ces programmes, ont certainement davantage besoin de partager leurs r\u00e9ussites comme leurs \u00e9checs, m\u00eame si c&rsquo;est plus difficile parfois, d&rsquo;\u00e9changer des documents, des s\u00e9quences, des progressions, bref de collaborer en ligne avec des coll\u00e8gues et le r\u00f4le de CANOP\u00c9 \u00e9tait davantage de faciliter ces d\u00e9marches horizontales, y compris sous la banni\u00e8re d&rsquo;un site central, plut\u00f4t que de d\u00e9livrer, une fois de plus le sempiternel et convenu\u00a0message institutionnel vertical.<\/p>\n<p>On me r\u00e9torquera que le tout nouveau r\u00e9seau <a href=\"http:\/\/www.viaeduc.fr\/login\" target=\"_blank\">Via\u00e9duc<\/a> peut servir \u00e0 \u00e7a et on aura raison. Mais ce r\u00e9seau est encore peu connu et occup\u00e9 par les professeurs, tous degr\u00e9s d&rsquo;enseignement confondus. Dans le cadre de ces nouveaux programmes, on pouvait s&rsquo;attendre \u00e0\u00a0une d\u00e9marche plus volontariste pour promouvoir ces orientations. Dommage.<\/p>\n<p>Suzanne est donc rentr\u00e9e de l&rsquo;\u00e9cole fourbue mais avec\u00a0des\u00a0\u00e9toiles plein les yeux\u2026 Mais l&rsquo;\u00e9cole n&rsquo;est toujours pas entr\u00e9e dans l&rsquo;\u00e8re du num\u00e9rique.<\/p>\n<p>Michel Guillou\u00a0<a href=\"https:\/\/twitter.com\/michelguillou\" target=\"_blank\">@michelguillou<\/a><\/p>\n<p><a href=\"http:\/\/creativecommons.org\/licenses\/by-nc-sa\/2.0\/fr\/\" target=\"_blank\"><img loading=\"lazy\" decoding=\"async\" src=\"http:\/\/i1.wp.com\/i.creativecommons.org\/l\/by-nc-sa\/2.0\/fr\/80x15.png?resize=80%2C15\" alt=\"image\" width=\"80\" height=\"15\" \/><\/a><\/p>\n<p>Photo centrale par Florent P\u00e9cassou (Own work) [<a href=\"http:\/\/creativecommons.org\/licenses\/by-sa\/3.0\">CC BY-SA 3.0<\/a>], <a href=\"https:\/\/commons.wikimedia.org\/wiki\/File%3AEntr%C3%A9e_des_filles_de_l'%C3%A9cole_de_Vielle-Adour_(Hautes-Pyr%C3%A9n%C3%A9es%2C_France).JPG\">via Wikimedia Commons<\/a><\/p>\n<ol>\n<li>Zaza va \u00e0 la plage\u2026\u00a0<a href=\"http:\/\/www.culture-numerique.fr\/?p=507\" target=\"_blank\">http:\/\/www.culture-numerique.fr\/?p=507<\/a><\/li>\n<li>On a offert un appareil photo \u00e0 Zaza\u00a0<a href=\"http:\/\/www.culture-numerique.fr\/?p=258\" target=\"_blank\">http:\/\/www.culture-numerique.fr\/?p=258<\/a><\/li>\n<li>Le num\u00e9rique expliqu\u00e9 \u00e0 Suzanne et \u00e0 quelques autres\u2026\u00a0<a href=\"http:\/\/www.culture-numerique.fr\/?p=1250\" target=\"_blank\">http:\/\/www.culture-numerique.fr\/?p=1250<\/a><\/li>\n<li>Programmes de maternelle\u00a0: o\u00f9 est pass\u00e9e la culture num\u00e9rique\u00a0?\u00a0<a href=\"http:\/\/www.culture-numerique.fr\/?p=1167\" target=\"_blank\">http:\/\/www.culture-numerique.fr\/?p=1167<\/a><\/li>\n<li>Qui se plaindra de la fin de l\u2019\u00e9criture cursive\u00a0? Pas moi\u2026\u00a0<a href=\"http:\/\/www.culture-numerique.fr\/?p=3603\" target=\"_blank\">http:\/\/www.culture-numerique.fr\/?p=2284<\/a><\/li>\n<li>Bacheliers, c\u2019\u00e9tait la derni\u00e8re fois que vous avez \u00e9crit \u00e0 la main\u00a0!\u00a0<a href=\"http:\/\/www.culture-numerique.fr\/?p=1153\" target=\"_blank\">http:\/\/www.culture-numerique.fr\/?p=1153<\/a><\/li>\n<li>Le mod\u00e8le surann\u00e9 de la corne d\u2019abondance\u2026\u00a0<a href=\"http:\/\/www.culture-numerique.fr\/?p=412\" target=\"_blank\">http:\/\/www.culture-numerique.fr\/?p=412<\/a><\/li>\n<li>Stocker, c\u2019est confisquer\u00a0<a href=\"http:\/\/www.culture-numerique.fr\/?p=492\" target=\"_blank\">http:\/\/www.culture-numerique.fr\/?p=492<\/a><\/li>\n<\/ol>\n<p>[cite]<\/p>\n","protected":false},"excerpt":{"rendered":"<p><img loading=\"lazy\" decoding=\"async\" class=\"size-full wp-image-3711 alignright\" src=\"http:\/\/www.culture-numerique.fr\/wp-content\/uploads\/2015\/09\/Suzanne-va-\u00e0-l\u00e9cole.jpg\" alt=\"Suzanne va \u00e0 l'\u00e9cole\" width=\"320\" height=\"594\" srcset=\"https:\/\/www.culture-numerique.fr\/wp-content\/uploads\/2015\/09\/Suzanne-va-\u00e0-l\u00e9cole.jpg 320w, https:\/\/www.culture-numerique.fr\/wp-content\/uploads\/2015\/09\/Suzanne-va-\u00e0-l\u00e9cole-162x300.jpg 162w, https:\/\/www.culture-numerique.fr\/wp-content\/uploads\/2015\/09\/Suzanne-va-\u00e0-l\u00e9cole-100x186.jpg 100w, https:\/\/www.culture-numerique.fr\/wp-content\/uploads\/2015\/09\/Suzanne-va-\u00e0-l\u00e9cole-150x278.jpg 150w, https:\/\/www.culture-numerique.fr\/wp-content\/uploads\/2015\/09\/Suzanne-va-\u00e0-l\u00e9cole-200x371.jpg 200w, https:\/\/www.culture-numerique.fr\/wp-content\/uploads\/2015\/09\/Suzanne-va-\u00e0-l\u00e9cole-300x557.jpg 300w\" sizes=\"auto, (max-width: 320px) 100vw, 320px\" \/><strong>Tous les \u00e9t\u00e9s, vous le savez<\/strong>, je vous parle de Suzanne (1, 2, 3) qui a maintenant trois ans. Cet \u00e9t\u00e9, la famille s&rsquo;est agrandie et Suzanne a un petit fr\u00e8re, Marcel, qui la d\u00e9\u00e7oit consid\u00e9rablement car le bonhomme ne pense encore qu&rsquo;\u00e0 t\u00e9ter et dormir.<\/p>\n<p><span class=\"ellipsis\">&hellip;<\/span><\/p>\n<div class=\"read-more\"><a href=\"https:\/\/www.culture-numerique.fr\/?p=3699\">Lire la suite &#8250;<\/a><\/div>\n<p><!-- end of .read-more --><\/p>\n","protected":false},"author":1,"featured_media":3711,"comment_status":"open","ping_status":"open","sticky":false,"template":"","format":"standard","meta":{"jetpack_post_was_ever_published":false,"_jetpack_newsletter_access":"","_jetpack_dont_email_post_to_subs":true,"_jetpack_newsletter_tier_id":0,"_jetpack_memberships_contains_paywalled_content":false,"_jetpack_memberships_contains_paid_content":false,"footnotes":""},"categories":[9],"tags":[586,78,641,52,419,415,219,3,642,89,218,430],"class_list":["post-3699","post","type-post","status-publish","format-standard","has-post-thumbnail","hentry","category-billets-dhumeur","tag-canope","tag-conseil-superieur-des-programmes","tag-corne-dabondance","tag-culture-numerique","tag-ecole-maternelle","tag-ecriture","tag-flux","tag-outillage","tag-outils-numeriques","tag-programmes","tag-stock","tag-suzanne"],"jetpack_featured_media_url":"https:\/\/www.culture-numerique.fr\/wp-content\/uploads\/2015\/09\/Suzanne-va-\u00e0-l\u00e9cole.jpg","jetpack_sharing_enabled":true,"_links":{"self":[{"href":"https:\/\/www.culture-numerique.fr\/index.php?rest_route=\/wp\/v2\/posts\/3699","targetHints":{"allow":["GET"]}}],"collection":[{"href":"https:\/\/www.culture-numerique.fr\/index.php?rest_route=\/wp\/v2\/posts"}],"about":[{"href":"https:\/\/www.culture-numerique.fr\/index.php?rest_route=\/wp\/v2\/types\/post"}],"author":[{"embeddable":true,"href":"https:\/\/www.culture-numerique.fr\/index.php?rest_route=\/wp\/v2\/users\/1"}],"replies":[{"embeddable":true,"href":"https:\/\/www.culture-numerique.fr\/index.php?rest_route=%2Fwp%2Fv2%2Fcomments&post=3699"}],"version-history":[{"count":48,"href":"https:\/\/www.culture-numerique.fr\/index.php?rest_route=\/wp\/v2\/posts\/3699\/revisions"}],"predecessor-version":[{"id":5644,"href":"https:\/\/www.culture-numerique.fr\/index.php?rest_route=\/wp\/v2\/posts\/3699\/revisions\/5644"}],"wp:featuredmedia":[{"embeddable":true,"href":"https:\/\/www.culture-numerique.fr\/index.php?rest_route=\/wp\/v2\/media\/3711"}],"wp:attachment":[{"href":"https:\/\/www.culture-numerique.fr\/index.php?rest_route=%2Fwp%2Fv2%2Fmedia&parent=3699"}],"wp:term":[{"taxonomy":"category","embeddable":true,"href":"https:\/\/www.culture-numerique.fr\/index.php?rest_route=%2Fwp%2Fv2%2Fcategories&post=3699"},{"taxonomy":"post_tag","embeddable":true,"href":"https:\/\/www.culture-numerique.fr\/index.php?rest_route=%2Fwp%2Fv2%2Ftags&post=3699"}],"curies":[{"name":"wp","href":"https:\/\/api.w.org\/{rel}","templated":true}]}}