{"id":3692,"date":"2015-09-19T09:48:58","date_gmt":"2015-09-19T07:48:58","guid":{"rendered":"http:\/\/www.culture-numerique.fr\/?p=3692"},"modified":"2016-12-21T14:34:37","modified_gmt":"2016-12-21T13:34:37","slug":"former-les-profs-au-numerique-oui-mais-en-laissant-tomber-les-vieilles-methodes-et-les-vieux-habits","status":"publish","type":"post","link":"https:\/\/www.culture-numerique.fr\/?p=3692","title":{"rendered":"Former les profs au num\u00e9rique\u00a0? Oui, mais en laissant tomber les vieilles m\u00e9thodes et les vieux habits\u2026"},"content":{"rendered":"<p><img loading=\"lazy\" decoding=\"async\" class=\"aligncenter size-full wp-image-3777\" src=\"http:\/\/www.culture-numerique.fr\/wp-content\/uploads\/2015\/09\/cobweb-4193_1280.jpg\" alt=\"Toile d'araign\u00e9e\" width=\"1280\" height=\"960\" srcset=\"https:\/\/www.culture-numerique.fr\/wp-content\/uploads\/2015\/09\/cobweb-4193_1280.jpg 1280w, https:\/\/www.culture-numerique.fr\/wp-content\/uploads\/2015\/09\/cobweb-4193_1280-300x225.jpg 300w, https:\/\/www.culture-numerique.fr\/wp-content\/uploads\/2015\/09\/cobweb-4193_1280-1024x768.jpg 1024w, https:\/\/www.culture-numerique.fr\/wp-content\/uploads\/2015\/09\/cobweb-4193_1280-100x75.jpg 100w, https:\/\/www.culture-numerique.fr\/wp-content\/uploads\/2015\/09\/cobweb-4193_1280-150x113.jpg 150w, https:\/\/www.culture-numerique.fr\/wp-content\/uploads\/2015\/09\/cobweb-4193_1280-200x150.jpg 200w, https:\/\/www.culture-numerique.fr\/wp-content\/uploads\/2015\/09\/cobweb-4193_1280-450x338.jpg 450w, https:\/\/www.culture-numerique.fr\/wp-content\/uploads\/2015\/09\/cobweb-4193_1280-600x450.jpg 600w, https:\/\/www.culture-numerique.fr\/wp-content\/uploads\/2015\/09\/cobweb-4193_1280-900x675.jpg 900w\" sizes=\"auto, (max-width: 1280px) 100vw, 1280px\" \/><\/p>\n<p><strong>\u00c0 Ludovia, on ne parlait que de \u00e7a\u2026<\/strong>\u00a0semble-t-il, car je n&rsquo;\u00e9tais pas sur place pour l&rsquo;entendre, une fois n&rsquo;est pas coutume. C&rsquo;\u00e9tait le 24 ou le 25 ao\u00fbt, m&rsquo;a-t-on dit. L&rsquo;annonce a \u00e9t\u00e9 relay\u00e9e par la presse et <em><a href=\"http:\/\/www.nextinpact.com\" target=\"_blank\">Nextinpact<\/a><\/em>, par exemple, <a href=\"http:\/\/www.nextinpact.com\/news\/96280-plan-numerique-trois-jours-formation-pour-enseignants.htm\" target=\"_blank\">rapporte l&rsquo;information<\/a> le 26 ao\u00fbt en citant sa source\u00a0:<\/p>\n<blockquote><p>\u00ab\u00a0Hier, Najat Vallaud-Belkacem a d\u00e9taill\u00e9 les premiers d\u00e9veloppements de cet effort national de formation, qui aurait selon la Rue de Grenelle \u201cfait l\u2019objet d\u2019un effort financier sans pr\u00e9c\u00e9dent\u201d. Pour le coll\u00e8ge \u201cnotamment\u201d, \u201ctrois jours de formation d\u00e9di\u00e9s au num\u00e9rique\u201d seront ainsi organis\u00e9s durant l\u2019ann\u00e9e scolaire 2015\/2016. Les chefs d\u2019\u00e9tablissement, les inspecteurs, les formateurs et les \u201cpersonnes ressources\u201d devraient \u00eatre form\u00e9s au premier trimestre (donc avant la fin 2015). Suivront ensuite les enseignants et les \u201c\u00e9quipes p\u00e9dagogiques\u201d, d\u2019ici l\u2019\u00e9t\u00e9 prochain.\u00a0\u00bb<\/p><\/blockquote>\n<h3>Que d&rsquo;interrogations, de non-dits, de questions encore en suspens\u00a0!<\/h3>\n<p>Un \u00ab\u00a0<em><span style=\"color: #800000;\">effort financier sans pr\u00e9c\u00e9dent<\/span><\/em> \u00bb\u00a0? \u00c0 quelle hauteur\u00a0? Personne n&rsquo;est capable de r\u00e9pondre, semble-t-il. L&rsquo;information n&rsquo;a pas \u00e9t\u00e9 donn\u00e9e lors de cette conf\u00e9rence de presse et elle n&rsquo;est pas non plus disponible sur le site du minist\u00e8re. Pour certaines acad\u00e9mies,<strong> l&rsquo;effort en mati\u00e8re de formation \u00e9tant nul depuis des ann\u00e9es<\/strong>, on ne prend gu\u00e8re de risques \u00e0 annoncer que ce sera un effort sans pr\u00e9c\u00e9dent\u2026 En fait, je ne suis pas certain que quiconque sache combien \u00e7a va co\u00fbter.<\/p>\n<p>Pour le coll\u00e8ge \u00ab\u00a0<em><span style=\"color: #800000;\">notamment<\/span><\/em>\u00a0\u00bb\u00a0? Cela signifie-t-il que les professeurs des \u00e9coles et des lyc\u00e9es ne sont pas prioritaires\u00a0? Et pourquoi donc\u00a0? Parce que le fameux \u00ab\u00a0Plan\u00a0\u00bb concerne surtout les coll\u00e8ges\u00a0? Et, s&rsquo;il s&rsquo;agit justement de d\u00e9corr\u00e9ler l&rsquo;acquisition d&rsquo;une culture num\u00e9rique et l&rsquo;appropriation de mat\u00e9riels, pourquoi ce choix\u00a0?<\/p>\n<p>\u00ab\u00a0<em><span style=\"color: #800000;\">Trois jours de formation d\u00e9di\u00e9s au num\u00e9rique<\/span><\/em>\u00a0\u00bb seront organis\u00e9s, dit la ministre. Pour qui, <strong>les volontaires\u00a0?<\/strong> Quand ces trois jours sont-ils mis en place, sur le temps de travail ou pendant les vacances, comme le craignent certains\u00a0? Ces trois jours viennent-ils en plus ou sont-ils compris dans le droit de chacun \u00e0 la formation\u00a0? S&rsquo;agit-il de formations individuelles sur inscriptions ou de formations collectives en \u00e9tablissement\u00a0?<\/p>\n<p>Le cadres et les formateurs seraient form\u00e9s d&rsquo;abord, selon ce qui est rapport\u00e9. Par qui\u00a0? <strong>Qui sont les formateurs de formateurs\u00a0?<\/strong> D&rsquo;o\u00f9 proviennent-ils\u00a0? Quels sont leurs r\u00e9seaux (non, je plaisante)\u00a0?<\/p>\n<h3>Quelques \u00e9l\u00e9ments de r\u00e9ponses et encore beaucoup de questions<\/h3>\n<p>Il faut alors chercher des r\u00e9ponses \u00e0 toutes ces questions sur les sites institutionnels. Sur le site du minist\u00e8re, on trouve <a href=\"http:\/\/cache.media.education.gouv.fr\/file\/DP_rentree\/28\/5\/2015_rentreescolaire_fiche_11_456285.pdf\" target=\"_blank\">cette fiche<\/a> qui contient les mots m\u00eames rapport\u00e9s par Nextinpact\u00a0:<\/p>\n<p><img loading=\"lazy\" decoding=\"async\" class=\"aligncenter size-full wp-image-3769\" src=\"http:\/\/www.culture-numerique.fr\/wp-content\/uploads\/2015\/09\/2015-09-07_182952.png\" alt=\"2015-09-07_182952\" width=\"672\" height=\"255\" srcset=\"https:\/\/www.culture-numerique.fr\/wp-content\/uploads\/2015\/09\/2015-09-07_182952.png 672w, https:\/\/www.culture-numerique.fr\/wp-content\/uploads\/2015\/09\/2015-09-07_182952-300x114.png 300w, https:\/\/www.culture-numerique.fr\/wp-content\/uploads\/2015\/09\/2015-09-07_182952-100x38.png 100w, https:\/\/www.culture-numerique.fr\/wp-content\/uploads\/2015\/09\/2015-09-07_182952-150x57.png 150w, https:\/\/www.culture-numerique.fr\/wp-content\/uploads\/2015\/09\/2015-09-07_182952-200x76.png 200w, https:\/\/www.culture-numerique.fr\/wp-content\/uploads\/2015\/09\/2015-09-07_182952-450x171.png 450w, https:\/\/www.culture-numerique.fr\/wp-content\/uploads\/2015\/09\/2015-09-07_182952-600x228.png 600w\" sizes=\"auto, (max-width: 672px) 100vw, 672px\" \/><\/p>\n<p>On a d\u00e9j\u00e0 un \u00e9l\u00e9ment de r\u00e9ponse\u00a0: les formations propos\u00e9es devraient s&rsquo;organiser \u00ab\u00a0<span style=\"color: #800000;\"><em>au plus pr\u00e8s du lieu d&rsquo;activit\u00e9 professionnelle<\/em><\/span>\u00a0\u00bb, c&rsquo;est-\u00e0-dire dans l&rsquo;\u00e9tablissement ou le bassin. En revanche, si je comprends et agr\u00e9e les principaux axes des contenus de formation \u00ab<strong>\u00a0<em><span style=\"color: #800000;\">la culture num\u00e9rique, le pilotage et les projets d\u2019\u00e9tablissement mettant en \u0153uvre le num\u00e9rique,\u00a0enfin l\u2019apport du num\u00e9rique dans les pratiques p\u00e9dagogiques<\/span><\/em><\/strong>\u00a0\u00bb, je ne comprends pas ce que viennent faire ici l&rsquo;informatique et les sciences du num\u00e9rique. Si ces formations peuvent \u00eatre utiles aux professeurs des lyc\u00e9es qui enseignent les options de seconde et de terminale, je ne vois pas\u00a0\u2014\u00a0ce n&rsquo;est surtout pas l&rsquo;urgence\u00a0\u2014 en quoi cette formation disciplinaire concerne les autres disciplines du coll\u00e8ge. Elles ont d&rsquo;autres chats \u00e0 fouetter, \u00e0 commencer par essayer de se comprendre et de s&rsquo;entendre les unes et les autres (note du jour\u00a0: je viens de prendre connaissance des programmes de coll\u00e8ge, les lobbyistes informaticiens ont encore essay\u00e9 et partiellement r\u00e9ussi, semble-t-il, \u00e0 nous faire prendre des vessies pour des lanternes et l&rsquo;informatique pour le num\u00e9rique, histoire de d\u00e9responsabiliser un peu plus l&rsquo;ensemble des enseignants).<\/p>\n<p>Et puis il y a ces grands s\u00e9minaires qu&rsquo;on nous annonce, au-del\u00e0 de la continuation du programme M@gist\u00e8re\u2026 actuellement en maintenance et indisponible, joyeuset\u00e9 des services centralis\u00e9s (ce matin, \u00e7a marche \u00e0 nouveau mais je n&rsquo;y ai plus acc\u00e8s).<\/p>\n<p>Sur la table ronde intitul\u00e9e \u00ab\u00a0Formation des enseignants au num\u00e9rique\u00a0: va t-on vers de l\u2019appropriation ou du d\u00e9tournement\u00a0?\u00a0\u00bb (dr\u00f4le de question\u00a0!), on n&rsquo;a, semble-t-il, \u00e0 lire le <a href=\"http:\/\/www.ludovia.com\/2015\/09\/formation-des-enseignants-au-numerique-va-t-on-vers-de-lappropriation-ou-du-detournement\/\" target=\"_blank\">compte rendu<\/a> qui en est fait sur le <em><a href=\"http:\/\/www.ludovia.com\/\" target=\"_blank\">Ludomag<\/a><\/em>, pas vraiment apport\u00e9 davantage de r\u00e9ponses, malgr\u00e9 la pr\u00e9sence de la directrice de la DNE, <a href=\"http:\/\/eduscol.education.fr\/pnf-lettres\/spip.php?article52\" target=\"_blank\">Catherine Becchetti-Bizot<\/a>. Cette derni\u00e8re, qui vient d&rsquo;\u00eatre remplac\u00e9e par son adjoint <a href=\"https:\/\/twitter.com\/jeandronmathieu\" target=\"_blank\">Mathieu Jeandron<\/a>, r\u00e9pond par ailleurs\u00a0en vid\u00e9o \u00e0 des questions plus pr\u00e9cises\u00a0:<\/p>\n<p><span class=\"embed-youtube\" style=\"text-align:center; display: block;\"><iframe loading=\"lazy\" class=\"youtube-player\" width=\"605\" height=\"341\" src=\"https:\/\/www.youtube.com\/embed\/B8_-5v7QxvI?version=3&#038;rel=1&#038;showsearch=0&#038;showinfo=1&#038;iv_load_policy=1&#038;fs=1&#038;hl=fr-FR&#038;autohide=2&#038;wmode=transparent\" allowfullscreen=\"true\" style=\"border:0;\" sandbox=\"allow-scripts allow-same-origin allow-popups allow-presentation allow-popups-to-escape-sandbox\"><\/iframe><\/span><\/p>\n<p>Un <a href=\"http:\/\/www.ludovia.com\/2015\/09\/formation-des-enseignants-horizontale-collaborative-et-par-essaimage\/\" target=\"_blank\">compte rendu<\/a> de cette entrevue est disponible sur <em><a href=\"http:\/\/www.ludovia.com\/\" target=\"_blank\">Ludovia<\/a><\/em>.<\/p>\n<blockquote><p>\u00ab\u00a0Les industries \u00e9ducatives [&#8230;] configurent nos mani\u00e8res de communiquer et de transmettre le savoir. Nous sommes donc oblig\u00e9s de repenser la formation dans un environnement, dans un \u00e9cosyst\u00e8me num\u00e9rique\u00a0\u00bb<\/p><\/blockquote>\n<p>Certes. En rapportant les paroles de l&rsquo;ex-directrice, <a href=\"http:\/\/eduscol.education.fr\/cid92683\/une-nouvelle-mission-pour-catherine-becchetti-bizot.html\" target=\"_blank\">maintenant charg\u00e9e d&rsquo;une mission<\/a>\u00a0d&rsquo;\u00e9tude des \u00ab\u00a0<em><span style=\"color: #800000;\">pratiques mobilisant des p\u00e9dagogies actives li\u00e9es \u00e0 l&rsquo;utilisation des outils et ressources num\u00e9riques\u00a0<\/span><\/em>\u00bb (sic, se relit-on dans les cabinets de la ministre\u00a0?), l&rsquo;article indique qu&rsquo;\u00ab<span style=\"color: #800000;\"><em>\u00a0il est indispensable que les enseignants \u00e9changent et partagent leurs pratiques et aillent vers un mod\u00e8le collaboratif de formation<\/em><\/span>\u00a0\u00bb.<\/p>\n<p>Certes encore mais\u2026 Elle reprend alors un discours d\u00e9j\u00e0 entendu que j&rsquo;avais eu l&rsquo;occasion de critiquer (1) :<\/p>\n<blockquote><p>\u00ab\u00a0\u00c0 l\u2019heure du num\u00e9rique, les formations doivent se faire par essaimage\u00a0\u00bb<\/p><\/blockquote>\n<p><img loading=\"lazy\" decoding=\"async\" class=\"alignright wp-image-1762 size-medium\" src=\"http:\/\/www.culture-numerique.fr\/wp-content\/uploads\/2014\/09\/large_4741374307-300x199.jpg\" alt=\"Chef d'orchestre\" width=\"300\" height=\"199\" srcset=\"https:\/\/www.culture-numerique.fr\/wp-content\/uploads\/2014\/09\/large_4741374307-300x199.jpg 300w, https:\/\/www.culture-numerique.fr\/wp-content\/uploads\/2014\/09\/large_4741374307-100x66.jpg 100w, https:\/\/www.culture-numerique.fr\/wp-content\/uploads\/2014\/09\/large_4741374307-150x99.jpg 150w, https:\/\/www.culture-numerique.fr\/wp-content\/uploads\/2014\/09\/large_4741374307-200x132.jpg 200w, https:\/\/www.culture-numerique.fr\/wp-content\/uploads\/2014\/09\/large_4741374307-450x298.jpg 450w, https:\/\/www.culture-numerique.fr\/wp-content\/uploads\/2014\/09\/large_4741374307-600x398.jpg 600w, https:\/\/www.culture-numerique.fr\/wp-content\/uploads\/2014\/09\/large_4741374307-900x597.jpg 900w, https:\/\/www.culture-numerique.fr\/wp-content\/uploads\/2014\/09\/large_4741374307.jpg 1024w\" sizes=\"auto, (max-width: 300px) 100vw, 300px\" \/>J&rsquo;ai donc d\u00e9j\u00e0 dit que je ne croyais \u00e0 l&rsquo;essaimage que s&rsquo;il \u00e9tait <strong>mis en \u0153uvre, orchestr\u00e9, anim\u00e9<\/strong>\u00a0\u2014\u00a0par l&rsquo;encadrement p\u00e9dagogique, bien s\u00fbr\u00a0\u2014 et que ce mot d&rsquo;\u00ab\u00a0essaimage\u00a0\u00bb n&rsquo;\u00e9tait souvent compris par une administration peureuse et paresseuse que comme la permission de procrastiner encore un peu plus\u2026\u00a0: attendons donc, \u00e7a finira bien par essaimer un jour\u00a0! Un bon exemple de cette paresse cong\u00e9nitale peut \u00eatre vu\u00a0dans un de mes derniers articles (2) concernant les nouveaux programmes de maternelle\u00a0: pour former les enseignants, <a href=\"https:\/\/www.reseau-canope.fr\/\" target=\"_blank\">le r\u00e9seau Canop\u00e9<\/a> propose une d\u00e9marche verticale de mise \u00e0 disposition de ressources sur un site web central, <strong>\u00e0 des lustres de la d\u00e9marche d&rsquo;un essaimage orchestr\u00e9<\/strong> comme le pr\u00e9conise l&rsquo;ex-directrice du DNE.<\/p>\n<p>Interrog\u00e9e sur les contenus, Catherine Becchetti-Bizot r\u00e9pond que \u00ab\u00a0<em><span style=\"color: #800000;\">les enseignants ont aussi besoin d\u2019\u00eatre form\u00e9s \u00e0 int\u00e9grer et \u00e0 transmettre cette culture num\u00e9rique<\/span><\/em>\u00a0\u00bb qui peut leur permettre d&rsquo;\u00ab\u00a0<span style=\"color: #800000;\"><em>apprendre aux \u00e9l\u00e8ves \u00e0 r\u00e9fl\u00e9chir \u00e0 ce qu\u2019ils sont en train de faire lorsqu\u2019ils utilisent le num\u00e9rique, \u00e0 ce qui se cache derri\u00e8re les dispositifs d\u2019information et de communication qu\u2019ils utilisent quotidiennement<\/em><\/span>\u00a0\u00bb. Elle ajoute que les enseignants ont besoin de \u00ab\u00a0<em><span style=\"color: #800000;\">savoir comment raccrocher l\u2019usage du num\u00e9rique aux objectifs de leur enseignement disciplinaire<\/span><\/em>\u00a0\u00bb.<\/p>\n<p>Autant j&rsquo;agr\u00e9e <strong>l&rsquo;acquisition d&rsquo;une culture num\u00e9rique globale<\/strong>, dont il est d&rsquo;ailleurs n\u00e9cessaire de pr\u00e9ciser les contours, autant j&rsquo;\u00e9prouve les plus grandes difficult\u00e9s \u00e0 comprendre cette int\u00e9gration du num\u00e9rique aux objectifs d&rsquo;un enseignement disciplinaire. S&rsquo;il s&rsquo;agit de de comprendre comment aujourd&rsquo;hui se transmettent les savoirs et se construit la connaissance, s&rsquo;il s&rsquo;agit d&rsquo;acqu\u00e9rir ces nouvelles comp\u00e9tences induites par le travail collaboratif\u2026 il est, \u00e0 mon avis, beaucoup plus important d&rsquo;apprendre \u00e0 croiser les regards sur ces connaissances et comp\u00e9tences disciplinaires plut\u00f4t que se regarder le nombril pour savoir comment on utilise un TNI en math\u00e9matiques ou une tablette en histoire-g\u00e9ographie. Soyons clair, c&rsquo;est aussi ce qui est au c\u0153ur de la r\u00e9flexion sur la r\u00e9forme du coll\u00e8ge qui suscite la r\u00e9flexion interdisciplinaire\u00a0\u2014\u00a0oh\u00a0! si peu, d&rsquo;ailleurs !<\/p>\n<p><em>In fine<\/em>, l&rsquo;inspectrice g\u00e9n\u00e9rale rappelle que\u00a01\u00a0000 formateurs sont d\u00e9j\u00e0 op\u00e9rationnels dans les acad\u00e9mies car d\u00e9j\u00e0 form\u00e9s et que ce nombre va doubler en 2015-2016, gr\u00e2ce \u00e0 des cr\u00e9dits exceptionnels (?). Pour ma part, j&rsquo;ai comme un doute. La tr\u00e8s grande majorit\u00e9 de ces formateurs, s&rsquo;ils existent, sont bien incapables d&rsquo;avoir pu eux-m\u00eames int\u00e9grer la culture num\u00e9rique qu&rsquo;ils sont cens\u00e9s transmettre ou mettre en \u0153uvre les dispositifs qui en permettraient\u00a0la transmission. S&rsquo;ils ont acquis des connaissances, c&rsquo;est bien plus souvent pour r\u00e9pondre \u00e0 des pr\u00e9occupations technico-techniques <strong>en mettant les mains dans le cambouis<\/strong> qu&rsquo;en se pr\u00e9occupant de p\u00e9dagogie ou de suppos\u00e9es modifications des postures magistrales. La plupart d&rsquo;entre ces formateurs sont des r\u00e9f\u00e9rents num\u00e9riques, le plus souvent en charge de classes, qui n&rsquo;ont que peu de temps et encore moins d&rsquo;\u00e9nergie \u00e0 consacrer \u00e0 l&rsquo;essaimage des pratiques.<\/p>\n<h3><strong>L&rsquo;obscurit\u00e9, pourtant<\/strong><\/h3>\n<p>Cela dit, les lecteurs du site institutionnel \u00ab\u00a0<a href=\"http:\/\/www.education.gouv.fr\/pid29064\/ecole-numerique.html\" target=\"_blank\">L&rsquo;\u00c9cole num\u00e9rique<\/a>\u00a0\u00bb ne savent rien de la mise en \u0153uvre de cette\u00a0formation\u00a0puisqu&rsquo;aucun article n&rsquo;y est consacr\u00e9. Les recteurs, secr\u00e9taires g\u00e9n\u00e9raux des acad\u00e9mies et inspecteurs d&rsquo;acad\u00e9mie, directeurs d\u00e9partementaux, convoqu\u00e9s au minist\u00e8re le 24 ao\u00fbt, n&rsquo;ont pas eu vent non plus de ce dispositif qui devrait pourtant avoir des cons\u00e9quences non n\u00e9gligeables sur\u00a0les budgets acad\u00e9miques de la formation. <strong>La ministre, dans <a href=\"http:\/\/www.education.gouv.fr\/cid92057\/reunion-de-rentree-des-recteurs-des-secretaires-generaux-d-academie-et-des-ia-dasen-discours-de-la-ministre.html\" target=\"_blank\">son discours<\/a>, ne dit pas un mot du num\u00e9rique ni de l&rsquo;\u00e9ducation aux m\u00e9dias<\/strong>, dont on avait cru comprendre qu&rsquo;ils \u00e9taient prioritaires\u2026<\/p>\n<p>La lecture des sites acad\u00e9miques ne nous \u00e9claire pas davantage, m\u00eame si certains\u00a0\u2014\u00a0c&rsquo;est le cas \u00e0 <a href=\"http:\/\/www.pedagogie.ac-aix-marseille.fr\/jcms\/j_3\/fr\/racine\" target=\"_blank\">Aix-Marseille<\/a>, par exemple\u00a0\u2014\u00a0titrent que\u00a0\u00ab\u00a0L\u2019\u00c9cole change avec le num\u00e9rique\u00a0\u00bb. Enfin, deux jours apr\u00e8s l&rsquo;accueil des responsables acad\u00e9miques, la ministre fait <a href=\"http:\/\/www.education.gouv.fr\/cid92136\/communication-en-conseil-des-ministres-la-rentree-scolaire.html\" target=\"_blank\">une communication<\/a> en conseil des ministres dans laquelle elle rappelle l&rsquo;importance du plan num\u00e9rique sans dire un mot de la formation.<\/p>\n<h3>Un bilan tr\u00e8s contrast\u00e9 de la formation<\/h3>\n<p>Alors, oui, il faut former les professeurs, tous les professeurs, les cadres aussi, tous les cadres.<\/p>\n<p>En formation initiale d&rsquo;abord m\u00eame si le chantier semble pharaonique, compte tenu de l&rsquo;\u00e9tat g\u00e9n\u00e9ral de certaines ESPE pour lesquelles le num\u00e9rique constitue la derni\u00e8re roue d&rsquo;une charrette d\u00e9j\u00e0 tr\u00e8s peu charg\u00e9e. Il n&rsquo;est qu&rsquo;\u00e0 consulter les tristes et an\u00e9miques volets num\u00e9riques des maquettes de formation pour s&rsquo;en convaincre.<\/p>\n<p>En formation continue ensuite o\u00f9 les choses semblent enfin un peu changer, nous dit-on. Comment faire\u00a0?<\/p>\n<p>Il convient, pour r\u00e9pondre \u00e0 cette question, de <strong>tirer les le\u00e7ons de l&rsquo;\u00e9chec g\u00e9n\u00e9ral de la formation<\/strong> dans ces domaines depuis des ann\u00e9es. Dans nombres d&rsquo;acad\u00e9mies, les cr\u00e9dits consacr\u00e9s \u00e0 la formation des enseignants et des cadres, tous degr\u00e9s confondus, ont \u00e9t\u00e9 longtemps tr\u00e8s faibles, voire nuls. Quand ils existaient, l\u00e0 encore, le num\u00e9rique, qui a port\u00e9 d&rsquo;autres noms, je ne vous les rappelle pas, n&rsquo;a jamais fait partie des priorit\u00e9s. Pourtant,\u00a0dans certaines acad\u00e9mies dont une que je connais mieux que les autres, il a quand m\u00eame \u00e9t\u00e9 possible, malgr\u00e9 les r\u00e9sistances, de mettre en \u0153uvre\u00a0une\u00a0formation au num\u00e9rique enrichie m\u00eame de l&rsquo;\u00e9ducation aux m\u00e9dias.<\/p>\n<p>Ainsi, ont \u00e9t\u00e9 form\u00e9s pendant des ann\u00e9es des administrateurs r\u00e9seaux bricoleurs, bard\u00e9s de dipl\u00f4mes universitaires, dont la mission consistait \u00e0 pallier l&rsquo;incurie dans ce domaine des services administratifs ou techniques de l&rsquo;\u00c9tat ou des collectivit\u00e9s. <strong>Rien n&rsquo;a v\u00e9ritablement chang\u00e9<\/strong>, il n&rsquo;est qu&rsquo;\u00e0 consulter les contenus de <a href=\"http:\/\/web2news.ac-versailles.fr\/newsgroups.php?hierarchy=ac-versailles.%2A\" target=\"_blank\">certains forums techniques en ligne<\/a>. Heureusement qu&rsquo;ils existent, d&rsquo;ailleurs, ces forums\u00a0! Tous ces personnels, dont beaucoup aimaient participer sur leur temps libre \u00e0 ces formations et y trouvaient l&rsquo;occasion d&rsquo;enrichir leurs connaissances et\u00a0d&rsquo;aider les coll\u00e8gues en difficult\u00e9, ont port\u00e9 successivement diff\u00e9rents noms\u00a0: personnes-ressources, administrateurs, r\u00e9f\u00e9rents num\u00e9riques\u2026<\/p>\n<blockquote><p>\u00ab\u00a0Plus qu\u2019une \u00e9volution, il convient de changer profond\u00e9ment de sc\u00e9nario et de revisiter de fond en comble l\u2019ensemble de la formation, \u00e0 commencer par celle des cadres et des formateurs. Quant aux fameux r\u00e9f\u00e9rents num\u00e9riques, les ouvriers sp\u00e9cialis\u00e9s de l\u2019accompagnement p\u00e9dagogique num\u00e9rique de proximit\u00e9, corv\u00e9ables \u00e0 merci, indemnis\u00e9s si faiblement, il convient non seulement de les former \u2014 c\u2019est bien le moins qu\u2019on leur doit \u2014 mais encore de leur donner un statut leur permettant d\u2019\u00eatre indemnis\u00e9s \u00e0 la hauteur du travail consid\u00e9rable qu\u2019ils fournissent.\u00a0\u00bb<\/p><\/blockquote>\n<p>Voil\u00e0 ce que j&rsquo;\u00e9crivais il y a d\u00e9j\u00e0 plus de 2 ans (3). Parall\u00e8lement, ont \u00e9t\u00e9 mis en \u0153uvre des dispositifs de formation <em>in situ<\/em> pour susciter l&rsquo;engagement num\u00e9rique des \u00e9coles, des coll\u00e8ges et des lyc\u00e9es qui n&rsquo;ont abouti, bien souvent, qu&rsquo;\u00e0 lib\u00e9rer certaines contraintes, permettre l&rsquo;appropriation d&rsquo;un outillage bient\u00f4t obsol\u00e8te et favoriser certains usages\u2026 fort limit\u00e9s au demeurant. C&rsquo;\u00e9tait d\u00e9j\u00e0 \u00e7a.<\/p>\n<p>Et bien s\u00fbr, il y a eu de ci, de l\u00e0, <strong>des g\u00e9n\u00e9rations successives de pionniers<\/strong>\u00a0\u2014\u00a0cette engeance s&rsquo;auto-reproduit depuis trente ans (4)\u00a0\u2014 qui ont eu \u00e0 conna\u00eetre et connaissent encore (5) les vicissitudes de leur p\u00e9dagogie innovante, en opposition bien souvent \u00e0 une hi\u00e9rarchie jalouse.<\/p>\n<h3>Quelques principes simples pour un rendez-vous en terre inconnue<\/h3>\n<p>Comment faire pour mettre en \u0153uvre une formation au num\u00e9rique pour les professeurs et les cadres ?<\/p>\n<p>Ne comptez pas sur moi pour vous le dire pr\u00e9cis\u00e9ment. Je n&rsquo;en sais strictement rien. La question n&rsquo;est certainement pas celle des outils, qu&rsquo;ils s&rsquo;appellent <a href=\"https:\/\/fr.wikipedia.org\/wiki\/Formation_en_ligne_ouverte_%C3%A0_tous\" target=\"_blank\">MOOC<\/a>, <a href=\"https:\/\/fr.wikipedia.org\/wiki\/SPOC\" target=\"_blank\">SPOC<\/a> ou BLIP\u00a0\u2014\u00a0ne cherchez pas\u00a0!\u00a0\u2014 condamn\u00e9s \u00e0 l&rsquo;obsolescence, de privil\u00e9gier telle ou telle forme, gamification, forum virtuel\u2026 de mettre en \u0153uvre tel ou tel m\u00e9dia.\u00a0Sans doute conviendra-t-il de tenir compte des conjonctures\u00a0et de l&rsquo;environnement, de la nature et de l&rsquo;activit\u00e9 propre des \u00e9cosyst\u00e8mes et microcosmes locaux\u2026 Mais, \u00e0 mon avis, une formation au num\u00e9rique renouvel\u00e9e doit aujourd&rsquo;hui tenir compte de certains principes propres \u00e0\u00a0faciliter le dessin de ses\u00a0contours.<\/p>\n<p><strong>Je vous en propose quatre.<\/strong><\/p>\n<hr \/>\n<p><strong>Principe n\u00b0 1\u00a0: l&rsquo;acculturation num\u00e9rique est un pr\u00e9alable \u00e0 la r\u00e9ussite d&rsquo;une formation professionnelle<\/strong>. Acqu\u00e9rir une culture num\u00e9rique, c&rsquo;est d&rsquo;abord, mais pas seulement, prendre v\u00e9ritablement conscience des enjeux \u00e9ducatifs que le paradigme du num\u00e9rique fait surgir. Ils sont nombreux, tr\u00e8s perturbateurs et souvent iconoclastes, ces enjeux. Allez expliquer \u00e0 des inspecteurs p\u00e9dagogiques que leurs missions doivent changer et qu&rsquo;ils doivent se transformer en animateurs de communaut\u00e9s en ligne (6)\u00a0! Allez dire \u00e0 un recteur qu&rsquo;il doit modifier le pilotage acad\u00e9mique en profondeur pour mettre entre ses services de la transparence, de la mobilit\u00e9, de la perm\u00e9abilit\u00e9 et de l&rsquo;horizontalit\u00e9 ! Allez expliquer \u00e0 des professeurs qu&rsquo;ils doivent descendre de leur estrade et qu&rsquo;ils ne sont\u00a0qu&rsquo;une source d&rsquo;information parmi d&rsquo;autres\u2026 Vous concevez mieux, je crois, la t\u00e2che qui incombe aux formateurs et la bienveillance et l&rsquo;extr\u00eame sensibilit\u00e9 qu&rsquo;ils doivent eux-m\u00eames mobiliser\u00a0\u00e0 ce sujet.<\/p>\n<hr \/>\n<p><strong>Principe n\u00b0 2\u00a0: avec le num\u00e9rique, les temps et les espaces ne peuvent \u00eatre les m\u00eames<\/strong>. Il convient en cons\u00e9quence de s&rsquo;\u00e9carter r\u00e9solument des vieux sch\u00e9mas, des vieilles m\u00e9thodes, de modalit\u00e9s de transmission usuelles et d\u00e9pass\u00e9es. Ainsi, apr\u00e8s le rappel des objectifs et des attendus, qui marquent en principe le d\u00e9but de la session de formation, la suite doit se poursuivre au rythme de la disponibilit\u00e9 et des progr\u00e8s de chacun, m\u00eame si des rendez-vous peuvent \u00eatre d\u00e9cid\u00e9s en commun. <strong>Il s&rsquo;agit de s&rsquo;adapter aux besoins, diff\u00e9rents<\/strong>, forc\u00e9ment diff\u00e9rents, des professeurs et cadres qui doivent se former. \u00c0 noter que la tendance est de faire confiance \u2014\u00a0c&rsquo;est ce qu&rsquo;on appelle <em>adaptative learning<\/em> de l&rsquo;autre c\u00f4t\u00e9 de l&rsquo;Atlantique\u00a0\u2014 aux algorithmes pour faire le boulot\u2026 De la m\u00eame mani\u00e8re, il est tout aussi vain\u00a0de dire o\u00f9 se d\u00e9roule la formation. Il va de soi que la formation en ligne, sur une\u00a0plateforme\u00a0<em>ad hoc<\/em>, doit \u00eatre privil\u00e9gi\u00e9e pour sa grande souplesse, m\u00eame si certaines s\u00e9ances peuvent s&rsquo;organiser, pour des raisons pratiques, en pr\u00e9sence des participants.<\/p>\n<p>Il est n\u00e9cessaire de prendre conscience que lieux, espaces et formes passent au second plan, l&rsquo;important \u00e9tant\u00a0de s&rsquo;adapter aux besoins des participants <strong>pour mobiliser leur attention, leur collaboration et leur engagement<\/strong> d&rsquo;une part, leur permettre d&rsquo;autre part de personnaliser leur parcours. Ainsi, on voit bien que certains mots n&rsquo;ont plus gu\u00e8re de sens\u00a0: \u00ab\u00a0salle de formation\u00a0\u00bb, \u00ab\u00a0journ\u00e9e de formation\u00a0\u00bb ou \u00ab\u00a0formation \u00e0 distance\u00a0\u00bb, par exemple.<\/p>\n<hr \/>\n<p><strong>Principe n\u00b0 3\u00a0:<\/strong>\u00a0<strong>le num\u00e9rique contraint \u00e0 modifier les postures<\/strong>. Ainsi, le ou les formateurs sont aujourd&rsquo;hui contraints \u00e0 quitter leurs habits moir\u00e9s mais bien r\u00e2p\u00e9s d&rsquo;experts suppos\u00e9s et \u00e0\u00a0se transformer en animateurs-tuteurs d&rsquo;une communaut\u00e9 d&rsquo;apprenants \u00e0 former. Cette nouvelle posture, qui n&rsquo;est pas la plus confortable, doit bien s\u00fbr \u00eatre la m\u00eame en ligne ou en pr\u00e9sentiel. Chacun,\u00a0formateur comme apprenant, <strong>peut apporter son \u00e9cot \u00e0 la co-construction des savoirs<\/strong>\u00a0! Finis les estrades, autels et autres pi\u00e9destaux, les\u00a0ar\u00e9opages et c\u00e9nacles\u00a0! Cela vaut aussi bien s\u00fbr pour les formations de cadres\u00a0lesquelles doivent se passer des tribunes, chaires et autres pupitres, et \u00e7a ne va pas \u00eatre simple. On privil\u00e9gie par ailleurs les d\u00e9marches pair \u00e0 pair, l&rsquo;horizontalit\u00e9 r\u00e9ticulaire qui ouvre la voie aux \u00e9changes, aux partages, aux symbioses, \u00e0 la collaboration, en proposant, par exemple et de surcro\u00eet, de m\u00ealer les publics \u00e0 former, professeurs et cadres administratifs et p\u00e9dagogiques.<\/p>\n<hr \/>\n<p><strong>Principe n\u00b0 4\u00a0:\u00a0le num\u00e9rique contraint \u00e0 red\u00e9finir les missions<\/strong>. Les mots-cl\u00e9s d&rsquo;une formation au num\u00e9rique sont la souplesse, la r\u00e9activit\u00e9, la disponibilit\u00e9, l&rsquo;interaction permanente entre formateurs et form\u00e9s. Tout cela s&rsquo;accommode \u00e9videmment fort mal d&rsquo;horaires et de services contraints, comme le sont g\u00e9n\u00e9ralement ceux des professeurs et des formateurs eux-m\u00eames. Une telle\u00a0formation trouve sa place\u00a0y compris et surtout bien au-del\u00e0 des traditionnels temps de travail, le soir, le week-end ou pendant les vacances\u00a0\u2014\u00a0l\u00e0, je pressens quelques tressaillements chez mes lecteurs, en particulier les militants syndicalistes.<\/p>\n<hr \/>\n<p>Et pendant ce temps-l\u00e0\u2026 Et pendant ce temps-l\u00e0, un ar\u00e9opage d&rsquo;experts du laboratoire d&rsquo;id\u00e9es\u00a0<a href=\"http:\/\/tnova.fr\/\" target=\"_blank\">Terra Nova<\/a> <a href=\"http:\/\/tnova.fr\/etudes\/le-recrutement-et-la-formation-des-personnels-de-l-education-nationale\" target=\"_blank\">fait des propositions<\/a>\u00a0tr\u00e8s progressistes et d\u00e9cal\u00e9es \u00e0 propos du\u00a0recrutement et de la formation des\u00a0personnels de l\u2019\u00c9ducation nationale \u2014\u00a0je vous en fais gr\u00e2ce\u00a0\u2014 en mentionnant, dans un rapport de trente-et-une pages (31), une fois le mot \u00ab\u00a0num\u00e9rique\u00a0\u00bb, <strong>une fois<\/strong>, pour nous dire qu&rsquo;il faut \u00ab\u00a0l&rsquo;utiliser\u00a0\u00bb\u00a0!<\/p>\n<p>Que dire\u00a0? Que ces gens-l\u00e0 ont des id\u00e9es et que \u00e7a se voit.<\/p>\n<p>Michel Guillou\u00a0<a href=\"https:\/\/twitter.com\/michelguillou\" target=\"_blank\">@michelguillou<\/a><\/p>\n<p><a href=\"http:\/\/creativecommons.org\/licenses\/by-nc-sa\/4.0\/\" target=\"_blank\"><img decoding=\"async\" src=\"https:\/\/i.creativecommons.org\/l\/by-nc-sa\/2.0\/fr\/80x15.png\" alt=\"image\" \/><\/a><\/p>\n<p>Cr\u00e9dit photo\u00a0:\u00a0<a href=\"https:\/\/pixabay.com\/fr\/toile-d-araign%C3%A9e-morgentau-ros%C3%A9e-4193\/\" target=\"_blank\">Pixabay<\/a>\u00a0sous licence\u00a0<a href=\"https:\/\/creativecommons.org\/publicdomain\/zero\/1.0\/deed.fr\" target=\"_blank\">Creative Commons CC0<\/a>\u00a0et\u00a0<a href=\"https:\/\/www.flickr.com\/photos\/onlille\/4741374307\/\">orchestre national de Lille (officiel)<\/a> via <a href=\"http:\/\/photopin.com\/\">photopin<\/a> <a href=\"http:\/\/creativecommons.org\/licenses\/by-nc-sa\/2.0\/\">cc<\/a><\/p>\n<ol>\n<li>Attendre l\u2019essaimage des bonnes pratiques num\u00e9riques, ne serait-ce pas procrastiner un peu\u00a0?\u00a0<a href=\"http:\/\/www.culture-numerique.fr\/?p=1780\" target=\"_blank\">http:\/\/www.culture-numerique.fr\/?p=1780<\/a><\/li>\n<li>Suzanne entre \u00e0 l\u2019\u00e9cole, laquelle est cens\u00e9e entrer dans l\u2019\u00e8re num\u00e9rique\u00a0<a href=\"http:\/\/www.culture-numerique.fr\/?p=3699\" target=\"_blank\">http:\/\/www.culture-numerique.fr\/?p=3699<\/a><\/li>\n<li>Faire du num\u00e9rique une chance pour la jeunesse\u00a0?\u00a0<a href=\"http:\/\/www.culture-numerique.fr\/?p=343\" target=\"_blank\">http:\/\/www.culture-numerique.fr\/?p=343<\/a><\/li>\n<li>Le retour des pionniers du num\u00e9rique \u00e9ducatif, saison 3\u00a0<a href=\"http:\/\/www.culture-numerique.fr\/?p=273\" target=\"_blank\">http:\/\/www.culture-numerique.fr\/?p=273<\/a><\/li>\n<li>2015, la grande gal\u00e8re du pionnier du num\u00e9rique \u00e9ducatif\u00a0<a href=\"http:\/\/www.culture-numerique.fr\/?p=3036\" target=\"_blank\">http:\/\/www.culture-numerique.fr\/?p=3036<\/a><\/li>\n<li>Inspection p\u00e9dagogique\u00a0: vers l\u2019animation de communaut\u00e9s en ligne\u00a0?\u00a0<a href=\"http:\/\/www.culture-numerique.fr\/?p=1749\" target=\"_blank\">http:\/\/www.culture-numerique.fr\/?p=1749<\/a><\/li>\n<\/ol>\n<p>[cite]<\/p>\n","protected":false},"excerpt":{"rendered":"<p><img loading=\"lazy\" decoding=\"async\" class=\"aligncenter size-full wp-image-3777\" src=\"http:\/\/www.culture-numerique.fr\/wp-content\/uploads\/2015\/09\/cobweb-4193_1280.jpg\" alt=\"Toile d'araign\u00e9e\" width=\"1280\" height=\"960\" srcset=\"https:\/\/www.culture-numerique.fr\/wp-content\/uploads\/2015\/09\/cobweb-4193_1280.jpg 1280w, https:\/\/www.culture-numerique.fr\/wp-content\/uploads\/2015\/09\/cobweb-4193_1280-300x225.jpg 300w, https:\/\/www.culture-numerique.fr\/wp-content\/uploads\/2015\/09\/cobweb-4193_1280-1024x768.jpg 1024w, https:\/\/www.culture-numerique.fr\/wp-content\/uploads\/2015\/09\/cobweb-4193_1280-100x75.jpg 100w, https:\/\/www.culture-numerique.fr\/wp-content\/uploads\/2015\/09\/cobweb-4193_1280-150x113.jpg 150w, https:\/\/www.culture-numerique.fr\/wp-content\/uploads\/2015\/09\/cobweb-4193_1280-200x150.jpg 200w, https:\/\/www.culture-numerique.fr\/wp-content\/uploads\/2015\/09\/cobweb-4193_1280-450x338.jpg 450w, https:\/\/www.culture-numerique.fr\/wp-content\/uploads\/2015\/09\/cobweb-4193_1280-600x450.jpg 600w, https:\/\/www.culture-numerique.fr\/wp-content\/uploads\/2015\/09\/cobweb-4193_1280-900x675.jpg 900w\" sizes=\"auto, (max-width: 1280px) 100vw, 1280px\" \/><\/p>\n<p><strong>\u00c0 Ludovia, on ne parlait que de \u00e7a\u2026<\/strong>\u00a0semble-t-il, car je n&rsquo;\u00e9tais pas sur place pour l&rsquo;entendre, une fois n&rsquo;est pas coutume. C&rsquo;\u00e9tait le 24 ou le 25 ao\u00fbt, m&rsquo;a-t-on dit. L&rsquo;annonce a \u00e9t\u00e9 relay\u00e9e par la presse et <em><a href=\"http:\/\/www.nextinpact.com\" target=\"_blank\">Nextinpact<\/a><\/em>,<\/p>\n<p><span class=\"ellipsis\">&hellip;<\/span><\/p>\n<div class=\"read-more\"><a href=\"https:\/\/www.culture-numerique.fr\/?p=3692\">Lire la suite &#8250;<\/a><\/div>\n<p><!-- end of .read-more --><\/p>\n","protected":false},"author":1,"featured_media":3777,"comment_status":"open","ping_status":"closed","sticky":false,"template":"","format":"standard","meta":{"jetpack_post_was_ever_published":false,"_jetpack_newsletter_access":"","_jetpack_dont_email_post_to_subs":true,"_jetpack_newsletter_tier_id":0,"_jetpack_memberships_contains_paywalled_content":false,"_jetpack_memberships_contains_paid_content":false,"footnotes":""},"categories":[9],"tags":[399,232,52,84,147,40,649,643,644,485,436,235,645,205,4,288,481,650],"class_list":["post-3692","post","type-post","status-publish","format-standard","has-post-thumbnail","hentry","category-billets-dhumeur","tag-catherine-becchetti-bizot","tag-collaboration","tag-culture-numerique","tag-dne","tag-espaces","tag-formation","tag-formation-au-numerique","tag-formation-de-cadres","tag-formation-de-formateurs","tag-formation-en-ligne","tag-horizontalite","tag-lieux","tag-mathieu-jeandron","tag-missions","tag-numerique-educatif","tag-pair-a-pair","tag-postures","tag-reseau"],"jetpack_featured_media_url":"https:\/\/www.culture-numerique.fr\/wp-content\/uploads\/2015\/09\/cobweb-4193_1280.jpg","jetpack_sharing_enabled":true,"_links":{"self":[{"href":"https:\/\/www.culture-numerique.fr\/index.php?rest_route=\/wp\/v2\/posts\/3692","targetHints":{"allow":["GET"]}}],"collection":[{"href":"https:\/\/www.culture-numerique.fr\/index.php?rest_route=\/wp\/v2\/posts"}],"about":[{"href":"https:\/\/www.culture-numerique.fr\/index.php?rest_route=\/wp\/v2\/types\/post"}],"author":[{"embeddable":true,"href":"https:\/\/www.culture-numerique.fr\/index.php?rest_route=\/wp\/v2\/users\/1"}],"replies":[{"embeddable":true,"href":"https:\/\/www.culture-numerique.fr\/index.php?rest_route=%2Fwp%2Fv2%2Fcomments&post=3692"}],"version-history":[{"count":84,"href":"https:\/\/www.culture-numerique.fr\/index.php?rest_route=\/wp\/v2\/posts\/3692\/revisions"}],"predecessor-version":[{"id":5741,"href":"https:\/\/www.culture-numerique.fr\/index.php?rest_route=\/wp\/v2\/posts\/3692\/revisions\/5741"}],"wp:featuredmedia":[{"embeddable":true,"href":"https:\/\/www.culture-numerique.fr\/index.php?rest_route=\/wp\/v2\/media\/3777"}],"wp:attachment":[{"href":"https:\/\/www.culture-numerique.fr\/index.php?rest_route=%2Fwp%2Fv2%2Fmedia&parent=3692"}],"wp:term":[{"taxonomy":"category","embeddable":true,"href":"https:\/\/www.culture-numerique.fr\/index.php?rest_route=%2Fwp%2Fv2%2Fcategories&post=3692"},{"taxonomy":"post_tag","embeddable":true,"href":"https:\/\/www.culture-numerique.fr\/index.php?rest_route=%2Fwp%2Fv2%2Ftags&post=3692"}],"curies":[{"name":"wp","href":"https:\/\/api.w.org\/{rel}","templated":true}]}}