{"id":3603,"date":"2015-07-24T09:28:23","date_gmt":"2015-07-24T07:28:23","guid":{"rendered":"http:\/\/www.culture-numerique.fr\/?p=3603"},"modified":"2015-11-06T13:07:40","modified_gmt":"2015-11-06T12:07:40","slug":"zimmermann-avait-raison-et-cest-une-catastrophe-pour-leducation","status":"publish","type":"post","link":"https:\/\/www.culture-numerique.fr\/?p=3603","title":{"rendered":"Zimmermann avait raison et c&rsquo;est une catastrophe pour l&rsquo;\u00e9ducation"},"content":{"rendered":"<p><img loading=\"lazy\" decoding=\"async\" class=\"aligncenter wp-image-3611 size-full\" src=\"http:\/\/www.culture-numerique.fr\/wp-content\/uploads\/2015\/07\/1181px-Kilmainham_1.jpg\" alt=\"Panoptique\" width=\"1181\" height=\"900\" srcset=\"https:\/\/www.culture-numerique.fr\/wp-content\/uploads\/2015\/07\/1181px-Kilmainham_1.jpg 1181w, https:\/\/www.culture-numerique.fr\/wp-content\/uploads\/2015\/07\/1181px-Kilmainham_1-300x229.jpg 300w, https:\/\/www.culture-numerique.fr\/wp-content\/uploads\/2015\/07\/1181px-Kilmainham_1-1024x780.jpg 1024w, https:\/\/www.culture-numerique.fr\/wp-content\/uploads\/2015\/07\/1181px-Kilmainham_1-100x76.jpg 100w, https:\/\/www.culture-numerique.fr\/wp-content\/uploads\/2015\/07\/1181px-Kilmainham_1-150x114.jpg 150w, https:\/\/www.culture-numerique.fr\/wp-content\/uploads\/2015\/07\/1181px-Kilmainham_1-200x152.jpg 200w, https:\/\/www.culture-numerique.fr\/wp-content\/uploads\/2015\/07\/1181px-Kilmainham_1-450x343.jpg 450w, https:\/\/www.culture-numerique.fr\/wp-content\/uploads\/2015\/07\/1181px-Kilmainham_1-600x457.jpg 600w, https:\/\/www.culture-numerique.fr\/wp-content\/uploads\/2015\/07\/1181px-Kilmainham_1-900x686.jpg 900w\" sizes=\"auto, (max-width: 1181px) 100vw, 1181px\" \/><\/p>\n<p><strong>Quatre ans d\u00e9j\u00e0\u00a0!<\/strong> Il s&rsquo;est pass\u00e9 quatre ans depuis le <a href=\"https:\/\/fr.wikipedia.org\/wiki\/Le_Grand_Webz%C3%A9\" target=\"_blank\">Grand Webz\u00e9<\/a>. Ce jour-l\u00e0 de 2011, sur le plateau de cette \u00e9mission diffus\u00e9e sur <em><a href=\"http:\/\/www.france5.fr\/\" target=\"_blank\">France 5<\/a><\/em>, on s&rsquo;essayait \u00e0 parler vie priv\u00e9e, donn\u00e9es personnelles et \u00e9ducation au num\u00e9rique et \u00e7a ne volait vraiment pas haut. C&rsquo;est le moins que l&rsquo;on puisse dire.\u00a0<a href=\"https:\/\/fr.wikipedia.org\/wiki\/J%C3%A9r%C3%A9mie_Zimmermann\" target=\"_blank\">J\u00e9r\u00e9mie Zimmermann<\/a>, alors\u00a0porte-parole de <a title=\"La Quadrature du Net\" href=\"http:\/\/www.laquadrature.net\/fr\" target=\"_blank\">La Quadrature du Net<\/a>, r\u00e9pondait aux questions de <a href=\"https:\/\/fr.wikipedia.org\/wiki\/Vinvin\" target=\"_blank\">Vinvin<\/a>\u00a0et de <a href=\"https:\/\/fr.wikipedia.org\/wiki\/Fran%C3%A7ois_Rollin\" target=\"_blank\">Fran\u00e7ois Rollin<\/a>,\u00a0et r\u00e9p\u00e9tait, avec ses mots \u00e0 lui, les m\u00eames avertissements convenus que ceux entendus d\u00e9j\u00e0 dans les m\u00e9dias ou dans la bouche de politiciens d\u00e9magogues\u2026<\/p>\n<p>J&rsquo;avais narr\u00e9 tout \u00e7a dans ce billet (1) dont je ne regrette aucun mot. J&rsquo;avais aussi compar\u00e9 l&rsquo;attitude n\u00e9gative, anxiog\u00e8ne, presque morbide de J\u00e9r\u00e9mie Zimmermann \u00e0 celle d&rsquo;un groupe de Belges, l&rsquo;\u00e9quipe de <a href=\"http:\/\/www.yapaka.be\/\" target=\"_blank\">Yapaka<\/a>, dont je d\u00e9couvrais alors le travail et vantais la qualit\u00e9 des vid\u00e9os qu&rsquo;ils produisaient\u00a0:<\/p>\n<blockquote><p>\u00ab\u00a0Ces derni\u00e8res abordent l\u2019essentiel de ce que les parents doivent savoir quant au langage et au comportement adopter avec des enfants ou des adolescents concernant les pratiques num\u00e9riques, sur l\u2019Internet pour l\u2019essentiel. C\u2019est clair, concis, splendide, incisif, cisel\u00e9, tr\u00e8s p\u00e9dagogique, c\u2019est belge [&#8230;]. Ces gens-l\u00e0 ont d\u00e9cid\u00e9ment de l\u2019\u00e9ducation aux m\u00e9dias num\u00e9riques une toute autre vision, plus \u00e9clairante et sagace, moins anxiog\u00e8ne, plus citoyenne enfin.\u00a0\u00bb<\/p><\/blockquote>\n<p>J\u00e9r\u00e9mie Zimmermann, lui, avait longuement glos\u00e9 sur les adolescents <strong>qui confondaient vie priv\u00e9e et vie publique<\/strong>. Il\u00a0m\u00e9connaissait alors, semble-t-il, comme beaucoup d&rsquo;autres aujourd&rsquo;hui encore, leur incapacit\u00e9 \u00e0 savoir de quoi on parle et leur go\u00fbt pour les postures \u00e0 risque. Plut\u00f4t que d&rsquo;utiliser des mots qu&rsquo;ils comprennent ou peuvent comprendre, d&rsquo;\u00e9voquer avec eux, de fa\u00e7on p\u00e9dagogique, <strong>les notions d&rsquo;intimit\u00e9 ou d&rsquo;extimit\u00e9<\/strong>, les participants \u00e0 cette \u00e9mission semblaient se poser en donneurs de le\u00e7ons insupportables.<\/p>\n<p>Le fondateur de la Quadrature avait termin\u00e9, sentencieux, par ces mots\u00a0:<\/p>\n<blockquote><p>\u00ab\u00a0Comme on apprend \u00e0 lire et \u00e0 \u00e9crire, on va apprendre aux gamins \u00e0 chiffrer leurs communications personnelles, \u00e0 chiffrer leurs donn\u00e9es\u2026\u00a0\u00bb<\/p><\/blockquote>\n<p>Pour un militant de l&rsquo;\u00e9ducation aux m\u00e9dias que j&rsquo;\u00e9tais, un modeste h\u00e9ritier de <a href=\"https:\/\/fr.wikipedia.org\/wiki\/C%C3%A9lestin_Freinet\" target=\"_blank\">Freinet<\/a> ou de <a href=\"https:\/\/fr.wikipedia.org\/wiki\/Janusz_Korczak\" target=\"_blank\">Korczak<\/a>, ces mots \u00e9taient insupportables. Quand ces derniers voyaient dans la production d&rsquo;\u00e9crits par les enfants un moyen d&rsquo;\u00e9mancipation politique et citoyenne, Zimmermann opposait ce jour-l\u00e0 une vision directive et terrifiante de l&rsquo;\u00e9ducation et de l&rsquo;acc\u00e8s \u00e0 l&rsquo;exercice d&rsquo;une libert\u00e9 fondamentale.<\/p>\n<h3>Et puis il y a eu le projet de loi relatif au renseignement<\/h3>\n<p><a href=\"https:\/\/fr.wikipedia.org\/wiki\/Projet_de_loi_relatif_au_renseignement\" target=\"_blank\">Ce dernier<\/a>, apr\u00e8s avoir pass\u00e9 toutes les \u00e9tapes du parcours parlementaire, a finalement \u00e9t\u00e9 vot\u00e9 largement le 5 mai dernier. Suite \u00e0 ce vote, de nombreux recours ont \u00e9t\u00e9 form\u00e9s devant le Conseil constitutionnel lequel a valid\u00e9 hier soir l&rsquo;essentiel de la loi, ne censurant que trois articles.<\/p>\n<p>C&rsquo;est une d\u00e9faite terrible pour tous ceux qui ont milit\u00e9 ardemment ces derniers temps pour d\u00e9noncer les travers liberticides d&rsquo;une loi mal fagot\u00e9e qui soumet le judiciaire \u00e0 l&rsquo;ex\u00e9cutif et organise une surveillance massive des citoyens. Je vous renvoie aux excellents arguments d\u00e9velopp\u00e9s par <a href=\"http:\/\/blog.fdn.fr\/?post\/2015\/06\/23\/Request-for-comments\" target=\"_blank\">la FDN<\/a> ou <a href=\"http:\/\/www.laquadrature.net\/fr\/la-france-dans-lere-de-la-surveillance-de-masse-resistons\" target=\"_blank\">la Quadrature<\/a>. Comment expliquer aux citoyens et, notamment, aux plus jeunes d&rsquo;entre eux, qu&rsquo;il va falloir prendre beaucoup de pr\u00e9cautions quand on aura \u00e0 s&rsquo;exprimer ou donner son opinion, <strong>se d\u00e9fier de tout le monde <em>a priori<\/em> et, en particulier, de l&rsquo;\u00c9tat<\/strong> et de ses services de police et de renseignement\u00a0?<\/p>\n<p>C&rsquo;est une dr\u00f4le de morale renvers\u00e9e qui nous est propos\u00e9e l\u00e0, o\u00f9 il convient d&rsquo;abord de se d\u00e9fier de tout et d&rsquo;abord de ceux qui nous sont proches et sont cens\u00e9s nous prot\u00e9ger, et qui pr\u00e9figure certains des aspects des <a href=\"https:\/\/fr.wikipedia.org\/wiki\/1984_(roman)\" target=\"_blank\">fantasmes orwelliens<\/a> ou des consid\u00e9rations de <a href=\"https:\/\/fr.wikipedia.org\/wiki\/Jeremy_Bentham\" target=\"_blank\">Bentham<\/a> ou <a href=\"https:\/\/fr.wikipedia.org\/wiki\/Michel_Foucault\" target=\"_blank\">Foucault<\/a> sur leur soci\u00e9t\u00e9 <a href=\"https:\/\/fr.wikipedia.org\/wiki\/Michel_Foucault\" target=\"_blank\">panoptique<\/a>.<\/p>\n<p>Ce monde qu&rsquo;on nous promet, <strong>monde de d\u00e9fiance et de peur<\/strong>, est celui qu&rsquo;il va falloir proposer \u00e0 nos enfants et aux \u00e9l\u00e8ves. Pour l&rsquo;\u00e9ducation, l&rsquo;\u00e9ducation aux m\u00e9dias en particulier, pour ce que porte d&rsquo;habitude l&rsquo;\u00e9cole, les valeurs de l&rsquo;\u00e9mancipation, de la responsabilit\u00e9, de l&rsquo;autonomie, d&rsquo;apprentissage des libert\u00e9s fondamentales, c&rsquo;est un terrible recul et un \u00e9chec cuisant\u00a0!<\/p>\n<table style=\"background-color: #f1f29f;\">\n<tbody>\n<tr>\n<td><strong>J\u00e9r\u00e9mie Zimmermann avait raison<\/strong>, je crains qu&rsquo;il ne faille bient\u00f4t expliquer \u00e0 nos enfants et aux \u00e9l\u00e8ves comment <strong>chiffrer toutes ses donn\u00e9es personnelles et ses correspondances num\u00e9riques<\/strong>, comme le font d\u00e9j\u00e0 les journalistes ou parfois de simples citoyens, militants politiques ou syndicaux sous le joug des dictatures.<\/td>\n<\/tr>\n<\/tbody>\n<\/table>\n<p>M\u00eame si tous les recours ne sont pas \u00e9puis\u00e9s contre cette loi, ce jour est un moment terrible pour l&rsquo;\u00e9ducation de nos enfants.<\/p>\n<p>Michel Guillou\u00a0<a href=\"https:\/\/twitter.com\/michelguillou\" target=\"_blank\">@michelguillou<\/a><\/p>\n<p><a href=\"http:\/\/creativecommons.org\/licenses\/by-nc-sa\/2.0\/fr\/\" target=\"_blank\"><img loading=\"lazy\" decoding=\"async\" src=\"http:\/\/i.creativecommons.org\/l\/by-nc-sa\/2.0\/fr\/80x15.png\" alt=\"image\" width=\"80\" height=\"15\" \/><\/a><\/p>\n<p>Cr\u00e9dit photo\u00a0: \u00ab\u202f<a href=\"https:\/\/commons.wikimedia.org\/wiki\/File:Kilmainham_1.JPG#\/media\/File:Kilmainham_1.JPG\">Kilmainham 1<\/a>\u202f\u00bb. Sous licence <a title=\"Creative Commons Attribution-Share Alike 3.0\" href=\"http:\/\/creativecommons.org\/licenses\/by-sa\/3.0\/\">CC BY-SA 3.0<\/a> via <a href=\"https:\/\/commons.wikimedia.org\/wiki\/\">Wikimedia Commons<\/a>.<\/p>\n<p>1.\u00a0Internet\u00a0: quand les Belges nous font la le\u00e7on\u2026\u00a0<a href=\"http:\/\/www.culture-numerique.fr\/?p=83\" target=\"_blank\">http:\/\/www.culture-numerique.fr\/?p=83<\/a><\/p>\n","protected":false},"excerpt":{"rendered":"<p><img loading=\"lazy\" decoding=\"async\" class=\"aligncenter wp-image-3611 size-full\" src=\"http:\/\/www.culture-numerique.fr\/wp-content\/uploads\/2015\/07\/1181px-Kilmainham_1.jpg\" alt=\"Panoptique\" width=\"1181\" height=\"900\" srcset=\"https:\/\/www.culture-numerique.fr\/wp-content\/uploads\/2015\/07\/1181px-Kilmainham_1.jpg 1181w, https:\/\/www.culture-numerique.fr\/wp-content\/uploads\/2015\/07\/1181px-Kilmainham_1-300x229.jpg 300w, https:\/\/www.culture-numerique.fr\/wp-content\/uploads\/2015\/07\/1181px-Kilmainham_1-1024x780.jpg 1024w, https:\/\/www.culture-numerique.fr\/wp-content\/uploads\/2015\/07\/1181px-Kilmainham_1-100x76.jpg 100w, https:\/\/www.culture-numerique.fr\/wp-content\/uploads\/2015\/07\/1181px-Kilmainham_1-150x114.jpg 150w, https:\/\/www.culture-numerique.fr\/wp-content\/uploads\/2015\/07\/1181px-Kilmainham_1-200x152.jpg 200w, https:\/\/www.culture-numerique.fr\/wp-content\/uploads\/2015\/07\/1181px-Kilmainham_1-450x343.jpg 450w, https:\/\/www.culture-numerique.fr\/wp-content\/uploads\/2015\/07\/1181px-Kilmainham_1-600x457.jpg 600w, https:\/\/www.culture-numerique.fr\/wp-content\/uploads\/2015\/07\/1181px-Kilmainham_1-900x686.jpg 900w\" sizes=\"auto, (max-width: 1181px) 100vw, 1181px\" \/><\/p>\n<p><strong>Quatre ans d\u00e9j\u00e0\u00a0!<\/strong> Il s&rsquo;est pass\u00e9 quatre ans depuis le <a href=\"https:\/\/fr.wikipedia.org\/wiki\/Le_Grand_Webz%C3%A9\" target=\"_blank\">Grand Webz\u00e9<\/a>. Ce jour-l\u00e0 de 2011, sur le plateau de cette \u00e9mission diffus\u00e9e sur <em><a href=\"http:\/\/www.france5.fr\/\" target=\"_blank\">France 5<\/a><\/em>,<\/p>\n<p><span class=\"ellipsis\">&hellip;<\/span><\/p>\n<div class=\"read-more\"><a href=\"https:\/\/www.culture-numerique.fr\/?p=3603\">Lire la suite &#8250;<\/a><\/div>\n<p><!-- end of .read-more --><\/p>\n","protected":false},"author":1,"featured_media":3611,"comment_status":"open","ping_status":"open","sticky":false,"template":"","format":"standard","meta":{"jetpack_post_was_ever_published":false,"_jetpack_newsletter_access":"","_jetpack_dont_email_post_to_subs":false,"_jetpack_newsletter_tier_id":0,"_jetpack_memberships_contains_paywalled_content":false,"_jetpack_memberships_contains_paid_content":false,"footnotes":""},"categories":[9],"tags":[190,70,111,607,440,13,626,622,276,627],"class_list":["post-3603","post","type-post","status-publish","format-standard","has-post-thumbnail","hentry","category-billets-dhumeur","tag-chiffrement","tag-education","tag-education-aux-medias","tag-extimite","tag-intimite","tag-liberte-dexpression","tag-loi-renseignement","tag-renseignement","tag-surveillance","tag-zimmermann"],"jetpack_featured_media_url":"https:\/\/www.culture-numerique.fr\/wp-content\/uploads\/2015\/07\/1181px-Kilmainham_1.jpg","jetpack_sharing_enabled":true,"_links":{"self":[{"href":"https:\/\/www.culture-numerique.fr\/index.php?rest_route=\/wp\/v2\/posts\/3603","targetHints":{"allow":["GET"]}}],"collection":[{"href":"https:\/\/www.culture-numerique.fr\/index.php?rest_route=\/wp\/v2\/posts"}],"about":[{"href":"https:\/\/www.culture-numerique.fr\/index.php?rest_route=\/wp\/v2\/types\/post"}],"author":[{"embeddable":true,"href":"https:\/\/www.culture-numerique.fr\/index.php?rest_route=\/wp\/v2\/users\/1"}],"replies":[{"embeddable":true,"href":"https:\/\/www.culture-numerique.fr\/index.php?rest_route=%2Fwp%2Fv2%2Fcomments&post=3603"}],"version-history":[{"count":15,"href":"https:\/\/www.culture-numerique.fr\/index.php?rest_route=\/wp\/v2\/posts\/3603\/revisions"}],"predecessor-version":[{"id":4221,"href":"https:\/\/www.culture-numerique.fr\/index.php?rest_route=\/wp\/v2\/posts\/3603\/revisions\/4221"}],"wp:featuredmedia":[{"embeddable":true,"href":"https:\/\/www.culture-numerique.fr\/index.php?rest_route=\/wp\/v2\/media\/3611"}],"wp:attachment":[{"href":"https:\/\/www.culture-numerique.fr\/index.php?rest_route=%2Fwp%2Fv2%2Fmedia&parent=3603"}],"wp:term":[{"taxonomy":"category","embeddable":true,"href":"https:\/\/www.culture-numerique.fr\/index.php?rest_route=%2Fwp%2Fv2%2Fcategories&post=3603"},{"taxonomy":"post_tag","embeddable":true,"href":"https:\/\/www.culture-numerique.fr\/index.php?rest_route=%2Fwp%2Fv2%2Ftags&post=3603"}],"curies":[{"name":"wp","href":"https:\/\/api.w.org\/{rel}","templated":true}]}}