{"id":3581,"date":"2015-07-29T18:42:38","date_gmt":"2015-07-29T16:42:38","guid":{"rendered":"http:\/\/www.culture-numerique.fr\/?p=3581"},"modified":"2016-08-24T15:17:06","modified_gmt":"2016-08-24T13:17:06","slug":"du-fantasme-dun-internet-de-lentre-soi-au-plaisant-effet-de-la-boite-a-plonk","status":"publish","type":"post","link":"https:\/\/www.culture-numerique.fr\/?p=3581","title":{"rendered":"Du fantasme d&rsquo;un Internet de l&rsquo;entre-soi au plaisant effet de la bo\u00eete \u00e0 plonk"},"content":{"rendered":"<p><img loading=\"lazy\" decoding=\"async\" class=\"size-full wp-image-3622 aligncenter\" src=\"http:\/\/www.culture-numerique.fr\/wp-content\/uploads\/2015\/07\/8430379397_776cb51135_o.jpg\" alt=\"Bo\u00eete\" width=\"1000\" height=\"868\" srcset=\"https:\/\/www.culture-numerique.fr\/wp-content\/uploads\/2015\/07\/8430379397_776cb51135_o.jpg 1000w, https:\/\/www.culture-numerique.fr\/wp-content\/uploads\/2015\/07\/8430379397_776cb51135_o-300x260.jpg 300w, https:\/\/www.culture-numerique.fr\/wp-content\/uploads\/2015\/07\/8430379397_776cb51135_o-100x87.jpg 100w, https:\/\/www.culture-numerique.fr\/wp-content\/uploads\/2015\/07\/8430379397_776cb51135_o-150x130.jpg 150w, https:\/\/www.culture-numerique.fr\/wp-content\/uploads\/2015\/07\/8430379397_776cb51135_o-200x174.jpg 200w, https:\/\/www.culture-numerique.fr\/wp-content\/uploads\/2015\/07\/8430379397_776cb51135_o-450x391.jpg 450w, https:\/\/www.culture-numerique.fr\/wp-content\/uploads\/2015\/07\/8430379397_776cb51135_o-600x521.jpg 600w, https:\/\/www.culture-numerique.fr\/wp-content\/uploads\/2015\/07\/8430379397_776cb51135_o-900x781.jpg 900w\" sizes=\"auto, (max-width: 1000px) 100vw, 1000px\" \/><\/p>\n<p><strong>On avait un peu l&rsquo;habitude.<\/strong> \u00ab\u00a0<span style=\"color: #800000;\"><em>Sur Internet, il y a des mecs un peu seuls. C&rsquo;est un d\u00e9fouloir. Il y a les bo\u00eetes \u00e0 lettres et les bo\u00eetes \u00e0 mal-\u00eatre, comme Internet [&#8230;] Internet, c&rsquo;est du jetable, de l&rsquo;aigreur, de la merde<\/em><\/span>\u00a0\u00bb disait, par exemple, <a href=\"https:\/\/fr.wikipedia.org\/wiki\/Jean_Dujardin\" target=\"_blank\">Jean Dujardin<\/a> au mois de f\u00e9vrier dernier, <a href=\"http:\/\/www.ozap.com\/actu\/jean-dujardin-internet-c-est-de-la-merde\/445685\" target=\"_blank\">rapport\u00e9<\/a> par <em><a href=\"http:\/\/www.ozap.com\/\" target=\"_blank\">Ozap<\/a><\/em>. Il est vrai que l&rsquo;acteur a de remarquables pr\u00e9d\u00e9cesseurs dans l&rsquo;art de la critique fielleuse de l&rsquo;Internet\u00a0: ainsi l\u2019honorable acad\u00e9micien <a href=\"https:\/\/fr.wikipedia.org\/wiki\/Alain_Finkielkraut\" target=\"_blank\">Alain Finkielkraut<\/a> <a href=\"http:\/\/www.numerama.com\/magazine\/24922-finkielkraut-attaque-encore-internet-et-denonce-la-34stasi-internet34.html\" target=\"_blank\">\u00e9voquait<\/a> \u00e0 ce propos \u00ab\u00a0<span style=\"color: #800000;\"><em>ce droit invraisemblable de chacun \u00e0 l&rsquo;expression<\/em><\/span>\u00a0\u00bb sur Internet. De la m\u00eame fa\u00e7on, <a href=\"https:\/\/fr.wikipedia.org\/wiki\/Pierre_Arditi\" target=\"_blank\">Pierre Arditi<\/a>, ajoutait une touche d&rsquo;amertume\u00a0: \u00ab\u00a0<em><span style=\"color: #800000;\">C\u2019est formidable que les gens s\u2019expriment\u2026 apr\u00e8s tout pourquoi pas&#8230;<\/span><\/em>\u00a0\u00bb.<\/p>\n<p><strong>En effet<\/strong>. Si vous aimez les floril\u00e8ges rigolos, c&rsquo;est l\u00e0 (1, 2).<\/p>\n<p>Tout r\u00e9cemment, de mani\u00e8re diff\u00e9rente, se sont manifest\u00e9es des opinions pour le moins \u00e9tranges, d&rsquo;autant qu&rsquo;elles viennent non de novices de ces espaces num\u00e9riques mais, bien au contraire, de personnalit\u00e9s rompues \u00e0 en explorer les m\u00e9andres et les recoins.<\/p>\n<h3>Les ados s&rsquo;ennuient en ligne\u2026 sans blague\u00a0?<\/h3>\n<p>Tout cela a commenc\u00e9 au mois de mai dernier quand un chroniqueur du\u00a0<em><a href=\"http:\/\/www.lemonde.fr\/m-perso\/\" target=\"_blank\">Magazine du Monde<\/a><\/em> <a href=\"http:\/\/www.lemonde.fr\/m-perso\/article\/2015\/05\/04\/ados-le-partage-du-rien-sur-internet_4624355_4497916.html\" target=\"_blank\">a repris<\/a>, sous un titre tr\u00e8s m\u00e9prisant \u00ab\u00a0<em><span style=\"color: #800000;\">Ados : le partage du rien sur Internet<\/span><\/em>\u00a0\u00bb,\u00a0les propos d&rsquo;<a href=\"http:\/\/www.nytimes.com\/2015\/04\/05\/magazine\/borecore.html?_r=0\" target=\"_blank\">un article<\/a> du\u00a0<em><a href=\"http:\/\/www.nytimes.com\/\" target=\"_blank\">New York Times Magazine<\/a>\u00a0<\/em>qui semblait d\u00e9couvrir que les ados am\u00e9ricains s&rsquo;ennuient chez eux et publient n&rsquo;importe quoi sur les r\u00e9seaux sociaux ! La belle affaire\u00a0! Internet et les r\u00e9seaux sociaux n&rsquo;ont rien chang\u00e9, le probl\u00e8me c&rsquo;est juste que <strong>\u00e7a se voit un peu plus<\/strong>\u2026 Le plus emb\u00eatant, c&rsquo;est que notre chroniqueuse appuie sa d\u00e9monstration en interrogeant la sociologue <a href=\"http:\/\/www.fftelecoms.org\/articles\/les-ados-s-ennuient-aussi-avec-les-outils-numeriques\" target=\"_blank\">Jo\u00eblle Menrath<\/a>, toujours pertinente, qui confirme\u00a0: oui, num\u00e9rique ou pas, les ados s&rsquo;ennuient.<\/p>\n<p>Incroyable\u00a0! Voil\u00e0 qui va sans doute\u00a0\u00e9tonner les parents et les profs\u00a0! J&rsquo;en parlais justement il y a quelques jours (3).\u00a0En mati\u00e8re\u00a0de rien, le journalisme touche parfois le fond, \u00e0 New-York comme \u00e0 Paris. Quand il s&rsquo;agit de taper \u00e0 bras raccourcis sur ces fain\u00e9ants de jeunes, il y a toujours quelqu&rsquo;un pour exhumer une \u00e9tude, am\u00e9ricaine de pr\u00e9f\u00e9rence.<\/p>\n<h3><img loading=\"lazy\" decoding=\"async\" class=\"alignright size-full wp-image-3628\" src=\"http:\/\/www.culture-numerique.fr\/wp-content\/uploads\/2015\/07\/363px-Hossein-Derakhshan.jpg\" alt=\"Hossein Derakhshan\" width=\"363\" height=\"480\" srcset=\"https:\/\/www.culture-numerique.fr\/wp-content\/uploads\/2015\/07\/363px-Hossein-Derakhshan.jpg 363w, https:\/\/www.culture-numerique.fr\/wp-content\/uploads\/2015\/07\/363px-Hossein-Derakhshan-227x300.jpg 227w, https:\/\/www.culture-numerique.fr\/wp-content\/uploads\/2015\/07\/363px-Hossein-Derakhshan-100x132.jpg 100w, https:\/\/www.culture-numerique.fr\/wp-content\/uploads\/2015\/07\/363px-Hossein-Derakhshan-150x198.jpg 150w, https:\/\/www.culture-numerique.fr\/wp-content\/uploads\/2015\/07\/363px-Hossein-Derakhshan-200x264.jpg 200w, https:\/\/www.culture-numerique.fr\/wp-content\/uploads\/2015\/07\/363px-Hossein-Derakhshan-300x397.jpg 300w\" sizes=\"auto, (max-width: 363px) 100vw, 363px\" \/>Le retour du blogueur\u00a0prodigue<\/h3>\n<p>Celui-l\u00e0 nous vient d&rsquo;Iran et s&rsquo;appelle\u00a0<a href=\"https:\/\/fr.wikipedia.org\/wiki\/Hossein_Derakhshan\" target=\"_blank\">Hossein Derakhshan<\/a>. \u00catre blogueur en Iran n&rsquo;est pas une sin\u00e9cure, vous l&rsquo;avez compris, surtout quand on n&rsquo;est pas trop d&rsquo;accord avec le gouvernement en place et qu&rsquo;on le dit. Il a donc pass\u00e9 six ans en prison, de laquelle il est enfin sorti en novembre dernier.<\/p>\n<p><em><a href=\"http:\/\/ecrans.liberation.fr\/ecrans\/2015\/07\/20\/six-ans-apres-internet-se-recroqueville_1351044\" target=\"_blank\">Lib\u00e9ration<\/a><\/em> et <em><a href=\"http:\/\/www.telerama.fr\/medias\/hossein-derakhshan-internet-interview,129643.php\" target=\"_blank\">T\u00e9l\u00e9rama<\/a><\/em> nous racontent son histoire et l&rsquo;interrogent, suite \u00e0 la publication d&rsquo;<a href=\"https:\/\/medium.com\/matter\/the-web-we-have-to-save-2eb1fe15a426\" target=\"_blank\">un article<\/a> \u00ab <span style=\"color: #800000;\"><em>The Web We Have to Save<\/em><\/span>\u00a0\u00bb sur <em><a href=\"https:\/\/medium.com\/\" target=\"_blank\">Medium<\/a><\/em> qui a fait pas mal de bruit.\u00a0Hossein Derakhshan n&rsquo;est pas content et le dit\u00a0: pendant ces six ann\u00e9es, on lui a chang\u00e9 son Internet. Pardon, son web. Selon lui, le web se centraliserait, se concentrerait, se t\u00e9l\u00e9visionnerait, nous rendant plus vuln\u00e9rables face aux gouvernements, qui mettent en \u0153uvre la surveillance d&rsquo;\u00c9tat, et aux entreprises qui pillent nos donn\u00e9es personnelles.<\/p>\n<p>Il a cent fois raison, bien \u00e9videmment, et j&rsquo;agr\u00e9e ses propos. Mais j&rsquo;avoue \u00eatre \u00e9pat\u00e9 par tant d&rsquo;ang\u00e9lisme. Le web \u00e9tait d\u00e9j\u00e0, \u00e0 la fin du dernier mill\u00e9naire, au contraire de bien d&rsquo;autres services de l&rsquo;Internet, <strong>un m\u00e9dia hyper-centralis\u00e9<\/strong>. Il a \u00e9t\u00e9 con\u00e7u comme cela. Rien l\u00e0 d&rsquo;\u00e9tonnant\u00a0: son \u00e9volution mercantile, \u00e9conomique, politique et intellectuelle \u00e9tait pr\u00e9visible, m\u00eame s&rsquo;il \u00e9tait permis d&rsquo;esp\u00e9rer plus de vision politique de nos dirigeants que les lois \u00e0 courte vue et liberticides vot\u00e9es r\u00e9cemment. Mais, malgr\u00e9 ce centralisme, il n&rsquo;est pas douteux que le web a permis le d\u00e9veloppement de services qui ont connu un succ\u00e8s consid\u00e9rable\u00a0: <em><a href=\"https:\/\/fr.wikipedia.org\/wiki\/Accueil\" target=\"_blank\">Wikip\u00e9dia<\/a><\/em> d&rsquo;abord, dont Hossein Derakhshan ne parle pas, et les r\u00e9seaux sociaux.<\/p>\n<p>Justement, ces derniers n&rsquo;ont pas l&rsquo;heur de plaire \u00e0 notre blogueur\u00a0:<\/p>\n<blockquote><p>\u00ab\u00a0Il ne fait aucun doute \u00e0 mes yeux que la diversit\u00e9 des th\u00e8mes et des opinions en ligne est moindre qu\u2019autrefois. Les id\u00e9es neuves, diff\u00e9rentes et provocatrices sont supprim\u00e9es par les r\u00e9seaux sociaux dont les strat\u00e9gies de classement donnent la priorit\u00e9 au populaire et \u00e0 l\u2019habituel.\u00a0\u00bb<\/p><\/blockquote>\n<h3>On est quand m\u00eame mieux entre soi<\/h3>\n<blockquote><p>\u00ab\u00a0Autrefois, Internet \u00e9tait une chose suffisamment s\u00e9rieuse et puissante pour m\u2019envoyer derri\u00e8re les barreaux. Aujourd\u2019hui, c\u2019est apparemment \u00e0 peine plus qu\u2019un loisir. [&#8230;]\u00a0Je regrette l\u2019\u00e9poque o\u00f9 les gens prenaient le temps de consulter plusieurs opinions divergentes, et se donnaient la peine de lire plus qu\u2019un paragraphe ou 140 caract\u00e8res. Je regrette le temps o\u00f9 je pouvais \u00e9crire quelque chose sur mon propre blog, publier dans mon propre domaine, sans consacrer au moins autant de temps \u00e0 le promouvoir ; l\u2019\u00e9poque o\u00f9 personne ne se souciait des \u201cj\u2019aime\u201d et des \u201cpartager\u201d\u00a0\u00bb<\/p><\/blockquote>\n<p>Que dire\u00a0? Sinon que <strong>mon d\u00e9saccord est total, profond, d\u00e9finitif<\/strong>.\u00a0L&rsquo;Internet id\u00e9alis\u00e9 par Derakhshan est un machin clos o\u00f9 on s&rsquo;autorise des trucs entre gens autoris\u00e9s. Ce monde-l\u00e0 est celui d&rsquo;un <strong>entre-soi intellectuel et \u00e9litiste<\/strong> qui d\u00e9nonce \u00ab\u00a0<span style=\"color: #800000;\"><em>la priorit\u00e9 au populaire<\/em><\/span>\u00a0\u00bb, pour reprendre l&rsquo;expression-m\u00eame de\u00a0Derakhshan. Quelle horreur que tous ces gens qui ne savent pas s&rsquo;exprimer autrement que par des tweets ou des commentaires courts\u00a0!<\/p>\n<p>\u00ab\u00a0Hoder\u00a0\u00bb, puisque c&rsquo;est son pseudo, semble oublier qu&rsquo;il a d\u00fb, tr\u00e8s longtemps probablement, lire et commenter m\u00e9diocrement d&rsquo;autres blogues avant d&rsquo;ouvrir le sien en 2001 et de conseiller les Iraniens\u00a0\u2014\u00a0il \u00e9tait alors journaliste au Canada\u00a0\u2014 pour en faire des blogueurs. Qu&rsquo;esp\u00e9rait-il\u00a0? Il va de soi que l&rsquo;acc\u00e8s du plus grand nombre \u00e0 l&rsquo;exercice d&rsquo;une libert\u00e9 fondamentale, \u00e9videmment bafou\u00e9e en Iran, est une t\u00e2che hautement complexe, difficile et risqu\u00e9e et que les r\u00e9sultats n&rsquo;en sont pas toujours tr\u00e8s heureux. Rappelez-vous, les \u00ab\u00a0skyblogs\u00a0\u00bb en France, qui ont fait de ce pays le champion du monde du \u00ab\u00a0blogging\u00a0\u00bb, ce n&rsquo;\u00e9tait pas toujours de la grande litt\u00e9rature\u00a0! Et les modalit\u00e9s de partage mises en \u0153uvre sur ces plateformes ont grandement contribu\u00e9 \u00e0 cette d\u00e9mocratisation et cette popularisation de l&rsquo;expression qui fait tant de mal \u00e0\u00a0Hossein Derakhshan.<\/p>\n<p>En cela, ce dernier exprime une opinion \u00e9litiste qui n&rsquo;est pas diff\u00e9rente de celle\u00a0d&rsquo;autres \u00ab\u00a0grands\u00a0\u00bb journalistes ou patrons de presse en France, <a href=\"https:\/\/fr.wikipedia.org\/wiki\/Laurent_Joffrin\" target=\"_blank\">Laurent Joffrin<\/a>, <a href=\"https:\/\/fr.wikipedia.org\/wiki\/%C3%89ric_Fottorino\" target=\"_blank\">\u00c9ric Fottorino<\/a>, <a href=\"https:\/\/fr.wikipedia.org\/wiki\/Denis_Olivennes\" target=\"_blank\">Denis Olivennes<\/a>, par exemple, qui ont largement\u00a0vomi sur l&rsquo;Internet et la populace blogueuse qui osait s&rsquo;en servir\u00a0\u2014\u00a0\u00ab\u00a0<span style=\"color: #800000;\"><em>Il faut rappeler que si le Net est un magnifique outil de diffusion, il ne produit rien<\/em><\/span>\u00a0\u00bb <a href=\"http:\/\/www.liberation.fr\/medias\/2010\/04\/02\/il-faut-faire-payer-google_618658\" target=\"_blank\">osait affirmer<\/a> le premier d&rsquo;entre eux en 2010, alors que le deuxi\u00e8me <a href=\"http:\/\/www.lemonde.fr\/a-la-une\/article\/2007\/07\/12\/independance-par-eric-fottorino_934694_3208.html\" target=\"_blank\">d\u00e9non\u00e7ait<\/a> en juillet 2007 les \u00ab\u00a0<span style=\"color: #800000;\"><em>pseudo-m\u00e9dias aliment\u00e9s par de pseudo-journalistes, qui se soustraient aux r\u00e8gles \u00e9l\u00e9mentaires du m\u00e9tier&#8230;<\/em><\/span>\u00a0\u00bb.<\/p>\n<p>Depuis un bon moment, les \u00e9lites d\u00e9testent l&rsquo;Internet. En 2012, <em><a href=\"http:\/\/www.slate.fr\/\" target=\"_blank\">Slate<\/a><\/em> nous <a href=\"http:\/\/www.slate.fr\/story\/61313\/internet-ennemis-reponse\" target=\"_blank\">produisait un floril\u00e8ge<\/a> amusant des r\u00e9actions de ces \u00e9lites suppos\u00e9es voire auto-proclam\u00e9es. M\u00eame si sa fa\u00e7ade n&rsquo;est pas toujours reluisante, c&rsquo;est pourtant, je le r\u00e9p\u00e8te, <strong>un formidable moyen d&rsquo;acc\u00e8s \u00e0 la culture, \u00e0 la compr\u00e9hension de l&rsquo;autre<\/strong> comme \u00e0 l&rsquo;exercice enfin universel de libert\u00e9s fondamentales.<\/p>\n<p>En d\u00e9non\u00e7ant l&rsquo;expression courte et m\u00e9diocre de ceux qui acc\u00e8dent \u00e0 Internet aujourd&rsquo;hui, Derakhshan ne dit rien d&rsquo;autre que ce qu&rsquo;ont d\u00e9j\u00e0 dit Finkielkraut et Arditi que l&rsquo;acc\u00e8s du plus grand nombre \u00e0 l&rsquo;expression publique d\u00e9range au plus haut point. Rendez-vous compte\u00a0! Les internautes sont-ils m\u00e9chants et surtout stupides qui n&rsquo;ont \u00ab\u00a0lik\u00e9\u00a0\u00bb que trois fois un lien que\u00a0\u00ab\u00a0Hoder\u00a0\u00bb avait mis dans Facebook vers l&rsquo;un de ses articles\u00a0!<\/p>\n<h3><strong>Les contenus plus que les plumes<\/strong><\/h3>\n<p>Dans ses <a href=\"http:\/\/an-2000.blogs.liberation.fr\/\" target=\"_blank\">Chroniques num\u00e9riques<\/a> sur <em>Lib\u00e9ration<\/em>, <a href=\"https:\/\/fr.wikipedia.org\/wiki\/Vincent_Glad\" target=\"_blank\">Vincent Glad<\/a> <a href=\"http:\/\/an-2000.blogs.liberation.fr\/2015\/07\/22\/six-ans-apres-le-vieux-blogueur-le-spleen\/\" target=\"_blank\">renvoie<\/a> Derakhshan \u00e0 son vieil Internet en lui rappelant qu&rsquo;en effet, les choses ont chang\u00e9 et que c&rsquo;est l&rsquo;article, le billet, le contenu qui aujourd&rsquo;hui prend le pas sur l&rsquo;auteur, la plume, la signature. Et \u00e7a, en effet, \u00e7a doit \u00eatre tr\u00e8s traumatisant pour toutes les \u00e9lites habitu\u00e9es aux vivats de la foule d\u00e8s qu&rsquo;elles ouvrent la bouche ou condescendent \u00e0 d\u00e9livrer leur avis.<\/p>\n<p>Et pour\u00a0\u00ab\u00a0Hoder\u00a0\u00bb, enferm\u00e9 dans sa ge\u00f4le iranienne, passer du statut de rebelle influent \u00e0 celui de simple blogueur perdu dans la blogosph\u00e8re, le choc doit \u00eatre rude, je le comprends.<\/p>\n<p>Sur un autre blogue de <em>Lib\u00e9ration<\/em>, <a href=\"https:\/\/fr.wikipedia.org\/wiki\/Jean_Quatremer\" target=\"_blank\">Jean Quatremer<\/a>, autre journaliste dudit m\u00e9dia, publie ses <a href=\"http:\/\/bruxelles.blogs.liberation.fr\/2015\/07\/22\/de-lhysterisation-du-debat-lheure-numerique\/\" target=\"_blank\">Coulisses de Bruxelles<\/a>. Dans un article r\u00e9cent intitul\u00e9 \u00ab\u00a0<span style=\"color: #800000;\"><em>De l&rsquo;hyst\u00e9risation du d\u00e9bat \u00e0 l&rsquo;heure num\u00e9rique<\/em><\/span>\u00a0\u00bb, il se plaint d&rsquo;\u00eatre critiqu\u00e9 voire calomni\u00e9, insult\u00e9, vilipend\u00e9 sur les r\u00e9seaux sociaux et sur Twitter en particulier. Le crime est patent\u00a0: on a os\u00e9 toucher \u00e0 l&rsquo;\u00e9lite, au sp\u00e9cialiste, \u00e0 l&rsquo;expert, au seul capable de lire les faits et\u00a0de les d\u00e9chiffrer, de comprendre le monde et d&rsquo;\u00e9clairer le peuple.<\/p>\n<p>Je ne plaisante pas. M\u00eame si ses analyses politiques sont \u00e9galement critiqu\u00e9es dans d&rsquo;autres m\u00e9dias, c&rsquo;est surtout des tweets qui lui sont adress\u00e9s que Quatremer se plaint. Comment osent-ils, les twittos qui ne savent pas, critiquer celui qui sait, celui dont c&rsquo;est le m\u00e9tier\u00a0?<\/p>\n<p>\u00ab\u00a0<span style=\"color: #800000;\"><em>Jean Quatremer revendique ce m\u00eame magist\u00e8re moral, qui ferait du journaliste un twitto pas comme un autre, digne de respect, qu\u2019il ne faudrait aborder qu\u2019arm\u00e9 d\u2019une solide argumentation.<\/em><\/span>\u00a0\u00bb commente encore <a href=\"http:\/\/an-2000.blogs.liberation.fr\/2015\/07\/28\/de-la-visibilite-du-debat-lheure-numerique\/\" target=\"_blank\">dans un autre article<\/a> le journaliste Vincent Glad en r\u00e9action au papier aigri de son confr\u00e8re. Il ajoute\u00a0: \u00ab\u00a0<em><span style=\"color: #800000;\">Sur le r\u00e9seau, on n\u2019est s\u00fbr que d\u2019une chose: c\u2019est bien Quatremer qui parle. Pour le reste, ses propos sont soumis \u00e0 la critique permanente, comme n\u2019importe quel internaute.<\/span><\/em>\u00a0\u00bb.<\/p>\n<p>Il en va des journalistes comme des professeurs, des hommes ou femmes politiques ou des philosophes, <strong>ils ont, avec le num\u00e9rique, perdu d\u00e9finitivement le monopole de l&rsquo;\u00e9nonciation de la v\u00e9rit\u00e9<\/strong>. Finkielkraut ne le comprendra jamais et mourra en philosophe expert, les professeurs des \u00e9coles, coll\u00e8ges et lyc\u00e9es de leur c\u00f4t\u00e9 vont mettre sans doute quelques d\u00e9cennies\u00a0\u00e0 le comprendre et \u00e0 descendre de leur estrade. Quant aux journalistes ou aux blogueurs, on voit bien qu&rsquo;ils ont encore beaucoup de mal \u00e0 faire fi de leur immodestie condescendante, m\u00eame s&rsquo;ils ont, comme\u00a0Derakhshan ou Quatremer, acquis au pr\u00e9alable une certaine habilet\u00e9 ou agilit\u00e9 num\u00e9rique.<\/p>\n<h3><strong>La strat\u00e9gie de la bo\u00eete \u00e0 plonk<\/strong><\/h3>\n<p>\u00ab\u00a0<em><span style=\"color: #800000;\">Peut-on encore d\u00e9battre sur Twitter au milieu des insultes\u00a0?<\/span><\/em>\u00a0\u00bb demande encore Vincent Glad, en faisant remarquer \u00e0 Jean Quatremer qu&rsquo;il n&rsquo;est pas le dernier \u00e0 participer \u00e0 la curie en insultant gravement ses contradicteurs.<\/p>\n<p>Tout de m\u00eame, l\u00e0 encore, je suis stup\u00e9fait de l&rsquo;ang\u00e9lisme ou de l&rsquo;inculture, allez savoir de quoi il s&rsquo;agit, d&rsquo;adultes qu&rsquo;on croyait rompus \u00e0 ce genre d&rsquo;exercices. \u00ab\u00a0<em><span style=\"color: #800000;\">Quand on re\u00e7oit 300 insultes par jour, parfois on craque<\/span><\/em>\u00a0\u00bb, s&rsquo;explique Quatremer pour justifier son comportement. <a href=\"https:\/\/fr.wikipedia.org\/wiki\/Marcel_Gauchet\" target=\"_blank\">Marcel Gauchet<\/a>, philosophe qui twitte et dirige la revue <em><a href=\"https:\/\/fr.wikipedia.org\/wiki\/Le_D%C3%A9bat\" target=\"_blank\">Le D\u00e9bat<\/a><\/em>, ajoute sur le m\u00eame th\u00e8me\u00a0: \u00ab\u00a0<em><span style=\"color: #800000;\">Le pire est l\u2019exp\u00e9rience de l\u2019impossibilit\u00e9 de se d\u00e9fendre. Tout ce que vous dites remet une pi\u00e8ce dans la machine.<\/span><\/em>\u00a0\u00bb.<\/p>\n<p>Bon sang, tout twitto pas trop niais sait qu&rsquo;il est extr\u00eamement difficile voire impossible\u00a0de d\u00e9battre de quoi que ce soit sur Twitter\u00a0! Quels arguments un peu construits voulez-vous y \u00e9noncer, en 140 caract\u00e8res ? C&rsquo;est tout simplement impossible. <strong>Il vaut mieux faire \u00e7a autour d&rsquo;une table devant une bonne petite bi\u00e8re<\/strong> ou, de mani\u00e8re virtuelle, en \u00e9crivant un billet sur un blogue et en esp\u00e9rant des commentaires, comme je m&rsquo;y autorise aujourd&rsquo;hui. C&rsquo;est un truisme.<\/p>\n<p>Quant \u00e0 la perception de la critique publique, il faut savoir y mettre un terme en ne remettant pas, m\u00eame si, je le con\u00e7ois, c&rsquo;est difficile parfois de r\u00e9sister \u00e0 la tentation, \u00ab\u00a0une pi\u00e8ce dans la machine\u00a0\u00bb. Sans doute ma longue exp\u00e9rience des forums <a href=\"https:\/\/fr.wikipedia.org\/wiki\/Usenet\" target=\"_blank\">Usenet<\/a>, un m\u00e9dia d\u00e9centralis\u00e9 au contraire du web, apr\u00e8s 23 ans de pratique irr\u00e9guli\u00e8re, y est-elle pour quelque chose\u2026 J&rsquo;y ai appris, et sans doute nos journalistes ou\u00a0blogueurs en mal-\u00eatre pourraient-ils s&rsquo;en inspirer, \u00e0 ne pas r\u00e9pondre \u00e0 l&rsquo;invective, au harc\u00e8lement, \u00e0 la critique v\u00e9h\u00e9mente ou, bien s\u00fbr, \u00e0 l&rsquo;insulte.<\/p>\n<p>Il y a de bons moyens techniques pour cela sur Twitter. Commencer par ne lire qu&rsquo;en travers les trolls patent\u00e9s et ne pas leur r\u00e9pondre, bien s\u00fbr. Dans un deuxi\u00e8me temps, il peut \u00eatre envisag\u00e9 de se d\u00e9sabonner d&rsquo;abord mais, surtout, de <strong><a href=\"https:\/\/media.twitter.com\/fr\/best-practice\/blocking-another-user\" target=\"_blank\">bloquer<\/a> l&rsquo;ind\u00e9licat ou le p\u00e9nible<\/strong>. Sur Usenet o\u00f9 le d\u00e9bat est public, sans qu&rsquo;il y ait de proc\u00e9dures d&rsquo;abonnement, la plupart des logiciels de lecture permettent de configurer patiemment <strong>une bo\u00eete \u00e0 plonk<\/strong>, sorte de liste d&rsquo;ind\u00e9sirables dont on ne souhaite plus lire les contributions.<\/p>\n<p>\u00ab\u00a0<span style=\"color: #800000;\"><em>Le terme \u201cplonk\u201d est un exemple d&rsquo;onomatop\u00e9e, repr\u00e9sentant le son suppos\u00e9 d&rsquo;un contributeur tombant dans une \u201cbo\u00eete \u00e0 cons\u201d<\/em><\/span>\u00a0\u00bb nous pr\u00e9cise <a href=\"https:\/\/fr.wikipedia.org\/wiki\/Plonk\" target=\"_blank\">Wikip\u00e9dia<\/a>. Je vous assure que c&rsquo;est tr\u00e8s efficace, tr\u00e8s. <strong>Le d\u00e9bat prend d&rsquo;un coup un tour plus serein<\/strong> et votre sant\u00e9 n&rsquo;en est que meilleure. C&rsquo;est l\u00e0 l&rsquo;essentiel.<\/p>\n<p>Avec une bonne bo\u00eete \u00e0 plonk bien configur\u00e9e, on peut peut-\u00eatre imaginer que, finalement, la ville de\u00a0<a href=\"http:\/\/www.arretsurimages.net\/articles\/2015-07-28\/Comment-dix-personnes-sur-Twitter-ont-fait-capoter-la-candidature-de-Boston-aux-JO-id7927\" target=\"_blank\">Boston aurait \u00e9t\u00e9 candidate<\/a> pour organiser les Jeux olympiques\u2026<\/p>\n<p>Michel Guillou\u00a0<a href=\"https:\/\/twitter.com\/michelguillou\" target=\"_blank\">@michelguillou<\/a><\/p>\n<p><a href=\"http:\/\/creativecommons.org\/licenses\/by-nc-sa\/2.0\/fr\/\" target=\"_blank\"><img loading=\"lazy\" decoding=\"async\" src=\"http:\/\/i.creativecommons.org\/l\/by-nc-sa\/2.0\/fr\/80x15.png\" alt=\"image\" width=\"80\" height=\"15\" \/><\/a><\/p>\n<p>Cr\u00e9dit photo\u00a0: <a href=\"http:\/\/www.flickr.com\/photos\/92753474@N03\/8430379397\">coffre-en-bois-colonial_5<\/a> via <a href=\"http:\/\/photopin.com\">photopin<\/a> <a href=\"https:\/\/creativecommons.org\/licenses\/by\/2.0\/\">(licence)<\/a>\u00a0et \u00ab\u202f<a href=\"https:\/\/commons.wikimedia.org\/wiki\/File:Hossein-Derakhshan.JPG#\/media\/File:Hossein-Derakhshan.JPG\">Hossein-Derakhshan<\/a>\u202f\u00bb par Hessam M. Armandehi sous licence <a title=\"Creative Commons Attribution 2.5\" href=\"http:\/\/creativecommons.org\/licenses\/by\/2.5\">CC BY 2.5<\/a> via <a href=\"https:\/\/commons.wikimedia.org\/wiki\/\">Wikimedia Commons<\/a>.<\/p>\n<ol>\n<li>Anastasie, l\u2019expression de la peur puis la tentation du pouvoir\u00a0<a href=\"http:\/\/www.culture-numerique.fr\/?p=18\" target=\"_blank\">http:\/\/www.culture-numerique.fr\/?p=18<\/a><\/li>\n<li>\u00c9loge de la m\u00e9diocrit\u00e9\u2026\u00a0<a href=\"http:\/\/www.culture-numerique.fr\/?p=26\" target=\"_blank\">http:\/\/www.culture-numerique.fr\/?p=26<\/a><\/li>\n<li>Mobiliser pour de bon l\u2019attention des \u00e9l\u00e8ves, un d\u00e9fi pour l\u2019\u00e9cole d\u2019aujourd\u2019hui\u00a0<a href=\"http:\/\/www.culture-numerique.fr\/?p=3549\" target=\"_blank\">http:\/\/www.culture-numerique.fr\/?p=3549<\/a><\/li>\n<\/ol>\n<p>[cite]<\/p>\n","protected":false},"excerpt":{"rendered":"<p><img loading=\"lazy\" decoding=\"async\" class=\"size-full wp-image-3622 aligncenter\" src=\"http:\/\/www.culture-numerique.fr\/wp-content\/uploads\/2015\/07\/8430379397_776cb51135_o.jpg\" alt=\"Bo\u00eete\" width=\"1000\" height=\"868\" srcset=\"https:\/\/www.culture-numerique.fr\/wp-content\/uploads\/2015\/07\/8430379397_776cb51135_o.jpg 1000w, https:\/\/www.culture-numerique.fr\/wp-content\/uploads\/2015\/07\/8430379397_776cb51135_o-300x260.jpg 300w, https:\/\/www.culture-numerique.fr\/wp-content\/uploads\/2015\/07\/8430379397_776cb51135_o-100x87.jpg 100w, https:\/\/www.culture-numerique.fr\/wp-content\/uploads\/2015\/07\/8430379397_776cb51135_o-150x130.jpg 150w, https:\/\/www.culture-numerique.fr\/wp-content\/uploads\/2015\/07\/8430379397_776cb51135_o-200x174.jpg 200w, https:\/\/www.culture-numerique.fr\/wp-content\/uploads\/2015\/07\/8430379397_776cb51135_o-450x391.jpg 450w, https:\/\/www.culture-numerique.fr\/wp-content\/uploads\/2015\/07\/8430379397_776cb51135_o-600x521.jpg 600w, https:\/\/www.culture-numerique.fr\/wp-content\/uploads\/2015\/07\/8430379397_776cb51135_o-900x781.jpg 900w\" sizes=\"auto, (max-width: 1000px) 100vw, 1000px\" \/><\/p>\n<p><strong>On avait un peu l&rsquo;habitude.<\/strong> \u00ab\u00a0<span style=\"color: #800000;\"><em>Sur Internet, il y a des mecs un peu seuls. C&rsquo;est un d\u00e9fouloir. Il y a les bo\u00eetes \u00e0 lettres et les bo\u00eetes \u00e0 mal-\u00eatre, comme Internet [&#8230;] Internet,<\/em><\/span><\/p>\n<p><span class=\"ellipsis\">&hellip;<\/span><\/p>\n<div class=\"read-more\"><a href=\"https:\/\/www.culture-numerique.fr\/?p=3581\">Lire la suite &#8250;<\/a><\/div>\n<p><!-- end of .read-more --><\/p>\n","protected":false},"author":1,"featured_media":3622,"comment_status":"open","ping_status":"open","sticky":false,"template":"","format":"standard","meta":{"jetpack_post_was_ever_published":false,"_jetpack_newsletter_access":"","_jetpack_dont_email_post_to_subs":false,"_jetpack_newsletter_tier_id":0,"_jetpack_memberships_contains_paywalled_content":false,"_jetpack_memberships_contains_paid_content":false,"footnotes":""},"categories":[9],"tags":[628,629,631,550,634,325,632,633,30,248,13,630,635],"class_list":["post-3581","post","type-post","status-publish","format-standard","has-post-thumbnail","hentry","category-billets-dhumeur","tag-blogue","tag-blogueurs","tag-boite-a-plonk","tag-centralisation","tag-democratisation","tag-elites","tag-entre-soi","tag-experts","tag-internet","tag-journalisme","tag-liberte-dexpression","tag-plonk","tag-verite"],"jetpack_featured_media_url":"https:\/\/www.culture-numerique.fr\/wp-content\/uploads\/2015\/07\/8430379397_776cb51135_o.jpg","jetpack_sharing_enabled":true,"_links":{"self":[{"href":"https:\/\/www.culture-numerique.fr\/index.php?rest_route=\/wp\/v2\/posts\/3581","targetHints":{"allow":["GET"]}}],"collection":[{"href":"https:\/\/www.culture-numerique.fr\/index.php?rest_route=\/wp\/v2\/posts"}],"about":[{"href":"https:\/\/www.culture-numerique.fr\/index.php?rest_route=\/wp\/v2\/types\/post"}],"author":[{"embeddable":true,"href":"https:\/\/www.culture-numerique.fr\/index.php?rest_route=\/wp\/v2\/users\/1"}],"replies":[{"embeddable":true,"href":"https:\/\/www.culture-numerique.fr\/index.php?rest_route=%2Fwp%2Fv2%2Fcomments&post=3581"}],"version-history":[{"count":43,"href":"https:\/\/www.culture-numerique.fr\/index.php?rest_route=\/wp\/v2\/posts\/3581\/revisions"}],"predecessor-version":[{"id":3646,"href":"https:\/\/www.culture-numerique.fr\/index.php?rest_route=\/wp\/v2\/posts\/3581\/revisions\/3646"}],"wp:featuredmedia":[{"embeddable":true,"href":"https:\/\/www.culture-numerique.fr\/index.php?rest_route=\/wp\/v2\/media\/3622"}],"wp:attachment":[{"href":"https:\/\/www.culture-numerique.fr\/index.php?rest_route=%2Fwp%2Fv2%2Fmedia&parent=3581"}],"wp:term":[{"taxonomy":"category","embeddable":true,"href":"https:\/\/www.culture-numerique.fr\/index.php?rest_route=%2Fwp%2Fv2%2Fcategories&post=3581"},{"taxonomy":"post_tag","embeddable":true,"href":"https:\/\/www.culture-numerique.fr\/index.php?rest_route=%2Fwp%2Fv2%2Ftags&post=3581"}],"curies":[{"name":"wp","href":"https:\/\/api.w.org\/{rel}","templated":true}]}}