{"id":357,"date":"2013-02-09T01:32:16","date_gmt":"2013-02-08T23:32:16","guid":{"rendered":"http:\/\/www.culture-numerique.fr\/?p=357"},"modified":"2016-08-03T22:11:42","modified_gmt":"2016-08-03T20:11:42","slug":"paris-et-ses-ados-les-traits-grossiers-de-la-caricature-et-du-mepris","status":"publish","type":"post","link":"https:\/\/www.culture-numerique.fr\/?p=357","title":{"rendered":"Paris et ses ados : les traits grossiers de la caricature et du m\u00e9pris"},"content":{"rendered":"<p style=\"text-align: center;\"><a href=\"http:\/\/www.culture-numerique.fr\/wp-content\/uploads\/2014\/04\/medium_514900457.jpg\"><img loading=\"lazy\" decoding=\"async\" class=\"wp-image-358 aligncenter\" src=\"http:\/\/www.culture-numerique.fr\/wp-content\/uploads\/2014\/04\/medium_514900457.jpg\" alt=\"Peur\" width=\"845\" height=\"563\" srcset=\"https:\/\/www.culture-numerique.fr\/wp-content\/uploads\/2014\/04\/medium_514900457.jpg 500w, https:\/\/www.culture-numerique.fr\/wp-content\/uploads\/2014\/04\/medium_514900457-300x199.jpg 300w, https:\/\/www.culture-numerique.fr\/wp-content\/uploads\/2014\/04\/medium_514900457-100x66.jpg 100w, https:\/\/www.culture-numerique.fr\/wp-content\/uploads\/2014\/04\/medium_514900457-150x99.jpg 150w, https:\/\/www.culture-numerique.fr\/wp-content\/uploads\/2014\/04\/medium_514900457-200x133.jpg 200w, https:\/\/www.culture-numerique.fr\/wp-content\/uploads\/2014\/04\/medium_514900457-450x299.jpg 450w\" sizes=\"auto, (max-width: 845px) 100vw, 845px\" \/><\/a><\/p>\n<p><strong>Quand il s\u2019agit<\/strong>, pour la soci\u00e9t\u00e9 des adultes, de se pencher sur les pratiques num\u00e9riques des jeunes, qui d\u00e9concertent tant et bousculent les postures des \u00e9ducateurs, ma\u00eetres et parents, il y a g\u00e9n\u00e9ralement deux attitudes assez tranch\u00e9es et marqu\u00e9es. La premi\u00e8re d\u00e9marche qui veut y r\u00e9pondre est essentiellement\u00a0<strong>\u00e9ducative, r\u00e9fl\u00e9chie, confiante, sens\u00e9e<\/strong>\u00a0et trouve ses ressorts dans des valeurs de compr\u00e9hension et de\u00a0<strong>raison<\/strong>. La deuxi\u00e8me utilise\u00a0<em>a contrario<\/em>\u00a0les r\u00e9flexes primaires de la peur, peur de l\u2019autre, peur de la nouveaut\u00e9, voire d\u2019un nouvel obscurantisme num\u00e9rique, qui refuse les nouveaux modes d\u2019acc\u00e8s aux savoirs.<\/p>\n<p>C\u2019est cette derni\u00e8re d\u00e9marche qu\u2019ont adopt\u00e9e les officines boutiqui\u00e8res qui font commerce id\u00e9ologique de la peur, depuis des ann\u00e9es, avec le malheureux aval du minist\u00e8re de l\u2019\u00c9ducation nationale, sous pr\u00e9texte de la n\u00e9cessaire \u00e9ducation aux m\u00e9dias num\u00e9riques, en se glissant insidieusement dans les \u00e9coles, coll\u00e8ges et lyc\u00e9es. J\u2019ai d\u00e9j\u00e0 \u00e9voqu\u00e9 tout \u00e7a dans d\u2019autres billets sur ce blog et n\u2019y reviendrai pas.<\/p>\n<p>J\u2019ai aussi \u00e9voqu\u00e9 les curieuses d\u00e9marches du m\u00eame ordre adopt\u00e9es par certains services de sant\u00e9 dans les rectorats, la CNIL, la Pr\u00e9fecture de police de Paris ou l\u2019UNAF parfois qui ont, elles aussi, se sont laiss\u00e9es aller \u00e0 caricaturer et stigmatiser les pratiques num\u00e9riques des jeunes et des adolescents en particulier.<\/p>\n<p>Dans cette triste lign\u00e9e, c\u2019est aussi la d\u00e9marche qu\u2019a curieusement adopt\u00e9e la ville de Paris en ouvrant un service d\u2019\u00ab\u00a0e-r\u00e9putation\u00a0\u00bb appel\u00e9 \u00ab\u00a0<strong>Soyez net sur le net<\/strong>\u00a0\u00bb que vous trouverez bien tout seul si d\u2019aventure l\u2019envie vous en prend.<\/p>\n<p><a href=\"http:\/\/www.culture-numerique.fr\/wp-content\/uploads\/2014\/04\/2013-02-08_181642.jpg\"><img loading=\"lazy\" decoding=\"async\" class=\"size-full wp-image-359 alignright\" src=\"http:\/\/www.culture-numerique.fr\/wp-content\/uploads\/2014\/04\/2013-02-08_181642.jpg\" alt=\"Soyez net\" width=\"249\" height=\"144\" srcset=\"https:\/\/www.culture-numerique.fr\/wp-content\/uploads\/2014\/04\/2013-02-08_181642.jpg 249w, https:\/\/www.culture-numerique.fr\/wp-content\/uploads\/2014\/04\/2013-02-08_181642-100x57.jpg 100w, https:\/\/www.culture-numerique.fr\/wp-content\/uploads\/2014\/04\/2013-02-08_181642-150x86.jpg 150w, https:\/\/www.culture-numerique.fr\/wp-content\/uploads\/2014\/04\/2013-02-08_181642-200x115.jpg 200w\" sizes=\"auto, (max-width: 249px) 100vw, 249px\" \/><\/a><\/p>\n<p>La tromperie commence d\u00e8s le logo qui annonce qu\u2019il s\u2019agit du premier site d\u2019\u00ab\u00a0e-r\u00e9putation\u00a0\u00bb alors que c\u2019est \u00e9videmment faux. Passons.<\/p>\n<p>Elle continue avec les figures grossi\u00e8rement caricaturales d\u2019une jeune fille rousse \u00e0 moustache, d\u2019une blonde effarouch\u00e9e de ce qu\u2019elle voit sur sa tablette, d\u2019un pervers \u00e0 lunettes qui rappelle furieusement un vieux clip du minist\u00e8re de la Famille\u00a0! Il n\u2019y manque pas la seringue qui sera plant\u00e9e dans l\u2019\u00e9paule d\u2019une jeune femme malgr\u00e9 sa peur\u00a0! Passons encore.<\/p>\n<p>Je passe sur les chiffres annonc\u00e9s dans l\u2019argumentaire et qui sont \u00e9videmment non sourc\u00e9s et donc non v\u00e9rifiables.<\/p>\n<p>Je passe encore sur les nombres fautes d\u2019orthographe qui ponctuent ce site destin\u00e9 \u00e0 des adolescents. Je signale juste le pluriel rigolo \u00ab\u00a0tutoriaux\u00a0\u00bb pour un singulier \u00ab\u00a0tutorial\u00a0\u00bb, mot qui n\u2019existe pas en fran\u00e7ais qui ne conna\u00eet que \u00ab\u00a0tutoriel\u00a0\u00bb.<\/p>\n<p>Je passe enfin sur la flop\u00e9e d\u2019anglicismes diss\u00e9min\u00e9s \u00e7\u00e0 et l\u00e0, marque qu\u2019il y a derri\u00e8re tout \u00e7a du lourd communicant mark\u00e9to\u00efde anglol\u00e2tre.<\/p>\n<h3><strong>Passons plut\u00f4t aux choses s\u00e9rieuses<\/strong><\/h3>\n<p>Parlons d\u2019abord du test lui-m\u00eame, auquel on n\u2019acc\u00e8de qu\u2019en \u00e9tant authentifi\u00e9 sur Facebook, qui ne teste la r\u00e9putation en ligne des ados que sur Facebook, comme si les pratiques num\u00e9riques des jeunes se r\u00e9duisaient \u00e0 ce seul p\u00e9rim\u00e8tre\u2026<\/p>\n<p>Premi\u00e8re question (attention, \u00e7a fait peur\u00a0!)\u00a0: \u00ab\u00a0Combien de\u00a0vos amis Facebook\u00a0consid\u00e9rez-vous comme tel\u00a0?\u00a0\u00bb (sic pour l\u2019orthographe). Il n\u2019y a gu\u00e8re que les adultes que cette histoire d\u2019amis qui n\u2019en sont pas fait encore fr\u00e9mir\u2026 La tr\u00e8s grande majorit\u00e9 des adolescents, qu\u2019on prend l\u00e0 pour des imb\u00e9ciles, risque de rire un bon coup. C\u2019est au moins l\u2019avantage\u2026<\/p>\n<p>Le reste est \u00e0 l\u2019avenant avec des questions sur les photos ou statuts publics plac\u00e9s ailleurs que sur le mur Facebook, sur des panneaux d\u2019affichage publics ou dans votre \u00e9cole.\u00a0Vous avez le choix d\u2019avoir honte, d\u2019\u00eatre mal \u00e0 l\u2019aise ou tr\u00e8s \u00e0 l\u2019aise. Vous n\u2019avez pas le choix d\u2019y \u00eatre compl\u00e8tement indiff\u00e9rent, comme sans doute la grande majorit\u00e9 des jeunes\u00a0concern\u00e9s.<\/p>\n<p>Et \u00e7a finit par un score abscons dont vous ne savez que faire\u2026<\/p>\n<p>Inutile de recommencer, on vous\u00a0repr\u00e9sentera\u00a0la m\u00eame chose\u00a0!<\/p>\n<p>On nous promet des tests et fiches compl\u00e9mentaires pour d\u2019autres r\u00e9seaux sociaux\u00a0! Si elles sont du m\u00eame tonneau que ce qui concerne ici Facebook ou la fiche d\u00e9j\u00e0 existante sur Pinterest\u00a0\u2014 \u00e0 l\u2019\u00e9vidence, son r\u00e9dacteur a recopi\u00e9 \u00e0 l\u2019identique un document qu\u2019il a \u00e9crit pour d\u2019autres publics puisqu\u2019il pose aux ados la question\u00a0: \u00ab\u00a0Quel int\u00e9r\u00eat pour votre marque\u00a0?\u00a0\u00bb (sic encore\u00a0!) \u2014, il y a de quoi se faire du souci\u00a0!<\/p>\n<h3><strong>\u00ab\u00a0<\/strong><strong>Les jeunes sont intelligents, ils s\u2019y mettent \u00e0 plusieurs pour \u00e7a mais ils sont intelligents\u2026<\/strong>\u00a0\u00bb<\/h3>\n<p>Ainsi s\u2019exprimait r\u00e9cemment un commentateur dont j\u2019ai oubli\u00e9 le nom \u00e0 propos justement de leurs usages num\u00e9riques. Ils ont beaucoup appris par eux-m\u00eames et d\u2019eux-m\u00eames, s\u2019enrichissant de leurs exp\u00e9riences num\u00e9riques mutuelles. Ils ont appris que ce qu\u2019ils publient sur Internet est public par d\u00e9finition, index\u00e9, conserv\u00e9, archiv\u00e9 et que toute cette mati\u00e8re de textes, de sons et d\u2019images qu\u2019ils produisent fait l\u2019objet d\u2019un commerce qui leur \u00e9chappe. Ils s\u2019en fichent un peu en fait. C\u2019est vrai qu\u2019ils prennent des risques\u00a0\u2014 c\u2019est l\u2019\u00e2ge\u00a0! \u2014\u00a0avec leur image et leur r\u00e9putation num\u00e9rique mais ils en mesurent g\u00e9n\u00e9ralement la port\u00e9e et l\u2019effet.<\/p>\n<p>Une enqu\u00eate r\u00e9cente est disponible, command\u00e9e\u00a0par\u00a0RSA et r\u00e9alis\u00e9e par l\u2019IFOP, qui r\u00e9pond \u00e0 la question \u00ab\u00a0Nos ados sont-ils vigilants sur Internet\u00a0?\u00a0\u00bb. On peut la trouver analys\u00e9e sur le site\u00a0<a href=\"http:\/\/www.netpublic.fr\/2013\/02\/enfants-internet-enquete\/\" target=\"_blank\">Netpublic<\/a>\u00a0et sur le journal en ligne de\u00a0<em><a href=\"http:\/\/www.la-croix.com\/Famille\/Education\/Securite-sur-Internet-les-jeunes-et-leurs-parents-peuvent-encore-mieux-faire-_NG_-2013-02-06-908141\" target=\"_blank\">La Croix<\/a><\/em>. Elle montre assez bien combien les adolescents, mieux que leurs parents, ont acquis des\u00a0<strong>comp\u00e9tences et la lucidit\u00e9<\/strong>\u00a0n\u00e9cessaires pour leur permettre de pr\u00e9venir la plupart des probl\u00e8mes qui peuvent se poser \u00e0 eux.<\/p>\n<p>N\u2019y a-t-il jamais d\u2019erreurs ou d\u2019abus\u00a0? Si, bien s\u00fbr, du harc\u00e8lement, des insultes, parfois\u2026 Chez les plus jeunes, le plus souvent. Et puis aussi des publications ind\u00e9sirables et peu valorisantes\u2026 Mais tout cela est beaucoup moins fr\u00e9quent qu\u2019avant et reste tr\u00e8s marginal, en tous cas gu\u00e8re diff\u00e9rent, ni plus ni moins fr\u00e9quent, de ce qui se passe dans la \u00ab\u00a0vraie vie\u00a0\u00bb. En revanche, le moindre incident, si mineur soit-il, est tout de suite tr\u00e8s m\u00e9diatis\u00e9\u2026<\/p>\n<p>Les adultes ont voulu inventer, pour eux surtout mais aussi pour leurs trublions d\u2019ados, un pr\u00e9tendu droit \u00e0 l\u2019oubli. Ce dernier, comme l\u2019ont d\u00e9j\u00e0 dit Serge Tisseron et Yann Leroux, est une fausse bonne id\u00e9e, un dispositif profond\u00e9ment anti-\u00e9ducatif, qui ne contribue en rien \u00e0 responsabiliser et \u00e0 rendre autonome. Citons Serge Tisseron, dans\u00a0<a href=\"http:\/\/www.liberation.fr\/societe\/2012\/12\/04\/le-droit-a-l-oubli-sur-internet-une-idee-dangereuse_865105\" target=\"_blank\">ce billet<\/a>\u00a0dans\u00a0<em>Lib\u00e9ration<\/em>\u00a0:<\/p>\n<blockquote><p>\u00a0\u00ab\u00a0<em>L\u2019id\u00e9e de contr\u00f4ler en toutes circonstances sa propre image est incompatible avec la culture des \u00e9crans. Et la possibilit\u00e9 d\u2019effacer ce qu\u2019on juge ind\u00e9sirable pourrait vite s\u2019av\u00e9rer cr\u00e9er plus de probl\u00e8mes que ceux qu\u2019on pr\u00e9tend r\u00e9soudre. Non seulement cela risquerait d\u2019encourager tous les exc\u00e8s \u00e0 l\u2019adolescence \u2014 voire au-del\u00e0\u00a0! \u2014 mais aussi de contribuer \u00e0 nous cacher le caract\u00e8re irr\u00e9versible de chacun de nos actes.\u00a0<strong>Je fais, j\u2019efface, quelle illusion\u00a0!<\/strong><\/em>\u00a0\u00bb<\/p><\/blockquote>\n<p>C\u2019est exactement le langage qu\u2019il faudrait tenir \u00e0 cette entreprise, Reputation Squad, qui a \u00e9t\u00e9 retenue pour b\u00e2tir ce site. Les comp\u00e9tences de cette derni\u00e8re sont semble-t-il reconnues dans certains milieux professionnels et adapt\u00e9es aux entreprises qui pourraient en avoir besoin \u2014 on peut pourtant douter de l\u2019efficience de ses\u00a0m\u00e9thodes parfois car il s\u2019agit tout de m\u00eame de vendre du vent, la virginit\u00e9 num\u00e9rique \u00e9tant d\u00e9finitivement impossible. En l\u2019occurrence, ses m\u00e9thodes, c\u2019est une certitude, sont d\u00e9finitivement\u00a0inad\u00e9quates \u00e0\u00a0l\u2019accompagnement\u00a0des pratiques num\u00e9riques des adolescents. L\u2019ensemble du site t\u00e9moigne, par ailleurs, de la part des auteurs de ce site, au-del\u00e0 de la caricature d\u00e9j\u00e0 d\u00e9crite, d\u2019un profond m\u00e9pris pour les jeunes et leurs pratiques num\u00e9riques, pratiques qu\u2019ils sont cens\u00e9s accompagner.<\/p>\n<p>Qui, \u00e0 la Mairie de Paris, a eu l\u2019incroyable audace de gaspiller ainsi l\u2019argent public pour demander ce travail \u00e0 une entreprise priv\u00e9e, \u00e0 l\u2019\u00e9vidence totalement incomp\u00e9tente en mati\u00e8re d\u2019\u00e9ducation et d\u2019accompagnement de la jeunesse\u00a0? Quelle id\u00e9e insens\u00e9e\u00a0! Comme s\u2019il n\u2019existait pas, dans le monde \u00e9ducatif ou p\u00e9ri-\u00e9ducatif, suffisamment\u00a0d\u2019organismes\u00a0ou associations comp\u00e9tentes en mati\u00e8re d\u2019\u00e9ducation aux m\u00e9dias\u00a0! Comme s\u2019il n\u2019existait pas suffisamment de ressources sur le sujet, ressources d\u2019ailleurs jamais cit\u00e9es dans les liens utiles, nouvelle preuve, s\u2019il en manquait, que ce projet a bel et bien \u00e9t\u00e9 b\u00e2cl\u00e9\u00a0!<\/p>\n<p>Pourquoi n\u2019y a-t-il aucun lien vers des sites institutionnels comme ceux de l\u2019<a href=\"http:\/\/www.ac-paris.fr\/portail\/jcms\/j_6\/accueil\" target=\"_blank\">acad\u00e9mie de Paris<\/a>\u00a0ou du\u00a0<a href=\"http:\/\/www.cndp.fr\/crdp-paris\/\" target=\"_blank\">CRDP de l\u2019acad\u00e9mie de Paris<\/a>\u00a0qui auraient pu \u00eatre partenaires l\u2019une et l\u2019autre et produit un meilleur travail\u00a0? Vers le site de la\u00a0<a href=\"http:\/\/delegation.internet.gouv.fr\/\" target=\"_blank\">D\u00e9l\u00e9gation aux usages de l\u2019internet<\/a>\u00a0? Vers le site\u00a0<a href=\"http:\/\/eduscol.education.fr\/internet-responsable\/\" target=\"_blank\">Internet responsable<\/a>\u00a0du minist\u00e8re de l\u2019\u00c9ducation\u00a0? Vers le\u00a0<a href=\"http:\/\/www.clemi.org\/fr\/\" target=\"_blank\">Clemi<\/a>\u00a0? Vers le site\u00a0<a href=\"http:\/\/www.ctoutnet.fr\/\" target=\"_blank\">CtoutNet<\/a>\u00a0? Vers le site\u00a0<a href=\"http:\/\/www.netpublic.fr\/\" target=\"_blank\">NetPublic<\/a>\u00a0?<\/p>\n<p>Je n\u2019ai que trop cliqu\u00e9 sur les pages de cet invraisemblable site, augmentant sans le vouloir sa r\u00e9putation en ligne. Adieu.<\/p>\n<p>Michel Guillou\u00a0<a title=\"Twitter\" href=\"https:\/\/twitter.com\/#!\/michelguillou\" target=\"_blank\">@michelguillou<\/a><\/p>\n<p><a href=\"http:\/\/creativecommons.org\/licenses\/by-nc-sa\/2.0\/fr\/\" target=\"_blank\"><img loading=\"lazy\" decoding=\"async\" src=\"http:\/\/i.creativecommons.org\/l\/by-nc-sa\/2.0\/fr\/80x15.png\" alt=\"image\" width=\"80\" height=\"15\" \/><\/a><\/p>\n<p>Cr\u00e9dit photo\u00a0:\u00a0<a href=\"http:\/\/www.flickr.com\/photos\/marysia\/514900457\/\" target=\"_blank\">marysia_<\/a>\u00a0via\u00a0<a href=\"http:\/\/photopin.com\/\" target=\"_blank\">photopin<\/a>\u00a0<a href=\"http:\/\/creativecommons.org\/licenses\/by-nc-sa\/2.0\/\" target=\"_blank\">cc<\/a><\/p>\n<p>&nbsp;<\/p>\n","protected":false},"excerpt":{"rendered":"<p style=\"text-align: center;\"><a href=\"http:\/\/www.culture-numerique.fr\/wp-content\/uploads\/2014\/04\/medium_514900457.jpg\"><img loading=\"lazy\" decoding=\"async\" class=\"wp-image-358 aligncenter\" src=\"http:\/\/www.culture-numerique.fr\/wp-content\/uploads\/2014\/04\/medium_514900457.jpg\" alt=\"Peur\" width=\"845\" height=\"563\" srcset=\"https:\/\/www.culture-numerique.fr\/wp-content\/uploads\/2014\/04\/medium_514900457.jpg 500w, https:\/\/www.culture-numerique.fr\/wp-content\/uploads\/2014\/04\/medium_514900457-300x199.jpg 300w, https:\/\/www.culture-numerique.fr\/wp-content\/uploads\/2014\/04\/medium_514900457-100x66.jpg 100w, https:\/\/www.culture-numerique.fr\/wp-content\/uploads\/2014\/04\/medium_514900457-150x99.jpg 150w, https:\/\/www.culture-numerique.fr\/wp-content\/uploads\/2014\/04\/medium_514900457-200x133.jpg 200w, https:\/\/www.culture-numerique.fr\/wp-content\/uploads\/2014\/04\/medium_514900457-450x299.jpg 450w\" sizes=\"auto, (max-width: 845px) 100vw, 845px\" \/><\/a><\/p>\n<p><strong>Quand il s\u2019agit<\/strong>, pour la soci\u00e9t\u00e9 des adultes, de se pencher sur les pratiques num\u00e9riques des jeunes, qui d\u00e9concertent tant et bousculent les postures des \u00e9ducateurs, ma\u00eetres et parents, il y a g\u00e9n\u00e9ralement deux attitudes assez tranch\u00e9es et marqu\u00e9es.<\/p>\n<p><span class=\"ellipsis\">&hellip;<\/span><\/p>\n<div class=\"read-more\"><a href=\"https:\/\/www.culture-numerique.fr\/?p=357\">Lire la suite &#8250;<\/a><\/div>\n<p><!-- end of .read-more --><\/p>\n","protected":false},"author":1,"featured_media":358,"comment_status":"open","ping_status":"open","sticky":false,"template":"","format":"standard","meta":{"jetpack_post_was_ever_published":false,"_jetpack_newsletter_access":"","_jetpack_dont_email_post_to_subs":false,"_jetpack_newsletter_tier_id":0,"_jetpack_memberships_contains_paywalled_content":false,"_jetpack_memberships_contains_paid_content":false,"footnotes":""},"categories":[9],"tags":[259,262,24,263,31,81,261,260],"class_list":["post-357","post","type-post","status-publish","format-standard","has-post-thumbnail","hentry","category-billets-dhumeur","tag-adolescents","tag-en-ligne","tag-facebook","tag-mairie-de-paris","tag-pratiques-des-jeunes","tag-pratiques-numeriques","tag-reputation","tag-securite"],"jetpack_featured_media_url":"https:\/\/www.culture-numerique.fr\/wp-content\/uploads\/2014\/04\/medium_514900457.jpg","jetpack_sharing_enabled":true,"_links":{"self":[{"href":"https:\/\/www.culture-numerique.fr\/index.php?rest_route=\/wp\/v2\/posts\/357","targetHints":{"allow":["GET"]}}],"collection":[{"href":"https:\/\/www.culture-numerique.fr\/index.php?rest_route=\/wp\/v2\/posts"}],"about":[{"href":"https:\/\/www.culture-numerique.fr\/index.php?rest_route=\/wp\/v2\/types\/post"}],"author":[{"embeddable":true,"href":"https:\/\/www.culture-numerique.fr\/index.php?rest_route=\/wp\/v2\/users\/1"}],"replies":[{"embeddable":true,"href":"https:\/\/www.culture-numerique.fr\/index.php?rest_route=%2Fwp%2Fv2%2Fcomments&post=357"}],"version-history":[{"count":5,"href":"https:\/\/www.culture-numerique.fr\/index.php?rest_route=\/wp\/v2\/posts\/357\/revisions"}],"predecessor-version":[{"id":5207,"href":"https:\/\/www.culture-numerique.fr\/index.php?rest_route=\/wp\/v2\/posts\/357\/revisions\/5207"}],"wp:featuredmedia":[{"embeddable":true,"href":"https:\/\/www.culture-numerique.fr\/index.php?rest_route=\/wp\/v2\/media\/358"}],"wp:attachment":[{"href":"https:\/\/www.culture-numerique.fr\/index.php?rest_route=%2Fwp%2Fv2%2Fmedia&parent=357"}],"wp:term":[{"taxonomy":"category","embeddable":true,"href":"https:\/\/www.culture-numerique.fr\/index.php?rest_route=%2Fwp%2Fv2%2Fcategories&post=357"},{"taxonomy":"post_tag","embeddable":true,"href":"https:\/\/www.culture-numerique.fr\/index.php?rest_route=%2Fwp%2Fv2%2Ftags&post=357"}],"curies":[{"name":"wp","href":"https:\/\/api.w.org\/{rel}","templated":true}]}}