{"id":3549,"date":"2015-07-22T02:07:52","date_gmt":"2015-07-22T00:07:52","guid":{"rendered":"http:\/\/www.culture-numerique.fr\/?p=3549"},"modified":"2016-09-04T14:44:01","modified_gmt":"2016-09-04T12:44:01","slug":"mobiliser-pour-de-bon-lattention-des-eleves-un-defi-pour-lecole-daujourdhui","status":"publish","type":"post","link":"https:\/\/www.culture-numerique.fr\/?p=3549","title":{"rendered":"Mobiliser pour de bon l&rsquo;attention des \u00e9l\u00e8ves, un d\u00e9fi pour l&rsquo;\u00e9cole d&rsquo;aujourd&rsquo;hui"},"content":{"rendered":"<p><img loading=\"lazy\" decoding=\"async\" class=\"aligncenter size-full wp-image-3551\" src=\"http:\/\/www.culture-numerique.fr\/wp-content\/uploads\/2015\/07\/9657863733_a7550f16f6_k.jpg\" alt=\"Attention\" width=\"2048\" height=\"1359\" srcset=\"https:\/\/www.culture-numerique.fr\/wp-content\/uploads\/2015\/07\/9657863733_a7550f16f6_k.jpg 2048w, https:\/\/www.culture-numerique.fr\/wp-content\/uploads\/2015\/07\/9657863733_a7550f16f6_k-300x199.jpg 300w, https:\/\/www.culture-numerique.fr\/wp-content\/uploads\/2015\/07\/9657863733_a7550f16f6_k-1024x680.jpg 1024w, https:\/\/www.culture-numerique.fr\/wp-content\/uploads\/2015\/07\/9657863733_a7550f16f6_k-100x66.jpg 100w, https:\/\/www.culture-numerique.fr\/wp-content\/uploads\/2015\/07\/9657863733_a7550f16f6_k-150x100.jpg 150w, https:\/\/www.culture-numerique.fr\/wp-content\/uploads\/2015\/07\/9657863733_a7550f16f6_k-200x133.jpg 200w, https:\/\/www.culture-numerique.fr\/wp-content\/uploads\/2015\/07\/9657863733_a7550f16f6_k-450x299.jpg 450w, https:\/\/www.culture-numerique.fr\/wp-content\/uploads\/2015\/07\/9657863733_a7550f16f6_k-600x398.jpg 600w, https:\/\/www.culture-numerique.fr\/wp-content\/uploads\/2015\/07\/9657863733_a7550f16f6_k-900x597.jpg 900w\" sizes=\"auto, (max-width: 2048px) 100vw, 2048px\" \/><\/p>\n<p><strong>Tenez, profitez donc un peu de l&rsquo;\u00e9t\u00e9<\/strong> pour \u00e9changer avec vos ados ou ceux de vos amis si vous n&rsquo;avez pas ou plus l&rsquo;\u00e2ge\u2026 Ils sont en g\u00e9n\u00e9ral plus disponibles, plus repos\u00e9s\u00a0\u2014\u00a0quoique\u00a0!\u00a0\u2014, moins pr\u00e9occup\u00e9s par les contingences mat\u00e9rielles, \u00e0 l&rsquo;exception peut-\u00eatre de leur bronzage dont ils n&rsquo;arrivent pas vraiment \u00e0 parfaire la finition.<\/p>\n<p>Posez-leur des questions sur leur coll\u00e8ge, leurs professeurs ou, pour les plus grands, le lyc\u00e9e, le baccalaur\u00e9at, tout \u00e7a\u2026 Au d\u00e9but, ils vont d\u00e9tester et vous saurez pr\u00e9cis\u00e9ment \u00e0 ce moment-l\u00e0 ce qu&rsquo;est un adolescent renfrogn\u00e9. N&rsquo;h\u00e9sitez pas \u00e0 insister, vous ne prenez pas grand risque. Au pire, vous passez pour un \u00ab\u00a0bolos\u00a0\u00bb\u00a0mais vous en avez vu d&rsquo;autres, au mieux vous passez pour un original bienveillant qui aime\u00a0parler du boulot pendant les vacances. Une fois pass\u00e9e cette premi\u00e8re \u00e9valuation, vous entendrez\u00a0de leur part des r\u00e9ponses qui devraient franchement vous\u00a0surprendre. Comme d&rsquo;habitude, il y a des exceptions, mais, de mani\u00e8re g\u00e9n\u00e9rale et massive, <strong>les coll\u00e9giens et les lyc\u00e9ens vous diront qu&rsquo;ils \u00e9prouvent sur le lieu de leur scolarit\u00e9 un ennui profond<\/strong>. Et c&rsquo;est un euph\u00e9misme.<\/p>\n<p>Voulez-vous en avoir confirmation\u00a0? Interrogez autour de vous les enseignants que vous connaissez, professeurs de coll\u00e8ge ou de lyc\u00e9e. Leurs r\u00e9ponses d\u00e9pendront \u00e9videmment de la discipline qu&rsquo;ils enseignent, du niveau et donc de l&rsquo;\u00e2ge des \u00e9l\u00e8ves, du lieu, de leur investissement personnel, de leur anciennet\u00e9 dans le m\u00e9tier\u00a0\u2014\u00a0les plus \u00e2g\u00e9s ne sont pas forc\u00e9ment les moins enthousiastes\u00a0\u2014\u2026 mais, de mani\u00e8re assez g\u00e9n\u00e9rale aussi, ils vous diront que, malgr\u00e9 le c\u0153ur qu&rsquo;ils mettent \u00e0 l&rsquo;ouvrage, <strong>leurs \u00e9l\u00e8ves s&rsquo;ennuient<\/strong>. Oh\u00a0! Pas tous, non, mais la plupart, oui.<\/p>\n<p>Ce ne seront pas exactement les mots qu&rsquo;ils (ou elles, pas facile de parler des profs au masculin\u00a0!) emploieront. Ils vous diront que leurs \u00e9l\u00e8ves ne suivent pas, qu&rsquo;ils ne sont pas au niveau, qu&rsquo;ils dorment en classe, qu&rsquo;ils r\u00eavassent, qu&rsquo;ils bavardent, qu&rsquo;ils ne viennent pas ou plus pour les moins jeunes, qu&rsquo;ils s&rsquo;en fichent, qu&rsquo;ils ont d&rsquo;autres pr\u00e9occupations, qu&rsquo;ils ne travaillent pas enfin\u2026<\/p>\n<p>D&rsquo;autres, plus rares, peuvent dire \u00e7a, comme une amie r\u00e9cemment sur Facebook :<\/p>\n<blockquote><p>\u00ab\u00a0Bref, je suis une prof qui aime son m\u00e9tier comme tant d&rsquo;autres&#8230; Et les \u00e9l\u00e8ves de mon coll\u00e8ge n&rsquo;ont l&rsquo;air ni brim\u00e9s, ni malheureux, ce sont juste des ados, parfois perdus dans leur vie familiale et souvent inquiets de leur avenir&#8230;\u00a0\u00bb<\/p><\/blockquote>\n<h3>Au\u00a0coll\u00e8ge et au lyc\u00e9e, l&rsquo;attention des jeunes est d&rsquo;abord mobilis\u00e9e pour la vie sociale, pas pour les apprentissages<\/h3>\n<p>C&rsquo;est un fait, que voulez-vous\u00a0! <strong>Pourquoi voudriez-vous que la vie s&rsquo;arr\u00eate en classe\u00a0?<\/strong> Croyez-vous vraiment possible, comme certains, de faire de l&rsquo;\u00e9cole un sanctuaire, prot\u00e9g\u00e9 des suppos\u00e9es turpitudes de la vraie vie par de hauts murs infranchissables\u00a0? La vie sociale et soci\u00e9tale, la sociabilit\u00e9, la socialisation ne passent plus\u00a0\u2014\u00a0seulement\u00a0\u2014 par le face \u00e0 face ou simplement le pr\u00e9sentiel de la \u00ab\u00a0vraie vie\u00a0\u00bb, c&rsquo;est une certitude. C&rsquo;est vrai pour la plupart des adultes et, \u00e9videmment, encore plus vrai pour les enfants, les plus grands d&rsquo;entre eux d&rsquo;abord.<\/p>\n<p>L&rsquo;identit\u00e9, l&rsquo;existence, la citoyennet\u00e9 m\u00eame de chaque enfant se construisent et se n\u00e9gocient aujourd&rsquo;hui d&rsquo;abord sur des espaces virtuels nombreux et multiples, r\u00e9seaux sociaux, textos, blogues, toutes sortes de mondes\u00a0dont les modes m\u00eames de naissance et de fonctionnement donnent le vertige\u00a0aux sociologues et aux psychologues. Ainsi, \u00e0 peine un espace nouveau est-il apparu, offrant de nouvelles fonctionnalit\u00e9s, qu&rsquo;il est envahi et quasiment \u00ab squatt\u00e9\u00a0\u00bb par des cohortes d&rsquo;ados de tous \u00e2ges <strong>\u00e0 la recherche de leur autonomie, de leur r\u00e9putation, de leur popularit\u00e9<\/strong> et, surtout, <strong>avides d&rsquo;exercer leurs libert\u00e9s fondamentales<\/strong>, conscience, opinion, expression, au risque parfois d&rsquo;\u00e9corcher leur intimit\u00e9 ou d&rsquo;abuser de ces droits. La libert\u00e9 d&rsquo;expression, \u00e7a doit s&rsquo;apprendre \u00e0 l&rsquo;\u00e9cole, disais-je (1), il n&rsquo;y a pas si longtemps. M\u00eame si <a href=\"https:\/\/www.facebook.com\/\" target=\"_blank\">Facebook<\/a>, <a href=\"https:\/\/twitter.com\/\" target=\"_blank\">Twitter<\/a>, <a href=\"https:\/\/instagram.com\/\" target=\"_blank\">Instagram<\/a> tiennent le haut du pav\u00e9 de ces lieux-l\u00e0, d&rsquo;autres sont n\u00e9s depuis dont j&rsquo;ai d\u00e9j\u00e0 \u00e9voqu\u00e9 ici l&rsquo;essor.\u00a0Je n&rsquo;y reviens pas.<\/p>\n<p><strong>Alors pourquoi voulez-vous que \u00e7a s&rsquo;arr\u00eate\u00a0?<\/strong> Parce que c&rsquo;est \u00e9crit dans le r\u00e8glement int\u00e9rieur\u00a0? Parce que le professeur ne serait pas content\u00a0? Allons donc\u00a0! Figurez-vous que \u00e7a ne s&rsquo;arr\u00eate m\u00eame pas, parfois, alors que\u00a0le film est int\u00e9ressant, pardon\u00a0!, quand le cours est passionnant et m\u00eame si\u00a0l&rsquo;enseignant y met tout son c\u0153ur et tout son enthousiasme. Et sans doute plus que \u00e7a parfois.<\/p>\n<p>Voil\u00e0 de quoi d\u00e9courager pour de bon le prof valeureux\u00a0qui, un jour,\u00a0s&rsquo;aper\u00e7oit que la s\u00e9quence incroyable qu&rsquo;il a mis tant de temps \u00e0 pr\u00e9parer, qui proposait aux \u00e9l\u00e8ves d&rsquo;\u00eatre actifs et producteurs, n&rsquo;est pas re\u00e7ue m\u00eame des meilleurs d&rsquo;entre eux qui textotent sous la table\u2026<\/p>\n<h3><strong>C&rsquo;est la faute \u00e0 qui\u00a0?<\/strong><\/h3>\n<p>Les sales m\u00f4mes\u00a0! <strong>Bien s\u00fbr que c&rsquo;est de leur faute<\/strong>. Bruyants, sales, bavards, \u00e9go\u00efstes, insupportables, ils sont incapables du moindre effort\u2026 Tout doit leur \u00eatre acquis sans qu&rsquo;ils aient besoin de bouger le petit doigt, sauf peut-\u00eatre pour harceler leurs camarades, passer des heures sur des jeux vid\u00e9os idiots et violents ou fumer des choses bizarres et malodorantes.<\/p>\n<p>Ah\u00a0! \u00c7a fait du bien de se d\u00e9fouler un peu\u00a0! Que dire d&rsquo;autre\u00a0? Qu&rsquo;ils sont mal \u00e9lev\u00e9s, bien s\u00fbr\u2026 Ah mais alors\u2026 <strong>les\u00a0parents ne seraient-ils pas un peu responsables<\/strong> ?<\/p>\n<p>Quelles valeurs ont-ils transmises \u00e0 leurs enfants\u00a0? Auraient-ils d\u00e9j\u00e0 oubli\u00e9 les valeurs que leurs parents ou leurs ma\u00eetres leur avaient eux-m\u00eames transmises\u00a0? O\u00f9 est pass\u00e9 le respect de l&rsquo;\u00e9cole et de ses ma\u00eetres\u00a0? Que sont devenus le go\u00fbt de l&rsquo;effort et le plaisir de la r\u00e9compense\u00a0? Et puisqu&rsquo;on parle de plaisir, qu&rsquo;est devenu celui d&rsquo;apprendre, de s&rsquo;enrichir intellectuellement ? Et la morale\u00a0? Disparue\u2026<\/p>\n<p>C&rsquo;est bien \u00e9vident que ce sont les premiers responsables de l&rsquo;\u00e9ducation de leurs enfants, chantier \u00f4 combien p\u00e9rilleux qu&rsquo;ils partagent avec l&rsquo;\u00e9cole. Alors\u2026 <strong>les professeurs ne seraient-ils pas un peu fautifs<\/strong> eux aussi ?<\/p>\n<p>Pas s\u00e9rieux, toujours en vacances, ou en cong\u00e9, ou en gr\u00e8ve, gauchistes mais r\u00e9actionnaires, les qualificatifs \u00e0 leur \u00e9gard ne manquent pas dans l&rsquo;opinion. Mais il n&rsquo;y a pas de fum\u00e9e sans feu\u00a0! Bien s\u00fbr que c&rsquo;est de leur faute, c&rsquo;est plus clair maintenant\u00a0: si les \u00e9l\u00e8ves sont incapables de les \u00e9couter, de leur accorder une attention, c&rsquo;est qu&rsquo;ils sont incapables de mettre en \u0153uvre de mani\u00e8re active et int\u00e9ressante les magnifiques programmes qu&rsquo;on a, en haut lieu, \u00e9crits pour eux.<\/p>\n<p>[<em>Avertissement au lecteur peu attentif, lui aussi\u00a0: il y a pas mal de second degr\u00e9 dans les lignes ci-dessus\u00a0; je pr\u00e9f\u00e8re maintenant prendre mes pr\u00e9cautions, suite \u00e0 certains commentaires sur des billets r\u00e9cents qui m&rsquo;ont laiss\u00e9\u2026 pantois.<\/em>]<\/p>\n<h3><strong>De l&rsquo;\u00e9conomie de l&rsquo;attention \u00e0 la p\u00e9dagogie de l&rsquo;attention<\/strong><\/h3>\n<p>C&rsquo;est aussi un autre fil rouge de ce blogue. L&rsquo;\u00e9mergence de nouveaux mod\u00e8les sociaux et culturels, structurels plus que hi\u00e9rarchiques, qui accompagnent l&rsquo;\u00e9mergence du num\u00e9rique, frappe de plein fouet les m\u00e9dias comme l&rsquo;\u00e9ducation des enfants et la transmission des savoirs et des connaissances.<\/p>\n<p>Ainsi, les m\u00e9dias sont confront\u00e9s, depuis un bon moment d\u00e9j\u00e0, au grave probl\u00e8me de la raret\u00e9 de l&rsquo;attention de leurs lecteurs, auditeurs, spectateurs\u2026 \u00e0 tel point qu&rsquo;on parle d&rsquo;un mod\u00e8le \u00e9conomique propre. <a href=\"https:\/\/fr.wikipedia.org\/wiki\/%C3%89conomie_de_l%27attention\" target=\"_blank\">Wikip\u00e9dia<\/a> cite \u00e0 juste titre <a href=\"https:\/\/fr.wikipedia.org\/wiki\/Herbert_Simon\" target=\"_blank\">Herbert Simon<\/a> dans son article pour d\u00e9finir <strong>l&rsquo;\u00e9conomie de l&rsquo;attention<\/strong>\u00a0:<\/p>\n<blockquote><p>\u00ab\u00a0Dans un monde riche en information, l&rsquo;abondance d&rsquo;information entra\u00eene la p\u00e9nurie d&rsquo;une autre ressource : la raret\u00e9 devient ce qui est consomm\u00e9 par l&rsquo;information. Ce que l&rsquo;information consomme est assez \u00e9vident : c&rsquo;est l&rsquo;attention de ses receveurs. Donc une abondance d&rsquo;information cr\u00e9e une raret\u00e9 d&rsquo;attention et le besoin de r\u00e9partir efficacement cette attention parmi la surabondance des sources d&rsquo;informations qui peuvent la consommer\u00a0\u00bb<\/p><\/blockquote>\n<p>D&rsquo;une mani\u00e8re g\u00e9n\u00e9rale, on tirera profit \u00e0 ce sujet de la consultation de <a href=\"http:\/\/fr.slideshare.net\/phcouve\/lconomie-de-lattention-presentation\" target=\"_blank\">ce diaporama<\/a> de <a href=\"https:\/\/twitter.com\/couve\" target=\"_blank\">Philippe Couve<\/a> et de tout ce qu&rsquo;a \u00e9crit <a href=\"https:\/\/twitter.com\/ericscherer\" target=\"_blank\">\u00c9ric Scherer<\/a>, notamment sur son blogue <a href=\"http:\/\/meta-media.fr\/\" target=\"_blank\">M\u00e9ta-m\u00e9dia<\/a>.<\/p>\n<p>J&rsquo;ai \u00e9voqu\u00e9, dans un billet (2) vieux de d\u00e9j\u00e0 deux ans mais qui n&rsquo;a pas pris une ride comment et pourquoi, tr\u00e8s logiquement, le syst\u00e8me \u00e9ducatif \u00e9tait confront\u00e9 aux m\u00eames probl\u00e8mes, en citant <a href=\"https:\/\/fr.wikipedia.org\/wiki\/Patrick_Le_Lay\" target=\"_blank\">Patrick Le Lay<\/a> qui, ce jour de juillet 2004, n&rsquo;a pas dit que des b\u00eatises, en \u00e9voquant le d\u00e9fi de capter l&rsquo;attention du t\u00e9l\u00e9spectateur de <em>TF1<\/em> :<\/p>\n<blockquote><p>\u00ab\u00a0Rien n\u2019est plus difficile que d\u2019obtenir cette disponibilit\u00e9. C\u2019est l\u00e0 que se trouve le changement permanent.\u00a0\u00bb<\/p><\/blockquote>\n<h3><img loading=\"lazy\" decoding=\"async\" class=\"alignright size-medium wp-image-318\" src=\"http:\/\/www.culture-numerique.fr\/wp-content\/uploads\/2014\/04\/medium_5073550323-300x199.jpg\" alt=\"Saisie\" width=\"300\" height=\"199\" srcset=\"https:\/\/www.culture-numerique.fr\/wp-content\/uploads\/2014\/04\/medium_5073550323-300x199.jpg 300w, https:\/\/www.culture-numerique.fr\/wp-content\/uploads\/2014\/04\/medium_5073550323-100x66.jpg 100w, https:\/\/www.culture-numerique.fr\/wp-content\/uploads\/2014\/04\/medium_5073550323-150x99.jpg 150w, https:\/\/www.culture-numerique.fr\/wp-content\/uploads\/2014\/04\/medium_5073550323-200x133.jpg 200w, https:\/\/www.culture-numerique.fr\/wp-content\/uploads\/2014\/04\/medium_5073550323-450x299.jpg 450w, https:\/\/www.culture-numerique.fr\/wp-content\/uploads\/2014\/04\/medium_5073550323.jpg 500w\" sizes=\"auto, (max-width: 300px) 100vw, 300px\" \/>Comment restaurer l&rsquo;attention des \u00e9l\u00e8ves\u00a0? Comment\u00a0modifier radicalement les modes d&rsquo;apprentissage\u00a0?<\/h3>\n<p>Car c&rsquo;est bien le probl\u00e8me. Les m\u00e9dias, depuis des ann\u00e9es, ont pris conscience de ces nouveaux mod\u00e8les qui leur \u00e9taient impos\u00e9s, de ces nouvelles contraintes et tentent de s&rsquo;adapter.<\/p>\n<p>Ainsi, tout r\u00e9cemment, sur deux blogues diff\u00e9rents, <em><a href=\"http:\/\/www.mediaculture.fr\/2015\/07\/16\/economie-de-lattention-au-dela-des-contenus-il-faut-cibler-et-contextualiser-davantage\/\" target=\"_blank\">M\u00e9diaculture<\/a><\/em> et <em><a href=\"http:\/\/www.superception.fr\/2015\/07\/20\/communication-a-lere-numerique-trop-ou-trop-peu-de-contexte\/\" target=\"_blank\">Superception<\/a><\/em>, on se\u00a0posait les m\u00eames questions, en situation de crise d&rsquo;attention.\u00a0\u00a0\u00ab\u00a0<em><span style=\"color: #800000;\">L\u2019autre solution consiste \u00e0 booster l\u2019impact de ses contenus en optimisant la contextualisation et la personnalisation des contenus cr\u00e9\u00e9s.<\/span><\/em>\u00a0\u00bb dit-on sur le premier blogue en \u00e9voquant les possibilit\u00e9s nouvelles de g\u00e9olocalisation, d&rsquo;optimisation de la fid\u00e9lit\u00e9 mentale et temporelle\u2026 qui tiennent comptes des moments de la socialisation et concourent \u00e0 \u00e9clairer davantage les contenus d&rsquo;information de leur\u00a0contexte, d&rsquo;un contexte personnalis\u00e9. \u00a0Le deuxi\u00e8me blogue insiste aussi sur cette n\u00e9cessaire contextualisation du message \u00ab<em><span style=\"color: #800000;\">\u00a0L\u2019une des r\u00e8gles d\u2019or de la perception est que le contexte importe au moins autant que le texte dans une communication.<\/span><\/em>\u00a0\u00bb.<\/p>\n<p>L&rsquo;un et l&rsquo;autre, un journaliste et un communicant, se posent des questions, interrogent le r\u00e9el, <strong>bousculent les vieilles doxas<\/strong>. Il est vrai que ces m\u00e9diateurs, comme tous les autres ou presque, sont tous deux confront\u00e9s \u00e0 de terribles imp\u00e9ratifs \u00e9conomiques. Ils doivent vendre, de l&rsquo;information, des donn\u00e9es, des messages sans oublier ce que disait Le Lay, du temps de cerveau disponible.<\/p>\n<p>De leur c\u00f4t\u00e9, les enseignants, les professeurs sont confront\u00e9s aussi aux m\u00eames difficult\u00e9s. Si les \u00e9l\u00e8ves disposent d&rsquo;une attention, <strong>elle n&rsquo;est que rarement disponible pour les apprentissages<\/strong> alors qu&rsquo;elle est fortement mobilis\u00e9e au service du microcosme et de ses interactions sociales, nous l&rsquo;avons vu. Alors pourquoi ces professionnels de l&rsquo;\u00e9ducation, et l&rsquo;\u00e9cole avec eux, ne se posent-ils pas ces questions\u00a0? Ou plut\u00f4t pourquoi ne les posent-ils bien souvent qu&rsquo;en forme d&rsquo;\u00e9chec et de r\u00e9signation \u00ab\u00a0<span style=\"color: #800000;\"><em>On n&rsquo;y arrivera pas, ils sont tous nuls, il faut s\u00e9lectionner davantage<\/em><\/span>\u00a0\u00bb\u00a0?<\/p>\n<p>Pourquoi ces professeurs sont-ils si nombreux, largement confort\u00e9s pour ce faire par une hi\u00e9rarchie scl\u00e9ros\u00e9e, \u00e0 vouloir enseigner comme on leur a appris il y a vingt ou trente ans, et comme on continue d&rsquo;ailleurs \u00e0 leur apprendre aujourd&rsquo;hui, \u00e0 un moment o\u00f9 le num\u00e9rique, l&rsquo;Internet, Wikip\u00e9dia, les flux massifs de donn\u00e9es et de ressources, les fortes interactions sociales, les espaces collaboratifs n&rsquo;existaient pas\u00a0?<\/p>\n<p>Une premi\u00e8re r\u00e9ponse est possible\u00a0: l&rsquo;\u00e9cole n&rsquo;est pas soumise aux imp\u00e9ratifs \u00e9conomiques. <strong>Ou plut\u00f4t pas encore<\/strong>. Quoique\u00a0! D\u00e9j\u00e0 partout naissent des \u00e9coles priv\u00e9es qui jouent plus sur la diff\u00e9rence et le tri social que sur une suppos\u00e9e r\u00e9novation des modes d&rsquo;enseignement. Bien des \u00e9diteurs encore r\u00eavent de proposer aux familles, au-del\u00e0 du temps scolaire dans un premier temps, bient\u00f4t \u00e0 la place d&rsquo;une \u00e9cole suppos\u00e9e d\u00e9faillante, de nouvelles formes d&rsquo;enseignement, \u00e0 distance, en ligne, au moment ou les \u00e9l\u00e8ves en ont envie, surfant sur la vague des <a href=\"https:\/\/fr.wikipedia.org\/wiki\/Formation_en_ligne_ouverte_%C3%A0_tous\" target=\"_blank\">MOOC<\/a>, du connectivisme et des <a href=\"https:\/\/fr.wikipedia.org\/wiki\/SPOC\" target=\"_blank\">SPOC<\/a>. Les march\u00e9s de l&rsquo;enseignement en ligne et de la formation en ligne, appel\u00e9s stupidement \u00ab\u00a0e-enseignement\u00a0\u00bb et \u00ab\u00a0e-formation\u00a0\u00bb, sont des march\u00e9s tr\u00e8s prometteurs qui vont rapidement s\u2019av\u00e9rer fort juteux.<\/p>\n<p><strong>L&rsquo;\u00e9cole est d\u00e9j\u00e0 contrainte de s&rsquo;adapter<\/strong>. Le d\u00e9fi qui lui est propos\u00e9, dont le principal objectif est de mobiliser voire de restaurer l&rsquo;attention des \u00e9l\u00e8ves, de lui donner\u00a0le co\u00fbt qu&rsquo;elle m\u00e9rite, c&rsquo;est celui de <strong>r\u00e9nover de fond en comble<\/strong> les modalit\u00e9s d&rsquo;enseignement, les espaces, les lieux, les temps, les services, les missions\u2026 Attention\u00a0! Il ne peut s&rsquo;agir que d&rsquo;une\u00a0r\u00e9novation\/refondation laquelle\u00a0ne peut s&#8217;embarrasser d&rsquo;une innovation maintenant banalis\u00e9e au point que l&rsquo;institution la valide et dont il n&rsquo;est\u00a0pas interdit de se demander, comme d&rsquo;autres, si elle n&rsquo;est pas <a href=\"http:\/\/4cristol.over-blog.com\/2015\/07\/innover-un-nouveau-conformisme.html\" target=\"_blank\">un nouveau conformisme<\/a>\u00a0de plus.<\/p>\n<p>Ce d\u00e9fi n&rsquo;est pas pour dans dix ans, ni pour demain, mais <strong>pour tout de suite, aujourd&rsquo;hui<\/strong>. Il y a deux ans d\u00e9j\u00e0, je posais d\u00e9j\u00e0 ces questions\u00a0:<\/p>\n<blockquote><p>\u00ab\u00a0Si, dans ce monde num\u00e9rique, il est possible d\u2019\u00eatre soi-m\u00eame m\u00e9dia, ne faut-il pas s\u2019interroger sur la possibilit\u00e9 offerte \u00e0 chacun, ma\u00eetre comme \u00e9l\u00e8ve, eh oui !, de devenir aussi soi-m\u00eame m\u00e9diateur de la connaissance donc enseignant ? Le ma\u00eetre ne doit-il pas alors s\u2019imposer comme le r\u00e9gulateur pertinent d\u2019une d\u00e9sinterm\u00e9diation d\u00e9brid\u00e9e et anarchique ?\u00a0\u00bb<\/p><\/blockquote>\n<p>Est-ce plus clair\u00a0?<\/p>\n<p>Michel Guillou\u00a0<a href=\"https:\/\/twitter.com\/michelguillou\" target=\"_blank\">@michelguillou<\/a><\/p>\n<p><a href=\"http:\/\/creativecommons.org\/licenses\/by-nc-sa\/2.0\/fr\/\" target=\"_blank\"><img loading=\"lazy\" decoding=\"async\" src=\"http:\/\/i.creativecommons.org\/l\/by-nc-sa\/2.0\/fr\/80x15.png\" alt=\"image\" width=\"80\" height=\"15\" \/><\/a><\/p>\n<p>Cr\u00e9dit photo\u00a0:\u00a0<a href=\"https:\/\/www.flickr.com\/photos\/esthervargasc\/9657863733\/in\/photostream\/\" target=\"_blank\">Esther Vargas<\/a> sur <a href=\"https:\/\/www.flickr.com\/\" target=\"_blank\">Flickr<\/a> <a href=\"http:\/\/creativecommons.org\/licenses\/by\/2.0\/\" target=\"_blank\">cc<\/a> et\u00a0<a href=\"http:\/\/www.flickr.com\/photos\/wwworks\/5073550323\/\" target=\"_blank\">woodleywonderworks<\/a>\u00a0via\u00a0<a href=\"http:\/\/photopin.com\/\" target=\"_blank\">photopin<\/a>\u00a0<a href=\"http:\/\/creativecommons.org\/licenses\/by\/2.0\/\" target=\"_blank\">cc<\/a><\/p>\n<ol>\n<li>La libert\u00e9 d\u2019expression doit imp\u00e9rativement s\u2019enseigner\u00a0<a href=\"http:\/\/www.culture-numerique.fr\/?p=2562\" target=\"_blank\">http:\/\/www.culture-numerique.fr\/?p=2562<\/a><\/li>\n<li>Pour une p\u00e9dagogie de l\u2019attention\u00a0<a href=\"http:\/\/www.culture-numerique.fr\/?p=316\" target=\"_blank\">http:\/\/www.culture-numerique.fr\/?p=316<\/a><\/li>\n<\/ol>\n<p>[cite]<\/p>\n","protected":false},"excerpt":{"rendered":"<p><img loading=\"lazy\" decoding=\"async\" class=\"aligncenter size-full wp-image-3551\" src=\"http:\/\/www.culture-numerique.fr\/wp-content\/uploads\/2015\/07\/9657863733_a7550f16f6_k.jpg\" alt=\"Attention\" width=\"2048\" height=\"1359\" srcset=\"https:\/\/www.culture-numerique.fr\/wp-content\/uploads\/2015\/07\/9657863733_a7550f16f6_k.jpg 2048w, https:\/\/www.culture-numerique.fr\/wp-content\/uploads\/2015\/07\/9657863733_a7550f16f6_k-300x199.jpg 300w, https:\/\/www.culture-numerique.fr\/wp-content\/uploads\/2015\/07\/9657863733_a7550f16f6_k-1024x680.jpg 1024w, https:\/\/www.culture-numerique.fr\/wp-content\/uploads\/2015\/07\/9657863733_a7550f16f6_k-100x66.jpg 100w, https:\/\/www.culture-numerique.fr\/wp-content\/uploads\/2015\/07\/9657863733_a7550f16f6_k-150x100.jpg 150w, https:\/\/www.culture-numerique.fr\/wp-content\/uploads\/2015\/07\/9657863733_a7550f16f6_k-200x133.jpg 200w, https:\/\/www.culture-numerique.fr\/wp-content\/uploads\/2015\/07\/9657863733_a7550f16f6_k-450x299.jpg 450w, https:\/\/www.culture-numerique.fr\/wp-content\/uploads\/2015\/07\/9657863733_a7550f16f6_k-600x398.jpg 600w, https:\/\/www.culture-numerique.fr\/wp-content\/uploads\/2015\/07\/9657863733_a7550f16f6_k-900x597.jpg 900w\" sizes=\"auto, (max-width: 2048px) 100vw, 2048px\" \/><\/p>\n<p><strong>Tenez, profitez donc un peu de l&rsquo;\u00e9t\u00e9<\/strong> pour \u00e9changer avec vos ados ou ceux de vos amis si vous n&rsquo;avez pas ou plus l&rsquo;\u00e2ge\u2026 Ils sont en g\u00e9n\u00e9ral plus disponibles, plus repos\u00e9s\u00a0\u2014\u00a0quoique\u00a0!\u00a0<\/p>\n<p><span class=\"ellipsis\">&hellip;<\/span><\/p>\n<div class=\"read-more\"><a href=\"https:\/\/www.culture-numerique.fr\/?p=3549\">Lire la suite &#8250;<\/a><\/div>\n<p><!-- end of .read-more --><\/p>\n","protected":false},"author":1,"featured_media":3551,"comment_status":"open","ping_status":"open","sticky":false,"template":"","format":"standard","meta":{"jetpack_post_was_ever_published":false,"_jetpack_newsletter_access":"","_jetpack_dont_email_post_to_subs":false,"_jetpack_newsletter_tier_id":0,"_jetpack_memberships_contains_paywalled_content":false,"_jetpack_memberships_contains_paid_content":false,"footnotes":""},"categories":[9,20],"tags":[259,149,479,225,400,624,209,207,517,625,2,85,595],"class_list":["post-3549","post","type-post","status-publish","format-standard","has-post-thumbnail","hentry","category-billets-dhumeur","category-breves","tag-adolescents","tag-attention","tag-communication","tag-economie-de-lattention","tag-enjeux-du-numerique","tag-ennui","tag-information","tag-medias","tag-mediation","tag-microcosmes","tag-numerique","tag-reseaux-sociaux","tag-socialisation"],"jetpack_featured_media_url":"https:\/\/www.culture-numerique.fr\/wp-content\/uploads\/2015\/07\/9657863733_a7550f16f6_k.jpg","jetpack_sharing_enabled":true,"_links":{"self":[{"href":"https:\/\/www.culture-numerique.fr\/index.php?rest_route=\/wp\/v2\/posts\/3549","targetHints":{"allow":["GET"]}}],"collection":[{"href":"https:\/\/www.culture-numerique.fr\/index.php?rest_route=\/wp\/v2\/posts"}],"about":[{"href":"https:\/\/www.culture-numerique.fr\/index.php?rest_route=\/wp\/v2\/types\/post"}],"author":[{"embeddable":true,"href":"https:\/\/www.culture-numerique.fr\/index.php?rest_route=\/wp\/v2\/users\/1"}],"replies":[{"embeddable":true,"href":"https:\/\/www.culture-numerique.fr\/index.php?rest_route=%2Fwp%2Fv2%2Fcomments&post=3549"}],"version-history":[{"count":47,"href":"https:\/\/www.culture-numerique.fr\/index.php?rest_route=\/wp\/v2\/posts\/3549\/revisions"}],"predecessor-version":[{"id":5292,"href":"https:\/\/www.culture-numerique.fr\/index.php?rest_route=\/wp\/v2\/posts\/3549\/revisions\/5292"}],"wp:featuredmedia":[{"embeddable":true,"href":"https:\/\/www.culture-numerique.fr\/index.php?rest_route=\/wp\/v2\/media\/3551"}],"wp:attachment":[{"href":"https:\/\/www.culture-numerique.fr\/index.php?rest_route=%2Fwp%2Fv2%2Fmedia&parent=3549"}],"wp:term":[{"taxonomy":"category","embeddable":true,"href":"https:\/\/www.culture-numerique.fr\/index.php?rest_route=%2Fwp%2Fv2%2Fcategories&post=3549"},{"taxonomy":"post_tag","embeddable":true,"href":"https:\/\/www.culture-numerique.fr\/index.php?rest_route=%2Fwp%2Fv2%2Ftags&post=3549"}],"curies":[{"name":"wp","href":"https:\/\/api.w.org\/{rel}","templated":true}]}}