{"id":35,"date":"2011-10-08T16:44:15","date_gmt":"2011-10-08T15:44:15","guid":{"rendered":"http:\/\/www.culture-numerique.fr\/?p=35"},"modified":"2016-11-27T19:25:23","modified_gmt":"2016-11-27T18:25:23","slug":"consommateur-ou-pirate-choisir-tu-devras","status":"publish","type":"post","link":"https:\/\/www.culture-numerique.fr\/?p=35","title":{"rendered":"Consommateur ou pirate, choisir tu devras\u2026"},"content":{"rendered":"<p><strong><img loading=\"lazy\" decoding=\"async\" class=\"aligncenter wp-image-36 size-full\" src=\"https:\/\/www.culture-numerique.fr\/wp-content\/uploads\/2014\/04\/Sky-Pirate.jpg\" alt=\"Sky Pirate\" width=\"1100\" height=\"800\" srcset=\"https:\/\/www.culture-numerique.fr\/wp-content\/uploads\/2014\/04\/Sky-Pirate.jpg 1100w, https:\/\/www.culture-numerique.fr\/wp-content\/uploads\/2014\/04\/Sky-Pirate-300x218.jpg 300w, https:\/\/www.culture-numerique.fr\/wp-content\/uploads\/2014\/04\/Sky-Pirate-1024x744.jpg 1024w, https:\/\/www.culture-numerique.fr\/wp-content\/uploads\/2014\/04\/Sky-Pirate-100x72.jpg 100w, https:\/\/www.culture-numerique.fr\/wp-content\/uploads\/2014\/04\/Sky-Pirate-150x109.jpg 150w, https:\/\/www.culture-numerique.fr\/wp-content\/uploads\/2014\/04\/Sky-Pirate-200x145.jpg 200w, https:\/\/www.culture-numerique.fr\/wp-content\/uploads\/2014\/04\/Sky-Pirate-450x327.jpg 450w, https:\/\/www.culture-numerique.fr\/wp-content\/uploads\/2014\/04\/Sky-Pirate-600x436.jpg 600w, https:\/\/www.culture-numerique.fr\/wp-content\/uploads\/2014\/04\/Sky-Pirate-900x654.jpg 900w\" sizes=\"auto, (max-width: 1100px) 100vw, 1100px\" \/><\/strong><\/p>\n<p><strong>Mon dernier billet\u00a0\u00e9tait l\u2019occasion de rappeler<\/strong> que cette alternative est bien souvent propos\u00e9e, de mani\u00e8re ironique bien s\u00fbr, comme projet d\u2019une vie radieuse \u00e0 tous les jeunes.<\/p>\n<p>Grosso modo, de mani\u00e8re assez consensuelle\u00a0\u2014 j\u2019ai d\u00e9j\u00e0 \u00e9voqu\u00e9 le sort qu\u2019on faisait aux \u00e9l\u00e8ves et \u00e0 leurs tristes habitudes m\u00e9diatico-num\u00e9riques, \u00e0 l\u2019\u00e9cole, en l\u2019absence de l\u2019\u00e9ducation aux m\u00e9dias qu\u2019on leur doit et qui leur manque tant\u00a0\u2014,\u00a0c\u2019est le choix qui leur est donn\u00e9, celui d\u2019\u00eatre consommateur, bon consommateur, r\u00e9gulier, s\u00e9rieux, d\u00e9pensier, respectueux, docile et surtout fid\u00e8le\u2026 ou\u00a0<strong>pirate, horrible pirate<\/strong>, pourfendeur\u00a0du droit l\u00e9gitime des auteurs et de leurs familles, assassin de la culture et de la cr\u00e9ation, du livre, du disque et de la pellicule, de Gutenberg, des fr\u00e8res Lumi\u00e8re et de Michel Sardou.<\/p>\n<p>Quel joli coup des tenants des \u00ab\u00a0ayants droit\u00a0\u00bb ou de leurs d\u00e9fenseurs d\u2019avoir choisi ce mot si d\u00e9j\u00e0 fortement connot\u00e9 de \u00ab\u00a0pirate\u00a0\u00bb\u00a0! Le pirate est sale, fourbe et voleur. Le pirate, c\u2019est d\u2019abord un jeune bien s\u00fbr (s\u2019il n\u2019est pas jeune, il l\u2019a \u00e9t\u00e9 ou le sera sous peu), c\u2019est forc\u00e9ment le\u00a0<strong>mal\u00a0<\/strong>personnifi\u00e9, celui qui bouscule les valeurs et la soci\u00e9t\u00e9, celui qui se moque de tout, qui casse les\u00a0<a title=\"Digital Rights Management\" href=\"http:\/\/fr.wikipedia.org\/wiki\/Gestion_des_droits_num%C3%A9riques\" target=\"_blank\">DRM<\/a>, squatte les box du quartier et la bande passante du bourgeois qui dort, \u00e0 force de t\u00e9l\u00e9charger des vid\u00e9os \u2014 stupides, forc\u00e9ment stupides \u2014 sur YouTube ou DailyMotion ou, pire\u00a0!, de visionner en diffusion continue (<a title=\"Streaming\" href=\"http:\/\/fr.wikipedia.org\/wiki\/Streaming\" target=\"_blank\">streaming<\/a>) des \u00e9pisodes du Mentalist ou de Kirikou et la sorci\u00e8re.<\/p>\n<p>Mais celui-l\u00e0, c\u2019est le pirate \u00e9go\u00efste. La soci\u00e9t\u00e9 a honte de lui.<br \/>\nIl y a plus grave, c\u2019est le pirate qui partage, donne ou \u00e9change, qui veut go\u00fbter avant de consommer, ce qui le ferait d\u2019ailleurs passer d\u2019un coup du bon c\u00f4t\u00e9 de la barri\u00e8re\u2026 Ce pirate-l\u00e0 n\u2019a ni foi, ni loi. Il lit, \u00e9coute, regarde et invite ses amis \u00e0 en faire de m\u00eame. Vous rendez-vous compte du niveau d\u2019outrecuidance et de fourberie de cette engeance-l\u00e0\u00a0?<\/p>\n<p>Mais revenons \u00e0 nos jeunes\u2026 On disait donc que, lorsqu\u2019ils ne consomment pas, ils piratent. C\u2019est acquis, n\u2019y revenons plus. Nous avons appris aussi tout r\u00e9cemment que le jeune, pr\u00e9-d\u00e9linquant patent\u00e9, \u00e9tait maintenant\u00a0<strong>violent, plus violent<\/strong>\u00a0<a title=\"\u00ab\u00a0 Le mineur de 2011, osons les mots, est plus violent que le mineur de 1945\u00a0\u00bb\" href=\"http:\/\/www.elysee.fr\/president\/les-actualites\/discours\/2011\/centre-penitentiaire-de-reau-allocution-de-m-le.12007.html?\" target=\"_blank\">que son alter ego du milieu du si\u00e8cle dernier<\/a>. La faute sans doute \u00e0 tous ces jeux vid\u00e9os dont ils se repaissent entre eux, nuitamment.<\/p>\n<p>Le jeune passe aussi ses journ\u00e9es \u00e0\u00a0<strong>envoyer des textos<\/strong>, ces articulets mal \u00e9crits qui font fi de l\u2019orthodoxie orthographique, de la syntaxe et de la grammaire. O\u00f9 va-t-on\u00a0? Alain Finkielkraut a bien raison de s\u2019\u00e9riger et de vouloir interdire Internet \u00e0 l\u2019\u00e9cole, ce m\u00e9dia qui ne sert \u00e0 rien (sic).<\/p>\n<p>Le jeune\u00a0<strong>est aussi sur Facebook<\/strong>. Qu\u2019y fait-il\u00a0? Il a trois activit\u00e9s pr\u00e9f\u00e9r\u00e9es\u00a0:<\/p>\n<ul>\n<li>insulter ses camarades, les harceler, les humilier de telle mani\u00e8re qu\u2019il faut\u00a0<a title=\"Guide contre le cyber-harc\u00e8lement\" href=\"http:\/\/multimedia.education.gouv.fr\/guide_cyberharcelement_2011\/HTML\/\" target=\"_blank\">faire appel \u00e0 une association priv\u00e9e E-Enfance<\/a>\u00a0pour la prise en charge \u00e9ducative et demander la suppression du compte sur Facebook (non mais\u00a0!)\u00a0;<\/li>\n<li>publier des photos ou des \u00e9l\u00e9ments factuels de sa vie priv\u00e9e ou de celle de ses camarades, forc\u00e9ment d\u00e9gradants et jamais valorisants\u00a0;<\/li>\n<li>organiser des rassemblements en formes d\u2019ap\u00e9ros g\u00e9ants sur la place publique, de telle mani\u00e8re \u00e0 se saouler et mettre des cacahu\u00e8tes l\u00e0 o\u00f9 ne devraient circuler que les voitures.<\/li>\n<\/ul>\n<p>On comprend mieux pourquoi on devrait avoir peur des jeunes, pirates, violents, alcooliques et insulteurs, massacreurs de la grammaire\u00a0!<\/p>\n<p>Il ne manquerait plus qu\u2019ils nous survivent\u00a0!<\/p>\n<p>Michel Guillou\u00a0<a title=\"Twitter\" href=\"https:\/\/twitter.com\/#!\/michelguillou\" target=\"_blank\">@michelguillou<\/a><\/p>\n<p><img loading=\"lazy\" decoding=\"async\" src=\"http:\/\/i.creativecommons.org\/l\/by-nc-sa\/2.0\/fr\/80x15.png\" alt=\"\" width=\"80\" height=\"15\" \/><\/p>\n<p>[cite]<\/p>\n","protected":false},"excerpt":{"rendered":"<p><strong><img loading=\"lazy\" decoding=\"async\" class=\"aligncenter wp-image-36 size-full\" src=\"https:\/\/www.culture-numerique.fr\/wp-content\/uploads\/2014\/04\/Sky-Pirate.jpg\" alt=\"Sky Pirate\" width=\"1100\" height=\"800\" srcset=\"https:\/\/www.culture-numerique.fr\/wp-content\/uploads\/2014\/04\/Sky-Pirate.jpg 1100w, https:\/\/www.culture-numerique.fr\/wp-content\/uploads\/2014\/04\/Sky-Pirate-300x218.jpg 300w, https:\/\/www.culture-numerique.fr\/wp-content\/uploads\/2014\/04\/Sky-Pirate-1024x744.jpg 1024w, https:\/\/www.culture-numerique.fr\/wp-content\/uploads\/2014\/04\/Sky-Pirate-100x72.jpg 100w, https:\/\/www.culture-numerique.fr\/wp-content\/uploads\/2014\/04\/Sky-Pirate-150x109.jpg 150w, https:\/\/www.culture-numerique.fr\/wp-content\/uploads\/2014\/04\/Sky-Pirate-200x145.jpg 200w, https:\/\/www.culture-numerique.fr\/wp-content\/uploads\/2014\/04\/Sky-Pirate-450x327.jpg 450w, https:\/\/www.culture-numerique.fr\/wp-content\/uploads\/2014\/04\/Sky-Pirate-600x436.jpg 600w, https:\/\/www.culture-numerique.fr\/wp-content\/uploads\/2014\/04\/Sky-Pirate-900x654.jpg 900w\" sizes=\"auto, (max-width: 1100px) 100vw, 1100px\" \/><\/strong><\/p>\n<p><strong>Mon dernier billet\u00a0\u00e9tait l\u2019occasion de rappeler<\/strong> que cette alternative est bien souvent propos\u00e9e, de mani\u00e8re ironique bien s\u00fbr, comme projet d\u2019une vie radieuse \u00e0 tous les jeunes.<\/p>\n<p>Grosso modo, de mani\u00e8re assez consensuelle\u00a0\u2014 j\u2019ai d\u00e9j\u00e0 \u00e9voqu\u00e9 le sort qu\u2019on faisait aux \u00e9l\u00e8ves et \u00e0 leurs tristes habitudes m\u00e9diatico-num\u00e9riques,<\/p>\n<p><span class=\"ellipsis\">&hellip;<\/span><\/p>\n<div class=\"read-more\"><a href=\"https:\/\/www.culture-numerique.fr\/?p=35\">Lire la suite &#8250;<\/a><\/div>\n<p><!-- end of .read-more --><\/p>\n","protected":false},"author":1,"featured_media":36,"comment_status":"open","ping_status":"open","sticky":false,"template":"","format":"standard","meta":{"jetpack_post_was_ever_published":false,"_jetpack_newsletter_access":"","_jetpack_dont_email_post_to_subs":true,"_jetpack_newsletter_tier_id":0,"_jetpack_memberships_contains_paywalled_content":false,"_jetpack_memberships_contains_paid_content":false,"footnotes":""},"categories":[9],"tags":[24,22,23,25],"class_list":["post-35","post","type-post","status-publish","format-standard","has-post-thumbnail","hentry","category-billets-dhumeur","tag-facebook","tag-jeunes","tag-pirates","tag-textos"],"jetpack_featured_media_url":"https:\/\/www.culture-numerique.fr\/wp-content\/uploads\/2014\/04\/Sky-Pirate.jpg","jetpack_sharing_enabled":true,"_links":{"self":[{"href":"https:\/\/www.culture-numerique.fr\/index.php?rest_route=\/wp\/v2\/posts\/35","targetHints":{"allow":["GET"]}}],"collection":[{"href":"https:\/\/www.culture-numerique.fr\/index.php?rest_route=\/wp\/v2\/posts"}],"about":[{"href":"https:\/\/www.culture-numerique.fr\/index.php?rest_route=\/wp\/v2\/types\/post"}],"author":[{"embeddable":true,"href":"https:\/\/www.culture-numerique.fr\/index.php?rest_route=\/wp\/v2\/users\/1"}],"replies":[{"embeddable":true,"href":"https:\/\/www.culture-numerique.fr\/index.php?rest_route=%2Fwp%2Fv2%2Fcomments&post=35"}],"version-history":[{"count":9,"href":"https:\/\/www.culture-numerique.fr\/index.php?rest_route=\/wp\/v2\/posts\/35\/revisions"}],"predecessor-version":[{"id":5654,"href":"https:\/\/www.culture-numerique.fr\/index.php?rest_route=\/wp\/v2\/posts\/35\/revisions\/5654"}],"wp:featuredmedia":[{"embeddable":true,"href":"https:\/\/www.culture-numerique.fr\/index.php?rest_route=\/wp\/v2\/media\/36"}],"wp:attachment":[{"href":"https:\/\/www.culture-numerique.fr\/index.php?rest_route=%2Fwp%2Fv2%2Fmedia&parent=35"}],"wp:term":[{"taxonomy":"category","embeddable":true,"href":"https:\/\/www.culture-numerique.fr\/index.php?rest_route=%2Fwp%2Fv2%2Fcategories&post=35"},{"taxonomy":"post_tag","embeddable":true,"href":"https:\/\/www.culture-numerique.fr\/index.php?rest_route=%2Fwp%2Fv2%2Ftags&post=35"}],"curies":[{"name":"wp","href":"https:\/\/api.w.org\/{rel}","templated":true}]}}