{"id":3491,"date":"2015-07-11T00:56:04","date_gmt":"2015-07-10T22:56:04","guid":{"rendered":"http:\/\/www.culture-numerique.fr\/?p=3491"},"modified":"2016-11-04T16:23:55","modified_gmt":"2016-11-04T15:23:55","slug":"selon-une-etude-tres-inquietante-le-niveau-baisse-au-parlement","status":"publish","type":"post","link":"https:\/\/www.culture-numerique.fr\/?p=3491","title":{"rendered":"Selon une \u00e9tude tr\u00e8s inqui\u00e9tante, le niveau baisse (au parlement)"},"content":{"rendered":"<p><img loading=\"lazy\" decoding=\"async\" class=\"aligncenter wp-image-3505 size-full\" src=\"http:\/\/www.culture-numerique.fr\/wp-content\/uploads\/2015\/07\/Nouvelle-image-e1436474723904.png\" alt=\"Graphe\" width=\"567\" height=\"441\" srcset=\"https:\/\/www.culture-numerique.fr\/wp-content\/uploads\/2015\/07\/Nouvelle-image-e1436474723904.png 567w, https:\/\/www.culture-numerique.fr\/wp-content\/uploads\/2015\/07\/Nouvelle-image-e1436474723904-300x233.png 300w, https:\/\/www.culture-numerique.fr\/wp-content\/uploads\/2015\/07\/Nouvelle-image-e1436474723904-100x78.png 100w, https:\/\/www.culture-numerique.fr\/wp-content\/uploads\/2015\/07\/Nouvelle-image-e1436474723904-150x117.png 150w, https:\/\/www.culture-numerique.fr\/wp-content\/uploads\/2015\/07\/Nouvelle-image-e1436474723904-200x156.png 200w, https:\/\/www.culture-numerique.fr\/wp-content\/uploads\/2015\/07\/Nouvelle-image-e1436474723904-450x350.png 450w\" sizes=\"auto, (max-width: 567px) 100vw, 567px\" \/><\/p>\n<p><strong>Les faits sont t\u00eatus<\/strong>. Selon une \u00e9tude tr\u00e8s r\u00e9cente mais confidentielle dont il n&rsquo;est pas possible encore de donner la source, le niveau des hommes politiques et des parlementaires serait en baisse constante depuis plusieurs d\u00e9cennies.<\/p>\n<p>C&rsquo;est particuli\u00e8rement pr\u00e9occupant.<\/p>\n<p>Les chiffres nous\u00a0apprennent que les \u00e9lus s&rsquo;av\u00e8rent, d&rsquo;une mani\u00e8re g\u00e9n\u00e9rale, incapables de comprendre le monde qui les entoure et ses derni\u00e8res \u00e9volutions. D&rsquo;autres observations plus pointues font \u00e9tat de graves faiblesses dans leur compr\u00e9hension des innovations et mutations technologiques, notamment\u00a0les modifications en profondeur de l&rsquo;\u00e9conomie, de l&rsquo;entreprise et de la soci\u00e9t\u00e9. Mais les enqu\u00eateurs pointent surtout\u00a0un\u00a0d\u00e9ficit consid\u00e9rable qui s&rsquo;est accumul\u00e9\u00a0: les parlementaires s&rsquo;av\u00e8rent incapables de comprendre\u00a0<strong>les modifications des rapports humains et sociaux<\/strong> et des modes de management et de vie, tout simplement.<\/p>\n<p>En effet, et l\u00e0 quelques faits semblent venir confirmer notre \u00e9tude, ces \u00e9lus multiplient ces derniers temps les initiatives hasardeuses et maladroites, en particulier dans les domaines de l&rsquo;\u00e9ducation, de la culture et de la d\u00e9fense des libert\u00e9s.<\/p>\n<h3>L&rsquo;extr\u00eame all\u00e9geance\u00a0aux lobbys<\/h3>\n<p>Soumis \u00e0 la pression des mutations techniques et soci\u00e9tales, les \u00e9lus de tous bords politiques s&rsquo;av\u00e8rent incapables de r\u00e9sister \u00e0 celle des lobbys et relaient all\u00e8grement leurs slogans, sans se poser des questions, n&rsquo;h\u00e9sitant pas \u00e0 sacrifier l&rsquo;int\u00e9r\u00eat et le sens communs \u00e0 des int\u00e9r\u00eats priv\u00e9s.<\/p>\n<p><a href=\"http:\/\/www.senat.fr\/rap\/r14-600\/r14-6001.pdf\"><img loading=\"lazy\" decoding=\"async\" class=\"alignleft wp-image-3512 size-medium\" src=\"http:\/\/www.culture-numerique.fr\/wp-content\/uploads\/2015\/07\/2015-07-10_014533-300x252.jpg\" alt=\"Rapport Hadopi\" width=\"300\" height=\"252\" srcset=\"https:\/\/www.culture-numerique.fr\/wp-content\/uploads\/2015\/07\/2015-07-10_014533-300x252.jpg 300w, https:\/\/www.culture-numerique.fr\/wp-content\/uploads\/2015\/07\/2015-07-10_014533-100x84.jpg 100w, https:\/\/www.culture-numerique.fr\/wp-content\/uploads\/2015\/07\/2015-07-10_014533-150x126.jpg 150w, https:\/\/www.culture-numerique.fr\/wp-content\/uploads\/2015\/07\/2015-07-10_014533-200x168.jpg 200w, https:\/\/www.culture-numerique.fr\/wp-content\/uploads\/2015\/07\/2015-07-10_014533-450x378.jpg 450w, https:\/\/www.culture-numerique.fr\/wp-content\/uploads\/2015\/07\/2015-07-10_014533.jpg 597w\" sizes=\"auto, (max-width: 300px) 100vw, 300px\" \/><\/a>Rappelez-vous, ce n&rsquo;est pas si vieux, je vous en ai parl\u00e9 (1), la remise d&rsquo;un rapport parlementaire sur le num\u00e9rique, fort int\u00e9ressant au demeurant, fut l&rsquo;occasion de l&rsquo;ajout d&rsquo;un paragraphe ridicule consacr\u00e9 \u00e0 l&rsquo;\u00e9ducation num\u00e9rique reprenant mot pour mot les propositions absconses du lobby de l&rsquo;informatique. Je n&rsquo;y reviens pas.<\/p>\n<p>Aujourd&rsquo;hui-m\u00eame, deux d\u00e9put\u00e9s proposent des pistes, voir ci-contre, pour <strong>ranimer la moribonde Hadopi<\/strong>, sous la pression des ayants droit et des lobbys de l&rsquo;industrie culturelle. Au menu, des pouvoirs renforc\u00e9s pour la Haute autorit\u00e9, qui pourrait changer de nom, avec <strong>le filtrage de sites et la constitution de listes noires<\/strong>, entre autres joyeuset\u00e9s ringardes et d\u00e9cal\u00e9es\u00a0!<\/p>\n<h3>L&rsquo;\u00e9cole, c&rsquo;\u00e9tait mieux avant<strong> \u00a9<\/strong><\/h3>\n<p><a href=\"http:\/\/www.senat.fr\/rap\/r14-590-1\/r14-590-11.pdf\"><img loading=\"lazy\" decoding=\"async\" class=\"alignright wp-image-3517 size-medium\" src=\"http:\/\/www.culture-numerique.fr\/wp-content\/uploads\/2015\/07\/2015-07-10_015824-300x297.jpg\" alt=\"Rapport \u00e9cole\" width=\"300\" height=\"297\" srcset=\"https:\/\/www.culture-numerique.fr\/wp-content\/uploads\/2015\/07\/2015-07-10_015824-300x297.jpg 300w, https:\/\/www.culture-numerique.fr\/wp-content\/uploads\/2015\/07\/2015-07-10_015824-150x148.jpg 150w, https:\/\/www.culture-numerique.fr\/wp-content\/uploads\/2015\/07\/2015-07-10_015824-100x99.jpg 100w, https:\/\/www.culture-numerique.fr\/wp-content\/uploads\/2015\/07\/2015-07-10_015824-200x198.jpg 200w, https:\/\/www.culture-numerique.fr\/wp-content\/uploads\/2015\/07\/2015-07-10_015824-450x445.jpg 450w, https:\/\/www.culture-numerique.fr\/wp-content\/uploads\/2015\/07\/2015-07-10_015824.jpg 591w\" sizes=\"auto, (max-width: 300px) 100vw, 300px\" \/><\/a>Un indice tr\u00e8s inqui\u00e9tant de cette fameuse baisse du niveau des parlementaires nous est fourni par <strong>le rapport du s\u00e9nateur Jacques Grosperrin<\/strong> \u00ab\u00a0<em>sur le fonctionnement du service public\u00a0de l\u2019\u00e9ducation, sur la perte de rep\u00e8res r\u00e9publicains que r\u00e9v\u00e8le la vie dans les\u00a0\u00e9tablissements scolaires et sur les difficult\u00e9s rencontr\u00e9es par les enseignants\u00a0dans l\u2019exercice de leur profession<\/em>\u00a0\u00bb (sic et ouf). Les mots manquent pour qualifier une telle copie.<\/p>\n<p>Il convient d&rsquo;abord de s&rsquo;\u00e9tonner\u00a0de la mani\u00e8re dont se sont d\u00e9roul\u00e9es, en amont, les auditions des personnalit\u00e9s \u00ab\u00a0qualifi\u00e9es\u00a0\u00bb\u00a0: au-del\u00e0 du choix ahurissant de beaucoup d&rsquo;entre elles, certaines auditions\u00a0t\u00e9moignent du profond m\u00e9pris manifest\u00e9 \u00e0 l&rsquo;\u00e9gard des invit\u00e9s par le rapporteur Grosperrin. Ainsi, sur son blogue, Philippe Watrelot\u00a0:<\/p>\n<blockquote><p>\u00ab\u00a0Cette commission d\u2019enqu\u00eate \u00e9tait une mascarade. Et le mot est faible. Il m\u2019en vient de plus grossiers. Le rapport r\u00e9dig\u00e9 par le s\u00e9nateur Grosperrin rel\u00e8ve de la malhonn\u00eatet\u00e9 intellectuelle.\u00a0\u00bb<\/p><\/blockquote>\n<p>Il faut \u00eatre particuli\u00e8rement ignorant des r\u00e9alit\u00e9s et des \u00e9volutions de ce monde d&rsquo;une part, des mani\u00e8res nouvelles dont se transmet le savoir \u00e0 l&rsquo;\u00e8re num\u00e9rique d&rsquo;autre part, pour proposer, je cite, <strong>d&rsquo;interdire les tablettes num\u00e9riques \u00e0 l&rsquo;\u00e9cole et de brouiller les t\u00e9l\u00e9phones portables<\/strong>, entre autres\u00a0mentions rigolotes t\u00e9moignant d&rsquo;une vision anxiog\u00e8ne du num\u00e9rique et d&rsquo;une nostalgie d&rsquo;une \u00e9cole aujourd&rsquo;hui bien lointaine. \u00ab\u00a0<em><span style=\"color: #800000;\">La num\u00e9risation de la soci\u00e9t\u00e9 favoriserait le d\u00e9veloppement d&rsquo;une forme de \u201cparesse intellectuelle\u201d chez les \u00e9l\u00e8ves\u2026<\/span><\/em>\u00a0\u00bb nous dit sans rire le s\u00e9nateur visionnaire.<\/p>\n<p><a href=\"http:\/\/www.nextinpact.com\/news\/95767-le-senateur-qui-veut-interdire-tablettes-a-ecole-en-promettait-durant-sa-campagne-electorale.htm?skipua=1\" target=\"_blank\">Nextinpact nous rappelle<\/a>\u00a0enfin que l&rsquo;\u00e9lu en question semble\u00a0aussi versatile que populiste car il proposait, durant la derni\u00e8re campagne \u00e9lectorale, un\u00a0\u00ab <span style=\"color: #800000;\"><em>plan d\u2019\u00e9quipement des \u00e9l\u00e8ves en tablettes num\u00e9riques<\/em><\/span> \u00bb pour les enfants de sa bonne ville de Besan\u00e7on.<\/p>\n<h3>Le renseignement et la contre-propagande d&rsquo;\u00c9tat<\/h3>\n<p><img loading=\"lazy\" decoding=\"async\" class=\" size-medium wp-image-3507 alignright\" src=\"http:\/\/www.culture-numerique.fr\/wp-content\/uploads\/2015\/07\/Le_Lib\u00e9rateur_du_Territoire-_Jules-Ars\u00e8ne_Garnier-300x189.jpg\" alt=\"Parlement\" width=\"300\" height=\"189\" srcset=\"https:\/\/www.culture-numerique.fr\/wp-content\/uploads\/2015\/07\/Le_Lib\u00e9rateur_du_Territoire-_Jules-Ars\u00e8ne_Garnier-300x189.jpg 300w, https:\/\/www.culture-numerique.fr\/wp-content\/uploads\/2015\/07\/Le_Lib\u00e9rateur_du_Territoire-_Jules-Ars\u00e8ne_Garnier.jpg 1024w, https:\/\/www.culture-numerique.fr\/wp-content\/uploads\/2015\/07\/Le_Lib\u00e9rateur_du_Territoire-_Jules-Ars\u00e8ne_Garnier-100x63.jpg 100w, https:\/\/www.culture-numerique.fr\/wp-content\/uploads\/2015\/07\/Le_Lib\u00e9rateur_du_Territoire-_Jules-Ars\u00e8ne_Garnier-150x95.jpg 150w, https:\/\/www.culture-numerique.fr\/wp-content\/uploads\/2015\/07\/Le_Lib\u00e9rateur_du_Territoire-_Jules-Ars\u00e8ne_Garnier-200x126.jpg 200w, https:\/\/www.culture-numerique.fr\/wp-content\/uploads\/2015\/07\/Le_Lib\u00e9rateur_du_Territoire-_Jules-Ars\u00e8ne_Garnier-450x284.jpg 450w, https:\/\/www.culture-numerique.fr\/wp-content\/uploads\/2015\/07\/Le_Lib\u00e9rateur_du_Territoire-_Jules-Ars\u00e8ne_Garnier-600x379.jpg 600w, https:\/\/www.culture-numerique.fr\/wp-content\/uploads\/2015\/07\/Le_Lib\u00e9rateur_du_Territoire-_Jules-Ars\u00e8ne_Garnier-900x568.jpg 900w\" sizes=\"auto, (max-width: 300px) 100vw, 300px\" \/>Contre toute raison, nos vaillants d\u00e9put\u00e9s et s\u00e9nateurs, cette fois-ci de mani\u00e8re tr\u00e8s majoritaire, tous bords politiques confondus, ont vot\u00e9 la r\u00e9cente loi sur le renseignement dont on a tant parl\u00e9. Fort heureusement, un grand nombre de recours ont \u00e9t\u00e9 d\u00e9pos\u00e9s devant le Conseil constitutionnel dont il ne reste plus qu&rsquo;\u00e0 esp\u00e9rer que ses v\u00e9n\u00e9rables membres ont conserv\u00e9, eux, suffisamment de sagesse pour censurer comme il convient l&rsquo;essentiel de cette loi attentatoire aux libert\u00e9s fondamentales.<\/p>\n<p>Mais la fi\u00e8vre antiterroriste de nos \u00e9lus n&rsquo;a de cesse, d\u00e8s lors qu&rsquo;ils sont persuad\u00e9s que les terroristes ont fait d&rsquo;Internet le si\u00e8ge pr\u00e9f\u00e9rentiel de leurs errances. <strong>Le d\u00e9put\u00e9 S\u00e9bastien Pietrasanta s&rsquo;est vu confier une mission<\/strong> intitul\u00e9e \u00ab\u00a0<em>La d\u00e9radicalisation, outil de lutte contre le terrorisme<\/em>\u00a0\u00bb. Il rend un rapport ahurissant dont on peut\u00a0ressortir les propositions suivantes\u00a0: <strong>cr\u00e9ation d&rsquo;un passeport ou permis Internet<\/strong> \u00e0 l&rsquo;\u00e9cole,\u00a0o\u00f9 l&rsquo;on apprendrait \u00e0 discerner le bien du mal, <strong>cr\u00e9ation d&rsquo;un bataillon d&rsquo;animateurs de communaut\u00e9s en ligne<\/strong> en charge de r\u00e9pandre la V\u00e9rit\u00e9 d&rsquo;\u00c9tat, <strong>le d\u00e9r\u00e9f\u00e9rencement des sites suppos\u00e9s pros\u00e9lytes<\/strong> (de quoi donc ?) et, <em>a contrario<\/em>, le <strong>surr\u00e9f\u00e9rencement des sites v\u00e9hiculant la contre-propagande d&rsquo;\u00c9tat<\/strong>.<\/p>\n<p><a href=\"http:\/\/www.youscribe.com\/catalogue\/tous\/actualite-et-debat-de-societe\/rapport-du-depute-ps-sebastien-pietrasanta-sur-la-radicalisation-2593855\"><img loading=\"lazy\" decoding=\"async\" class=\"alignleft wp-image-3523 size-medium\" src=\"http:\/\/www.culture-numerique.fr\/wp-content\/uploads\/2015\/07\/2015-07-10_170819-300x260.jpg\" alt=\"D\u00e9radicalisation\" width=\"300\" height=\"260\" srcset=\"https:\/\/www.culture-numerique.fr\/wp-content\/uploads\/2015\/07\/2015-07-10_170819-300x260.jpg 300w, https:\/\/www.culture-numerique.fr\/wp-content\/uploads\/2015\/07\/2015-07-10_170819-100x87.jpg 100w, https:\/\/www.culture-numerique.fr\/wp-content\/uploads\/2015\/07\/2015-07-10_170819-150x130.jpg 150w, https:\/\/www.culture-numerique.fr\/wp-content\/uploads\/2015\/07\/2015-07-10_170819-200x173.jpg 200w, https:\/\/www.culture-numerique.fr\/wp-content\/uploads\/2015\/07\/2015-07-10_170819-450x390.jpg 450w, https:\/\/www.culture-numerique.fr\/wp-content\/uploads\/2015\/07\/2015-07-10_170819-600x520.jpg 600w, https:\/\/www.culture-numerique.fr\/wp-content\/uploads\/2015\/07\/2015-07-10_170819.jpg 637w\" sizes=\"auto, (max-width: 300px) 100vw, 300px\" \/><\/a>Sauf \u00e0 consid\u00e9rer qu&rsquo;en effet le niveau baisse et que les \u00e9lus d&rsquo;aujourd&rsquo;hui sont tr\u00e8s loin d&rsquo;\u00eatre aussi comp\u00e9tents que leurs a\u00een\u00e9s, on a du mal \u00e0 comprendre comment ils peuvent \u00e0 se point se tromper en imaginant que le contre-discours valid\u00e9 est la meilleure r\u00e9ponse \u00e0 une parole pros\u00e9lyte.<\/p>\n<h3><strong>\u00c0 quand la cr\u00e9ation d&rsquo;un minist\u00e8re de la V\u00e9rit\u00e9 ?<\/strong><\/h3>\n<p>Les parlementaires auraient-ils oubli\u00e9 que <strong>l&rsquo;\u00e9ducation est la seule r\u00e9ponse \u00e0 la d\u00e9sinformation<\/strong>, que l&rsquo;\u00e9ducation aux m\u00e9dias en particulier permet aux jeunes et aux \u00e9l\u00e8ves de s&rsquo;approprier patiemment les outils n\u00e9cessaires pour d\u00e9crypter l&rsquo;information, d&rsquo;o\u00f9 qu&rsquo;elle vienne, et de se construire leur propre opinion\u00a0? Ce ne sont pas <strong>les bonnes initiatives<\/strong> qui manquent, pourtant.\u00a0Pourquoi, par exemple, ne pas demander son avis \u00e0 ce professeur qui <a href=\"http:\/\/leplus.nouvelobs.com\/contribution\/1388914-theorie-du-complot-intox-j-eduque-mes-eleves-a-discerner-les-vraies-infos-sur-le-net.html\" target=\"_blank\">nous explique brillamment<\/a>\u00a0comment elle travaille \u00e0 rep\u00e9rer avec ses \u00e9l\u00e8ves les discours qui th\u00e9orisent le complot\u00a0?<\/p>\n<p>Mais les \u00e9lus ne lisent pas ce genre de prose, pr\u00e9f\u00e9rant, quand il s&rsquo;agit d&rsquo;\u00e9ducation, interroger\u00a0l&rsquo;in\u00e9narrable Alain Finkielkraut. Ensuite, apr\u00e8s avoir touch\u00e9 le fond, ils continuent de creuser&#8230;<\/p>\n<p>Michel Guillou\u00a0<a href=\"https:\/\/twitter.com\/michelguillou\" target=\"_blank\">@michelguillou<\/a><\/p>\n<p><a href=\"http:\/\/creativecommons.org\/licenses\/by-nc-sa\/2.0\/fr\/\" target=\"_blank\"><img loading=\"lazy\" decoding=\"async\" src=\"http:\/\/i.creativecommons.org\/l\/by-nc-sa\/2.0\/fr\/80x15.png\" alt=\"image\" width=\"80\" height=\"15\" \/><\/a><\/p>\n<p>Image\u00a0par Jules-Ars\u00e8ne Garnier (histoire-image.org) [Public domain], <a href=\"https:\/\/commons.wikimedia.org\/wiki\/File%3ALe_Lib%C3%A9rateur_du_Territoire-_Jules-Ars%C3%A8ne_Garnier.jpg\">via Wikimedia Commons<\/a><\/p>\n<ol>\n<li>En mati\u00e8re de num\u00e9rique \u00e9ducatif, le degr\u00e9 z\u00e9ro de la vision politique est largement partag\u00e9\u00a0<a href=\"http:\/\/www.culture-numerique.fr\/?p=1084\" target=\"_blank\">http:\/\/www.culture-numerique.fr\/?p=1084<\/a><\/li>\n<\/ol>\n<p>[cite]<\/p>\n","protected":false},"excerpt":{"rendered":"<p><img loading=\"lazy\" decoding=\"async\" class=\"aligncenter wp-image-3505 size-full\" src=\"http:\/\/www.culture-numerique.fr\/wp-content\/uploads\/2015\/07\/Nouvelle-image-e1436474723904.png\" alt=\"Graphe\" width=\"567\" height=\"441\" srcset=\"https:\/\/www.culture-numerique.fr\/wp-content\/uploads\/2015\/07\/Nouvelle-image-e1436474723904.png 567w, https:\/\/www.culture-numerique.fr\/wp-content\/uploads\/2015\/07\/Nouvelle-image-e1436474723904-300x233.png 300w, https:\/\/www.culture-numerique.fr\/wp-content\/uploads\/2015\/07\/Nouvelle-image-e1436474723904-100x78.png 100w, https:\/\/www.culture-numerique.fr\/wp-content\/uploads\/2015\/07\/Nouvelle-image-e1436474723904-150x117.png 150w, https:\/\/www.culture-numerique.fr\/wp-content\/uploads\/2015\/07\/Nouvelle-image-e1436474723904-200x156.png 200w, https:\/\/www.culture-numerique.fr\/wp-content\/uploads\/2015\/07\/Nouvelle-image-e1436474723904-450x350.png 450w\" sizes=\"auto, (max-width: 567px) 100vw, 567px\" \/><\/p>\n<p><strong>Les faits sont t\u00eatus<\/strong>. Selon une \u00e9tude tr\u00e8s r\u00e9cente mais confidentielle dont il n&rsquo;est pas possible encore de donner la source, le niveau des hommes politiques et des parlementaires serait en baisse constante depuis plusieurs d\u00e9cennies.<\/p>\n<p><span class=\"ellipsis\">&hellip;<\/span><\/p>\n<div class=\"read-more\"><a href=\"https:\/\/www.culture-numerique.fr\/?p=3491\">Lire la suite &#8250;<\/a><\/div>\n<p><!-- end of .read-more --><\/p>\n","protected":false},"author":1,"featured_media":3505,"comment_status":"open","ping_status":"open","sticky":false,"template":"","format":"standard","meta":{"jetpack_post_was_ever_published":false,"_jetpack_newsletter_access":"","_jetpack_dont_email_post_to_subs":true,"_jetpack_newsletter_tier_id":0,"_jetpack_memberships_contains_paywalled_content":false,"_jetpack_memberships_contains_paid_content":false,"footnotes":""},"categories":[9],"tags":[583,620,278,623,2,621,69,412,622,619],"class_list":["post-3491","post","type-post","status-publish","format-standard","has-post-thumbnail","hentry","category-billets-dhumeur","tag-cetait-mieux-avant","tag-deputes","tag-lobbys","tag-mutations","tag-numerique","tag-parlementaires","tag-politique","tag-rapport-parlementaire","tag-renseignement","tag-senateurs"],"jetpack_featured_media_url":"https:\/\/www.culture-numerique.fr\/wp-content\/uploads\/2015\/07\/Nouvelle-image-e1436474723904.png","jetpack_sharing_enabled":true,"_links":{"self":[{"href":"https:\/\/www.culture-numerique.fr\/index.php?rest_route=\/wp\/v2\/posts\/3491","targetHints":{"allow":["GET"]}}],"collection":[{"href":"https:\/\/www.culture-numerique.fr\/index.php?rest_route=\/wp\/v2\/posts"}],"about":[{"href":"https:\/\/www.culture-numerique.fr\/index.php?rest_route=\/wp\/v2\/types\/post"}],"author":[{"embeddable":true,"href":"https:\/\/www.culture-numerique.fr\/index.php?rest_route=\/wp\/v2\/users\/1"}],"replies":[{"embeddable":true,"href":"https:\/\/www.culture-numerique.fr\/index.php?rest_route=%2Fwp%2Fv2%2Fcomments&post=3491"}],"version-history":[{"count":46,"href":"https:\/\/www.culture-numerique.fr\/index.php?rest_route=\/wp\/v2\/posts\/3491\/revisions"}],"predecessor-version":[{"id":5560,"href":"https:\/\/www.culture-numerique.fr\/index.php?rest_route=\/wp\/v2\/posts\/3491\/revisions\/5560"}],"wp:featuredmedia":[{"embeddable":true,"href":"https:\/\/www.culture-numerique.fr\/index.php?rest_route=\/wp\/v2\/media\/3505"}],"wp:attachment":[{"href":"https:\/\/www.culture-numerique.fr\/index.php?rest_route=%2Fwp%2Fv2%2Fmedia&parent=3491"}],"wp:term":[{"taxonomy":"category","embeddable":true,"href":"https:\/\/www.culture-numerique.fr\/index.php?rest_route=%2Fwp%2Fv2%2Fcategories&post=3491"},{"taxonomy":"post_tag","embeddable":true,"href":"https:\/\/www.culture-numerique.fr\/index.php?rest_route=%2Fwp%2Fv2%2Ftags&post=3491"}],"curies":[{"name":"wp","href":"https:\/\/api.w.org\/{rel}","templated":true}]}}