{"id":347,"date":"2013-02-27T23:18:23","date_gmt":"2013-02-27T21:18:23","guid":{"rendered":"http:\/\/www.culture-numerique.fr\/?p=347"},"modified":"2014-09-11T12:48:24","modified_gmt":"2014-09-11T10:48:24","slug":"il-y-a-des-indignations-qui-se-perdent","status":"publish","type":"post","link":"https:\/\/www.culture-numerique.fr\/?p=347","title":{"rendered":"Il y a des indignations qui se perdent\u2026"},"content":{"rendered":"<p style=\"text-align: center;\"><a href=\"http:\/\/www.culture-numerique.fr\/wp-content\/uploads\/2014\/04\/medium_8035532895.jpg\"><img loading=\"lazy\" decoding=\"async\" class=\"size-full wp-image-348 aligncenter\" src=\"http:\/\/www.culture-numerique.fr\/wp-content\/uploads\/2014\/04\/medium_8035532895.jpg\" alt=\"Hessel\" width=\"800\" height=\"509\" srcset=\"https:\/\/www.culture-numerique.fr\/wp-content\/uploads\/2014\/04\/medium_8035532895.jpg 800w, https:\/\/www.culture-numerique.fr\/wp-content\/uploads\/2014\/04\/medium_8035532895-300x190.jpg 300w, https:\/\/www.culture-numerique.fr\/wp-content\/uploads\/2014\/04\/medium_8035532895-100x63.jpg 100w, https:\/\/www.culture-numerique.fr\/wp-content\/uploads\/2014\/04\/medium_8035532895-150x95.jpg 150w, https:\/\/www.culture-numerique.fr\/wp-content\/uploads\/2014\/04\/medium_8035532895-200x127.jpg 200w, https:\/\/www.culture-numerique.fr\/wp-content\/uploads\/2014\/04\/medium_8035532895-450x286.jpg 450w, https:\/\/www.culture-numerique.fr\/wp-content\/uploads\/2014\/04\/medium_8035532895-600x381.jpg 600w\" sizes=\"auto, (max-width: 800px) 100vw, 800px\" \/><\/a><\/p>\n<p><strong>Comment, en effet, ne pas \u00eatre indign\u00e9<\/strong>\u00a0par le fait que des officines subventionn\u00e9es et labellis\u00e9es continuent \u00e0 distiller, sur le registre de la peur, dans nos coll\u00e8ges et lyc\u00e9es, un insidieux discours en contradiction compl\u00e8te avec les objectifs assign\u00e9s \u00e0 l\u2019\u00e9ducation aux m\u00e9dias\u00a0?<\/p>\n<p><strong>Comment ne pas \u00eatre indign\u00e9 encore<\/strong>\u00a0par l\u2019incapacit\u00e9 de l\u2019\u00e9cole \u00e0 prendre en compte, tels qu\u2019ils sont, les \u00e9l\u00e8ves du nouveau mill\u00e9naire, stigmatisant leurs pratiques sociales et num\u00e9riques, interdisant ou confisquant leurs outils de socialisation ou d\u2019acc\u00e8s aux savoirs\u00a0?<\/p>\n<p><strong>Comment ne pas \u00eatre indign\u00e9<\/strong>\u00a0par le peu de confiance que l\u2019\u00e9cole accorde \u00e0 ses \u00e9l\u00e8ves, ne leur accordant de responsabilit\u00e9s qu\u2019avec parcimonie, leur refusant la possibilit\u00e9 de d\u00e9cider de quoi que ce soit, m\u00eame dans les domaines de leur vie coll\u00e9gienne ou lyc\u00e9enne qui les concernent directement, ne les consultant que rarement pour r\u00e9diger les chartes \u00e9thiques propres aux nouveaux usages num\u00e9riques\u00a0?<\/p>\n<p><strong>Comment ne pas \u00eatre indign\u00e9<\/strong>\u00a0par le fait que, de jour en jour plus nombreux, les \u00e9l\u00e8ves n\u2019aiment pas l\u2019\u00e9cole et s\u2019y ennuient\u00a0?<\/p>\n<p><strong>Comment enfin n\u2019\u00eatre pas indign\u00e9<\/strong>\u00a0par le fait que l\u2019\u00e9cole et ses ma\u00eetres semblent s\u2019accommoder de tout cela et ne pas sembler vouloir \u00e9voluer et se transformer radicalement\u00a0?<\/p>\n<p>C\u2019\u00e9tait ma mani\u00e8re \u00e0 moi de rendre hommage \u00e0 M. St\u00e9phane Hessel.<\/p>\n<p>Michel Guillou\u00a0<a title=\"Twitter\" href=\"https:\/\/twitter.com\/#!\/michelguillou\" target=\"_blank\">@michelguillou<\/a><\/p>\n<p><a href=\"http:\/\/creativecommons.org\/licenses\/by-nc-sa\/2.0\/fr\/\" target=\"_blank\"><img loading=\"lazy\" decoding=\"async\" src=\"http:\/\/i.creativecommons.org\/l\/by-nc-sa\/2.0\/fr\/80x15.png\" alt=\"image\" width=\"80\" height=\"15\" \/><\/a><\/p>\n<p>Cr\u00e9dit photo\u00a0:\u00a0<a href=\"http:\/\/www.flickr.com\/photos\/stero\/8035532895\/\" target=\"_blank\">hamburgr<\/a>\u00a0via\u00a0<a href=\"http:\/\/photopin.com\/\" target=\"_blank\">photopin<\/a>\u00a0<a href=\"http:\/\/creativecommons.org\/licenses\/by-sa\/2.0\/\" target=\"_blank\">cc<\/a><\/p>\n<p>&nbsp;<\/p>\n","protected":false},"excerpt":{"rendered":"<p style=\"text-align: center;\"><a href=\"http:\/\/www.culture-numerique.fr\/wp-content\/uploads\/2014\/04\/medium_8035532895.jpg\"><img loading=\"lazy\" decoding=\"async\" class=\"size-full wp-image-348 aligncenter\" src=\"http:\/\/www.culture-numerique.fr\/wp-content\/uploads\/2014\/04\/medium_8035532895.jpg\" alt=\"Hessel\" width=\"800\" height=\"509\" srcset=\"https:\/\/www.culture-numerique.fr\/wp-content\/uploads\/2014\/04\/medium_8035532895.jpg 800w, https:\/\/www.culture-numerique.fr\/wp-content\/uploads\/2014\/04\/medium_8035532895-300x190.jpg 300w, https:\/\/www.culture-numerique.fr\/wp-content\/uploads\/2014\/04\/medium_8035532895-100x63.jpg 100w, https:\/\/www.culture-numerique.fr\/wp-content\/uploads\/2014\/04\/medium_8035532895-150x95.jpg 150w, https:\/\/www.culture-numerique.fr\/wp-content\/uploads\/2014\/04\/medium_8035532895-200x127.jpg 200w, https:\/\/www.culture-numerique.fr\/wp-content\/uploads\/2014\/04\/medium_8035532895-450x286.jpg 450w, https:\/\/www.culture-numerique.fr\/wp-content\/uploads\/2014\/04\/medium_8035532895-600x381.jpg 600w\" sizes=\"auto, (max-width: 800px) 100vw, 800px\" \/><\/a><\/p>\n<p><strong>Comment, en effet, ne pas \u00eatre indign\u00e9<\/strong>\u00a0par le fait que des officines subventionn\u00e9es et labellis\u00e9es continuent \u00e0 distiller, sur le registre de la peur, dans nos coll\u00e8ges et lyc\u00e9es, un insidieux discours en contradiction compl\u00e8te avec les objectifs assign\u00e9s \u00e0 l\u2019\u00e9ducation aux m\u00e9dias\u00a0?<\/p>\n<p><span class=\"ellipsis\">&hellip;<\/span><\/p>\n<div class=\"read-more\"><a href=\"https:\/\/www.culture-numerique.fr\/?p=347\">Lire la suite &#8250;<\/a><\/div>\n<p><!-- end of .read-more --><\/p>\n","protected":false},"author":1,"featured_media":348,"comment_status":"open","ping_status":"open","sticky":false,"template":"","format":"standard","meta":{"jetpack_post_was_ever_published":false,"_jetpack_newsletter_access":"","_jetpack_dont_email_post_to_subs":false,"_jetpack_newsletter_tier_id":0,"_jetpack_memberships_contains_paywalled_content":false,"_jetpack_memberships_contains_paid_content":false,"footnotes":""},"categories":[20],"tags":[254,256,2,255,158],"class_list":["post-347","post","type-post","status-publish","format-standard","has-post-thumbnail","hentry","category-breves","tag-hessel","tag-indignations","tag-numerique","tag-vie-collegienne","tag-vie-lyceenne"],"jetpack_featured_media_url":"https:\/\/www.culture-numerique.fr\/wp-content\/uploads\/2014\/04\/medium_8035532895.jpg","jetpack_sharing_enabled":true,"_links":{"self":[{"href":"https:\/\/www.culture-numerique.fr\/index.php?rest_route=\/wp\/v2\/posts\/347","targetHints":{"allow":["GET"]}}],"collection":[{"href":"https:\/\/www.culture-numerique.fr\/index.php?rest_route=\/wp\/v2\/posts"}],"about":[{"href":"https:\/\/www.culture-numerique.fr\/index.php?rest_route=\/wp\/v2\/types\/post"}],"author":[{"embeddable":true,"href":"https:\/\/www.culture-numerique.fr\/index.php?rest_route=\/wp\/v2\/users\/1"}],"replies":[{"embeddable":true,"href":"https:\/\/www.culture-numerique.fr\/index.php?rest_route=%2Fwp%2Fv2%2Fcomments&post=347"}],"version-history":[{"count":2,"href":"https:\/\/www.culture-numerique.fr\/index.php?rest_route=\/wp\/v2\/posts\/347\/revisions"}],"predecessor-version":[{"id":1619,"href":"https:\/\/www.culture-numerique.fr\/index.php?rest_route=\/wp\/v2\/posts\/347\/revisions\/1619"}],"wp:featuredmedia":[{"embeddable":true,"href":"https:\/\/www.culture-numerique.fr\/index.php?rest_route=\/wp\/v2\/media\/348"}],"wp:attachment":[{"href":"https:\/\/www.culture-numerique.fr\/index.php?rest_route=%2Fwp%2Fv2%2Fmedia&parent=347"}],"wp:term":[{"taxonomy":"category","embeddable":true,"href":"https:\/\/www.culture-numerique.fr\/index.php?rest_route=%2Fwp%2Fv2%2Fcategories&post=347"},{"taxonomy":"post_tag","embeddable":true,"href":"https:\/\/www.culture-numerique.fr\/index.php?rest_route=%2Fwp%2Fv2%2Ftags&post=347"}],"curies":[{"name":"wp","href":"https:\/\/api.w.org\/{rel}","templated":true}]}}