{"id":3380,"date":"2015-06-15T14:19:16","date_gmt":"2015-06-15T12:19:16","guid":{"rendered":"http:\/\/www.culture-numerique.fr\/?p=3380"},"modified":"2017-12-04T00:45:09","modified_gmt":"2017-12-03T23:45:09","slug":"apprendre-aux-plus-jeunes-a-devenir-des-acteurs-autonomes-et-responsables-du-numerique","status":"publish","type":"post","link":"https:\/\/www.culture-numerique.fr\/?p=3380","title":{"rendered":"Apprendre aux plus jeunes \u00e0 devenir des acteurs autonomes et responsables du num\u00e9rique"},"content":{"rendered":"<p><img loading=\"lazy\" decoding=\"async\" class=\"aligncenter size-full wp-image-3383\" src=\"http:\/\/www.culture-numerique.fr\/wp-content\/uploads\/2015\/06\/4233219505_7de3fda6d9_b.jpg\" alt=\"Enfants du num\u00e9rique\" width=\"1024\" height=\"768\" srcset=\"https:\/\/www.culture-numerique.fr\/wp-content\/uploads\/2015\/06\/4233219505_7de3fda6d9_b.jpg 1024w, https:\/\/www.culture-numerique.fr\/wp-content\/uploads\/2015\/06\/4233219505_7de3fda6d9_b-300x225.jpg 300w, https:\/\/www.culture-numerique.fr\/wp-content\/uploads\/2015\/06\/4233219505_7de3fda6d9_b-100x75.jpg 100w, https:\/\/www.culture-numerique.fr\/wp-content\/uploads\/2015\/06\/4233219505_7de3fda6d9_b-150x113.jpg 150w, https:\/\/www.culture-numerique.fr\/wp-content\/uploads\/2015\/06\/4233219505_7de3fda6d9_b-200x150.jpg 200w, https:\/\/www.culture-numerique.fr\/wp-content\/uploads\/2015\/06\/4233219505_7de3fda6d9_b-450x338.jpg 450w, https:\/\/www.culture-numerique.fr\/wp-content\/uploads\/2015\/06\/4233219505_7de3fda6d9_b-600x450.jpg 600w, https:\/\/www.culture-numerique.fr\/wp-content\/uploads\/2015\/06\/4233219505_7de3fda6d9_b-900x675.jpg 900w\" sizes=\"auto, (max-width: 1024px) 100vw, 1024px\" \/><\/p>\n<p><strong>Futur en Seine est un moment rare et magique<\/strong>. \u00c0 ce sujet, je vous conseille la lecture du <a href=\"http:\/\/www.educavox.fr\/alaune\/du-present-au-futur\" target=\"_blank\" rel=\"noopener\">billet<\/a> r\u00e9dig\u00e9 tout r\u00e9cemment par <a href=\"https:\/\/www.linkedin.com\/pub\/jennifer-elbaz\/2\/95b\/575\" target=\"_blank\" rel=\"noopener\">Jennifer Elbaz<\/a> sur <em><a href=\"http:\/\/www.educavox.fr\/\" target=\"_blank\" rel=\"noopener\">Educavox<\/a><\/em>. Il y a aussi cette <a href=\"http:\/\/www.lemonde.fr\/pixels\/visuel\/2015\/06\/13\/festival-futur-en-seine-le-best-of-des-innovations-numeriques_4653285_4408996.html\" target=\"_blank\" rel=\"noopener\">belle synth\u00e8se<\/a> que nous offre <em><a href=\"http:\/\/www.lemonde.fr\/\" target=\"_blank\" rel=\"noopener\">Le Monde<\/a><\/em> dans un article tr\u00e8s complet qui tisse le floril\u00e8ge des innovations num\u00e9riques. De mon c\u00f4t\u00e9, j&rsquo;ai eu l&rsquo;occasion d&rsquo;assister, jeudi 11 juin, \u00e0 l&rsquo;<a href=\"http:\/\/www.educnum.fr\/comment-sensibiliser-les-plus-jeunes-aux-bons-usages-du-numerique\/\" target=\"_blank\" rel=\"noopener\">atelier<\/a>\u00a0propos\u00e9 \u00e0 <a href=\"http:\/\/gaite-lyrique.net\/\" target=\"_blank\" rel=\"noopener\">La Ga\u00eet\u00e9 lyrique<\/a>, \u00e0 l&rsquo;initiative de la <a href=\"http:\/\/www.cnil.fr\/\" target=\"_blank\" rel=\"noopener\">CNIL<\/a>, qui anime le collectif <a href=\"http:\/\/www.educnum.fr\/\" target=\"_blank\" rel=\"noopener\">Educnum<\/a>\u00a0 pour l&rsquo;\u00ab\u00a0\u00c9ducation au num\u00e9rique\u00a0\u00bb dont fait partie l&rsquo;<a href=\"http:\/\/www.educavox.fr\/\" target=\"_blank\" rel=\"noopener\">An@e-Educavox<\/a> \u2014\u00a0c&rsquo;est compliqu\u00e9, n&rsquo;est-ce pas\u00a0?<\/p>\n<p><img loading=\"lazy\" decoding=\"async\" class=\" size-medium wp-image-3388 alignright\" src=\"http:\/\/www.culture-numerique.fr\/wp-content\/uploads\/2015\/06\/Affiche_RVB_FB_nologo_150410-224x300.png\" alt=\"Affiche Futur en Seine\" width=\"224\" height=\"300\" srcset=\"https:\/\/www.culture-numerique.fr\/wp-content\/uploads\/2015\/06\/Affiche_RVB_FB_nologo_150410-224x300.png 224w, https:\/\/www.culture-numerique.fr\/wp-content\/uploads\/2015\/06\/Affiche_RVB_FB_nologo_150410-100x134.png 100w, https:\/\/www.culture-numerique.fr\/wp-content\/uploads\/2015\/06\/Affiche_RVB_FB_nologo_150410-150x201.png 150w, https:\/\/www.culture-numerique.fr\/wp-content\/uploads\/2015\/06\/Affiche_RVB_FB_nologo_150410-200x268.png 200w, https:\/\/www.culture-numerique.fr\/wp-content\/uploads\/2015\/06\/Affiche_RVB_FB_nologo_150410-300x402.png 300w, https:\/\/www.culture-numerique.fr\/wp-content\/uploads\/2015\/06\/Affiche_RVB_FB_nologo_150410.png 334w\" sizes=\"auto, (max-width: 224px) 100vw, 224px\" \/>Il s&rsquo;agissait, en fait, de\u00a0la pr\u00e9sentation critique d&rsquo;un support p\u00e9dagogique vid\u00e9o, \u00ab\u00a0Les aventures croustillantes de Prince Chip\u00a0\u00bb, gagnant du <a href=\"http:\/\/www.cnil.fr\/nc\/linstitution\/actualite\/article\/article\/remise-des-trophees-du-1er-concours-educnum-operation-vie-privee\/\" target=\"_blank\" rel=\"noopener\">concours des Troph\u00e9es Educnum<\/a> en 2014. Ce support a \u00e9t\u00e9 pr\u00e9sent\u00e9 \u00e0 deux classes de CE2 et de CM2 de\u00a0l\u2019\u00e9cole Beno\u00eet-Malon A du\u00a0Kremlin-Bic\u00eatre et c&rsquo;est cette s\u00e9quence p\u00e9dagogique qui est propos\u00e9e, en pr\u00e9sence des professeurs, aux commentaires des participants \u00e0 l&rsquo;atelier de Futur en Seine, sur la table ronde ou dans la salle : \u00ab\u00a0<strong>Comment sensibiliser les plus jeunes aux bons usages du num\u00e9rique\u00a0?<\/strong>\u00a0\u00bb. Dans le corps du texte, il est m\u00eame question de\u00a0sensibiliser les plus jeunes aux bons usages du num\u00e9rique\u00a0et \u00e0 ses enjeux soci\u00e9taux\u2026<\/p>\n<p>La vid\u00e9o incluant les s\u00e9quences p\u00e9dagogiques et les r\u00e9actions des \u00e9l\u00e8ves n&rsquo;est pas disponible encore mais, en attendant, vous trouverez ci-dessous, en deux \u00e9pisodes, les aventures de Prince Chip.<\/p>\n<hr \/>\n<p><iframe loading=\"lazy\" src=\"https:\/\/player.vimeo.com\/video\/114471628\" width=\"500\" height=\"281\" frameborder=\"0\" allowfullscreen=\"allowfullscreen\"><\/iframe><\/p>\n<p><a href=\"https:\/\/vimeo.com\/114471628\">Une patate peu ordinaire<\/a><\/p>\n<p><iframe loading=\"lazy\" src=\"https:\/\/player.vimeo.com\/video\/114476286\" width=\"500\" height=\"281\" frameborder=\"0\" allowfullscreen=\"allowfullscreen\"><\/iframe><\/p>\n<p><a href=\"https:\/\/vimeo.com\/114476286\">Jack&rsquo;s Poivron l&rsquo;usurpateur d&rsquo;identit\u00e9<\/a><\/p>\n<hr \/>\n<p>La question pos\u00e9e aux intervenants par <a href=\"https:\/\/fr.wikipedia.org\/wiki\/Isabelle_Falque-Pierrotin\" target=\"_blank\" rel=\"noopener\">Isabelle Falque-Perrotin<\/a>, pr\u00e9sidente de la CNIL, \u00e9tait la suivante\u00a0:<\/p>\n<blockquote class=\"twitter-tweet\" data-width=\"550\" data-dnt=\"true\">\n<p lang=\"fr\" dir=\"ltr\"><a href=\"https:\/\/twitter.com\/hashtag\/educnum?src=hash&amp;ref_src=twsrc%5Etfw\">#educnum<\/a> Objectif: rendre les enjeux des donn\u00e9es personnelles compr\u00e9hensibles par les enfants<\/p>\n<p>&mdash; Michel Guillou \ud83c\udf31 (@michelguillou) <a href=\"https:\/\/twitter.com\/michelguillou\/status\/608994085106499584?ref_src=twsrc%5Etfw\">June 11, 2015<\/a><\/p><\/blockquote>\n<p><script async src=\"https:\/\/platform.twitter.com\/widgets.js\" charset=\"utf-8\"><\/script><\/p>\n<h3>Quelques observations pour tenter de r\u00e9pondre \u00e0 cette question<\/h3>\n<p>Le travail r\u00e9alis\u00e9 par les \u00e9tudiants laur\u00e9ats est assez remarquable, m\u00eame s&rsquo;il est loin d&rsquo;\u00eatre compl\u00e8tement adapt\u00e9 au public cibl\u00e9, \u00e0 cause sans doute de l&rsquo;utilisation de repr\u00e9sentations ou de r\u00e9f\u00e9rences qui ne font pas partie du r\u00e9el ou de l&rsquo;imaginaire de ces enfants. Mais, il faut souligner l&rsquo;excellent travail\u00a0\u2014\u00a0je p\u00e8se mes mots\u00a0\u2014 des professeurs d&rsquo;\u00e9cole concern\u00e9s qui ont su mettre en musique et interroger le support p\u00e9dagogique pour le rendre compr\u00e9hensible et surtout en faire un objet d&rsquo;apprentissage.<\/p>\n<p>Je me r\u00e9jouis, par ailleurs, pour ma part, <strong>de la collaboration avec les services du minist\u00e8re<\/strong> de l&rsquo;\u00c9ducation nationale, collaboration qui semble mettre, de mani\u00e8re globale, le projet d&rsquo;\u00e9ducation au num\u00e9rique du collectif sur de bons rails. Enfin, dirais-je\u00a0! tant la situation paraissait bloqu\u00e9e les ann\u00e9es pr\u00e9c\u00e9dentes. Il va de soi qu&rsquo;un projet d&rsquo;\u00e9ducation au num\u00e9rique ne peut se faire sans le syst\u00e8me \u00e9ducatif et, surtout, ses professeurs.<\/p>\n<p>Je me r\u00e9jouis encore <strong>de la coop\u00e9ration renouvel\u00e9e avec les familles et les parents<\/strong>, m\u00eame si, de ce c\u00f4t\u00e9, on peut mieux faire encore. <a href=\"https:\/\/fr.wikipedia.org\/wiki\/Divina_Frau-Meigs\" target=\"_blank\" rel=\"noopener\">Divina Frau-Meigs<\/a>, qui dirige le <a href=\"http:\/\/www.clemi.org\/\" target=\"_blank\" rel=\"noopener\">Clemi<\/a>, a \u00e9voqu\u00e9, \u00e0 juste titre, elle qui raffole des pr\u00e9fixes qui ont du sens, l&rsquo;indispensable\u00a0co-\u00e9ducation. <a href=\"https:\/\/fr.wikipedia.org\/wiki\/Serge_Tisseron\" target=\"_blank\" rel=\"noopener\">Serge Tisseron<\/a>, pr\u00e9sent lui aussi, a rappel\u00e9 l&rsquo;essentiel\u00a0:<\/p>\n<blockquote class=\"twitter-tweet\" data-width=\"550\" data-dnt=\"true\">\n<p lang=\"fr\" dir=\"ltr\"><a href=\"https:\/\/twitter.com\/hashtag\/educnum?src=hash&amp;ref_src=twsrc%5Etfw\">#educnum<\/a> Serge Tisseron: l&#39;enjeu, c&#39;est de faire que les parents posent enfin des questions \u00e0 leurs enfants<\/p>\n<p>&mdash; Michel Guillou \ud83c\udf31 (@michelguillou) <a href=\"https:\/\/twitter.com\/michelguillou\/status\/609002299537637377?ref_src=twsrc%5Etfw\">June 11, 2015<\/a><\/p><\/blockquote>\n<p><script async src=\"https:\/\/platform.twitter.com\/widgets.js\" charset=\"utf-8\"><\/script><\/p>\n<p>Un dernier mot sur cette introduction, pour continuer sur les partenariats\u00a0: pourquoi ne pas convier, d&rsquo;une mani\u00e8re ou d&rsquo;une autre, les principaux acteurs, les \u00e9l\u00e8ves eux-m\u00eames, les plus grands d&rsquo;entre eux, par l&rsquo;interm\u00e9diaire de leurs \u00e9lus au <a href=\"https:\/\/fr.wikipedia.org\/wiki\/Conseil_sup%C3%A9rieur_de_l'%C3%A9ducation_(France)\" target=\"_blank\" rel=\"noopener\">CSE<\/a> ou au <a href=\"https:\/\/fr.wikipedia.org\/wiki\/Conseil_national_de_la_vie_lyc%C3%A9enne\" target=\"_blank\" rel=\"noopener\">CNVL<\/a>, par exemple\u00a0?<\/p>\n<p><img loading=\"lazy\" decoding=\"async\" class=\" wp-image-3385 size-full aligncenter\" src=\"http:\/\/www.culture-numerique.fr\/wp-content\/uploads\/2015\/06\/DSC_0428-e1434267142991.jpg\" alt=\"Futur en Seine\" width=\"1024\" height=\"514\" srcset=\"https:\/\/www.culture-numerique.fr\/wp-content\/uploads\/2015\/06\/DSC_0428-e1434267142991.jpg 1024w, https:\/\/www.culture-numerique.fr\/wp-content\/uploads\/2015\/06\/DSC_0428-e1434267142991-300x151.jpg 300w, https:\/\/www.culture-numerique.fr\/wp-content\/uploads\/2015\/06\/DSC_0428-e1434267142991-100x50.jpg 100w, https:\/\/www.culture-numerique.fr\/wp-content\/uploads\/2015\/06\/DSC_0428-e1434267142991-150x75.jpg 150w, https:\/\/www.culture-numerique.fr\/wp-content\/uploads\/2015\/06\/DSC_0428-e1434267142991-200x100.jpg 200w, https:\/\/www.culture-numerique.fr\/wp-content\/uploads\/2015\/06\/DSC_0428-e1434267142991-450x226.jpg 450w, https:\/\/www.culture-numerique.fr\/wp-content\/uploads\/2015\/06\/DSC_0428-e1434267142991-600x301.jpg 600w, https:\/\/www.culture-numerique.fr\/wp-content\/uploads\/2015\/06\/DSC_0428-e1434267142991-900x452.jpg 900w\" sizes=\"auto, (max-width: 1024px) 100vw, 1024px\" \/><\/p>\n<h3>Les mots ont de l&rsquo;importance<\/h3>\n<blockquote class=\"twitter-tweet\" data-width=\"550\" data-dnt=\"true\">\n<p lang=\"fr\" dir=\"ltr\"><a href=\"https:\/\/twitter.com\/hashtag\/educnum?src=hash&amp;ref_src=twsrc%5Etfw\">#educnum<\/a> Je continue \u00e0 penser que parler de vie priv\u00e9e \u00e0 des jeunes ou des ados n&#39;a pas de sens pour eux<\/p>\n<p>&mdash; Michel Guillou \ud83c\udf31 (@michelguillou) <a href=\"https:\/\/twitter.com\/michelguillou\/status\/608998683464601600?ref_src=twsrc%5Etfw\">June 11, 2015<\/a><\/p><\/blockquote>\n<p><script async src=\"https:\/\/platform.twitter.com\/widgets.js\" charset=\"utf-8\"><\/script><\/p>\n<blockquote class=\"twitter-tweet\" data-width=\"550\" data-dnt=\"true\">\n<p lang=\"fr\" dir=\"ltr\"><a href=\"https:\/\/twitter.com\/hashtag\/educnum?src=hash&amp;ref_src=twsrc%5Etfw\">#educnum<\/a> Idem pour les donn\u00e9es personnelles,  c&#39;est compliqu\u00e9, je pr\u00e9f\u00e9rerais qu&#39;on approfondisse le concept d&#39;intimit\u00e9<\/p>\n<p>&mdash; Michel Guillou \ud83c\udf31 (@michelguillou) <a href=\"https:\/\/twitter.com\/michelguillou\/status\/608998917980700673?ref_src=twsrc%5Etfw\">June 11, 2015<\/a><\/p><\/blockquote>\n<p><script async src=\"https:\/\/platform.twitter.com\/widgets.js\" charset=\"utf-8\"><\/script><\/p>\n<p><strong>Ces concepts de \u00ab\u00a0vie priv\u00e9e\u00a0\u00bb et de \u00ab\u00a0donn\u00e9es personnelles\u00a0\u00bb me mettent toujours mal \u00e0 l&rsquo;aise<\/strong>, surtout quand on les emploie pour l&rsquo;\u00e9ducation des adolescents, \u00e0 plus forte raison des plus jeunes.<\/p>\n<p>Le premier mot est souvent compris, n&rsquo;en d\u00e9plaise aux adultes qui en ont int\u00e9gr\u00e9 le sens pr\u00e9cis, comme une vie priv\u00e9e\u2026 de tout, de l&rsquo;essentiel, que sais-je encore\u00a0! Loin, tr\u00e8s loin du contraire de \u00ab\u00a0publique\u00a0\u00bb. Et puis, surtout, c&rsquo;est un anglicisme de plus auquel s&rsquo;ajoute\u00a0la mauvaise traduction de la \u00ab\u00a0<em>privacy<\/em>\u00a0\u00bb anglo-saxonne dont la plupart des psychologues s&rsquo;accordent \u00e0 dire qu&rsquo;elle signifie plut\u00f4t \u00ab\u00a0intimit\u00e9\u00a0\u00bb.<\/p>\n<p>Quant aux \u00ab\u00a0donn\u00e9es personnelles\u00a0\u00bb, il faut souvent un peu de temps pour expliquer aux enfants, ce qu&rsquo;ont d&rsquo;ailleurs fort bien fait les deux professeurs des \u00e9coles concern\u00e9s par cette premi\u00e8re pr\u00e9sentation, qu&rsquo;il s&rsquo;agit justement d&rsquo;<strong>\u00e9l\u00e9ments parcellaires mais bien r\u00e9els de leur intimit\u00e9<\/strong>, justement, qui peuvent prendre diff\u00e9rents noms, comme \u00ab\u00a0adresse\u00a0\u00bb, \u00ab\u00a0identit\u00e9\u00a0\u00bb, \u00ab\u00a0num\u00e9ro de t\u00e9l\u00e9phone\u00a0\u00bb, \u00ab\u00a0localisation\u00a0\u00bb etc. ou encore les pr\u00e9f\u00e9rences alimentaires, culturelles, sociales\u2026 En faire un\u00a0tour presque exhaustif est souvent d&rsquo;ailleurs un challenge int\u00e9ressant \u00e0 mener avec les \u00e9l\u00e8ves\u2026<\/p>\n<p>C&rsquo;est donc ce concept d&rsquo;intimit\u00e9, ou peut-\u00eatre, comme le disent certains, d&rsquo;<strong>intimit\u00e9s<\/strong>, car elle se pr\u00e9sentent sous diff\u00e9rentes facettes, en de multiples occasions, qu&rsquo;il est important d&rsquo;explorer avec les \u00e9l\u00e8ves et les jeunes, de mani\u00e8re plus large. C&rsquo;est de ces intimit\u00e9s-l\u00e0 que les jeunes doivent prendre conscience, tenter d&rsquo;y\u00a0placer des fronti\u00e8res, variables sans doute en fonction de l&rsquo;\u00e2ge, notamment, pour mieux les distinguer des <a href=\"https:\/\/fr.wikipedia.org\/wiki\/Extimit%C3%A9\" target=\"_blank\" rel=\"noopener\">extimit\u00e9s<\/a> au sens que leur ont donn\u00e9 Lacan et Tisseron.<\/p>\n<p>Mais je souhaiterais revenir <em>in fine<\/em> sur <a href=\"http:\/\/www.futur-en-seine.paris\/projet\/comment-sensibiliser-les-plus-jeunes-aux-bons-usages-du-numerique\/\" target=\"_blank\" rel=\"noopener\">le titre m\u00eame<\/a> de cet atelier\u00a0: \u00ab\u00a0<strong>Comment sensibiliser les plus jeunes aux bons usages du num\u00e9rique\u00a0?<\/strong>\u00a0\u00bb.<\/p>\n<p><strong>Sensibiliser<\/strong>\u00a0<strong>?<\/strong> Cela semble \u00eatre le mot \u00e0 la mode. On sensibilise n&rsquo;importe qui \u00e0 n&rsquo;importe quoi en ce moment et, en mati\u00e8re d&rsquo;\u00e9ducation, \u00ab\u00a0sensibiliser\u00a0\u00bb semble \u00eatre le succ\u00e9dan\u00e9 du pauvre d&rsquo;\u00ab\u00a0\u00e9duquer\u00a0\u00bb ou \u00ab\u00a0apprendre\u00a0\u00bb. Ainsi, on sensibilise au harc\u00e8lement, voir mon dernier billet (1), au tri des d\u00e9chets, au handicap, \u00e0 l\u2019environnement ou \u00e0 la s\u00e9curit\u00e9 routi\u00e8re\u2026<\/p>\n<p><strong>Le num\u00e9rique, l&rsquo;Internet, m\u00e9ritent bien autre chose, \u00e0 mon sens, qu&rsquo;une simple sensibilisation<\/strong>. Il s&rsquo;agit bien d&rsquo;apprendre, maintenant, de mettre le num\u00e9rique et ses enjeux au c\u0153ur des apprentissages, de la maternelle \u00e0 l&rsquo;Universit\u00e9. Maintenant que la CNIL et son collectif Educnum ont obtenu l&rsquo;appui et la collaboration du syst\u00e8me \u00e9ducatif dans son ensemble et des parents, c&rsquo;est bien <strong>l&rsquo;\u00e9ducation au num\u00e9rique<\/strong> qui doit pouvoir s&rsquo;afficher.<\/p>\n<blockquote class=\"twitter-tweet\" data-width=\"550\" data-dnt=\"true\">\n<p lang=\"fr\" dir=\"ltr\"><a href=\"https:\/\/twitter.com\/hashtag\/educnum?src=hash&amp;ref_src=twsrc%5Etfw\">#educnum<\/a> Idem pour les \u00ab bons \u00bb usages. Peut-\u00eatre conviendrait-il de travailler sur la responsabilit\u00e9 et l&#39;autonomie&#8230;<\/p>\n<p>&mdash; Michel Guillou \ud83c\udf31 (@michelguillou) <a href=\"https:\/\/twitter.com\/michelguillou\/status\/608999774159826945?ref_src=twsrc%5Etfw\">June 11, 2015<\/a><\/p><\/blockquote>\n<p><script async src=\"https:\/\/platform.twitter.com\/widgets.js\" charset=\"utf-8\"><\/script><\/p>\n<p><strong>Il en va de m\u00eame des bons usages<\/strong>. De quoi s&rsquo;agit-il\u00a0? Sans doute, dans l&rsquo;esprit de ceux qui ont \u00e9crit ces mots, d&rsquo;apprendre \u00e0 adopter des attitudes et des comportements en ligne pertinents qui s&rsquo;\u00e9clairent de l&rsquo;apprentissage d&rsquo;une autonomie et d&rsquo;une responsabilit\u00e9 qui sont, toutes deux, inscrites dans le Socle commun\u2026 Dans ce cas, <strong>pourquoi ne pas le dire<\/strong> plut\u00f4t que d&rsquo;utiliser ce mot de \u00ab\u00a0bon\u00a0\u00bb qui conserve, quoi qu&rsquo;on en dise, une valeur normative morale qui ne sied gu\u00e8re en l&rsquo;occurrence\u00a0?<\/p>\n<p>Je souhaiterais, pour terminer, revenir, comme j&rsquo;ai d\u00e9j\u00e0 eu l&rsquo;occasion de le faire souvent, sur l&rsquo;utilisation toujours ressass\u00e9e du mot \u00ab\u00a0usages\u00a0\u00bb. Je crois, oui, comme je me souviens un jour l&rsquo;avoir dit \u00e0 un inspecteur de discipline qui m&rsquo;interrogeait \u00e0 ce sujet, que plus il y a d&rsquo;usages, moins il y a d&rsquo;engagement et d&rsquo;action. Pour ma part, je ne souhaite pas que nos enfants, les \u00e9l\u00e8ves, soient \u00e9lev\u00e9s comme des usagers du num\u00e9rique, de bons usagers dirait-on en bonne morale. Ce que nous voulons, <strong>c&rsquo;est en faire des acteurs engag\u00e9s, conscients donc responsables<\/strong>, en toute autonomie, dans un num\u00e9rique civil et citoyen.<\/p>\n<p>C&rsquo;est \u00e0 cette condition qu&rsquo;on peut esp\u00e9rer les voir un jour prendre le volant de leurs donn\u00e9es personnelles et <strong>refuser les diktats \u00e9conomiques et politiques tendant \u00e0 les asservir<\/strong>.<\/p>\n<p>Michel Guillou\u00a0<a href=\"https:\/\/twitter.com\/michelguillou\" target=\"_blank\" rel=\"noopener\">@michelguillou<\/a><\/p>\n<p><a href=\"http:\/\/creativecommons.org\/licenses\/by-nc-sa\/2.0\/fr\/\" target=\"_blank\" rel=\"noopener\"><img loading=\"lazy\" decoding=\"async\" src=\"http:\/\/i.creativecommons.org\/l\/by-nc-sa\/2.0\/fr\/80x15.png\" alt=\"image\" width=\"80\" height=\"15\" \/><\/a><\/p>\n<p>Cr\u00e9dit photo\u00a0: <a href=\"http:\/\/www.flickr.com\/photos\/19418451@N08\/4233219505\">iPhone play<\/a> via <a href=\"http:\/\/photopin.com\">photopin<\/a> <a href=\"https:\/\/creativecommons.org\/licenses\/by\/2.0\/\">(licence)<\/a><\/p>\n<p>1.\u00a0Libert\u00e9 d\u2019expression : faut-il encore faire confiance aux jeunes pour la d\u00e9fendre\u00a0?\u00a0<a href=\"http:\/\/www.culture-numerique.fr\/?p=3325\" target=\"_blank\" rel=\"noopener\">http:\/\/www.culture-numerique.fr\/?p=3325<\/a><\/p>\n<p>[cite]<\/p>\n","protected":false},"excerpt":{"rendered":"<p><img loading=\"lazy\" decoding=\"async\" class=\"aligncenter size-full wp-image-3383\" src=\"http:\/\/www.culture-numerique.fr\/wp-content\/uploads\/2015\/06\/4233219505_7de3fda6d9_b.jpg\" alt=\"Enfants du num\u00e9rique\" width=\"1024\" height=\"768\" srcset=\"https:\/\/www.culture-numerique.fr\/wp-content\/uploads\/2015\/06\/4233219505_7de3fda6d9_b.jpg 1024w, https:\/\/www.culture-numerique.fr\/wp-content\/uploads\/2015\/06\/4233219505_7de3fda6d9_b-300x225.jpg 300w, https:\/\/www.culture-numerique.fr\/wp-content\/uploads\/2015\/06\/4233219505_7de3fda6d9_b-100x75.jpg 100w, https:\/\/www.culture-numerique.fr\/wp-content\/uploads\/2015\/06\/4233219505_7de3fda6d9_b-150x113.jpg 150w, https:\/\/www.culture-numerique.fr\/wp-content\/uploads\/2015\/06\/4233219505_7de3fda6d9_b-200x150.jpg 200w, https:\/\/www.culture-numerique.fr\/wp-content\/uploads\/2015\/06\/4233219505_7de3fda6d9_b-450x338.jpg 450w, https:\/\/www.culture-numerique.fr\/wp-content\/uploads\/2015\/06\/4233219505_7de3fda6d9_b-600x450.jpg 600w, https:\/\/www.culture-numerique.fr\/wp-content\/uploads\/2015\/06\/4233219505_7de3fda6d9_b-900x675.jpg 900w\" sizes=\"auto, (max-width: 1024px) 100vw, 1024px\" \/><\/p>\n<p><strong>Futur en Seine est un moment rare et magique<\/strong>. \u00c0 ce sujet, je vous conseille la lecture du <a href=\"http:\/\/www.educavox.fr\/alaune\/du-present-au-futur\" target=\"_blank\" rel=\"noopener\">billet<\/a> r\u00e9dig\u00e9 tout r\u00e9cemment par <a href=\"https:\/\/www.linkedin.com\/pub\/jennifer-elbaz\/2\/95b\/575\" target=\"_blank\" rel=\"noopener\">Jennifer Elbaz<\/a> sur <em><a href=\"http:\/\/www.educavox.fr\/\" target=\"_blank\" rel=\"noopener\">Educavox<\/a><\/em>.<\/p>\n<p><span class=\"ellipsis\">&hellip;<\/span><\/p>\n<div class=\"read-more\"><a href=\"https:\/\/www.culture-numerique.fr\/?p=3380\">Lire la suite &#8250;<\/a><\/div>\n<p><!-- end of .read-more --><\/p>\n","protected":false},"author":1,"featured_media":3383,"comment_status":"open","ping_status":"open","sticky":false,"template":"","format":"standard","meta":{"jetpack_post_was_ever_published":false,"_jetpack_newsletter_access":"","_jetpack_dont_email_post_to_subs":false,"_jetpack_newsletter_tier_id":0,"_jetpack_memberships_contains_paywalled_content":false,"_jetpack_memberships_contains_paid_content":false,"footnotes":""},"categories":[9,20,36],"tags":[154,129,141,608,609,39,607,610,440,2,155,138,45],"class_list":["post-3380","post","type-post","status-publish","format-standard","has-post-thumbnail","hentry","category-billets-dhumeur","category-breves","category-ressources","tag-autonomie","tag-cnil","tag-donnees-personnelles","tag-education-au-numerique","tag-educnum","tag-engagement","tag-extimite","tag-futur-en-seine","tag-intimite","tag-numerique","tag-responsabilite","tag-usages","tag-vie-privee"],"jetpack_featured_media_url":"https:\/\/www.culture-numerique.fr\/wp-content\/uploads\/2015\/06\/4233219505_7de3fda6d9_b.jpg","jetpack_sharing_enabled":true,"_links":{"self":[{"href":"https:\/\/www.culture-numerique.fr\/index.php?rest_route=\/wp\/v2\/posts\/3380","targetHints":{"allow":["GET"]}}],"collection":[{"href":"https:\/\/www.culture-numerique.fr\/index.php?rest_route=\/wp\/v2\/posts"}],"about":[{"href":"https:\/\/www.culture-numerique.fr\/index.php?rest_route=\/wp\/v2\/types\/post"}],"author":[{"embeddable":true,"href":"https:\/\/www.culture-numerique.fr\/index.php?rest_route=\/wp\/v2\/users\/1"}],"replies":[{"embeddable":true,"href":"https:\/\/www.culture-numerique.fr\/index.php?rest_route=%2Fwp%2Fv2%2Fcomments&post=3380"}],"version-history":[{"count":22,"href":"https:\/\/www.culture-numerique.fr\/index.php?rest_route=\/wp\/v2\/posts\/3380\/revisions"}],"predecessor-version":[{"id":7304,"href":"https:\/\/www.culture-numerique.fr\/index.php?rest_route=\/wp\/v2\/posts\/3380\/revisions\/7304"}],"wp:featuredmedia":[{"embeddable":true,"href":"https:\/\/www.culture-numerique.fr\/index.php?rest_route=\/wp\/v2\/media\/3383"}],"wp:attachment":[{"href":"https:\/\/www.culture-numerique.fr\/index.php?rest_route=%2Fwp%2Fv2%2Fmedia&parent=3380"}],"wp:term":[{"taxonomy":"category","embeddable":true,"href":"https:\/\/www.culture-numerique.fr\/index.php?rest_route=%2Fwp%2Fv2%2Fcategories&post=3380"},{"taxonomy":"post_tag","embeddable":true,"href":"https:\/\/www.culture-numerique.fr\/index.php?rest_route=%2Fwp%2Fv2%2Ftags&post=3380"}],"curies":[{"name":"wp","href":"https:\/\/api.w.org\/{rel}","templated":true}]}}