{"id":333,"date":"2013-03-25T22:07:43","date_gmt":"2013-03-25T20:07:43","guid":{"rendered":"http:\/\/www.culture-numerique.fr\/?p=333"},"modified":"2016-11-22T00:12:33","modified_gmt":"2016-11-21T23:12:33","slug":"education-civique-et-numerique-10-ans-de-perdus","status":"publish","type":"post","link":"https:\/\/www.culture-numerique.fr\/?p=333","title":{"rendered":"\u00c9ducation civique et num\u00e9rique : 10 ans de perdus !"},"content":{"rendered":"<p style=\"text-align: center;\"><a href=\"http:\/\/www.culture-numerique.fr\/wp-content\/uploads\/2014\/04\/medium_2120842632.jpg\"><img loading=\"lazy\" decoding=\"async\" class=\"aligncenter wp-image-334\" src=\"http:\/\/www.culture-numerique.fr\/wp-content\/uploads\/2014\/04\/medium_2120842632.jpg\" alt=\"Mixit\u00e9\" width=\"1024\" height=\"682\" srcset=\"https:\/\/www.culture-numerique.fr\/wp-content\/uploads\/2014\/04\/medium_2120842632.jpg 500w, https:\/\/www.culture-numerique.fr\/wp-content\/uploads\/2014\/04\/medium_2120842632-300x199.jpg 300w, https:\/\/www.culture-numerique.fr\/wp-content\/uploads\/2014\/04\/medium_2120842632-100x66.jpg 100w, https:\/\/www.culture-numerique.fr\/wp-content\/uploads\/2014\/04\/medium_2120842632-150x99.jpg 150w, https:\/\/www.culture-numerique.fr\/wp-content\/uploads\/2014\/04\/medium_2120842632-200x133.jpg 200w, https:\/\/www.culture-numerique.fr\/wp-content\/uploads\/2014\/04\/medium_2120842632-450x299.jpg 450w\" sizes=\"auto, (max-width: 1024px) 100vw, 1024px\" \/><\/a><\/p>\n<p><strong>Il y a dix ans<\/strong>\u00a0naissaient les \u00ab\u00a0skyblogs\u00a0\u00bb, domaine d\u2019une expression parfois d\u00e9brid\u00e9e investi alors par des millions de jeunes. La France avait alors le record du monde du \u00ab\u00a0blogging\u00a0\u00bb adolescent. Et de loin\u2026<\/p>\n<p>Une chance pour l\u2019expression des jeunes mais, en l\u2019absence d\u2019\u00e9ducation et de r\u00e9gulation, des probl\u00e8mes en pagaille sont alors apparus, rappelez-vous\u2026 \u00a0Des publications massives de vid\u00e9os, de musique, de photographies, d\u2019images au total m\u00e9pris du droit et, notamment, du droit \u00e0 l\u2019image\u2026 Et puis des textes, et quels textes\u00a0! Le meilleur, bien s\u00fbr, mais parfois aussi le pire, des insultes, des rumeurs, du harc\u00e8lement, de la diffamation\u2026<\/p>\n<p>Sont alors tomb\u00e9es, en milieu scolaire, les premi\u00e8res sanctions\u00a0: des exclusions d\u00e9finitives de coll\u00e9giens et de coll\u00e9giennes, souvent les meilleurs de leurs classes, au pr\u00e9texte qu\u2019ils auraient confondu le web avec un espace intime, comme celui de leur chambre, par exemple, et publi\u00e9 des propos peu am\u00e8nes, parfois insultants sur leurs professeurs\u00a0!<\/p>\n<p>C\u2019\u00e9tait le pire, \u00e7a\u00a0! Insulter ses camarades n\u2019avait aucune esp\u00e8ce d\u2019importance mais insulter un professeur \u00e9tait alors un crime pire que tout\u00a0! Rendez-vous compte, un \u00ab\u00a0salope\u00a0\u00bb laiss\u00e9 au coin d\u2019un blog, impossible \u00e0 trouver, dont tout le monde parle et que personne n\u2019a vu, pouvait alors vous faire bannir de l\u2019\u00e9cole pour de bon. Pas de quartier\u00a0!<\/p>\n<p>Et puis, le pire\u00a0: photographier son professeur au travail et porter \u00e0 la face du monde l\u2019intimit\u00e9 de la salle de classe\u00a0! Une sorte de drame national\u00a0! Et surtout la manifestation \u00e9clatante, au tout d\u00e9but de ce nouveau mill\u00e9naire, que la majorit\u00e9 des professeurs, chefs d\u2019\u00e9tablissement, personnels de sant\u00e9 des coll\u00e8ges et lyc\u00e9es n\u2019y comprenaient strictement rien\u00a0! Rien de rien\u00a0! Ni \u00e0 l\u2019existence et aux formidables potentialit\u00e9s de l\u2019Internet et du web, ni surtout aux aspirations et pratiques sociales des jeunes\u00a0!<\/p>\n<p><strong>C\u2019\u00e9tait il y a dix ans\u00a0!<\/strong><\/p>\n<p><strong>Dix ans\u00a0!<\/strong><\/p>\n<h3><strong>Que s\u2019est-il pass\u00e9 depuis dix ans\u00a0?\u00a0<\/strong><\/h3>\n<p>Pas grand chose, il est vrai. Oh\u00a0! il y a bien eu, de ci, de l\u00e0, des professeurs ouverts et volontaires pour prendre en charge des moments de r\u00e9flexion avec leurs \u00e9l\u00e8ves, en cours d\u2019\u00e9ducation civique, de technologie, en classe ou au CDI, en animant des ateliers ou des d\u00e9bats sur le sujet, en ECJS par exemple, au lyc\u00e9e.<\/p>\n<p>Il y a bien eu, de ci-de l\u00e0 encore, des moments de formation des professeurs en \u00e9ducation aux m\u00e9dias qui ont permis une prise de conscience collective permettant d\u2019int\u00e9grer l\u2019\u00e9ducation num\u00e9rique aux enseignements\u00a0!<\/p>\n<p>Et puis, parfois, on a, avec l\u2019aide des \u00e9lus de la vie lyc\u00e9enne ou des d\u00e9l\u00e9gu\u00e9s de classe en coll\u00e8ge, n\u00e9goci\u00e9 et r\u00e9dig\u00e9 des chartes d\u2019usages des outils num\u00e9riques annex\u00e9es au r\u00e8glement int\u00e9rieur. mais, convenons-en, ces documents sont, dans la tr\u00e8s grande majorit\u00e9 des cas impos\u00e9s aux utilisateurs et aux \u00e9l\u00e8ves sans explications ni commentaires.<\/p>\n<p>Pire, \u00e0 l\u2019initiative parfois de personnels de sant\u00e9 mal inform\u00e9s, sous l\u2019impulsion de chefs d\u2019\u00e9tablissement opportunistes et non concern\u00e9s, certaines officines douteuses mais curieusement labellis\u00e9es sont venues, dans les \u00e9tablissements scolaires, apr\u00e8s les cours, dispenser sur le sujet aux \u00e9l\u00e8ves un discours manipulateur, anxiog\u00e8ne, faux, d\u00e9cal\u00e9 et surtout tr\u00e8s anti-\u00e9ducatif. L\u2019exact contraire de ce qu\u2019il e\u00fbt fallu faire.<\/p>\n<p>Dans le m\u00eame temps, on continue \u00e0 interdire, dans nos coll\u00e8ges et lyc\u00e9es, les t\u00e9l\u00e9phones mobiles, \u00e0 stigmatiser leurs usages, \u00e0 filtrer et censurer sans pr\u00e9cautions tous les r\u00e9seaux sociaux (Youtube, Facebook, Twitter\u2026). Cachons ces pratiques que l\u2019on ne saurait voir\u00a0!<\/p>\n<p><a href=\"http:\/\/www.culture-numerique.fr\/wp-content\/uploads\/2014\/04\/2013-03-25_105944.jpg\"><img loading=\"lazy\" decoding=\"async\" class=\"size-full wp-image-335 alignright\" src=\"http:\/\/www.culture-numerique.fr\/wp-content\/uploads\/2014\/04\/2013-03-25_105944.jpg\" alt=\"Tartuffe\" width=\"295\" height=\"227\" srcset=\"https:\/\/www.culture-numerique.fr\/wp-content\/uploads\/2014\/04\/2013-03-25_105944.jpg 295w, https:\/\/www.culture-numerique.fr\/wp-content\/uploads\/2014\/04\/2013-03-25_105944-100x76.jpg 100w, https:\/\/www.culture-numerique.fr\/wp-content\/uploads\/2014\/04\/2013-03-25_105944-150x115.jpg 150w, https:\/\/www.culture-numerique.fr\/wp-content\/uploads\/2014\/04\/2013-03-25_105944-200x153.jpg 200w\" sizes=\"auto, (max-width: 295px) 100vw, 295px\" \/><\/a><\/p>\n<p>Oh, il y a bien eu, plut\u00f4t r\u00e9cemment, cette initiative minist\u00e9rielle de portail \u00ab\u00a0<a href=\"http:\/\/eduscol.education.fr\/internet-responsable\/\" target=\"_blank\">Internet responsable<\/a>\u00a0\u00bb rassemblant d\u2019excellents documents malheureusement fort peu utilis\u00e9s par les professeurs et, surtout, par les parents et les \u00e9l\u00e8ves qui en auraient le plus grand besoin. Ce portail a eu au moins le m\u00e9rite de valoriser un certain nombre d\u2019initiatives pr\u00e9c\u00e9dentes, \u00e0 commencer par les\u00a0<a href=\"http:\/\/www.ctoutnet.fr\/memotice\" target=\"_blank\">M\u00e9motice<\/a>\u00a0versaillais, dont\u00a0<a href=\"http:\/\/catalogue.crdp.ac-versailles.fr\/memotice_blog_notes.pdf\" target=\"_blank\">le premier\u00a0<\/a>s\u2019\u00e9tait fort justement int\u00e9ress\u00e9 \u00e0 l\u2019expression des jeunes en ligne.<\/p>\n<p>Mais, convenons-en, depuis dix ans, il ne s\u2019est pas pass\u00e9 grand chose.<\/p>\n<p>D\u2019autres espaces sont apparus (Facebook, Twitter\u2026) qui ont fait na\u00eetre aussi d\u2019autres usages fort int\u00e9ressants et prometteurs, avec leur lot habituel de d\u00e9rives potentielles.<\/p>\n<p>C\u2019est ainsi que, tout r\u00e9cemment, trois jeunes filles de terminale litt\u00e9raire se sont fait pincer \u00e0 insulter, sans la nommer, l\u2019une de leurs professeurs sur Twitter, cons\u00e9quence d\u2019\u00e9changes li\u00e9s \u00e0 la rumeur d\u2019un contr\u00f4le surprise. L\u2019alerte ayant \u00e9t\u00e9 donn\u00e9e, ces jeunes filles,\u00a0prenant conscience de la gravit\u00e9 de leur geste,\u00a0ont pr\u00e9sent\u00e9 des excuses, accept\u00e9es par la professeure en question.<\/p>\n<p>Mais la proviseure prend les devants et convoque le conseil de discipline qui prononce l\u2019exclusion d\u00e9finitive de ces trois \u00e9l\u00e8ves.<\/p>\n<h3><strong>Quel g\u00e2chis\u00a0!<\/strong><\/h3>\n<p>Sur le site web de l\u2019\u00e9tablissement, on trouve en cherchant bien un lien vers le r\u00e8glement int\u00e9rieur du lyc\u00e9e qui, comme d\u2019habitude, censure sans explications l\u2019usage des appareils num\u00e9riques mobiles personnels, un autre vers une fiche extraite de la CNIL qui donne quelques conseils aux blogueurs, un autre enfin vers une courte et bien absconse \u00ab\u00a0charte Internet\u00a0\u00bb dont je doute que quiconque au lyc\u00e9e l\u2019ait jamais expliqu\u00e9e aux \u00e9l\u00e8ves ni m\u00eame n\u00e9goci\u00e9e avec eux.<\/p>\n<p>Je ne sais pas si on a consacr\u00e9, dans ce lyc\u00e9e, le temps qu\u2019il convient \u00e0 la n\u00e9cessaire \u00e9ducation aux usages du num\u00e9rique, disons que j\u2019ai des gros doutes l\u00e0-dessus. Et si jamais \u00e7a a \u00e9t\u00e9 fait (par qui\u00a0?), j\u2019ai de tr\u00e8s tr\u00e8s gros doutes sur l\u2019efficacit\u00e9 de ce travail \u00e9ducatif.<\/p>\n<p>Loin, tr\u00e8s loin de moi l\u2019id\u00e9e d\u2019excuser les propos inadmissibles de ces trois lyc\u00e9ennes mais, encore une fois, dix apr\u00e8s les \u00ab\u00a0skyblogs\u00a0\u00bb, cinq ans apr\u00e8s les premiers d\u00e9rapages sur Facebook, l\u2019\u00c9ducation nationale a exerc\u00e9 \u00e0 l\u2019encontre de sa jeunesse une r\u00e9pression implacable sans avoir jamais fourni le travail \u00e9ducatif n\u00e9cessaire suffisant pour pr\u00e9venir ces d\u00e9rives.<\/p>\n<p>Faudra-t-il attendre encore dix ans pour qu\u2019on s\u2019en pr\u00e9occupe\u00a0? Et, avant que de vouloir faire apprendre l\u2019algorithmique et le code informatique \u00e0 ces \u00e9l\u00e8ves, comme on nous le promet, n\u2019est-il pas temps de se pr\u00e9occuper de leur citoyennet\u00e9 num\u00e9rique et de l\u2019\u00e9ducation civique que l\u2019\u00e9cole leur doit\u00a0?<\/p>\n<p>Pour aller plus loin, quelques articles de presse sur cette affaire\u00a0:<br \/>\n<a href=\"http:\/\/www.20minutes.fr\/societe\/1124285-20130323-trois-eleves-exclues-lycee-apres-avoir-insulte-prof-twitter\" target=\"_blank\">20 minutes<br \/>\n<\/a><a href=\"http:\/\/www.lefigaro.fr\/flash-actu\/2013\/03\/23\/97001-20130323FILWWW00360-trois-lyceennes-exclues-pour-des-tweets.php\" target=\"_blank\">Le Midi libre<\/a><br \/>\n<a href=\"http:\/\/www.leparisien.fr\/yvelines-78\/exclues-du-lycee-pour-des-tweets-23-03-2013-2664501.php\" target=\"_blank\">Le Parisien<\/a><br \/>\n<a href=\"http:\/\/femmes.portail.free.fr\/vie-perso\/23-03-2013\/trois-lyceennes-exclues-pour-des-tweets-injurieux\/\" target=\"_blank\">Free<\/a><\/p>\n<p>Une\u00a0<a href=\"http:\/\/guybirenbaum.blogitexpress.com\/104874.html\" target=\"_blank\">vid\u00e9o<\/a>\u00a0de l\u2019excellent Guy Birenbaum qui se demande \u00e0 juste titre quand on va enfin se pr\u00e9occuper d\u2019\u00e9ducation.<\/p>\n<p>Mes billets pr\u00e9c\u00e9dents sur le sujet\u00a0:<br \/>\n<a title=\"Pas si na\u00effs que \u00e7a\u00a0!\" href=\"http:\/\/gingko.neottia.net\/post\/10983311033\/pas-si-naifs-que-ca\" target=\"_blank\">Pas si na\u00effs que \u00e7a\u00a0!<br \/>\n<\/a><a title=\"Consommateur ou pirate, choisir tu devras\u2026\" href=\"http:\/\/gingko.neottia.net\/post\/11184734230\/consommateur-ou-pirate-choisir-tu-devras\" target=\"_blank\">Consommateur ou pirate, choisir tu devras\u2026<br \/>\n<\/a><a title=\"De la peur comme fonds de commerce\u2026\" href=\"http:\/\/gingko.neottia.net\/post\/12110508877\/de-la-peur-comme-fonds-de-commerce\" target=\"_blank\">De la peur comme fonds de commerce\u2026<br \/>\n<\/a><a title=\"Regarde-le quand il t\u2019parle, \u00e9coute-le\u2026\" href=\"http:\/\/gingko.neottia.net\/post\/12198423041\/regarde-le-quand-il-tparle-ecoute-le\" target=\"_blank\">Regarde-le quand il t\u2019parle, \u00e9coute-le\u2026<br \/>\n<\/a><a title=\"Internet\u00a0: quand les Belges nous font la le\u00e7on\u2026\" href=\"http:\/\/gingko.neottia.net\/post\/14664554864\/internet-quand-les-belges-nous-font-la-lecon\" target=\"_blank\">Internet\u00a0: quand les Belges nous font la le\u00e7on\u2026<br \/>\n<\/a><a title=\"Pratiques num\u00e9riques m\u00e9diatiques des jeunes, la peur ou la raison\u2026\" href=\"http:\/\/gingko.neottia.net\/post\/15189980695\/pratiques-numeriques-mediatiques-des-jeunes-la-peur-ou\" target=\"_blank\">Pratiques num\u00e9riques m\u00e9diatiques des jeunes, la peur ou la raison\u2026<br \/>\n<\/a><a title=\"Convenir de r\u00e8gles d\u2019usage pour acc\u00e9der \u00e0 la citoyennet\u00e9 num\u00e9rique\u2026\" href=\"http:\/\/gingko.neottia.net\/post\/15716634019\/convenir-de-regles-dusage-pour-acceder-a-la\" target=\"_blank\">Convenir de r\u00e8gles d\u2019usage pour acc\u00e9der \u00e0 la citoyennet\u00e9 num\u00e9rique\u2026<br \/>\n<\/a><a title=\"Il est interdit d\u2019interdire\u2026\" href=\"http:\/\/gingko.neottia.net\/post\/16869501264\/il-est-interdit-dinterdire\" target=\"_blank\">Il est interdit d\u2019interdire\u2026<br \/>\n<\/a><a title=\"Droits des \u00e9l\u00e8ves\u00a0: un devoir b\u00e2cl\u00e9\u2026\" href=\"http:\/\/gingko.neottia.net\/post\/19621104388\/droits-des-eleves-un-devoir-bacle\" target=\"_blank\">Droits des \u00e9l\u00e8ves\u00a0: un devoir b\u00e2cl\u00e9\u2026<br \/>\n<\/a><a title=\"Ouvrir les yeux sur la censure ordinaire\" href=\"http:\/\/gingko.neottia.net\/post\/23472450235\/censure-ordinaire\" target=\"_blank\">Ouvrir les yeux sur la censure ordinaire<br \/>\n<\/a><a title=\"Des trains qui filent\u2026 et d\u2019autres qui restent en gare\u2026\" href=\"http:\/\/gingko.neottia.net\/post\/27718009598\/des-trains-qui-filent\" target=\"_blank\">Des trains qui filent\u2026 et d\u2019autres qui restent en gare\u2026<br \/>\n<\/a><a title=\"Et si on sollicitait enfin l\u2019avis des \u00e9l\u00e8ves\u00a0?\" href=\"http:\/\/gingko.neottia.net\/post\/35572624342\/et-si-on-sollicitait-enfin-lavis-des-eleves\" target=\"_blank\">Et si on sollicitait enfin l\u2019avis des \u00e9l\u00e8ves\u00a0?<br \/>\n<\/a><a title=\"Bon, Coco, tu nous fais un sujet sur les jeunes, hein\u2026\" href=\"http:\/\/gingko.neottia.net\/post\/35870719639\/bon-coco-tu-nous-fais-un-sujet-sur-les-jeunes\" target=\"_blank\">Bon, Coco, tu nous fais un sujet sur les jeunes, hein\u2026<br \/>\n<\/a><a title=\"Prenez la parole\u2026 qu\u2019ils disaient\u00a0!\" href=\"http:\/\/gingko.neottia.net\/post\/38635164745\/prenez-la-parole-quils-disaient\" target=\"_blank\">Prenez la parole\u2026 qu\u2019ils disaient\u00a0!<br \/>\n<\/a><a title=\"\u00c9duquer \u00e0 la ma\u00eetrise de l\u2019expression publique\u2026\" href=\"http:\/\/gingko.neottia.net\/post\/39650415039\/eduquer-a-la-maitrise-de-lexpression-publique\" target=\"_blank\">\u00c9duquer \u00e0 la ma\u00eetrise de l\u2019expression publique\u2026<br \/>\n<\/a><a title=\"Ne dirait-on pas que les jeunes, nos enfants, les \u00e9l\u00e8ves, ne sont plus vraiment les m\u00eames\u00a0?\" href=\"http:\/\/gingko.neottia.net\/post\/43135235293\/ne-dirait-on-pas-que-les-jeunes-nos-enfants-les\" target=\"_blank\">Ne dirait-on pas que les jeunes, nos enfants, les \u00e9l\u00e8ves, ne sont plus vraiment les m\u00eames\u00a0?<\/a><\/p>\n<p>Vous voyez que je ne manque pas de constance\u00a0!<\/p>\n<p>Michel Guillou\u00a0<a title=\"Twitter\" href=\"https:\/\/twitter.com\/#!\/michelguillou\" target=\"_blank\">@michelguillou<\/a><\/p>\n<p><a href=\"http:\/\/creativecommons.org\/licenses\/by-nc-sa\/2.0\/fr\/\" target=\"_blank\"><img loading=\"lazy\" decoding=\"async\" src=\"http:\/\/i.creativecommons.org\/l\/by-nc-sa\/2.0\/fr\/80x15.png\" alt=\"image\" width=\"80\" height=\"15\" \/><\/a><\/p>\n<p>Cr\u00e9dit photo\u00a0:\u00a0<a href=\"http:\/\/www.flickr.com\/photos\/alainbachellier\/2120842632\/\" target=\"_blank\">Alain Bachellier<\/a>\u00a0via\u00a0<a href=\"http:\/\/photopin.com\/\" target=\"_blank\">photopin<\/a>\u00a0<a href=\"http:\/\/creativecommons.org\/licenses\/by-nc-sa\/2.0\/\" target=\"_blank\">cc<\/a><\/p>\n<p>[cite]<\/p>\n","protected":false},"excerpt":{"rendered":"<p style=\"text-align: center;\"><a href=\"http:\/\/www.culture-numerique.fr\/wp-content\/uploads\/2014\/04\/medium_2120842632.jpg\"><img loading=\"lazy\" decoding=\"async\" class=\"aligncenter wp-image-334\" src=\"http:\/\/www.culture-numerique.fr\/wp-content\/uploads\/2014\/04\/medium_2120842632.jpg\" alt=\"Mixit\u00e9\" width=\"1024\" height=\"682\" srcset=\"https:\/\/www.culture-numerique.fr\/wp-content\/uploads\/2014\/04\/medium_2120842632.jpg 500w, https:\/\/www.culture-numerique.fr\/wp-content\/uploads\/2014\/04\/medium_2120842632-300x199.jpg 300w, https:\/\/www.culture-numerique.fr\/wp-content\/uploads\/2014\/04\/medium_2120842632-100x66.jpg 100w, https:\/\/www.culture-numerique.fr\/wp-content\/uploads\/2014\/04\/medium_2120842632-150x99.jpg 150w, https:\/\/www.culture-numerique.fr\/wp-content\/uploads\/2014\/04\/medium_2120842632-200x133.jpg 200w, https:\/\/www.culture-numerique.fr\/wp-content\/uploads\/2014\/04\/medium_2120842632-450x299.jpg 450w\" sizes=\"auto, (max-width: 1024px) 100vw, 1024px\" \/><\/a><\/p>\n<p><strong>Il y a dix ans<\/strong>\u00a0naissaient les \u00ab\u00a0skyblogs\u00a0\u00bb, domaine d\u2019une expression parfois d\u00e9brid\u00e9e investi alors par des millions de jeunes. La France avait alors le record du monde du \u00ab\u00a0blogging\u00a0\u00bb adolescent.<\/p>\n<p><span class=\"ellipsis\">&hellip;<\/span><\/p>\n<div class=\"read-more\"><a href=\"https:\/\/www.culture-numerique.fr\/?p=333\">Lire la suite &#8250;<\/a><\/div>\n<p><!-- end of .read-more --><\/p>\n","protected":false},"author":1,"featured_media":334,"comment_status":"open","ping_status":"open","sticky":false,"template":"","format":"standard","meta":{"jetpack_post_was_ever_published":false,"_jetpack_newsletter_access":"","_jetpack_dont_email_post_to_subs":true,"_jetpack_newsletter_tier_id":0,"_jetpack_memberships_contains_paywalled_content":false,"_jetpack_memberships_contains_paid_content":false,"footnotes":""},"categories":[9],"tags":[14,47,46,111,242,114,24,245,243,244],"class_list":["post-333","post","type-post","status-publish","format-standard","has-post-thumbnail","hentry","category-billets-dhumeur","tag-censure","tag-chartes","tag-citoyennete","tag-education-aux-medias","tag-education-civique","tag-education-numerique","tag-facebook","tag-repression","tag-skyblog","tag-twitter"],"jetpack_featured_media_url":"https:\/\/www.culture-numerique.fr\/wp-content\/uploads\/2014\/04\/medium_2120842632.jpg","jetpack_sharing_enabled":true,"_links":{"self":[{"href":"https:\/\/www.culture-numerique.fr\/index.php?rest_route=\/wp\/v2\/posts\/333","targetHints":{"allow":["GET"]}}],"collection":[{"href":"https:\/\/www.culture-numerique.fr\/index.php?rest_route=\/wp\/v2\/posts"}],"about":[{"href":"https:\/\/www.culture-numerique.fr\/index.php?rest_route=\/wp\/v2\/types\/post"}],"author":[{"embeddable":true,"href":"https:\/\/www.culture-numerique.fr\/index.php?rest_route=\/wp\/v2\/users\/1"}],"replies":[{"embeddable":true,"href":"https:\/\/www.culture-numerique.fr\/index.php?rest_route=%2Fwp%2Fv2%2Fcomments&post=333"}],"version-history":[{"count":7,"href":"https:\/\/www.culture-numerique.fr\/index.php?rest_route=\/wp\/v2\/posts\/333\/revisions"}],"predecessor-version":[{"id":5638,"href":"https:\/\/www.culture-numerique.fr\/index.php?rest_route=\/wp\/v2\/posts\/333\/revisions\/5638"}],"wp:featuredmedia":[{"embeddable":true,"href":"https:\/\/www.culture-numerique.fr\/index.php?rest_route=\/wp\/v2\/media\/334"}],"wp:attachment":[{"href":"https:\/\/www.culture-numerique.fr\/index.php?rest_route=%2Fwp%2Fv2%2Fmedia&parent=333"}],"wp:term":[{"taxonomy":"category","embeddable":true,"href":"https:\/\/www.culture-numerique.fr\/index.php?rest_route=%2Fwp%2Fv2%2Fcategories&post=333"},{"taxonomy":"post_tag","embeddable":true,"href":"https:\/\/www.culture-numerique.fr\/index.php?rest_route=%2Fwp%2Fv2%2Ftags&post=333"}],"curies":[{"name":"wp","href":"https:\/\/api.w.org\/{rel}","templated":true}]}}