{"id":3325,"date":"2015-06-08T11:20:40","date_gmt":"2015-06-08T09:20:40","guid":{"rendered":"http:\/\/www.culture-numerique.fr\/?p=3325"},"modified":"2017-12-03T22:33:49","modified_gmt":"2017-12-03T21:33:49","slug":"liberte-dexpression-faut-il-encore-faire-confiance-aux-jeunes-pour-la-defendre","status":"publish","type":"post","link":"https:\/\/www.culture-numerique.fr\/?p=3325","title":{"rendered":"Libert\u00e9 d&rsquo;expression\u00a0: faut-il encore faire confiance aux jeunes pour la d\u00e9fendre \u00a0?"},"content":{"rendered":"<p><img loading=\"lazy\" decoding=\"async\" class=\"aligncenter size-full wp-image-3330\" src=\"http:\/\/www.culture-numerique.fr\/wp-content\/uploads\/2015\/06\/Sarre-Union_lyc\u00e9ens_pendant_c\u00e9r\u00e9monie_profanation_cimeti\u00e8re_juif_17_f\u00e9vrier_2015.jpg\" alt=\"Lyc\u00e9ens\" width=\"1024\" height=\"683\" srcset=\"https:\/\/www.culture-numerique.fr\/wp-content\/uploads\/2015\/06\/Sarre-Union_lyc\u00e9ens_pendant_c\u00e9r\u00e9monie_profanation_cimeti\u00e8re_juif_17_f\u00e9vrier_2015.jpg 1024w, https:\/\/www.culture-numerique.fr\/wp-content\/uploads\/2015\/06\/Sarre-Union_lyc\u00e9ens_pendant_c\u00e9r\u00e9monie_profanation_cimeti\u00e8re_juif_17_f\u00e9vrier_2015-300x200.jpg 300w, https:\/\/www.culture-numerique.fr\/wp-content\/uploads\/2015\/06\/Sarre-Union_lyc\u00e9ens_pendant_c\u00e9r\u00e9monie_profanation_cimeti\u00e8re_juif_17_f\u00e9vrier_2015-100x67.jpg 100w, https:\/\/www.culture-numerique.fr\/wp-content\/uploads\/2015\/06\/Sarre-Union_lyc\u00e9ens_pendant_c\u00e9r\u00e9monie_profanation_cimeti\u00e8re_juif_17_f\u00e9vrier_2015-150x100.jpg 150w, https:\/\/www.culture-numerique.fr\/wp-content\/uploads\/2015\/06\/Sarre-Union_lyc\u00e9ens_pendant_c\u00e9r\u00e9monie_profanation_cimeti\u00e8re_juif_17_f\u00e9vrier_2015-200x133.jpg 200w, https:\/\/www.culture-numerique.fr\/wp-content\/uploads\/2015\/06\/Sarre-Union_lyc\u00e9ens_pendant_c\u00e9r\u00e9monie_profanation_cimeti\u00e8re_juif_17_f\u00e9vrier_2015-450x300.jpg 450w, https:\/\/www.culture-numerique.fr\/wp-content\/uploads\/2015\/06\/Sarre-Union_lyc\u00e9ens_pendant_c\u00e9r\u00e9monie_profanation_cimeti\u00e8re_juif_17_f\u00e9vrier_2015-600x400.jpg 600w, https:\/\/www.culture-numerique.fr\/wp-content\/uploads\/2015\/06\/Sarre-Union_lyc\u00e9ens_pendant_c\u00e9r\u00e9monie_profanation_cimeti\u00e8re_juif_17_f\u00e9vrier_2015-900x600.jpg 900w\" sizes=\"auto, (max-width: 1024px) 100vw, 1024px\" \/><\/p>\n<p><strong>On peut en douter, en effet<\/strong>. D\u00e9j\u00e0, tout r\u00e9cemment, les r\u00e9sultats de la concertation nationale sur le num\u00e9rique \u00e9ducatif avaient pu para\u00eetre, sur ce point, particuli\u00e8rement pr\u00e9occupants. Rappelez-vous, je l&rsquo;avais \u00e9voqu\u00e9 dans un r\u00e9cent billet (1),\u00a0la question de l\u2019apprentissage de la libert\u00e9 d\u2019expression \u2014\u00a0s&rsquo;exprimer et publier sur le web\u00a0\u2014 \u00e9tait pos\u00e9e, parmi d\u2019autres, aux contributeurs de la consultation, dont\u00a0les \u00e9l\u00e8ves.<\/p>\n<p><img loading=\"lazy\" decoding=\"async\" class=\"aligncenter size-full wp-image-2971\" src=\"http:\/\/www.culture-numerique.fr\/wp-content\/uploads\/2015\/04\/publier-\u00e9l\u00e8ves.jpg\" alt=\"Consultation publier \u00e9l\u00e8ves\" width=\"733\" height=\"40\" srcset=\"https:\/\/www.culture-numerique.fr\/wp-content\/uploads\/2015\/04\/publier-\u00e9l\u00e8ves.jpg 733w, https:\/\/www.culture-numerique.fr\/wp-content\/uploads\/2015\/04\/publier-\u00e9l\u00e8ves-300x16.jpg 300w, https:\/\/www.culture-numerique.fr\/wp-content\/uploads\/2015\/04\/publier-\u00e9l\u00e8ves-100x5.jpg 100w, https:\/\/www.culture-numerique.fr\/wp-content\/uploads\/2015\/04\/publier-\u00e9l\u00e8ves-150x8.jpg 150w, https:\/\/www.culture-numerique.fr\/wp-content\/uploads\/2015\/04\/publier-\u00e9l\u00e8ves-200x11.jpg 200w, https:\/\/www.culture-numerique.fr\/wp-content\/uploads\/2015\/04\/publier-\u00e9l\u00e8ves-450x25.jpg 450w, https:\/\/www.culture-numerique.fr\/wp-content\/uploads\/2015\/04\/publier-\u00e9l\u00e8ves-600x33.jpg 600w\" sizes=\"auto, (max-width: 733px) 100vw, 733px\" \/><\/p>\n<p>Comme, vous pouvez le constater, ils sont quand m\u00eame presque 28\u00a0% \u00e0 n&rsquo;\u00eatre pas d&rsquo;accord, plut\u00f4t ou pas du tout, en orange et rouge, avec cette proposition. Les parents sont plus nombreux encore mais m\u00eame les professeurs sont moins\u00a0nombreux qu&rsquo;eux-m\u00eames \u00e0 consid\u00e9rer qu&rsquo;il ne s&rsquo;agit pas d&rsquo;un apprentissage important.<\/p>\n<p><strong>Vingt-huit pour cent qui ne souhaitent pas qu&rsquo;on leur apprenne \u00e0 s&rsquo;exprimer<\/strong>, \u00e0 exercer une libert\u00e9 fondamentale, \u00e0 en apprendre les codes, \u00e0 confronter leur opinion \u00e0 celle des autres\u00a0! Qui pouvait s&rsquo;attendre \u00e0 \u00e7a\u00a0? Apr\u00e8s \u00ab\u00a0Charlie\u00a0\u00bb, o\u00f9 tout le monde s&rsquo;accordait \u00e0 penser que la libert\u00e9 d&rsquo;expression devait s&rsquo;enseigner\u00a0? (2)<\/p>\n<p>On savait d\u00e9j\u00e0 depuis un moment que l&rsquo;inculture num\u00e9rique de nos \u00e9lites, conjugu\u00e9e \u00e0 la peur que leur inspire Internet, \u00e0 commencer par les parlementaires que nous avons \u00e9lus, les conduisait \u00e0 voter des lois d&rsquo;exception aboutissant, comme dans les fantasmes orwelliens, \u00e0 priver les citoyens de leurs droits et \u00e0 percer \u00e0 jour leur intimit\u00e9. Mais on ne s\u2019attendait certainement pas \u00e0 voir les jeunes leur embo\u00eeter le pas\u2026<\/p>\n<h3>L&rsquo;affaire Gossip<\/h3>\n<p><img loading=\"lazy\" decoding=\"async\" class=\"alignright size-full wp-image-3342\" src=\"http:\/\/www.culture-numerique.fr\/wp-content\/uploads\/2015\/06\/Screenshot_2015-06-06-21-36-49.png\" alt=\"Gossip\" width=\"122\" height=\"117\" srcset=\"https:\/\/www.culture-numerique.fr\/wp-content\/uploads\/2015\/06\/Screenshot_2015-06-06-21-36-49.png 122w, https:\/\/www.culture-numerique.fr\/wp-content\/uploads\/2015\/06\/Screenshot_2015-06-06-21-36-49-100x96.png 100w\" sizes=\"auto, (max-width: 122px) 100vw, 122px\" \/>On n&rsquo;a parl\u00e9 que de \u00e7a pendant quelques jours\u2026 Gossip est une application mobile, disponible sur les deux principales plateformes, pr\u00e9sent\u00e9e comme \u00ab\u00a0L&rsquo;application qui d\u00e9mocratise potins anonyme\u00a0\u00bb (sic, dans le respect de la syntaxe et de l&rsquo;orthographe originelles). On ne sait plus trop ce qu&rsquo;elle est cens\u00e9e d\u00e9mocratiser, d&rsquo;ailleurs, puisque sa pr\u00e9sentation et ses conseils d&rsquo;utilisation \u00e9voquent tour \u00e0 tour <strong>des potins, des rumeurs et des ragots<\/strong>, des mots qui n&rsquo;ont pas du tout le m\u00eame sens, alors que ses contempteurs parlent de harc\u00e8lement.<\/p>\n<p>C&rsquo;est emb\u00eatant, en effet, si c&rsquo;est vrai. Tr\u00e8s. Mais, dans cette affaire, vous seriez bien en peine de trouver la moindre trace d&rsquo;un d\u00e9p\u00f4t de plainte \u00e0 ce sujet. Quelqu&rsquo;un a \u00e9t\u00e9 insult\u00e9, diffam\u00e9 ? A-t-on abus\u00e9 de son droit \u00e0 l&rsquo;image\u00a0? Des sanctions ont-elles \u00e9t\u00e9 prises, dans les \u00e9tablissements concern\u00e9s, quant \u00e0 une transgression des dispositions des r\u00e8glements concern\u00e9s\u00a0?<\/p>\n<p><strong>Non, pas \u00e0 ma connaissance<\/strong>.<\/p>\n<p>Aucun des m\u00e9dias qui rapportent cette affaire ne fait r\u00e9f\u00e9rence \u00e0 des faits r\u00e9els, autrement que ceux rapport\u00e9s par quelques t\u00e9moins, dans des termes plut\u00f4t vagues, d&rsquo;ailleurs\u2026 \u00ab\u00a0<span style=\"color: #800000;\"><em>On a commenc\u00e9 \u00e0 sentir la trahison autour de nous, cela a cr\u00e9\u00e9 une sorte de m\u00e9fiance perverse, le climat dans l\u2019\u00e9tablissement s\u2019est d\u00e9t\u00e9rior\u00e9 en \u00e0 peine quelques jours.<\/em><\/span>\u00a0\u00bb <a href=\"http:\/\/rue89.nouvelobs.com\/2015\/06\/04\/gossip-lycee-climat-letablissement-sest-deteriore-quelques-jours-259540\" target=\"_blank\" rel=\"noopener\">dit un jeune lyc\u00e9en<\/a> strasbourgeois a <em>Rue89<\/em>. \u00c0 croire que la grande presse serait aussi encline \u00e0 diffuser des rumeurs\u2026<\/p>\n<h3>Le harc\u00e8lement scolaire et le cyberharc\u00e8lement n&rsquo;existent pas<\/h3>\n<p>Entendons-nous bien\u00a0! Il n&rsquo;est pas dans mon propos de nier la r\u00e9alit\u00e9 du harc\u00e8lement, ni de passer outre les d\u00e9g\u00e2ts qu&rsquo;il a engendr\u00e9s. Non, j&rsquo;ai simplement la conviction profonde que les choses seraient plus ais\u00e9es \u00e0 expliquer et donc \u00e0 combattre si on usait de mots signifiants et simples pour les qualifier. <strong>Le harc\u00e8lement scolaire, c&rsquo;est du harc\u00e8lement, un point c&rsquo;est tout.<\/strong> L&rsquo;\u00e9cole a \u00e0 prendre sa responsabilit\u00e9 pour le pr\u00e9venir et, \u00e9ventuellement, le sanctionner quand il existe mais elle ne peut, \u00e0 elle seule, porter tout\u00a0le poids de ce fl\u00e9au. <strong>Le harc\u00e8lement est bien plus soci\u00e9tal qu&rsquo;il n&rsquo;est scolaire<\/strong> et le harceleur harc\u00e8le le harcel\u00e9 o\u00f9 qu&rsquo;il se trouve, dans les transports en commun, dans la rue, \u00e0 la piscine municipale, sans doute plus que dans la classe ou la cour d&rsquo;\u00e9cole.<\/p>\n<p>Il en va de m\u00eame du <strong>harc\u00e8lement en ligne stupidement affubl\u00e9 du pr\u00e9fixe \u00ab\u00a0cyber\u00a0\u00bb<\/strong>\u00a0et qu&rsquo;il n&rsquo;est possible d&rsquo;appeler diff\u00e9remment que parce qu&rsquo;il donne une plus grande exposition \u00e0 tout cela. Mais le harc\u00e8lement a toujours exist\u00e9, malheureusement, et bien avant qu&rsquo;on parle d&rsquo;internet.<\/p>\n<h3>Et pourtant les \u00e9l\u00e8ves ont leur mot \u00e0 dire<\/h3>\n<blockquote><p>\u00ab\u00a0C&rsquo;est l\u2019int\u00e9r\u00eat des \u00e9l\u00e8ves, de tous les \u00e9l\u00e8ves, qui doit \u00eatre au c\u0153ur des r\u00e9flexions et des r\u00e9formes du syst\u00e8me \u00e9ducatif. Cela implique de prendre en compte leurs besoins, leurs droits et leurs devoirs non seulement comme \u00e9l\u00e8ves, mais \u00e9galement en tant qu\u2019enfants, pr\u00e9-adolescents ou adolescents. \u00bb<\/p><\/blockquote>\n<p>Cette phrase est extraite du site du rapport sur la refondation de l\u2019\u00e9cole, sous le titre de \u00ab\u00a0Les \u00e9l\u00e8ves au c\u0153ur de la refondation\u00a0\u00bb. C&rsquo;est sans doute en r\u00e9f\u00e9rence \u00e0 cette volont\u00e9 que le minist\u00e8re de l&rsquo;\u00c9ducation nationale a sollicit\u00e9 les organisations lyc\u00e9ennes pour construire <a href=\"http:\/\/www.agircontreleharcelementalecole.gouv.fr\/\" target=\"_blank\" rel=\"noopener\">le site<\/a> cens\u00e9 venir en aide \u00e0 tous ceux, \u00e9l\u00e8ves, parents, professeurs qui sont confront\u00e9s au probl\u00e8me du harc\u00e8lement.<\/p>\n<p><a href=\"http:\/\/www.agircontreleharcelementalecole.gouv.fr\/\"><img loading=\"lazy\" decoding=\"async\" class=\"aligncenter wp-image-3344 size-full\" src=\"http:\/\/www.culture-numerique.fr\/wp-content\/uploads\/2015\/06\/logo_agire_contre_harcelement.png\" alt=\"Agir contre le harc\u00e8lement\" width=\"619\" height=\"61\" srcset=\"https:\/\/www.culture-numerique.fr\/wp-content\/uploads\/2015\/06\/logo_agire_contre_harcelement.png 619w, https:\/\/www.culture-numerique.fr\/wp-content\/uploads\/2015\/06\/logo_agire_contre_harcelement-300x30.png 300w, https:\/\/www.culture-numerique.fr\/wp-content\/uploads\/2015\/06\/logo_agire_contre_harcelement-100x10.png 100w, https:\/\/www.culture-numerique.fr\/wp-content\/uploads\/2015\/06\/logo_agire_contre_harcelement-150x15.png 150w, https:\/\/www.culture-numerique.fr\/wp-content\/uploads\/2015\/06\/logo_agire_contre_harcelement-200x20.png 200w, https:\/\/www.culture-numerique.fr\/wp-content\/uploads\/2015\/06\/logo_agire_contre_harcelement-450x44.png 450w, https:\/\/www.culture-numerique.fr\/wp-content\/uploads\/2015\/06\/logo_agire_contre_harcelement-600x59.png 600w\" sizes=\"auto, (max-width: 619px) 100vw, 619px\" \/><\/a><\/p>\n<p>\u00c0 propos de l&rsquo;affaire Gossip, la ministre\u00a0nous fait part, <a href=\"http:\/\/www.najat-vallaud-belkacem.com\/2015\/06\/03\/signalements-sur-lapplication-mobile-gossip\/\" target=\"_blank\" rel=\"noopener\">sur son blogue<\/a>, de ses pr\u00e9occupations\u00a0:<\/p>\n<blockquote><p>\u00ab\u00a0Sensible aux signalements port\u00e9s \u00e0 sa connaissance par les organisations lyc\u00e9ennes [&#8230;], Najat Vallaud-Belkacem\u00a0[&#8230;]\u00a0demande aux recteurs d\u2019acad\u00e9mie d\u2019exercer, avec l\u2019aide des chefs d\u2019\u00e9tablissement des lyc\u00e9es et coll\u00e8ges, une extr\u00eame vigilance sur la teneur des messages qui seraient mis en ligne sur cette application et de signaler aux procureurs de la R\u00e9publique, sur le fondement de l\u2019article 40 du code de proc\u00e9dure p\u00e9nale, tous propos injurieux ou diffamatoires prof\u00e9r\u00e9s \u00e0 l\u2019encontre d\u2019\u00e9l\u00e8ves ou de personnels.\u00a0\u00bb.<\/p>\n<p>[&#8230;] \u00ab\u00a0Les actions juridiques ne pouvant \u00e0 elles seules suffire, la ministre r\u00e9affirme qu\u2019elle poursuivra r\u00e9solument la sensibilisation engag\u00e9e par le minist\u00e8re aupr\u00e8s des \u00e9l\u00e8ves pour les pr\u00e9venir des dangers du cyber-harc\u00e8lement.\u00a0\u00bb<\/p><\/blockquote>\n<p><strong>Ce message appelle quelques observations<\/strong>\u00a0:<\/p>\n<ol>\n<li><strong>L&rsquo;injure et la diffamation sont tr\u00e8s loin d&rsquo;\u00eatre les seuls ressorts du harc\u00e8lement<\/strong>. Il serait enfin temps de <strong>l\u00e9gif\u00e9rer<\/strong> sur ce type de harc\u00e8lement qui touche les jeunes \u00e0 l&rsquo;exemple de ce qui a \u00e9t\u00e9 fait \u00e0 propos du harc\u00e8lement au travail.<\/li>\n<li>La ministre \u00e9voque le c\u0153ur de son action gouvernementale\u00a0: <strong>sensibiliser les \u00e9l\u00e8ves au harc\u00e8lement<\/strong>\u00a0\u2014\u00a0je passe sur le pr\u00e9fixe \u00ab\u00a0cyber\u00a0\u00bb dont on se demande bien ce qu&rsquo;il vient faire l\u00e0\u00a0! Sensibiliser\u00a0? Stupidement, je croyais qu&rsquo;il existait un enseignement moral et civique dont un des objectifs \u00e9tait d&rsquo;apprendre aux \u00e9l\u00e8ves les codes du \u00ab\u00a0vivre ensemble\u00a0\u00bb et une \u00e9ducation aux m\u00e9dias dont un des objectifs \u00e9tait\u00a0d&rsquo;apprendre \u00e0 se comporter\u00a0en ligne de mani\u00e8re responsable. Sensibiliser\u00a0? Stupidement, <strong>je croyais qu&rsquo;il s&rsquo;agissait d&rsquo;\u00e9duquer<\/strong>, que c&rsquo;\u00e9tait la mission centrale de l&rsquo;\u00e9cole, que c&rsquo;\u00e9tait les professeurs qui prenaient \u00e7a en charge, en l&rsquo;occurrence sans doute de mani\u00e8re partag\u00e9e avec les parents, et qu&rsquo;on ne confiait pas ce travail hautement \u00e9ducatif \u00e0 la premi\u00e8re association ou officine venue, tellement c&rsquo;\u00e9tait important.<\/li>\n<li>Cette missive aux recteurs vient donc apr\u00e8s <strong>des signalements faits par les organisations lyc\u00e9ennes<\/strong>. Il aura donc fallu attendre le d\u00e9but de ce mill\u00e9naire et une bonne douzaine d&rsquo;ann\u00e9es depuis que le harc\u00e8lement et les incivilit\u00e9s en ligne ont vraiment commenc\u00e9 pour qu&rsquo;on se pr\u00e9occupe, rue de Grenelle ou au gouvernement, de prendre en charge ces sujets, \u00e0 la suggestion des repr\u00e9sentants syndicaux lyc\u00e9ens. Gossip n&rsquo;est tout de m\u00eame pas la premi\u00e8re application en ligne qui permette de harceler et il existe potentiellement la possibilit\u00e9 de le faire, malheureusement encore une fois, \u00e0 chaque fois qu&rsquo;un harceleur trouve un lieu, r\u00e9el ou virtuel, pour s&rsquo;exprimer. <strong>Depuis douze ans<\/strong> et les skyblogs, on ne compte plus les applications qui ont permis ce type d&rsquo;expression inconvenante et dangereuse, de Facebook \u00e0\u00a0ask.fm, en passant par Snapchat ou Vine jusqu&rsquo;au dernier Yax! qui fonctionne un peu comme Gossip, de mani\u00e8re anonyme, sans identification nominative. <strong>Que s&rsquo;est-il pass\u00e9 depuis douze ans\u00a0?<\/strong> Je n&rsquo;ose prononcer le r\u00e9ponse.<\/li>\n<\/ol>\n<h3>Les organisations lyc\u00e9ennes et la censure<\/h3>\n<p>Ce sont donc les lyc\u00e9ens qui alertent les premiers le minist\u00e8re. La <a href=\"http:\/\/www.fidl.org\/\" target=\"_blank\" rel=\"noopener\">FIDL<\/a>, d\u00e8s le 1<sup>er<\/sup> juin, publie sur son site <a href=\"http:\/\/www.fidl.org\/product\/gossip-lapplication-qui-promeut-le-harcelement-en-cours\/\" target=\"_blank\" rel=\"noopener\">un communiqu\u00e9<\/a> duquel on peut\u00a0extraire\u00a0:<\/p>\n<blockquote><p>\u00ab\u00a0La FIDL demande \u00e0 ce que cette plateforme soit supprim\u00e9e d\u00e9finitivement et ce au plus vite.\u00a0\u00bb<\/p><\/blockquote>\n<p>Supprim\u00e9e\u00a0? M\u00eame la ministre n&rsquo;avait pas os\u00e9\u2026 Ils n&rsquo;y vont pas de main morte, les lyc\u00e9ens. Il y a eu une plainte de d\u00e9pos\u00e9e\u00a0? Une mesure gouvernementale antiterroriste\u00a0? Non, non, rien de tout \u00e7a. Les lyc\u00e9ens de la FIDL sont plus forts que les juges, <strong>ils r\u00e9clament une justice exp\u00e9ditive pour censurer un \u00e9diteur d&rsquo;applications<\/strong>.<\/p>\n<p>Rassurez-vous, la FIDL n&rsquo;est pas seule. Souhaitant sans doute ne pas se laisser d\u00e9border, l&rsquo;<a href=\"http:\/\/unl-fr.org\/\" target=\"_blank\" rel=\"noopener\">UNL<\/a>, deux jours plus tard, fait para\u00eetre un\u00a0<a href=\"http:\/\/unl-fr.org\/component\/content\/article\/644-application-gossip--un-outil-pour-le-cyber-harcelement-les-lyceens-disent-non-\" target=\"_blank\" rel=\"noopener\">article<\/a>\u00a0vengeur\u00a0:<\/p>\n<blockquote><p>\u00ab\u00a0L&rsquo;Union Nationale Lyc\u00e9enne appelle \u00e0 la suppression imm\u00e9diate de l&rsquo;application Gossip.\u00a0\u00bb<\/p><\/blockquote>\n<p>Leur embo\u00eete le pas le troisi\u00e8me larron, le <a href=\"http:\/\/www.sgl-fr.org\/\" target=\"_blank\" rel=\"noopener\">SGL<\/a> qui, le m\u00eame jour, <a href=\"http:\/\/www.sgl-fr.org\/2015\/06\/03\/la-rumeur-dit-quon-combat-lharcelement-et-gossip\/\" target=\"_blank\" rel=\"noopener\">communique<\/a> \u00e0 l&rsquo;identique\u00a0:<\/p>\n<blockquote><p>\u00ab\u00a0Le SGL appelle \u00e0 la fermeture de cette application, comme ce put \u00eatre le cas aux Etats-Unis ou au Br\u00e9sil.\u00a0\u00bb<\/p><\/blockquote>\n<p>Je ne sais pas ce qu&rsquo;il en est de l&rsquo;autre c\u00f4t\u00e9 de l&rsquo;Atlantique ou en Iran, en Chine ou en Cor\u00e9e du Nord, mais il n&rsquo;est pas courant ni m\u00eame conforme au droit fran\u00e7ais qu&rsquo;une application <strong>puisse \u00eatre censur\u00e9e au motif qu&rsquo;on pourrait en faire mauvais usage<\/strong>. Il est tout de m\u00eame stup\u00e9fiant, quelques mois apr\u00e8s les \u00e9v\u00e9nements que vous savez, moment qui a vu sans doute tous ces lyc\u00e9ens d\u00e9filer pour la libert\u00e9 d&rsquo;expression, d&rsquo;observer un tel consensus r\u00e9pressif issu des trois organisations lyc\u00e9ennes.<\/p>\n<h3><strong>Le choix r\u00e9flexe de la censure est toujours une mauvaise solution.<\/strong><\/h3>\n<p>Bien \u00e9videmment, <strong>une telle censure serait stupide<\/strong>. Elle interdirait de fait \u00e0 ceux qui travaillent, via une \u00e9ducation morale, civique, citoyenne, responsable aux m\u00e9dias et \u00e0 l&rsquo;information, \u00e0\u00a0d\u00e9crypter la rumeur et la d\u00e9sinformation et en comprendre et expliquer les m\u00e9canismes. <strong>Elle emp\u00eacherait de fait une pr\u00e9vention \u00e9ducative et raisonn\u00e9e du harc\u00e8lement<\/strong>. Dr\u00f4le de paradoxe\u00a0que de vouloir censurer ce qui est destin\u00e9 \u00e0 \u00eatre l&rsquo;objet d&rsquo;un travail \u00e9ducatif\u00a0! (3). Dr\u00f4le de m\u00e9thode que de cacher et interdire ce qui pourrait exister, en mettant la poussi\u00e8re sous le tapis\u00a0!<\/p>\n<p>\u00c0 ce rythme-l\u00e0, je conseille \u00e0 nos jeunes censeurs de demander la censure de Twitter, de Facebook, de Snapchat\u2026 du web social tout entier, des textos et, pourquoi pas\u00a0?, de l&rsquo;Internet. Ce serait plus simple.<\/p>\n<h3>Alors comment faire avec Gossip\u00a0?<\/h3>\n<p>Du c\u00f4t\u00e9 de l&rsquo;institution, n&rsquo;en d\u00e9plaise \u00e0 nos jeunes lyc\u00e9ens, il n&rsquo;y qu&rsquo;une seule r\u00e9ponse possible\u00a0: \u00e9duquer, apprendre, expliquer, convenir des r\u00e8gles communes et des convenances, faire savoir la loi, d\u00e9crypter et d\u00e9chiffrer, <strong>expliquer et \u00e9duquer encore<\/strong>. Ce travail doit \u00eatre partag\u00e9, bien s\u00fbr, m\u00eame s&rsquo;il existe des professeurs ou des \u00e9ducateurs r\u00e9f\u00e9rents, il n&rsquo;en sera que plus efficace.<\/p>\n<p><img loading=\"lazy\" decoding=\"async\" class=\"alignright wp-image-3358 size-medium\" src=\"http:\/\/www.culture-numerique.fr\/wp-content\/uploads\/2015\/06\/Screenshot_2015-06-06-17-40-09-300x225.png\" alt=\"La rumeur dit\" width=\"300\" height=\"225\" srcset=\"https:\/\/www.culture-numerique.fr\/wp-content\/uploads\/2015\/06\/Screenshot_2015-06-06-17-40-09-300x225.png 300w, https:\/\/www.culture-numerique.fr\/wp-content\/uploads\/2015\/06\/Screenshot_2015-06-06-17-40-09-100x75.png 100w, https:\/\/www.culture-numerique.fr\/wp-content\/uploads\/2015\/06\/Screenshot_2015-06-06-17-40-09-150x113.png 150w, https:\/\/www.culture-numerique.fr\/wp-content\/uploads\/2015\/06\/Screenshot_2015-06-06-17-40-09-200x150.png 200w, https:\/\/www.culture-numerique.fr\/wp-content\/uploads\/2015\/06\/Screenshot_2015-06-06-17-40-09-450x338.png 450w, https:\/\/www.culture-numerique.fr\/wp-content\/uploads\/2015\/06\/Screenshot_2015-06-06-17-40-09-600x451.png 600w, https:\/\/www.culture-numerique.fr\/wp-content\/uploads\/2015\/06\/Screenshot_2015-06-06-17-40-09.png 720w\" sizes=\"auto, (max-width: 300px) 100vw, 300px\" \/>Du c\u00f4t\u00e9 de Gossip, consciente des ambigu\u00eft\u00e9s et des mauvais usages que font certains de son application, son \u00e9ditrice a pris la d\u00e9cision, c&rsquo;est encore vrai au moment o\u00f9 j&rsquo;\u00e9cris ces lignes, de la mettre en pause, histoire de r\u00e9fl\u00e9chir, dit-elle, \u00e0 la mise en place d&rsquo;\u00ab\u00a0un syst\u00e8me de mod\u00e9ration plus \u00e9labor\u00e9\u00a0\u00bb.<\/p>\n<p><img loading=\"lazy\" decoding=\"async\" class=\"alignright size-medium wp-image-3359\" src=\"http:\/\/www.culture-numerique.fr\/wp-content\/uploads\/2015\/06\/Screenshot_2015-06-08-09-59-45-300x187.png\" alt=\"Gossip revient\" width=\"300\" height=\"187\" srcset=\"https:\/\/www.culture-numerique.fr\/wp-content\/uploads\/2015\/06\/Screenshot_2015-06-08-09-59-45-300x187.png 300w, https:\/\/www.culture-numerique.fr\/wp-content\/uploads\/2015\/06\/Screenshot_2015-06-08-09-59-45-100x62.png 100w, https:\/\/www.culture-numerique.fr\/wp-content\/uploads\/2015\/06\/Screenshot_2015-06-08-09-59-45-150x93.png 150w, https:\/\/www.culture-numerique.fr\/wp-content\/uploads\/2015\/06\/Screenshot_2015-06-08-09-59-45-200x124.png 200w, https:\/\/www.culture-numerique.fr\/wp-content\/uploads\/2015\/06\/Screenshot_2015-06-08-09-59-45-450x280.png 450w, https:\/\/www.culture-numerique.fr\/wp-content\/uploads\/2015\/06\/Screenshot_2015-06-08-09-59-45-600x373.png 600w, https:\/\/www.culture-numerique.fr\/wp-content\/uploads\/2015\/06\/Screenshot_2015-06-08-09-59-45.png 720w\" sizes=\"auto, (max-width: 300px) 100vw, 300px\" \/>Ce matin, le message \u00e9tait l\u00e9g\u00e8rement diff\u00e9rent.<\/p>\n<p>Les CGU (conditions g\u00e9n\u00e9rales d&rsquo;utilisation) sont tr\u00e8s vagues sur la nature des messages et parfaitement explicites sur bien d&rsquo;autres points.<\/p>\n<p>Les messages publi\u00e9s, je l&rsquo;ai dit, sont appel\u00e9s indiff\u00e9remment potins, ragots ou rumeurs, quand il s&rsquo;agit de courts textes, \u00ab\u00a0preuves\u00a0\u00bb s&rsquo;il s&rsquo;agit de photos ou de vid\u00e9os. Si le premier mot de \u00ab\u00a0potin\u00a0\u00bb peut sans doute\u00a0\u00eatre compris\u00a0comme un clin d&rsquo;\u0153il aimable et coquin \u00e0 un ami ou une connaissance, les deux derniers ont des acceptions plus franchement malveillantes. <strong>Il y a urgence, je crois, \u00e0 clarifier ce vocabulaire<\/strong>.<\/p>\n<p>Les conditions d&rsquo;adh\u00e9sion, pour lutter contre les d\u00e9rives de l&rsquo;anonymat et responsabiliser les utilisateurs, sont drastiques, m\u00eame si elles ne semblent pas \u00eatre appliqu\u00e9es encore\u00a0: il faut avoir 16 ans \u2014\u00a0c&rsquo;est inv\u00e9rifiable, bien s\u00fbr\u00a0\u2014 et fournir deux donn\u00e9es personnelles, adresse de courriel et num\u00e9ro de t\u00e9l\u00e9phone, dont la validit\u00e9 est suppos\u00e9e \u00eatre v\u00e9rifi\u00e9e pour chacune d&rsquo;entre elles avant toute premi\u00e8re utilisation.<\/p>\n<p><img loading=\"lazy\" decoding=\"async\" class=\"alignleft wp-image-3364 size-full\" src=\"http:\/\/www.culture-numerique.fr\/wp-content\/uploads\/2015\/06\/Screenshot_2015-06-06-17-51-58.png\" alt=\"Preuve\" width=\"325\" height=\"552\" srcset=\"https:\/\/www.culture-numerique.fr\/wp-content\/uploads\/2015\/06\/Screenshot_2015-06-06-17-51-58.png 325w, https:\/\/www.culture-numerique.fr\/wp-content\/uploads\/2015\/06\/Screenshot_2015-06-06-17-51-58-177x300.png 177w, https:\/\/www.culture-numerique.fr\/wp-content\/uploads\/2015\/06\/Screenshot_2015-06-06-17-51-58-100x170.png 100w, https:\/\/www.culture-numerique.fr\/wp-content\/uploads\/2015\/06\/Screenshot_2015-06-06-17-51-58-150x255.png 150w, https:\/\/www.culture-numerique.fr\/wp-content\/uploads\/2015\/06\/Screenshot_2015-06-06-17-51-58-200x340.png 200w, https:\/\/www.culture-numerique.fr\/wp-content\/uploads\/2015\/06\/Screenshot_2015-06-06-17-51-58-300x510.png 300w\" sizes=\"auto, (max-width: 325px) 100vw, 325px\" \/>Par ailleurs, m\u00eame si l&rsquo;\u00e9diteur s&rsquo;engage \u00e0 ne pas s&rsquo;en servir (!), l&rsquo;utilisateur autorise ce dernier \u00e0 lui pr\u00e9senter les contacts Facebook et t\u00e9l\u00e9phoniques de son appareil mobile.<\/p>\n<p>Enfin, les conditions d&rsquo;utilisation formulent clairement <strong>le rappel des convenances et de la loi<\/strong>, toutes sortes de choses qu&rsquo;il peut \u00eatre utile de relire ou de rappeler aux jeunes utilisateurs\u00a0: les atteintes aux droits d&rsquo;un tiers, dont la haine, la violence, le racisme, la discrimination, le harc\u00e8lement, l&rsquo;injure et la diffamation, la pornographie, etc.<\/p>\n<p>Il ne faut pas \u00eatre dupe. Les concepteurs de l&rsquo;application savent parfaitement que des exc\u00e8s peuvent \u00eatre commis mais les conditions d&rsquo;utilisation les d\u00e9chargent de toute responsabilit\u00e9, y compris pour \u00ab\u00a0<em><span style=\"color: #993366;\">un message \u00e9crit sous une fausse identit\u00e9, mensonger ou dans le but d\u2019induire en erreur le lecteur.<\/span><\/em>\u00a0\u00bb<\/p>\n<p>Je ne sais pas, pour ma part, si cette application pr\u00e9sente un int\u00e9r\u00eat quelconque. S&rsquo;il s&rsquo;agit de faire courir quelques innocents potins ou aimables plaisanteries, je ne vois pas le probl\u00e8me. Mais le danger existe \u2014\u00a0il vaut pour toutes les applications du m\u00eame type, toutes celles qui permettent de s&rsquo;exprimer sans nuances dans un trop court message\u00a0\u2014 de possibles d\u00e9tournements, de mauvaises interpr\u00e9tations, de messages r\u00e9ellement inconvenants ou blessants s&rsquo;adressant \u00e0 des jeunes adolescents fragiles ou fragilis\u00e9s. Et puis, il y a tellement d&rsquo;autres lieux o\u00f9 exercer sa libert\u00e9 \u00e0 s&rsquo;exprimer en ligne peut se faire dans des conditions plus respectables et plus valorisantes\u00a0!<\/p>\n<p>Ainsi, dans l&rsquo;attente de pr\u00e9cisions quant au vocabulaire employ\u00e9, aux conditions d&rsquo;adh\u00e9sion et de responsabilisation, <strong>je conseillerais, pour ma part de se dispenser d&rsquo;utiliser Gossip<\/strong>.<\/p>\n<p>Et de mettre en place, dans les \u00e9coles ou \u00e9tablissements de ce pays, <strong>les n\u00e9cessaires mesures d&rsquo;accompagnement \u00e9ducatif<\/strong>. Il serait temps.<\/p>\n<p>Et de l\u00e9gif\u00e9rer pour d\u00e9finir le harc\u00e8lement ensuite.<strong> Mais censurer\u00a0? Jamais.<\/strong><\/p>\n<p>[Mise \u00e0 jour 22 h\u00a0: Gossip est r\u00e9ouvert, avec une validation par t\u00e9l\u00e9phone et, peut-\u00eatre, \u00e0 v\u00e9rifier, une mod\u00e9ration]<\/p>\n<p>[Mise \u00e0 jour 20 mars 2017 : Gossip, <a href=\"http:\/\/www.numerama.com\/tech\/242058-la-cnil-signe-la-mort-de-lappli-de-potins-anonymes-gossip.html\" target=\"_blank\" rel=\"noopener\">c&rsquo;est fini<\/a>]<\/p>\n<p>Michel Guillou\u00a0<a href=\"https:\/\/twitter.com\/michelguillou\" target=\"_blank\" rel=\"noopener\">@michelguillou<\/a><\/p>\n<p><a href=\"http:\/\/creativecommons.org\/licenses\/by-nc-sa\/2.0\/fr\/\" target=\"_blank\" rel=\"noopener\"><img loading=\"lazy\" decoding=\"async\" src=\"http:\/\/i.creativecommons.org\/l\/by-nc-sa\/2.0\/fr\/80x15.png\" alt=\"image\" width=\"80\" height=\"15\" \/><\/a><\/p>\n<p>Cr\u00e9dit photo\u00a0: Claude Truong-Ngoc [<a href=\"http:\/\/creativecommons.org\/licenses\/by-sa\/3.0\">CC BY-SA 3.0<\/a>], <a href=\"http:\/\/commons.wikimedia.org\/wiki\/File%3ASarre-Union_lyc%C3%A9ens_pendant_c%C3%A9r%C3%A9monie_profanation_cimeti%C3%A8re_juif_17_f%C3%A9vrier_2015.jpg\">via Wikimedia Commons<\/a><\/p>\n<ol>\n<li>Engagement num\u00e9rique de l\u2019\u00e9cole\u00a0: quelques bonnes raisons de craindre le pire\u2026\u00a0<a href=\"http:\/\/www.culture-numerique.fr\/?p=2956\" target=\"_blank\" rel=\"noopener\">http:\/\/www.culture-numerique.fr\/?p=2956<\/a><\/li>\n<li>La libert\u00e9 d\u2019expression doit imp\u00e9rativement s\u2019enseigner\u00a0<a href=\"http:\/\/www.culture-numerique.fr\/?p=2562\" target=\"_blank\" rel=\"noopener\">http:\/\/www.culture-numerique.fr\/?p=2562<\/a><\/li>\n<li>L\u2019\u00e9ducation aux m\u00e9dias et \u00e0 l\u2019information est incompatible avec la censure g\u00e9n\u00e9ralis\u00e9e du web\u00a0<a href=\"http:\/\/www.culture-numerique.fr\/?p=2591\" target=\"_blank\" rel=\"noopener\">http:\/\/www.culture-numerique.fr\/?p=2591<\/a><\/li>\n<\/ol>\n<p>[cite]<\/p>\n","protected":false},"excerpt":{"rendered":"<p><img loading=\"lazy\" decoding=\"async\" class=\"aligncenter size-full wp-image-3330\" src=\"http:\/\/www.culture-numerique.fr\/wp-content\/uploads\/2015\/06\/Sarre-Union_lyc\u00e9ens_pendant_c\u00e9r\u00e9monie_profanation_cimeti\u00e8re_juif_17_f\u00e9vrier_2015.jpg\" alt=\"Lyc\u00e9ens\" width=\"1024\" height=\"683\" srcset=\"https:\/\/www.culture-numerique.fr\/wp-content\/uploads\/2015\/06\/Sarre-Union_lyc\u00e9ens_pendant_c\u00e9r\u00e9monie_profanation_cimeti\u00e8re_juif_17_f\u00e9vrier_2015.jpg 1024w, https:\/\/www.culture-numerique.fr\/wp-content\/uploads\/2015\/06\/Sarre-Union_lyc\u00e9ens_pendant_c\u00e9r\u00e9monie_profanation_cimeti\u00e8re_juif_17_f\u00e9vrier_2015-300x200.jpg 300w, https:\/\/www.culture-numerique.fr\/wp-content\/uploads\/2015\/06\/Sarre-Union_lyc\u00e9ens_pendant_c\u00e9r\u00e9monie_profanation_cimeti\u00e8re_juif_17_f\u00e9vrier_2015-100x67.jpg 100w, https:\/\/www.culture-numerique.fr\/wp-content\/uploads\/2015\/06\/Sarre-Union_lyc\u00e9ens_pendant_c\u00e9r\u00e9monie_profanation_cimeti\u00e8re_juif_17_f\u00e9vrier_2015-150x100.jpg 150w, https:\/\/www.culture-numerique.fr\/wp-content\/uploads\/2015\/06\/Sarre-Union_lyc\u00e9ens_pendant_c\u00e9r\u00e9monie_profanation_cimeti\u00e8re_juif_17_f\u00e9vrier_2015-200x133.jpg 200w, https:\/\/www.culture-numerique.fr\/wp-content\/uploads\/2015\/06\/Sarre-Union_lyc\u00e9ens_pendant_c\u00e9r\u00e9monie_profanation_cimeti\u00e8re_juif_17_f\u00e9vrier_2015-450x300.jpg 450w, https:\/\/www.culture-numerique.fr\/wp-content\/uploads\/2015\/06\/Sarre-Union_lyc\u00e9ens_pendant_c\u00e9r\u00e9monie_profanation_cimeti\u00e8re_juif_17_f\u00e9vrier_2015-600x400.jpg 600w, https:\/\/www.culture-numerique.fr\/wp-content\/uploads\/2015\/06\/Sarre-Union_lyc\u00e9ens_pendant_c\u00e9r\u00e9monie_profanation_cimeti\u00e8re_juif_17_f\u00e9vrier_2015-900x600.jpg 900w\" sizes=\"auto, (max-width: 1024px) 100vw, 1024px\" \/><\/p>\n<p><strong>On peut en douter, en effet<\/strong>. D\u00e9j\u00e0, tout r\u00e9cemment, les r\u00e9sultats de la concertation nationale sur le num\u00e9rique \u00e9ducatif avaient pu para\u00eetre, sur ce point, particuli\u00e8rement pr\u00e9occupants. Rappelez-vous, je l&rsquo;avais \u00e9voqu\u00e9 dans un r\u00e9cent billet (1),\u00a0<\/p>\n<p><span class=\"ellipsis\">&hellip;<\/span><\/p>\n<div class=\"read-more\"><a href=\"https:\/\/www.culture-numerique.fr\/?p=3325\">Lire la suite &#8250;<\/a><\/div>\n<p><!-- end of .read-more --><\/p>\n","protected":false},"author":1,"featured_media":3330,"comment_status":"open","ping_status":"open","sticky":false,"template":"","format":"standard","meta":{"jetpack_post_was_ever_published":false,"_jetpack_newsletter_access":"","_jetpack_dont_email_post_to_subs":true,"_jetpack_newsletter_tier_id":0,"_jetpack_memberships_contains_paywalled_content":false,"_jetpack_memberships_contains_paid_content":false,"footnotes":""},"categories":[9],"tags":[27,14,66,530,603,373,13,606,605,155,604],"class_list":["post-3325","post","type-post","status-publish","format-standard","has-post-thumbnail","hentry","category-billets-dhumeur","tag-anonymat","tag-censure","tag-ecole-numerique","tag-education-aux-medias-et-a-linformation","tag-gossip","tag-harcelement","tag-liberte-dexpression","tag-organisations-lyceennes","tag-potins","tag-responsabilite","tag-rumeur"],"jetpack_featured_media_url":"https:\/\/www.culture-numerique.fr\/wp-content\/uploads\/2015\/06\/Sarre-Union_lyc\u00e9ens_pendant_c\u00e9r\u00e9monie_profanation_cimeti\u00e8re_juif_17_f\u00e9vrier_2015.jpg","jetpack_sharing_enabled":true,"_links":{"self":[{"href":"https:\/\/www.culture-numerique.fr\/index.php?rest_route=\/wp\/v2\/posts\/3325","targetHints":{"allow":["GET"]}}],"collection":[{"href":"https:\/\/www.culture-numerique.fr\/index.php?rest_route=\/wp\/v2\/posts"}],"about":[{"href":"https:\/\/www.culture-numerique.fr\/index.php?rest_route=\/wp\/v2\/types\/post"}],"author":[{"embeddable":true,"href":"https:\/\/www.culture-numerique.fr\/index.php?rest_route=\/wp\/v2\/users\/1"}],"replies":[{"embeddable":true,"href":"https:\/\/www.culture-numerique.fr\/index.php?rest_route=%2Fwp%2Fv2%2Fcomments&post=3325"}],"version-history":[{"count":47,"href":"https:\/\/www.culture-numerique.fr\/index.php?rest_route=\/wp\/v2\/posts\/3325\/revisions"}],"predecessor-version":[{"id":7303,"href":"https:\/\/www.culture-numerique.fr\/index.php?rest_route=\/wp\/v2\/posts\/3325\/revisions\/7303"}],"wp:featuredmedia":[{"embeddable":true,"href":"https:\/\/www.culture-numerique.fr\/index.php?rest_route=\/wp\/v2\/media\/3330"}],"wp:attachment":[{"href":"https:\/\/www.culture-numerique.fr\/index.php?rest_route=%2Fwp%2Fv2%2Fmedia&parent=3325"}],"wp:term":[{"taxonomy":"category","embeddable":true,"href":"https:\/\/www.culture-numerique.fr\/index.php?rest_route=%2Fwp%2Fv2%2Fcategories&post=3325"},{"taxonomy":"post_tag","embeddable":true,"href":"https:\/\/www.culture-numerique.fr\/index.php?rest_route=%2Fwp%2Fv2%2Ftags&post=3325"}],"curies":[{"name":"wp","href":"https:\/\/api.w.org\/{rel}","templated":true}]}}