{"id":3297,"date":"2015-05-31T11:06:23","date_gmt":"2015-05-31T09:06:23","guid":{"rendered":"http:\/\/www.culture-numerique.fr\/?p=3297"},"modified":"2017-03-04T23:36:46","modified_gmt":"2017-03-04T22:36:46","slug":"avec-le-numerique-tout-se-partage-surtout-leducation-aux-medias-et-a-linformation","status":"publish","type":"post","link":"https:\/\/www.culture-numerique.fr\/?p=3297","title":{"rendered":"Avec le num\u00e9rique, tout se partage, surtout l&rsquo;\u00e9ducation aux m\u00e9dias et \u00e0 l&rsquo;information"},"content":{"rendered":"<p><img loading=\"lazy\" decoding=\"async\" class=\"aligncenter size-full wp-image-3303\" src=\"http:\/\/www.culture-numerique.fr\/wp-content\/uploads\/2015\/05\/2944376209_6eccb4f6d2_b.jpg\" alt=\"Puzzle\" width=\"1024\" height=\"686\" srcset=\"https:\/\/www.culture-numerique.fr\/wp-content\/uploads\/2015\/05\/2944376209_6eccb4f6d2_b.jpg 1024w, https:\/\/www.culture-numerique.fr\/wp-content\/uploads\/2015\/05\/2944376209_6eccb4f6d2_b-300x201.jpg 300w, https:\/\/www.culture-numerique.fr\/wp-content\/uploads\/2015\/05\/2944376209_6eccb4f6d2_b-100x67.jpg 100w, https:\/\/www.culture-numerique.fr\/wp-content\/uploads\/2015\/05\/2944376209_6eccb4f6d2_b-150x100.jpg 150w, https:\/\/www.culture-numerique.fr\/wp-content\/uploads\/2015\/05\/2944376209_6eccb4f6d2_b-200x134.jpg 200w, https:\/\/www.culture-numerique.fr\/wp-content\/uploads\/2015\/05\/2944376209_6eccb4f6d2_b-450x301.jpg 450w, https:\/\/www.culture-numerique.fr\/wp-content\/uploads\/2015\/05\/2944376209_6eccb4f6d2_b-600x402.jpg 600w, https:\/\/www.culture-numerique.fr\/wp-content\/uploads\/2015\/05\/2944376209_6eccb4f6d2_b-900x603.jpg 900w\" sizes=\"auto, (max-width: 1024px) 100vw, 1024px\" \/><\/p>\n<p><strong>On lit de ces choses aujourd&rsquo;hui\u00a0!<\/strong> Voil\u00e0 que circule sur les r\u00e9seaux sociaux une p\u00e9tition \u00e9tonnante et que vitup\u00e8rent dans les m\u00eames lieux des enseignants qui ne m&rsquo;avaient pas habitu\u00e9 jusque l\u00e0 \u00e0 tant d&rsquo;invraisemblable absence de recul et de raison.<\/p>\n<p><strong>De quoi s&rsquo;agit-il\u00a0?<\/strong> Cette fichue r\u00e9forme du coll\u00e8ge a certes le mauvais go\u00fbt de susciter le r\u00e9veil du quarteron des nostalgiques et des r\u00e9actionnaires. Rien l\u00e0 d&rsquo;\u00e9tonnant\u00a0! On s&rsquo;y attendait, bien s\u00fbr. En revanche, je ne m&rsquo;attendais pas, pour ma part, \u00e0 voir se succ\u00e9der aux portes des cabinets la cohorte des associations disciplinaires qui viennent r\u00e9clamer leur part du g\u00e2teau voire se plaindre qu&rsquo;on croque la part qui leur est allou\u00e9e, m\u00eame quand \u00e7a n&rsquo;est pas vrai. J&rsquo;avais oubli\u00e9 aussi que certains syndicats client\u00e9listes \u00e9taient \u00e0 ce point pr\u00e9occup\u00e9s de flatter les pr\u00e9occupations nombrilistes de leurs adh\u00e9rents comme ils pouvaient\u00a0voir, par exemple, dans la mise en \u0153uvre des enseignements interdisciplinaires, une man\u0153uvre gouvernementale pour <strong>organiser la concurrence entre les enseignants <\/strong>et donner plus de pouvoir aux chefs d&rsquo;\u00e9tablissement\u00a0<strong>!<\/strong>\u00a0Je ne plaisante pas, j&rsquo;ai \u00e9voqu\u00e9 cela il y a quelques jours \u00e0 peine (1).<\/p>\n<p>Les plaintes et les r\u00e9criminations viennent cette fois d&rsquo;un c\u00f4t\u00e9 o\u00f9 les attendait moins, la corporation des professeurs documentalistes. Il \u00a0est vrai que ces derniers\u00a0\u2014\u00a0j&rsquo;ai du mal avec ce masculin tant la profession est f\u00e9minine\u00a0\u2014 ont \u00e9t\u00e9 particuli\u00e8rement malmen\u00e9s ces derni\u00e8res ann\u00e9es. Les \u00ab\u00a0profs docs\u00a0\u00bb\u00a0n&rsquo;ont toujours pas droit \u00e0 l&rsquo;agr\u00e9gation, ce qui ne me navre pas, mais n&rsquo;ont pas non plus acc\u00e8s aux heures suppl\u00e9mentaires, ce qui est proprement scandaleux. Par ailleurs, ils sont g\u00e9n\u00e9ralement, sauf exceptions, peu valoris\u00e9s dans les \u00e9tablissements scolaires, car consid\u00e9r\u00e9s au mieux comme des biblioth\u00e9caires et tr\u00e8s souvent, malheureusement, comme des assistants p\u00e9dagogiques.<\/p>\n<p>Mais les termes m\u00eames de <a href=\"http:\/\/www.petitionpublique.fr\/?pi=P2015N47860\" target=\"_blank\">leurs derni\u00e8res revendications<\/a> ne laissent pas d&rsquo;inqui\u00e9ter. En tant que sp\u00e9cialistes des sciences de l&rsquo;information et de la communication\u00a0\u2014\u00a0dans la p\u00e9tition, ces trois derniers mots ont des capitales initiales, on se demande\u00a0ce qui leur conf\u00e8re ici le statut de nom propre\u00a0!\u00a0\u2014 <strong>ils r\u00e9clament qu&rsquo;on reconnaisse leur expertise<\/strong> dans le domaine de l&rsquo;\u00e9ducation aux m\u00e9dias et \u00e0 l&rsquo;information.<\/p>\n<p>Ce n&rsquo;est pas moi qui vais nier la place pr\u00e9pond\u00e9rante et toute particuli\u00e8re que prennent et continueront \u00e0 prendre les professeurs documentalistes sur le chantier de l&rsquo;\u00e9ducation aux m\u00e9dias et \u00e0 l&rsquo;information qui restent r\u00e9f\u00e9rents en la mati\u00e8re. Ceux qui me lisent ou me connaissent savent bien que je n&rsquo;ai cess\u00e9 de le r\u00e9p\u00e9ter, dans les billets de ce blogue bien s\u00fbr, mais aussi en d&rsquo;autres lieux et circonstances. \u00a0<strong>Mais\u00a0je d\u00e9plore\u00a0cet emploi d\u00e9cal\u00e9 du mot \u00ab\u00a0expertise\u00a0\u00bb<\/strong> l\u00e0 o\u00f9 on ne discerne que des comp\u00e9tences professionnelles particuli\u00e8res li\u00e9es \u00e0 la formation et \u00e0 la discipline\u2026\u00a0Tenez, <a href=\"http:\/\/www.docpourdocs.fr\/spip.php?article546\" target=\"_blank\">je cite une nouvelle fois<\/a> <a href=\"http:\/\/fr.wikipedia.org\/wiki\/Louise_Merzeau\" target=\"_blank\">Louise Merzeau<\/a>, interrog\u00e9e \u00e0 propos du num\u00e9rique mais ce qu&rsquo;elle dit s&rsquo;applique \u00e0 l&rsquo;identique \u00e0 l&rsquo;\u00e9ducation aux m\u00e9dias, qui s&rsquo;exprime ainsi dans <a href=\"http:\/\/www.docpourdocs.fr\" target=\"_blank\">Docpourdocs<\/a>\u00a0\u2014\u00a0un site que les r\u00e9dacteurs de cette p\u00e9tition devraient lire plus souvent\u00a0:<\/p>\n<blockquote><p>\u00ab\u00a0Il est important de sortir le num\u00e9rique des discours de l\u2019expertise. M\u00eame un utilisateur assidu, qui s\u2019est familiaris\u00e9 avec des machines, des environnements, des logiciels, aura toujours quelque chose \u00e0 apprendre au fil de sa pratique. Les repr\u00e9sentations clivantes [&#8230;]\u00a0propagent une vision fausse et nuisible. Il faut renoncer au mythe du point de vue surplombant de l\u2019expert qui ma\u00eetriserait tout une fois pour toutes, et accepter d\u2019\u00eatre dans un inconfort un peu hasardeux, mais finalement beaucoup plus enrichissant.\u00a0\u00bb.<\/p><\/blockquote>\n<p>Clair, limpide. \u00c0 l&rsquo;heure du num\u00e9rique, <strong>la haute et\u00a0splendide figure des experts s&rsquo;estompe<\/strong>, se dissipe.<\/p>\n<p>Ce qui est beaucoup plus g\u00eanant dans cette histoire, c&rsquo;est le sous-entendu, derri\u00e8re cette suppos\u00e9e expertise, de l&rsquo;exclusivit\u00e9 du discours autoris\u00e9. Dans certains \u00e9changes que j&rsquo;ai pu avoir sur les r\u00e9seaux sociaux avec des professeurs documentalistes comme avec\u00a0certains de leurs formateurs universitaires, il y avait clairement derri\u00e8re ce mot d&rsquo;expertise l&rsquo;id\u00e9e explicite, cette fois, du refus du partage de ce chantier. C&rsquo;est, ce serait, une erreur fondamentale.<\/p>\n<p><strong>L&rsquo;\u00e9ducation aux m\u00e9dias et \u00e0 l&rsquo;information est et restera un chantier transversal<\/strong>. Elle\u00a0traverse toutes les disciplines, dont celle exerc\u00e9e par les professeurs documentalistes. Cette \u00e9vidence est rappel\u00e9e par un professeur documentaliste soi-m\u00eame qui a particip\u00e9 aux travaux du Conseil sup\u00e9rieur des programmes et <a href=\"http:\/\/www.cahiers-pedagogiques.com\/L-education-aux-medias-et-a-l-information-dans-les-programmes-une-avancee\" target=\"_blank\">r\u00e9pond aux questions<\/a> que lui pose <em><a href=\"http:\/\/www.cahiers-pedagogiques.com\/\" target=\"_blank\">Les Cahiers p\u00e9dagogiques<\/a><\/em>\u00a0:<\/p>\n<blockquote><p>\u00abLe cadrage donn\u00e9 par le ministre au CSP \u00e9tait clair : il s\u2019agissait de pr\u00e9senter dans chaque cycle la contribution de chaque discipline ou champ d\u2019enseignement \u00e0 l\u2019acquisition de chacun des domaines du socle commun.\u00a0Notre groupe de travail s\u2019en est donc tenu, pour l\u2019EMI, \u00e0 ce cadre l\u00e9gitim\u00e9 par la consultation nationale sur le socle qui a fait appara\u00eetre la n\u00e9cessit\u00e9 absolue de relier socle commun et programmes.\u00a0\u00bb<\/p><\/blockquote>\n<p>C&rsquo;est bien le propos, qui n&rsquo;est d&rsquo;ailleurs pas une probl\u00e9matique nouvelle\u00a0: le num\u00e9rique, dont l&rsquo;\u00e9ducation aux m\u00e9dias et \u00e0 l&rsquo;information fait partie parce qu&rsquo;elle participe \u00e0 \u00e9clairer de cette dimension une culture ou une litt\u00e9ratie globales \u2014\u00a0je pressens qu&rsquo;on va me chicaner sur ce point mais j&rsquo;assume\u00a0\u2014<strong> doit \u00eatre pris en charge par toutes les disciplines<\/strong>, par tous les champs, par tous les professeurs. Par ailleurs, ces derniers se trouvent fort heureusement dans l&rsquo;obligation de collaborer avec leurs coll\u00e8gues pour mettre en \u0153uvre l&rsquo;acquisition des comp\u00e9tences transversales li\u00e9es \u00e0 ces domaines, par exemple dans ces enseignements pratiques interdisciplinaires.<\/p>\n<p>On ne comprend pas, en cons\u00e9quence, pourquoi les professeurs documentalistes refusent <strong>d&rsquo;\u00eatre les accompagnateurs des projets<\/strong> qu&rsquo;on y conduira. Sans doute dans leur esprit et, en particulier, dans l&rsquo;esprit des p\u00e9titionnaires, le mot d&rsquo;\u00ab\u00a0accompagnateur\u00a0\u00bb peut-il appara\u00eetre comme d\u00e9valorisant\u2026 Sans doute, les professeurs documentalistes, qui ont eu tant de mal \u00e0 convaincre qu&rsquo;ils \u00e9taient, eux aussi des professeurs, ressentent-ils cette nouvelle appellation comme d\u00e9gradante\u2026 Il s&rsquo;agit l\u00e0 \u00e0 nouveau\u00a0d&rsquo;une erreur fondamentale\u00a0: je ne le cesse de le r\u00e9p\u00e9ter, <strong>le num\u00e9rique contraint le ma\u00eetre \u00e0 quitter son habit moir\u00e9 d&rsquo;expert, \u00e0 descendre de son estrade, \u00e0 changer de discours<\/strong> et \u00e0 accompagner les parcours et l&rsquo;appropriation individuels plut\u00f4t qu&rsquo;\u00e0 instruire. Il s&rsquo;agit l\u00e0 d&rsquo;une r\u00e9volution radicale dont peu sont \u00e0 m\u00eame de percevoir la port\u00e9e et les enjeux.<\/p>\n<p><img loading=\"lazy\" decoding=\"async\" class=\"alignright size-medium wp-image-3315\" src=\"http:\/\/www.culture-numerique.fr\/wp-content\/uploads\/2015\/05\/11269740_457894541038942_5647065636225017057_n-300x300.png\" alt=\"Pas sans les profs docs\" width=\"300\" height=\"300\" srcset=\"https:\/\/www.culture-numerique.fr\/wp-content\/uploads\/2015\/05\/11269740_457894541038942_5647065636225017057_n-300x300.png 300w, https:\/\/www.culture-numerique.fr\/wp-content\/uploads\/2015\/05\/11269740_457894541038942_5647065636225017057_n-150x150.png 150w, https:\/\/www.culture-numerique.fr\/wp-content\/uploads\/2015\/05\/11269740_457894541038942_5647065636225017057_n-100x100.png 100w, https:\/\/www.culture-numerique.fr\/wp-content\/uploads\/2015\/05\/11269740_457894541038942_5647065636225017057_n-200x200.png 200w, https:\/\/www.culture-numerique.fr\/wp-content\/uploads\/2015\/05\/11269740_457894541038942_5647065636225017057_n-450x450.png 450w, https:\/\/www.culture-numerique.fr\/wp-content\/uploads\/2015\/05\/11269740_457894541038942_5647065636225017057_n-600x600.png 600w, https:\/\/www.culture-numerique.fr\/wp-content\/uploads\/2015\/05\/11269740_457894541038942_5647065636225017057_n.png 720w\" sizes=\"auto, (max-width: 300px) 100vw, 300px\" \/>Personne n&rsquo;y \u00e9chappera et les professeurs documentalistes ne seront pas non plus \u00e9pargn\u00e9s. Mais c&rsquo;est une perspective plut\u00f4t r\u00e9jouissante, cet \u00ab\u00a0inconfort un peu hasardeux\u00a0\u00bb. Qui veut bien relever le d\u00e9fi\u00a0?<\/p>\n<p>[Mise \u00e0 jour\u00a013 h\u00a0: je tombe par hasard sur cette affiche que je reproduis ci-dessus et avec le slogan de laquelle je suis d&rsquo;accord, s&rsquo;il se suffit \u00e0 soi-m\u00eame. Mais pourquoi s&rsquo;inqui\u00e9ter \u00e0 ce point\u00a0? Encore une fois, la perspective est r\u00e9jouissante\u2026]<\/p>\n<p>Michel Guillou\u00a0<a href=\"https:\/\/twitter.com\/michelguillou\" target=\"_blank\">@michelguillou<\/a><\/p>\n<p><a href=\"http:\/\/creativecommons.org\/licenses\/by-nc-sa\/2.0\/fr\/\" target=\"_blank\"><img loading=\"lazy\" decoding=\"async\" src=\"http:\/\/i.creativecommons.org\/l\/by-nc-sa\/2.0\/fr\/80x15.png\" alt=\"image\" width=\"80\" height=\"15\" \/><\/a><\/p>\n<p>Cr\u00e9dit photo : <a href=\"https:\/\/www.flickr.com\/photos\/lizadaly\/2944376209\" target=\"_blank\">Lizadaly sur Flickr<\/a><\/p>\n<p>1.\u00a0Les 31 nouveaux d\u00e9fis pour le coll\u00e8ge, mais aussi pour l\u2019\u00c9cole et l\u2019Universit\u00e9\u00a0<a href=\"http:\/\/www.culture-numerique.fr\/?p=3207\" target=\"_blank\">http:\/\/www.culture-numerique.fr\/?p=3207<\/a><\/p>\n<p>[cite]<\/p>\n","protected":false},"excerpt":{"rendered":"<p><img loading=\"lazy\" decoding=\"async\" class=\"aligncenter size-full wp-image-3303\" src=\"http:\/\/www.culture-numerique.fr\/wp-content\/uploads\/2015\/05\/2944376209_6eccb4f6d2_b.jpg\" alt=\"Puzzle\" width=\"1024\" height=\"686\" srcset=\"https:\/\/www.culture-numerique.fr\/wp-content\/uploads\/2015\/05\/2944376209_6eccb4f6d2_b.jpg 1024w, https:\/\/www.culture-numerique.fr\/wp-content\/uploads\/2015\/05\/2944376209_6eccb4f6d2_b-300x201.jpg 300w, https:\/\/www.culture-numerique.fr\/wp-content\/uploads\/2015\/05\/2944376209_6eccb4f6d2_b-100x67.jpg 100w, https:\/\/www.culture-numerique.fr\/wp-content\/uploads\/2015\/05\/2944376209_6eccb4f6d2_b-150x100.jpg 150w, https:\/\/www.culture-numerique.fr\/wp-content\/uploads\/2015\/05\/2944376209_6eccb4f6d2_b-200x134.jpg 200w, https:\/\/www.culture-numerique.fr\/wp-content\/uploads\/2015\/05\/2944376209_6eccb4f6d2_b-450x301.jpg 450w, https:\/\/www.culture-numerique.fr\/wp-content\/uploads\/2015\/05\/2944376209_6eccb4f6d2_b-600x402.jpg 600w, https:\/\/www.culture-numerique.fr\/wp-content\/uploads\/2015\/05\/2944376209_6eccb4f6d2_b-900x603.jpg 900w\" sizes=\"auto, (max-width: 1024px) 100vw, 1024px\" \/><\/p>\n<p><strong>On lit de ces choses aujourd&rsquo;hui\u00a0!<\/strong> Voil\u00e0 que circule sur les r\u00e9seaux sociaux une p\u00e9tition \u00e9tonnante et que vitup\u00e8rent dans les m\u00eames lieux des enseignants qui ne m&rsquo;avaient pas habitu\u00e9 jusque l\u00e0 \u00e0 tant d&rsquo;invraisemblable absence de recul et de raison.<\/p>\n<p><span class=\"ellipsis\">&hellip;<\/span><\/p>\n<div class=\"read-more\"><a href=\"https:\/\/www.culture-numerique.fr\/?p=3297\">Lire la suite &#8250;<\/a><\/div>\n<p><!-- end of .read-more --><\/p>\n","protected":false},"author":1,"featured_media":3303,"comment_status":"open","ping_status":"open","sticky":false,"template":"","format":"standard","meta":{"jetpack_post_was_ever_published":false,"_jetpack_newsletter_access":"","_jetpack_dont_email_post_to_subs":true,"_jetpack_newsletter_tier_id":0,"_jetpack_memberships_contains_paywalled_content":false,"_jetpack_memberships_contains_paid_content":false,"footnotes":""},"categories":[9],"tags":[486,123,79,111,530,529,602,286,597,131,600,601,53,229],"class_list":["post-3297","post","type-post","status-publish","format-standard","has-post-thumbnail","hentry","category-billets-dhumeur","tag-accompagnement","tag-champs-transversaux","tag-csp","tag-education-aux-medias","tag-education-aux-medias-et-a-linformation","tag-emi","tag-enseignements-pratiques-interdisciplinaires","tag-expertise","tag-interdisciplinarite","tag-partage","tag-professeur-documentaliste","tag-sciences-de-linformation-et-de-la-communication","tag-socle-commun","tag-transdisciplinarite"],"jetpack_featured_media_url":"https:\/\/www.culture-numerique.fr\/wp-content\/uploads\/2015\/05\/2944376209_6eccb4f6d2_b.jpg","jetpack_sharing_enabled":true,"_links":{"self":[{"href":"https:\/\/www.culture-numerique.fr\/index.php?rest_route=\/wp\/v2\/posts\/3297","targetHints":{"allow":["GET"]}}],"collection":[{"href":"https:\/\/www.culture-numerique.fr\/index.php?rest_route=\/wp\/v2\/posts"}],"about":[{"href":"https:\/\/www.culture-numerique.fr\/index.php?rest_route=\/wp\/v2\/types\/post"}],"author":[{"embeddable":true,"href":"https:\/\/www.culture-numerique.fr\/index.php?rest_route=\/wp\/v2\/users\/1"}],"replies":[{"embeddable":true,"href":"https:\/\/www.culture-numerique.fr\/index.php?rest_route=%2Fwp%2Fv2%2Fcomments&post=3297"}],"version-history":[{"count":19,"href":"https:\/\/www.culture-numerique.fr\/index.php?rest_route=\/wp\/v2\/posts\/3297\/revisions"}],"predecessor-version":[{"id":5901,"href":"https:\/\/www.culture-numerique.fr\/index.php?rest_route=\/wp\/v2\/posts\/3297\/revisions\/5901"}],"wp:featuredmedia":[{"embeddable":true,"href":"https:\/\/www.culture-numerique.fr\/index.php?rest_route=\/wp\/v2\/media\/3303"}],"wp:attachment":[{"href":"https:\/\/www.culture-numerique.fr\/index.php?rest_route=%2Fwp%2Fv2%2Fmedia&parent=3297"}],"wp:term":[{"taxonomy":"category","embeddable":true,"href":"https:\/\/www.culture-numerique.fr\/index.php?rest_route=%2Fwp%2Fv2%2Fcategories&post=3297"},{"taxonomy":"post_tag","embeddable":true,"href":"https:\/\/www.culture-numerique.fr\/index.php?rest_route=%2Fwp%2Fv2%2Ftags&post=3297"}],"curies":[{"name":"wp","href":"https:\/\/api.w.org\/{rel}","templated":true}]}}