{"id":3207,"date":"2015-05-23T19:11:35","date_gmt":"2015-05-23T17:11:35","guid":{"rendered":"http:\/\/www.culture-numerique.fr\/?p=3207"},"modified":"2015-05-25T13:58:57","modified_gmt":"2015-05-25T11:58:57","slug":"les-31-nouveaux-defis-pour-le-college-mais-aussi-pour-lecole-et-luniversite","status":"publish","type":"post","link":"https:\/\/www.culture-numerique.fr\/?p=3207","title":{"rendered":"Les 31 nouveaux d\u00e9fis pour le coll\u00e8ge, mais aussi pour l&rsquo;\u00c9cole et l&rsquo;Universit\u00e9"},"content":{"rendered":"<p><img loading=\"lazy\" decoding=\"async\" class=\"aligncenter size-full wp-image-3242\" src=\"http:\/\/www.culture-numerique.fr\/wp-content\/uploads\/2015\/05\/15705894061_4b8db7ff6f_b.jpg\" alt=\"Le Racinay\" width=\"1024\" height=\"683\" srcset=\"https:\/\/www.culture-numerique.fr\/wp-content\/uploads\/2015\/05\/15705894061_4b8db7ff6f_b.jpg 1024w, https:\/\/www.culture-numerique.fr\/wp-content\/uploads\/2015\/05\/15705894061_4b8db7ff6f_b-300x200.jpg 300w, https:\/\/www.culture-numerique.fr\/wp-content\/uploads\/2015\/05\/15705894061_4b8db7ff6f_b-100x67.jpg 100w, https:\/\/www.culture-numerique.fr\/wp-content\/uploads\/2015\/05\/15705894061_4b8db7ff6f_b-150x100.jpg 150w, https:\/\/www.culture-numerique.fr\/wp-content\/uploads\/2015\/05\/15705894061_4b8db7ff6f_b-200x133.jpg 200w, https:\/\/www.culture-numerique.fr\/wp-content\/uploads\/2015\/05\/15705894061_4b8db7ff6f_b-450x300.jpg 450w, https:\/\/www.culture-numerique.fr\/wp-content\/uploads\/2015\/05\/15705894061_4b8db7ff6f_b-600x400.jpg 600w, https:\/\/www.culture-numerique.fr\/wp-content\/uploads\/2015\/05\/15705894061_4b8db7ff6f_b-900x600.jpg 900w\" sizes=\"auto, (max-width: 1024px) 100vw, 1024px\" \/><\/p>\n<p><strong>Pour tout vous dire<\/strong>, j&rsquo;ai un peu de mal avec la r\u00e9forme du coll\u00e8ge telle qu&rsquo;elle fut mise au d\u00e9bat et telle qu&rsquo;elle a \u00e9t\u00e9 d\u00e9cid\u00e9e r\u00e9cemment. Les arguments avanc\u00e9s s\u00e9rieusement\u00a0\u2014\u00a0je n&rsquo;ai tenu strictement aucun compte des pitreries politiques ass\u00e9n\u00e9es par les anciens ministres de l&rsquo;\u00c9ducation nationale\u00a0\u2014 ne m&rsquo;ont gu\u00e8re convaincu, ni dans un sens, le <em>statu quo<\/em> d&rsquo;un coll\u00e8ge dont on sait qu&rsquo;il est tr\u00e8s in\u00e9galitaire, ni dans l&rsquo;autre, les suppos\u00e9es avanc\u00e9es de la derni\u00e8re mouture annonc\u00e9e.<\/p>\n<h4>La peur des \u00e9changes interdisciplinaires<\/h4>\n<p>Quand on lit, par exemple, qu&rsquo;une grande partie des professeurs est encore oppos\u00e9e \u00e0 ces fameux EPI (enseignements pratiques interdisciplinaires), il y a de quoi se faire s\u00e9rieusement du souci. Se r\u00e9f\u00e9rer, par exemple, \u00e0 ce sujet, \u00e0\u00a0<a href=\"http:\/\/www.snes.edu\/Reforme-du-college-28241.html\" target=\"_blank\">l&rsquo;avis du SNES-FSU<\/a>, syndicat majoritaire du second degr\u00e9, particuli\u00e8rement frileux et parano\u00efaque :<\/p>\n<blockquote><p>\u00ab L\u2019organisation des \u201censeignements pratiques interdisciplinaires\u201d (EPI), qui serait \u201c\u00e9labor\u00e9e en conseil p\u00e9dagogique et pr\u00e9sent\u00e9e en conseil d\u2019administration\u201d est \u00e0 ce jour floue et laisse craindre une usine \u00e0 gaz, doubl\u00e9e d\u2019un nouveau levier donn\u00e9 aux chefs d\u2019\u00e9tablissement pour pour faire pression sur les personnels, ou les mettre en concurrence.\u00a0\u00bb.<\/p><\/blockquote>\n<p>Je vous rappelle qu&rsquo;il s&rsquo;agit de consacrer une partie du temps global d&rsquo;enseignement, un cinqui\u00e8me en principe, \u00e0 des travaux p\u00e9dagogiques plus pratiques o\u00f9 les \u00e9l\u00e8ves seraient mis en activit\u00e9. On y enseignerait, via ces ateliers, les comp\u00e9tences disciplinaires des programmes habituels. Rien donc de tr\u00e8s r\u00e9volutionnaire\u00a0! Il faudrait juste que les professeurs de disciplines diff\u00e9rentes travaillent <strong>les uns \u00e0 c\u00f4t\u00e9 des autres<\/strong> \u00e0 la mise en \u0153uvre de ces ateliers. C&rsquo;est \u00e7a, l&rsquo;interdisciplinarit\u00e9. Juste travailler les uns \u00e0 c\u00f4t\u00e9 des autres avec, si affinit\u00e9s, la possibilit\u00e9 de travailler <strong>ensemble<\/strong>, de proposer aux \u00e9l\u00e8ves <strong>un discours coh\u00e9rent et commun<\/strong> sur la finalit\u00e9 de ces apprentissages.<\/p>\n<p>C&rsquo;est de \u00e7a que le SNES a peur\u00a0! C&rsquo;est \u00e7a qui, selon lui, mettrait en concurrence les enseignants. Comment <a href=\"https:\/\/fr.wikipedia.org\/wiki\/Wikip%C3%A9dia:Aphorisme_du_jour\/Archive4\">disait<\/a> <a href=\"https:\/\/fr.wikipedia.org\/wiki\/Edgar_Faure\" target=\"_blank\">Edgar Faure<\/a>, d\u00e9j\u00e0 ? Ah oui\u00a0:\u00a0\u00ab\u00a0<span style=\"color: #800000;\"><em>L&rsquo;immobilisme est en marche, et rien ne pourra l&rsquo;arr\u00eater<\/em><\/span>.\u00a0\u00bb.<\/p>\n<p><strong>Mais l&rsquo;interdisciplinarit\u00e9 n&rsquo;est qu&rsquo;une premi\u00e8re \u00e9tape<\/strong>. Le SNES, qui ne comprend pas grand chose \u00e0 ce qui se passe, aurait d\u00fb s&rsquo;apercevoir que c&rsquo;est un\u00a0premier pas\u00a0vers ce qu&rsquo;il redoute certainement le plus, <strong>la transdisciplinarit\u00e9<\/strong>\u00a0\u2014\u00a0une d\u00e9marche qui, selon ce syndicat, entra\u00eene la mise \u00e0 mal de la \u00ab\u00a0structuration disciplinaire\u00a0\u00bb du coll\u00e8ge. Sic.<\/p>\n<p>Car la soci\u00e9t\u00e9, les jeunes, les associations, les services, les entreprises, impr\u00e9gn\u00e9s du num\u00e9rique, ont d\u00e9j\u00e0 engag\u00e9s depuis longtemps des d\u00e9marches transdisciplinaires, qui permettent de trouver des objectifs communs en croisant les regards et en mutualisant les comp\u00e9tences. <strong>C&rsquo;est en cela que cette r\u00e9forme est, pour moi, une r\u00e9formette<\/strong>. La structure \u00e9triqu\u00e9e\u00a0des enseignements disciplinaires propos\u00e9s conjugu\u00e9e \u00e0 l&rsquo;absence quasi-absolue de souplesse de fonctionnement, malgr\u00e9 quelques progr\u00e8s vers l&rsquo;autonomie, qui fait aussi tr\u00e8s peur au SNES,\u00a0ne permettront que difficilement d&rsquo;ancrer les apprentissages dans des d\u00e9marches collaboratives de co-r\u00e9flexion, de co-programmation, de co-construction, de co-\u00e9laboration des connaissances et des savoirs.<\/p>\n<p><img loading=\"lazy\" decoding=\"async\" class=\" size-full wp-image-3097 alignright\" src=\"http:\/\/www.culture-numerique.fr\/wp-content\/uploads\/2015\/05\/2015-05-06_214950.jpg\" alt=\"\u00c9cole num\u00e9rique\" width=\"395\" height=\"167\" srcset=\"https:\/\/www.culture-numerique.fr\/wp-content\/uploads\/2015\/05\/2015-05-06_214950.jpg 395w, https:\/\/www.culture-numerique.fr\/wp-content\/uploads\/2015\/05\/2015-05-06_214950-300x127.jpg 300w, https:\/\/www.culture-numerique.fr\/wp-content\/uploads\/2015\/05\/2015-05-06_214950-100x42.jpg 100w, https:\/\/www.culture-numerique.fr\/wp-content\/uploads\/2015\/05\/2015-05-06_214950-150x63.jpg 150w, https:\/\/www.culture-numerique.fr\/wp-content\/uploads\/2015\/05\/2015-05-06_214950-200x85.jpg 200w\" sizes=\"auto, (max-width: 395px) 100vw, 395px\" \/>Les d\u00e9fis pos\u00e9s au coll\u00e8ge et, au-del\u00e0, \u00e0 l&rsquo;\u00c9cole toute enti\u00e8re et \u00e0 l&rsquo;Universit\u00e9, comme \u00e0 la formation des citoyens, sont tout autres. J&rsquo;ai l&rsquo;impression qu&rsquo;on n&rsquo;a pas compris, apr\u00e8s l&rsquo;avoir \u00e9crit, ce que signifiait vraiment \u00ab\u00a0<strong>L&rsquo;\u00e9cole change avec le num\u00e9rique\u00a0<\/strong>\u00bb et qu&rsquo;on n&rsquo;a pas pris mesure, avec cette r\u00e9forme du coll\u00e8ge, des mutations en cours.<\/p>\n<h4><strong>Le num\u00e9rique propose bien d&rsquo;autres d\u00e9fis\u00a0<\/strong><\/h4>\n<p>Depuis quelques ann\u00e9es, je fais patiemment \u00e9voluer, avec l&rsquo;actualit\u00e9, mes lectures et ma propre r\u00e9flexion, un diaporama dans lequel, apr\u00e8s un court \u00e9tat mis \u00e0 jour des pratiques num\u00e9riques des jeunes, j&rsquo;essaie de m&rsquo;interroger, avec ceux qui sont convi\u00e9s \u00e0 m&rsquo;\u00e9couter les jours o\u00f9 je le pr\u00e9sente, sur <strong>les d\u00e9fis qui sont propos\u00e9s \u00e0 l&rsquo;\u00e9cole<\/strong> par la surrection du num\u00e9rique. Vous en trouverez la derni\u00e8re version compl\u00e8te en bas de ce billet, pr\u00e9sent\u00e9e r\u00e9cemment \u00e0 des r\u00e9f\u00e9rents num\u00e9riques du Val-d&rsquo;Oise.<\/p>\n<p>J&rsquo;aimerais pourtant, pour illustrer mon propos sur les enjeux du paradigme num\u00e9rique pour le coll\u00e8ge, vous pr\u00e9senter et commenter bri\u00e8vement, comme je le fais oralement, les 31 d\u00e9fis qui me semblent devoir \u00eatre prioritairement relev\u00e9s par l&rsquo;\u00c9cole, au sens large. Donnez-moi votre avis\u2026<\/p>\n<p><img loading=\"lazy\" decoding=\"async\" class=\"alignleft size-medium wp-image-3211\" src=\"http:\/\/www.culture-numerique.fr\/wp-content\/uploads\/2015\/05\/Diapositive1-300x169.png\" alt=\"Diapositive1\" width=\"300\" height=\"169\" srcset=\"https:\/\/www.culture-numerique.fr\/wp-content\/uploads\/2015\/05\/Diapositive1-300x169.png 300w, https:\/\/www.culture-numerique.fr\/wp-content\/uploads\/2015\/05\/Diapositive1-100x56.png 100w, https:\/\/www.culture-numerique.fr\/wp-content\/uploads\/2015\/05\/Diapositive1-150x84.png 150w, https:\/\/www.culture-numerique.fr\/wp-content\/uploads\/2015\/05\/Diapositive1-200x113.png 200w, https:\/\/www.culture-numerique.fr\/wp-content\/uploads\/2015\/05\/Diapositive1-450x253.png 450w, https:\/\/www.culture-numerique.fr\/wp-content\/uploads\/2015\/05\/Diapositive1-600x338.png 600w, https:\/\/www.culture-numerique.fr\/wp-content\/uploads\/2015\/05\/Diapositive1-900x506.png 900w, https:\/\/www.culture-numerique.fr\/wp-content\/uploads\/2015\/05\/Diapositive1.png 960w\" sizes=\"auto, (max-width: 300px) 100vw, 300px\" \/><\/p>\n<p>Il en est du num\u00e9rique comme de beaucoup d&rsquo;autres sujets sensibles, il est bien difficile de trouver des observateurs capables d&rsquo;avoir \u00e0 ce sujet <strong>une opinion nuanc\u00e9e<\/strong>.\u00a0Sa m\u00e9diatisation, l&rsquo;avancement rapide de la transformation num\u00e9rique des entreprises comme de la soci\u00e9t\u00e9 dans son ensemble ont pour cons\u00e9quence l&rsquo;\u00e9mergence d&rsquo;opinions tr\u00e8s tranch\u00e9es, dans un sens comme dans l&rsquo;autre. Par ailleurs, il persiste dans l&rsquo;opinion que le num\u00e9rique, c&rsquo;est un sujet qui \u00e9chapperait \u00e0 la compr\u00e9hension du citoyen qui serait suppos\u00e9 manquer de culture scientifique et technique. Il est donc difficile de faire comprendre que la tr\u00e8s grande majorit\u00e9 des avanc\u00e9es et des mutations ont d&rsquo;abord concern\u00e9 le champ social ou\u00a0soci\u00e9tal, \u00e0 tel point qu&rsquo;on parle maintenant <strong>de culture et d&rsquo;humanit\u00e9s num\u00e9riques<\/strong>.<\/p>\n<p><img loading=\"lazy\" decoding=\"async\" class=\" size-medium wp-image-3212 alignleft\" src=\"http:\/\/www.culture-numerique.fr\/wp-content\/uploads\/2015\/05\/Diapositive2-300x169.png\" alt=\"Diapositive2\" width=\"300\" height=\"169\" srcset=\"https:\/\/www.culture-numerique.fr\/wp-content\/uploads\/2015\/05\/Diapositive2-300x169.png 300w, https:\/\/www.culture-numerique.fr\/wp-content\/uploads\/2015\/05\/Diapositive2-100x56.png 100w, https:\/\/www.culture-numerique.fr\/wp-content\/uploads\/2015\/05\/Diapositive2-150x84.png 150w, https:\/\/www.culture-numerique.fr\/wp-content\/uploads\/2015\/05\/Diapositive2-200x113.png 200w, https:\/\/www.culture-numerique.fr\/wp-content\/uploads\/2015\/05\/Diapositive2-450x253.png 450w, https:\/\/www.culture-numerique.fr\/wp-content\/uploads\/2015\/05\/Diapositive2-600x338.png 600w, https:\/\/www.culture-numerique.fr\/wp-content\/uploads\/2015\/05\/Diapositive2-900x506.png 900w, https:\/\/www.culture-numerique.fr\/wp-content\/uploads\/2015\/05\/Diapositive2.png 960w\" sizes=\"auto, (max-width: 300px) 100vw, 300px\" \/><\/p>\n<p>Curieusement, le ressort principal de certains comportements de fuite ou de r\u00e9action face au num\u00e9rique ou ce qu&rsquo;il change est <strong>la peur<\/strong>, la trouille, la vraie. Oh\u00a0! elle est parfaitement compr\u00e9hensible, bien s\u00fbr. Pour ce qui concerne l&rsquo;\u00e9ducation, on pourrait <em>a priori<\/em> penser que ses acteurs sont capables, en cas de confrontation \u00e0 l&rsquo;inconnu ou \u00e0 la difficult\u00e9, d&rsquo;adopter une attitude raisonnable et raisonn\u00e9e. C&rsquo;est rarement le cas. Il est bien compliqu\u00e9 de convaincre sur ce point et de r\u00e9p\u00e9ter que <strong>la raison<\/strong>, celle qu&rsquo;on exerce ais\u00e9ment en d&rsquo;autres circonstances, peut aussi servir en l&rsquo;occurrence.<\/p>\n<p><img loading=\"lazy\" decoding=\"async\" class=\"alignleft size-medium wp-image-3213\" src=\"http:\/\/www.culture-numerique.fr\/wp-content\/uploads\/2015\/05\/Diapositive3-300x169.png\" alt=\"Diapositive3\" width=\"300\" height=\"169\" srcset=\"https:\/\/www.culture-numerique.fr\/wp-content\/uploads\/2015\/05\/Diapositive3-300x169.png 300w, https:\/\/www.culture-numerique.fr\/wp-content\/uploads\/2015\/05\/Diapositive3-100x56.png 100w, https:\/\/www.culture-numerique.fr\/wp-content\/uploads\/2015\/05\/Diapositive3-150x84.png 150w, https:\/\/www.culture-numerique.fr\/wp-content\/uploads\/2015\/05\/Diapositive3-200x113.png 200w, https:\/\/www.culture-numerique.fr\/wp-content\/uploads\/2015\/05\/Diapositive3-450x253.png 450w, https:\/\/www.culture-numerique.fr\/wp-content\/uploads\/2015\/05\/Diapositive3-600x338.png 600w, https:\/\/www.culture-numerique.fr\/wp-content\/uploads\/2015\/05\/Diapositive3-900x506.png 900w, https:\/\/www.culture-numerique.fr\/wp-content\/uploads\/2015\/05\/Diapositive3.png 960w\" sizes=\"auto, (max-width: 300px) 100vw, 300px\" \/><\/p>\n<p>Tr\u00e8s curieusement, il est aussi tr\u00e8s difficile de convaincre quant au fait que le num\u00e9rique n&rsquo;est pas un outil. Si l&rsquo;on peut ais\u00e9ment faire la liste des outils num\u00e9riques, <strong>l&rsquo;expression \u00ab\u00a0l&rsquo;outil num\u00e9rique\u00a0\u00bb n&rsquo;a pas de sens<\/strong>. Le num\u00e9rique a depuis longtemps transform\u00e9 \u00e0 tel point la soci\u00e9t\u00e9 et les rapports humains qu&rsquo;il ne peut y avoir de doute \u00e0 ce sujet.\u00a0Il va de soi que si le num\u00e9rique n&rsquo;est pas un outil, il n&rsquo;est pas non plus une fin en soi, la panac\u00e9e qui r\u00e9soudrait toutes les mis\u00e8res du monde. Il est difficile\u00a0de toujours travailler \u00e0 combattre cette tendance \u00e0 tout voir en noir ou en blanc.<\/p>\n<p><img loading=\"lazy\" decoding=\"async\" class=\"alignleft size-medium wp-image-3214\" src=\"http:\/\/www.culture-numerique.fr\/wp-content\/uploads\/2015\/05\/Diapositive4-300x169.png\" alt=\"Diapositive4\" width=\"300\" height=\"169\" srcset=\"https:\/\/www.culture-numerique.fr\/wp-content\/uploads\/2015\/05\/Diapositive4-300x169.png 300w, https:\/\/www.culture-numerique.fr\/wp-content\/uploads\/2015\/05\/Diapositive4-100x56.png 100w, https:\/\/www.culture-numerique.fr\/wp-content\/uploads\/2015\/05\/Diapositive4-150x84.png 150w, https:\/\/www.culture-numerique.fr\/wp-content\/uploads\/2015\/05\/Diapositive4-200x113.png 200w, https:\/\/www.culture-numerique.fr\/wp-content\/uploads\/2015\/05\/Diapositive4-450x253.png 450w, https:\/\/www.culture-numerique.fr\/wp-content\/uploads\/2015\/05\/Diapositive4-600x338.png 600w, https:\/\/www.culture-numerique.fr\/wp-content\/uploads\/2015\/05\/Diapositive4-900x506.png 900w, https:\/\/www.culture-numerique.fr\/wp-content\/uploads\/2015\/05\/Diapositive4.png 960w\" sizes=\"auto, (max-width: 300px) 100vw, 300px\" \/><\/p>\n<p>C&rsquo;est compliqu\u00e9. Pour la plupart des gens, en particulier pour la plupart des enseignants, peut-\u00eatre aussi parce qu&rsquo;il a p\u00e9n\u00e9tr\u00e9 la classe de cette mani\u00e8re-l\u00e0, le num\u00e9rique a une fonction exclusivement utilitaire. Il est difficile de faire comprendre et admettre qu&rsquo;il a propos\u00e9 d\u00e9j\u00e0 \u00e0 la soci\u00e9t\u00e9 et aux rapports humains <strong>de nouvelles approches<\/strong>, plus horizontales, qui mettent \u00e0 mal les modes traditionnels de fonctionnement, de m\u00e9diation et, pour ce qui concerne la formation et l&rsquo;enseignement, de transmission et d\u2019appropriation des connaissances.<\/p>\n<p><img loading=\"lazy\" decoding=\"async\" class=\"alignleft size-medium wp-image-3215\" src=\"http:\/\/www.culture-numerique.fr\/wp-content\/uploads\/2015\/05\/Diapositive5-300x169.png\" alt=\"Diapositive5\" width=\"300\" height=\"169\" srcset=\"https:\/\/www.culture-numerique.fr\/wp-content\/uploads\/2015\/05\/Diapositive5-300x169.png 300w, https:\/\/www.culture-numerique.fr\/wp-content\/uploads\/2015\/05\/Diapositive5-100x56.png 100w, https:\/\/www.culture-numerique.fr\/wp-content\/uploads\/2015\/05\/Diapositive5-150x84.png 150w, https:\/\/www.culture-numerique.fr\/wp-content\/uploads\/2015\/05\/Diapositive5-200x113.png 200w, https:\/\/www.culture-numerique.fr\/wp-content\/uploads\/2015\/05\/Diapositive5-450x253.png 450w, https:\/\/www.culture-numerique.fr\/wp-content\/uploads\/2015\/05\/Diapositive5-600x338.png 600w, https:\/\/www.culture-numerique.fr\/wp-content\/uploads\/2015\/05\/Diapositive5-900x506.png 900w, https:\/\/www.culture-numerique.fr\/wp-content\/uploads\/2015\/05\/Diapositive5.png 960w\" sizes=\"auto, (max-width: 300px) 100vw, 300px\" \/><\/p>\n<p>C&rsquo;est en effet une chose curieuse que la question des rythmes scolaires ait occup\u00e9 la sc\u00e8ne m\u00e9diatique et politique pendant de tr\u00e8s longs mois sans qu&rsquo;on ait pens\u00e9, dans le m\u00eame temps, aborder les questions des temps et espaces scolaires, boulevers\u00e9s avec le num\u00e9rique. De m\u00eame pour les contenus qu&rsquo;on ne peut aborder au seul prisme des programmes. En particulier, il est temps de r\u00e9fl\u00e9chir \u00e0 changer au fond la structure traditionnelle de la salle de classe pour favoriser <strong>la mobilit\u00e9 et la souplesse<\/strong>.<\/p>\n<p><img loading=\"lazy\" decoding=\"async\" class=\"alignleft size-medium wp-image-3216\" src=\"http:\/\/www.culture-numerique.fr\/wp-content\/uploads\/2015\/05\/Diapositive6-300x169.png\" alt=\"Diapositive6\" width=\"300\" height=\"169\" srcset=\"https:\/\/www.culture-numerique.fr\/wp-content\/uploads\/2015\/05\/Diapositive6-300x169.png 300w, https:\/\/www.culture-numerique.fr\/wp-content\/uploads\/2015\/05\/Diapositive6-100x56.png 100w, https:\/\/www.culture-numerique.fr\/wp-content\/uploads\/2015\/05\/Diapositive6-150x84.png 150w, https:\/\/www.culture-numerique.fr\/wp-content\/uploads\/2015\/05\/Diapositive6-200x113.png 200w, https:\/\/www.culture-numerique.fr\/wp-content\/uploads\/2015\/05\/Diapositive6-450x253.png 450w, https:\/\/www.culture-numerique.fr\/wp-content\/uploads\/2015\/05\/Diapositive6-600x338.png 600w, https:\/\/www.culture-numerique.fr\/wp-content\/uploads\/2015\/05\/Diapositive6-900x506.png 900w, https:\/\/www.culture-numerique.fr\/wp-content\/uploads\/2015\/05\/Diapositive6.png 960w\" sizes=\"auto, (max-width: 300px) 100vw, 300px\" \/><\/p>\n<p>Les \u00e9l\u00e8ves d&rsquo;aujourd&rsquo;hui, <strong>hyperconnect\u00e9s<\/strong>, ne sont plus du tout les m\u00eames qu&rsquo;il y a vingt ou trente ans. Plus du tout. Il est n\u00e9cessaire de s&rsquo;en convaincre. Les chiffres pr\u00e9sent\u00e9s dans la premi\u00e8re partie permettent d&rsquo;en prendre conscience. De ce point de vue, les capacit\u00e9s des \u00e9l\u00e8ves \u00e0 \u00eatre attentifs et \u00e0 \u00e9couter doivent \u00eatre remises en question, de m\u00eame que la confiance qu&rsquo;ils accordent \u00e0 leurs ma\u00eetres.<\/p>\n<p><img loading=\"lazy\" decoding=\"async\" class=\"alignleft size-medium wp-image-3217\" src=\"http:\/\/www.culture-numerique.fr\/wp-content\/uploads\/2015\/05\/Diapositive7-300x169.png\" alt=\"Diapositive7\" width=\"300\" height=\"169\" srcset=\"https:\/\/www.culture-numerique.fr\/wp-content\/uploads\/2015\/05\/Diapositive7-300x169.png 300w, https:\/\/www.culture-numerique.fr\/wp-content\/uploads\/2015\/05\/Diapositive7-100x56.png 100w, https:\/\/www.culture-numerique.fr\/wp-content\/uploads\/2015\/05\/Diapositive7-150x84.png 150w, https:\/\/www.culture-numerique.fr\/wp-content\/uploads\/2015\/05\/Diapositive7-200x113.png 200w, https:\/\/www.culture-numerique.fr\/wp-content\/uploads\/2015\/05\/Diapositive7-450x253.png 450w, https:\/\/www.culture-numerique.fr\/wp-content\/uploads\/2015\/05\/Diapositive7-600x338.png 600w, https:\/\/www.culture-numerique.fr\/wp-content\/uploads\/2015\/05\/Diapositive7-900x506.png 900w, https:\/\/www.culture-numerique.fr\/wp-content\/uploads\/2015\/05\/Diapositive7.png 960w\" sizes=\"auto, (max-width: 300px) 100vw, 300px\" \/><\/p>\n<p>C&rsquo;est en effet la figure magistrale imm\u00e9moriale qui est remise en question. Dans un monde qui baigne dans <strong>un ma\u00eblstrom informationnel<\/strong> permanent, il doit accepter de n&rsquo;\u00eatre qu&rsquo;une source parmi beaucoup d&rsquo;autres. Il a donc \u00e0 convaincre soi-m\u00eame de sa capacit\u00e9 et de son expertise \u00e0 pouvoir accompagner l&rsquo;appropriation plus qu&rsquo;\u00e0 transmettre. Il doit aussi pouvoir accepter la critique et la v\u00e9rification de ses apports personnels.<\/p>\n<p><img loading=\"lazy\" decoding=\"async\" class=\"alignleft size-medium wp-image-3218\" src=\"http:\/\/www.culture-numerique.fr\/wp-content\/uploads\/2015\/05\/Diapositive8-300x169.png\" alt=\"Diapositive8\" width=\"300\" height=\"169\" srcset=\"https:\/\/www.culture-numerique.fr\/wp-content\/uploads\/2015\/05\/Diapositive8-300x169.png 300w, https:\/\/www.culture-numerique.fr\/wp-content\/uploads\/2015\/05\/Diapositive8-100x56.png 100w, https:\/\/www.culture-numerique.fr\/wp-content\/uploads\/2015\/05\/Diapositive8-150x84.png 150w, https:\/\/www.culture-numerique.fr\/wp-content\/uploads\/2015\/05\/Diapositive8-200x113.png 200w, https:\/\/www.culture-numerique.fr\/wp-content\/uploads\/2015\/05\/Diapositive8-450x253.png 450w, https:\/\/www.culture-numerique.fr\/wp-content\/uploads\/2015\/05\/Diapositive8-600x338.png 600w, https:\/\/www.culture-numerique.fr\/wp-content\/uploads\/2015\/05\/Diapositive8-900x506.png 900w, https:\/\/www.culture-numerique.fr\/wp-content\/uploads\/2015\/05\/Diapositive8.png 960w\" sizes=\"auto, (max-width: 300px) 100vw, 300px\" \/><\/p>\n<p>Cette question est fondamentale et personne ne s&rsquo;en pr\u00e9occupe. Le num\u00e9rique va bouleverser les espaces et les temps scolaires comme les relations interpersonnelles entre les professeurs et leurs hi\u00e9rarchies. Il y a urgence \u00e0 se pr\u00e9occuper de ces questions et, en particulier, \u00e0 obtenir l&rsquo;adh\u00e9sion des syndicats \u00e0 <strong>n\u00e9gocier la refondation des services<\/strong> et des missions.<\/p>\n<p><img loading=\"lazy\" decoding=\"async\" class=\"alignleft size-medium wp-image-3219\" src=\"http:\/\/www.culture-numerique.fr\/wp-content\/uploads\/2015\/05\/Diapositive9-300x169.png\" alt=\"Diapositive9\" width=\"300\" height=\"169\" srcset=\"https:\/\/www.culture-numerique.fr\/wp-content\/uploads\/2015\/05\/Diapositive9-300x169.png 300w, https:\/\/www.culture-numerique.fr\/wp-content\/uploads\/2015\/05\/Diapositive9-100x56.png 100w, https:\/\/www.culture-numerique.fr\/wp-content\/uploads\/2015\/05\/Diapositive9-150x84.png 150w, https:\/\/www.culture-numerique.fr\/wp-content\/uploads\/2015\/05\/Diapositive9-200x113.png 200w, https:\/\/www.culture-numerique.fr\/wp-content\/uploads\/2015\/05\/Diapositive9-450x253.png 450w, https:\/\/www.culture-numerique.fr\/wp-content\/uploads\/2015\/05\/Diapositive9-600x338.png 600w, https:\/\/www.culture-numerique.fr\/wp-content\/uploads\/2015\/05\/Diapositive9-900x506.png 900w, https:\/\/www.culture-numerique.fr\/wp-content\/uploads\/2015\/05\/Diapositive9.png 960w\" sizes=\"auto, (max-width: 300px) 100vw, 300px\" \/><\/p>\n<p>Est-ce bien la peine de commenter\u00a0? En l&rsquo;occurrence, l&rsquo;\u00e9cole doit se pr\u00e9occuper sans tarder de cette question et proposer la modification du Code de l&rsquo;\u00e9ducation et des r\u00e8glements int\u00e9rieurs. C&rsquo;est un d\u00e9fi tr\u00e8s fort qui est propos\u00e9 l\u00e0 au syst\u00e8me \u00e9ducatif qui ne pourra continuer \u00e0 ostraciser et sera contraint \u00e0 <strong>n\u00e9gocier de nouvelles r\u00e8gles de vie<\/strong> et de d\u00e9mocratie scolaires, en \u00e9troite collaboration avec les \u00e9l\u00e8ves et leurs repr\u00e9sentants.<\/p>\n<p><img loading=\"lazy\" decoding=\"async\" class=\"alignleft size-medium wp-image-3220\" src=\"http:\/\/www.culture-numerique.fr\/wp-content\/uploads\/2015\/05\/Diapositive10-300x169.png\" alt=\"Diapositive10\" width=\"300\" height=\"169\" srcset=\"https:\/\/www.culture-numerique.fr\/wp-content\/uploads\/2015\/05\/Diapositive10-300x169.png 300w, https:\/\/www.culture-numerique.fr\/wp-content\/uploads\/2015\/05\/Diapositive10-100x56.png 100w, https:\/\/www.culture-numerique.fr\/wp-content\/uploads\/2015\/05\/Diapositive10-150x84.png 150w, https:\/\/www.culture-numerique.fr\/wp-content\/uploads\/2015\/05\/Diapositive10-200x113.png 200w, https:\/\/www.culture-numerique.fr\/wp-content\/uploads\/2015\/05\/Diapositive10-450x253.png 450w, https:\/\/www.culture-numerique.fr\/wp-content\/uploads\/2015\/05\/Diapositive10-600x338.png 600w, https:\/\/www.culture-numerique.fr\/wp-content\/uploads\/2015\/05\/Diapositive10-900x506.png 900w, https:\/\/www.culture-numerique.fr\/wp-content\/uploads\/2015\/05\/Diapositive10.png 960w\" sizes=\"auto, (max-width: 300px) 100vw, 300px\" \/><\/p>\n<p>L&rsquo;\u00e9cole ne changera pas avec le num\u00e9rique sauf \u00e0 faire \u00e9voluer, de mani\u00e8re radicale, les programmes disciplinaires. Les premi\u00e8res versions du socle et des nouveaux programmes issues des r\u00e9flexions du CSP\u00a0ne permettent pas d&rsquo;\u00eatre trop optimiste \u00e0 ce sujet. On y cherche vainement des r\u00e9f\u00e9rences \u00e0 une culture et \u00e0 une litt\u00e9ratie num\u00e9riques comme aux <strong>comp\u00e9tences transversales<\/strong> qu&rsquo;elles mettent en \u0153uvre.<\/p>\n<p><img loading=\"lazy\" decoding=\"async\" class=\"alignleft size-medium wp-image-3221\" src=\"http:\/\/www.culture-numerique.fr\/wp-content\/uploads\/2015\/05\/Diapositive11-300x169.png\" alt=\"Diapositive11\" width=\"300\" height=\"169\" srcset=\"https:\/\/www.culture-numerique.fr\/wp-content\/uploads\/2015\/05\/Diapositive11-300x169.png 300w, https:\/\/www.culture-numerique.fr\/wp-content\/uploads\/2015\/05\/Diapositive11-100x56.png 100w, https:\/\/www.culture-numerique.fr\/wp-content\/uploads\/2015\/05\/Diapositive11-150x84.png 150w, https:\/\/www.culture-numerique.fr\/wp-content\/uploads\/2015\/05\/Diapositive11-200x113.png 200w, https:\/\/www.culture-numerique.fr\/wp-content\/uploads\/2015\/05\/Diapositive11-450x253.png 450w, https:\/\/www.culture-numerique.fr\/wp-content\/uploads\/2015\/05\/Diapositive11-600x338.png 600w, https:\/\/www.culture-numerique.fr\/wp-content\/uploads\/2015\/05\/Diapositive11-900x506.png 900w, https:\/\/www.culture-numerique.fr\/wp-content\/uploads\/2015\/05\/Diapositive11.png 960w\" sizes=\"auto, (max-width: 300px) 100vw, 300px\" \/><\/p>\n<p>Cette question est essentielle et n&rsquo;a pas non plus \u00e9t\u00e9 abord\u00e9e lors de la r\u00e9flexion sur le socle et les nouveaux programmes. Pourtant, des programmes r\u00e9nov\u00e9s ne peuvent \u00eatre mis en \u0153uvre qu&rsquo;accompagn\u00e9s de changements profonds dans les modalit\u00e9s d&rsquo;enseigner (moins de transmission, <strong>plus d&rsquo;accompagnement \u00e0 l&rsquo;appropriation<\/strong>, moins de discours, plus d&rsquo;activit\u00e9) et, surtout, dans la posture m\u00eame du professeur, plus humble, plus discr\u00e8te, plus complice, sans perte d&rsquo;autorit\u00e9 et de l\u00e9gitimit\u00e9.<\/p>\n<p><img loading=\"lazy\" decoding=\"async\" class=\"alignleft size-medium wp-image-3222\" src=\"http:\/\/www.culture-numerique.fr\/wp-content\/uploads\/2015\/05\/Diapositive12-300x169.png\" alt=\"Diapositive12\" width=\"300\" height=\"169\" srcset=\"https:\/\/www.culture-numerique.fr\/wp-content\/uploads\/2015\/05\/Diapositive12-300x169.png 300w, https:\/\/www.culture-numerique.fr\/wp-content\/uploads\/2015\/05\/Diapositive12-100x56.png 100w, https:\/\/www.culture-numerique.fr\/wp-content\/uploads\/2015\/05\/Diapositive12-150x84.png 150w, https:\/\/www.culture-numerique.fr\/wp-content\/uploads\/2015\/05\/Diapositive12-200x113.png 200w, https:\/\/www.culture-numerique.fr\/wp-content\/uploads\/2015\/05\/Diapositive12-450x253.png 450w, https:\/\/www.culture-numerique.fr\/wp-content\/uploads\/2015\/05\/Diapositive12-600x338.png 600w, https:\/\/www.culture-numerique.fr\/wp-content\/uploads\/2015\/05\/Diapositive12-900x506.png 900w, https:\/\/www.culture-numerique.fr\/wp-content\/uploads\/2015\/05\/Diapositive12.png 960w\" sizes=\"auto, (max-width: 300px) 100vw, 300px\" \/><\/p>\n<p>Cette r\u00e9flexion est le r\u00e9sultat de l&rsquo;exp\u00e9rience de plusieurs longues ann\u00e9es\u00a0de formation des personnels et d&rsquo;accompagnement des \u00e9quipes engag\u00e9es, quand c&rsquo;\u00e9tait possible. En effet, quoi qu&rsquo;on fasse, il manque toujours le n\u00e9cessaire substrat de culture num\u00e9rique propre \u00e0 la r\u00e9ussite de ces dispositifs. La formation en ligne et la formation en alternance entre pr\u00e9sentiel et distance devront \u00eatre privil\u00e9gi\u00e9es pour ce faire. Enfin, l&rsquo;enjeu de la formation initiale, compl\u00e8tement d\u00e9labr\u00e9e, est consid\u00e9rable. Il est <strong>n\u00e9cessaire de refonder enti\u00e8rement<\/strong>.<\/p>\n<p><img loading=\"lazy\" decoding=\"async\" class=\"alignleft size-medium wp-image-3223\" src=\"http:\/\/www.culture-numerique.fr\/wp-content\/uploads\/2015\/05\/Diapositive13-300x169.png\" alt=\"Diapositive13\" width=\"300\" height=\"169\" srcset=\"https:\/\/www.culture-numerique.fr\/wp-content\/uploads\/2015\/05\/Diapositive13-300x169.png 300w, https:\/\/www.culture-numerique.fr\/wp-content\/uploads\/2015\/05\/Diapositive13-100x56.png 100w, https:\/\/www.culture-numerique.fr\/wp-content\/uploads\/2015\/05\/Diapositive13-150x84.png 150w, https:\/\/www.culture-numerique.fr\/wp-content\/uploads\/2015\/05\/Diapositive13-200x113.png 200w, https:\/\/www.culture-numerique.fr\/wp-content\/uploads\/2015\/05\/Diapositive13-450x253.png 450w, https:\/\/www.culture-numerique.fr\/wp-content\/uploads\/2015\/05\/Diapositive13-600x338.png 600w, https:\/\/www.culture-numerique.fr\/wp-content\/uploads\/2015\/05\/Diapositive13-900x506.png 900w, https:\/\/www.culture-numerique.fr\/wp-content\/uploads\/2015\/05\/Diapositive13.png 960w\" sizes=\"auto, (max-width: 300px) 100vw, 300px\" \/><\/p>\n<p>Idem, les vieux sch\u00e9mas nous ont appris \u00e0 \u00e9valuer, de mani\u00e8re formative comme normative, le travail individuel des \u00e9l\u00e8ves. Or, le num\u00e9rique met en action des <strong>processus collaboratifs<\/strong> qui contraindront \u00e0 modifier l&rsquo;\u00e9valuation pour s&rsquo;y adapter. C&rsquo;est un d\u00e9fi de taille car cette aptitude \u00e0 savoir travailler et produire avec les autres est fondamentale\u00a0dans le monde associatif et recherch\u00e9e par les entreprises et le monde du travail.<\/p>\n<p><img loading=\"lazy\" decoding=\"async\" class=\"alignleft size-medium wp-image-3224\" src=\"http:\/\/www.culture-numerique.fr\/wp-content\/uploads\/2015\/05\/Diapositive14-300x169.png\" alt=\"Diapositive14\" width=\"300\" height=\"169\" srcset=\"https:\/\/www.culture-numerique.fr\/wp-content\/uploads\/2015\/05\/Diapositive14-300x169.png 300w, https:\/\/www.culture-numerique.fr\/wp-content\/uploads\/2015\/05\/Diapositive14-100x56.png 100w, https:\/\/www.culture-numerique.fr\/wp-content\/uploads\/2015\/05\/Diapositive14-150x84.png 150w, https:\/\/www.culture-numerique.fr\/wp-content\/uploads\/2015\/05\/Diapositive14-200x113.png 200w, https:\/\/www.culture-numerique.fr\/wp-content\/uploads\/2015\/05\/Diapositive14-450x253.png 450w, https:\/\/www.culture-numerique.fr\/wp-content\/uploads\/2015\/05\/Diapositive14-600x338.png 600w, https:\/\/www.culture-numerique.fr\/wp-content\/uploads\/2015\/05\/Diapositive14-900x506.png 900w, https:\/\/www.culture-numerique.fr\/wp-content\/uploads\/2015\/05\/Diapositive14.png 960w\" sizes=\"auto, (max-width: 300px) 100vw, 300px\" \/><\/p>\n<p>D&rsquo;ann\u00e9e en ann\u00e9e se perp\u00e9tue l&rsquo;insupportable et m\u00e9prisant flicage des bacheliers qu&rsquo;on soup\u00e7onne de tricher. Cela ne se produirait pas si on r\u00e9fl\u00e9chissait, comme on l&rsquo;a d&rsquo;ailleurs fait dans d&rsquo;autres pays d&rsquo;Europe, \u00e0 proposer aux examens <strong>d&rsquo;autres crit\u00e8res d&rsquo;\u00e9valuation<\/strong>. Les candidats seraient moins sollicit\u00e9s pour restituer leurs connaissances que pour montrer leurs capacit\u00e9s \u00e0 se les approprier pour r\u00e9soudre un probl\u00e8me ou r\u00e9pondre \u00e0 une question. Quand cet archa\u00efsme p\u00e9dagogique va-t-il enfin dispara\u00eetre\u00a0?<\/p>\n<p><img loading=\"lazy\" decoding=\"async\" class=\"alignleft size-medium wp-image-3225\" src=\"http:\/\/www.culture-numerique.fr\/wp-content\/uploads\/2015\/05\/Diapositive15-300x169.png\" alt=\"Diapositive15\" width=\"300\" height=\"169\" srcset=\"https:\/\/www.culture-numerique.fr\/wp-content\/uploads\/2015\/05\/Diapositive15-300x169.png 300w, https:\/\/www.culture-numerique.fr\/wp-content\/uploads\/2015\/05\/Diapositive15-100x56.png 100w, https:\/\/www.culture-numerique.fr\/wp-content\/uploads\/2015\/05\/Diapositive15-150x84.png 150w, https:\/\/www.culture-numerique.fr\/wp-content\/uploads\/2015\/05\/Diapositive15-200x113.png 200w, https:\/\/www.culture-numerique.fr\/wp-content\/uploads\/2015\/05\/Diapositive15-450x253.png 450w, https:\/\/www.culture-numerique.fr\/wp-content\/uploads\/2015\/05\/Diapositive15-600x338.png 600w, https:\/\/www.culture-numerique.fr\/wp-content\/uploads\/2015\/05\/Diapositive15-900x506.png 900w, https:\/\/www.culture-numerique.fr\/wp-content\/uploads\/2015\/05\/Diapositive15.png 960w\" sizes=\"auto, (max-width: 300px) 100vw, 300px\" \/><\/p>\n<p>Curieux paradoxe en effet que cette collision temporelle dans laquelle baignent les coll\u00e9giens et les lyc\u00e9ens aujourd&rsquo;hui\u00a0! Les espaces scolaires sont ce qu&rsquo;ils sont et ne changeront pas d&rsquo;ici un bon moment et aucun prospectiviste ne se risque \u00e0 imaginer quels seront les m\u00e9tiers de demain. Comment d\u00e9nouer un tel \u00e9cheveau\u00a0? Peut-\u00eatre en se recentrant sur la mission essentielle de l&rsquo;\u00e9cole\u00a0: <strong>former des citoyens<\/strong>.<\/p>\n<p><img loading=\"lazy\" decoding=\"async\" class=\"alignleft size-medium wp-image-3226\" src=\"http:\/\/www.culture-numerique.fr\/wp-content\/uploads\/2015\/05\/Diapositive16-300x169.png\" alt=\"Diapositive16\" width=\"300\" height=\"169\" srcset=\"https:\/\/www.culture-numerique.fr\/wp-content\/uploads\/2015\/05\/Diapositive16-300x169.png 300w, https:\/\/www.culture-numerique.fr\/wp-content\/uploads\/2015\/05\/Diapositive16-100x56.png 100w, https:\/\/www.culture-numerique.fr\/wp-content\/uploads\/2015\/05\/Diapositive16-150x84.png 150w, https:\/\/www.culture-numerique.fr\/wp-content\/uploads\/2015\/05\/Diapositive16-200x113.png 200w, https:\/\/www.culture-numerique.fr\/wp-content\/uploads\/2015\/05\/Diapositive16-450x253.png 450w, https:\/\/www.culture-numerique.fr\/wp-content\/uploads\/2015\/05\/Diapositive16-600x338.png 600w, https:\/\/www.culture-numerique.fr\/wp-content\/uploads\/2015\/05\/Diapositive16-900x506.png 900w, https:\/\/www.culture-numerique.fr\/wp-content\/uploads\/2015\/05\/Diapositive16.png 960w\" sizes=\"auto, (max-width: 300px) 100vw, 300px\" \/><\/p>\n<p>Ce sont en effet, tout le monde se l&rsquo;accorde, les pr\u00e9fixes port\u00e9s et sublim\u00e9s par le num\u00e9rique et par le num\u00e9rique \u00e9ducatif en particulier. C&rsquo;est dire si la proposition des ateliers interdisciplinaires peut para\u00eetre d\u00e9risoire en regard de ces <strong>changements radicaux<\/strong> de fonctionnement et de d&rsquo;appropriation des connaissances et des comp\u00e9tences.<\/p>\n<p><img loading=\"lazy\" decoding=\"async\" class=\"alignleft size-medium wp-image-3227\" src=\"http:\/\/www.culture-numerique.fr\/wp-content\/uploads\/2015\/05\/Diapositive17-300x169.png\" alt=\"Diapositive17\" width=\"300\" height=\"169\" srcset=\"https:\/\/www.culture-numerique.fr\/wp-content\/uploads\/2015\/05\/Diapositive17-300x169.png 300w, https:\/\/www.culture-numerique.fr\/wp-content\/uploads\/2015\/05\/Diapositive17-100x56.png 100w, https:\/\/www.culture-numerique.fr\/wp-content\/uploads\/2015\/05\/Diapositive17-150x84.png 150w, https:\/\/www.culture-numerique.fr\/wp-content\/uploads\/2015\/05\/Diapositive17-200x113.png 200w, https:\/\/www.culture-numerique.fr\/wp-content\/uploads\/2015\/05\/Diapositive17-450x253.png 450w, https:\/\/www.culture-numerique.fr\/wp-content\/uploads\/2015\/05\/Diapositive17-600x338.png 600w, https:\/\/www.culture-numerique.fr\/wp-content\/uploads\/2015\/05\/Diapositive17-900x506.png 900w, https:\/\/www.culture-numerique.fr\/wp-content\/uploads\/2015\/05\/Diapositive17.png 960w\" sizes=\"auto, (max-width: 300px) 100vw, 300px\" \/><\/p>\n<p>Cette question des missions de l&rsquo;\u00e9cole est centrale. Il est n\u00e9cessaire, \u00e0 l&rsquo;\u00e9clairage du num\u00e9rique, de refonder cette r\u00e9flexion et de formaliser la formation du jeune citoyen d&rsquo;une soci\u00e9t\u00e9 num\u00e9rique, dont les\u00a0connaissances construites et ordonn\u00e9es, les savoirs et comp\u00e9tences g\u00e9n\u00e9rales lui permettent <strong>de s&rsquo;adapter et de collaborer<\/strong>.<\/p>\n<p><img loading=\"lazy\" decoding=\"async\" class=\"alignleft size-medium wp-image-3228\" src=\"http:\/\/www.culture-numerique.fr\/wp-content\/uploads\/2015\/05\/Diapositive18-300x169.png\" alt=\"Diapositive18\" width=\"300\" height=\"169\" srcset=\"https:\/\/www.culture-numerique.fr\/wp-content\/uploads\/2015\/05\/Diapositive18-300x169.png 300w, https:\/\/www.culture-numerique.fr\/wp-content\/uploads\/2015\/05\/Diapositive18-100x56.png 100w, https:\/\/www.culture-numerique.fr\/wp-content\/uploads\/2015\/05\/Diapositive18-150x84.png 150w, https:\/\/www.culture-numerique.fr\/wp-content\/uploads\/2015\/05\/Diapositive18-200x113.png 200w, https:\/\/www.culture-numerique.fr\/wp-content\/uploads\/2015\/05\/Diapositive18-450x253.png 450w, https:\/\/www.culture-numerique.fr\/wp-content\/uploads\/2015\/05\/Diapositive18-600x338.png 600w, https:\/\/www.culture-numerique.fr\/wp-content\/uploads\/2015\/05\/Diapositive18-900x506.png 900w, https:\/\/www.culture-numerique.fr\/wp-content\/uploads\/2015\/05\/Diapositive18.png 960w\" sizes=\"auto, (max-width: 300px) 100vw, 300px\" \/><\/p>\n<p>L&rsquo;acquisition d&rsquo;une culture num\u00e9rique propre et responsable est aussi prioritaire. On attendait du nouveau socle qu&rsquo;il le d\u00e9montre. En vain. Par ailleurs, il est n\u00e9cessaire de d\u00e9montrer encore et encore que l&rsquo;essentiel de cette culture s&rsquo;inscrit dans le cadre plus large d&rsquo;<strong>une culture humaniste et citoyenne<\/strong>. Il est donc d&rsquo;autant plus dommage qu&rsquo;elle n&rsquo;apparaisse pas non plus dans le cadre de l&rsquo;enseignement moral et civique.<\/p>\n<p><img loading=\"lazy\" decoding=\"async\" class=\"alignleft size-medium wp-image-3229\" src=\"http:\/\/www.culture-numerique.fr\/wp-content\/uploads\/2015\/05\/Diapositive19-300x169.png\" alt=\"Diapositive19\" width=\"300\" height=\"169\" srcset=\"https:\/\/www.culture-numerique.fr\/wp-content\/uploads\/2015\/05\/Diapositive19-300x169.png 300w, https:\/\/www.culture-numerique.fr\/wp-content\/uploads\/2015\/05\/Diapositive19-100x56.png 100w, https:\/\/www.culture-numerique.fr\/wp-content\/uploads\/2015\/05\/Diapositive19-150x84.png 150w, https:\/\/www.culture-numerique.fr\/wp-content\/uploads\/2015\/05\/Diapositive19-200x113.png 200w, https:\/\/www.culture-numerique.fr\/wp-content\/uploads\/2015\/05\/Diapositive19-450x253.png 450w, https:\/\/www.culture-numerique.fr\/wp-content\/uploads\/2015\/05\/Diapositive19-600x338.png 600w, https:\/\/www.culture-numerique.fr\/wp-content\/uploads\/2015\/05\/Diapositive19-900x506.png 900w, https:\/\/www.culture-numerique.fr\/wp-content\/uploads\/2015\/05\/Diapositive19.png 960w\" sizes=\"auto, (max-width: 300px) 100vw, 300px\" \/><\/p>\n<p>La bataille sera rude tant les industriels ont de retard, sur ce plan des choix \u00e9conomiques comme\u00a0sur celui de l&rsquo;innovation. Ils continuent, contre l&rsquo;avis des professeurs, \u00e0 d\u00e9velopper \u00e0 grands frais des dispositifs protecteurs pour emp\u00eacher la copie et limiter le partage, dispositifs qui ont montr\u00e9 depuis longtemps leur inefficacit\u00e9. <strong>L&rsquo;interop\u00e9rabilit\u00e9 doit \u00eatre une exigence de l&rsquo;\u00c9tat<\/strong> qui donne les subventions et n\u00e9gocie les partenariats et des collectivit\u00e9s qui ach\u00e8tent. Par ailleurs, \u00e0 la recherche de clients captifs, ils leur proposent contre toute logique des paquets de ressources non granulaires.<\/p>\n<p><img loading=\"lazy\" decoding=\"async\" class=\"alignleft size-medium wp-image-3230\" src=\"http:\/\/www.culture-numerique.fr\/wp-content\/uploads\/2015\/05\/Diapositive20-300x169.png\" alt=\"Diapositive20\" width=\"300\" height=\"169\" srcset=\"https:\/\/www.culture-numerique.fr\/wp-content\/uploads\/2015\/05\/Diapositive20-300x169.png 300w, https:\/\/www.culture-numerique.fr\/wp-content\/uploads\/2015\/05\/Diapositive20-100x56.png 100w, https:\/\/www.culture-numerique.fr\/wp-content\/uploads\/2015\/05\/Diapositive20-150x84.png 150w, https:\/\/www.culture-numerique.fr\/wp-content\/uploads\/2015\/05\/Diapositive20-200x113.png 200w, https:\/\/www.culture-numerique.fr\/wp-content\/uploads\/2015\/05\/Diapositive20-450x253.png 450w, https:\/\/www.culture-numerique.fr\/wp-content\/uploads\/2015\/05\/Diapositive20-600x338.png 600w, https:\/\/www.culture-numerique.fr\/wp-content\/uploads\/2015\/05\/Diapositive20-900x506.png 900w, https:\/\/www.culture-numerique.fr\/wp-content\/uploads\/2015\/05\/Diapositive20.png 960w\" sizes=\"auto, (max-width: 300px) 100vw, 300px\" \/><\/p>\n<p><strong>L&rsquo;archa\u00efsme est aussi patent<\/strong> dans le mode de distribution des ressources qui continuent, d&rsquo;o\u00f9 qu&rsquo;elles viennent, \u00e0 \u00eatre stock\u00e9es dans des lieux centraux et uniques plut\u00f4t qu&rsquo;\u00e0 \u00eatre distribu\u00e9es dans le flux. Manifestement, on n&rsquo;a pas encore compris, chez les d\u00e9cideurs, les vertus de <strong>l&rsquo;\u00e9conomie du partage<\/strong>. Une bonne ressource est une ressource qui circule et s&rsquo;enrichit des modifications de ceux qui s&rsquo;en servent.<\/p>\n<p><img loading=\"lazy\" decoding=\"async\" class=\"alignleft size-medium wp-image-3231\" src=\"http:\/\/www.culture-numerique.fr\/wp-content\/uploads\/2015\/05\/Diapositive21-300x169.png\" alt=\"Diapositive21\" width=\"300\" height=\"169\" srcset=\"https:\/\/www.culture-numerique.fr\/wp-content\/uploads\/2015\/05\/Diapositive21-300x169.png 300w, https:\/\/www.culture-numerique.fr\/wp-content\/uploads\/2015\/05\/Diapositive21-100x56.png 100w, https:\/\/www.culture-numerique.fr\/wp-content\/uploads\/2015\/05\/Diapositive21-150x84.png 150w, https:\/\/www.culture-numerique.fr\/wp-content\/uploads\/2015\/05\/Diapositive21-200x113.png 200w, https:\/\/www.culture-numerique.fr\/wp-content\/uploads\/2015\/05\/Diapositive21-450x253.png 450w, https:\/\/www.culture-numerique.fr\/wp-content\/uploads\/2015\/05\/Diapositive21-600x338.png 600w, https:\/\/www.culture-numerique.fr\/wp-content\/uploads\/2015\/05\/Diapositive21-900x506.png 900w, https:\/\/www.culture-numerique.fr\/wp-content\/uploads\/2015\/05\/Diapositive21.png 960w\" sizes=\"auto, (max-width: 300px) 100vw, 300px\" \/><\/p>\n<p><strong>Publier<\/strong> est une nouvelle comp\u00e9tence de l&rsquo;\u00e8re num\u00e9rique qu&rsquo;il faut promouvoir \u00e0 l&rsquo;\u00e9gal des autres et qu&rsquo;il convient d&rsquo;apprendre. La libert\u00e9 d&rsquo;expression, on l&rsquo;a vu \u00e0 la suite des r\u00e9cents \u00e9v\u00e9nements de l&rsquo;actualit\u00e9, est une libert\u00e9 fondamentale que les citoyens, dont les plus jeunes d&rsquo;entre eux, doivent pouvoir exercer. Les programmes disciplinaires doivent pouvoir s&rsquo;enrichir de ces nouvelles dimensions permises par la publication.<\/p>\n<p><img loading=\"lazy\" decoding=\"async\" class=\"alignleft size-medium wp-image-3232\" src=\"http:\/\/www.culture-numerique.fr\/wp-content\/uploads\/2015\/05\/Diapositive22-300x169.png\" alt=\"Diapositive22\" width=\"300\" height=\"169\" srcset=\"https:\/\/www.culture-numerique.fr\/wp-content\/uploads\/2015\/05\/Diapositive22-300x169.png 300w, https:\/\/www.culture-numerique.fr\/wp-content\/uploads\/2015\/05\/Diapositive22-100x56.png 100w, https:\/\/www.culture-numerique.fr\/wp-content\/uploads\/2015\/05\/Diapositive22-150x84.png 150w, https:\/\/www.culture-numerique.fr\/wp-content\/uploads\/2015\/05\/Diapositive22-200x113.png 200w, https:\/\/www.culture-numerique.fr\/wp-content\/uploads\/2015\/05\/Diapositive22-450x253.png 450w, https:\/\/www.culture-numerique.fr\/wp-content\/uploads\/2015\/05\/Diapositive22-600x338.png 600w, https:\/\/www.culture-numerique.fr\/wp-content\/uploads\/2015\/05\/Diapositive22-900x506.png 900w, https:\/\/www.culture-numerique.fr\/wp-content\/uploads\/2015\/05\/Diapositive22.png 960w\" sizes=\"auto, (max-width: 300px) 100vw, 300px\" \/><\/p>\n<p>Seuls les lyc\u00e9ens, dans le cadre de la vie lyc\u00e9enne et de sa repr\u00e9sentation, peuvent s&rsquo;initier, aujourd&rsquo;hui, de mani\u00e8re fort limit\u00e9e par ailleurs, \u00e0 la d\u00e9mocratie scolaire. Cette derni\u00e8re doit maintenant s&rsquo;\u00e9tendre aux coll\u00e9giens puis aux \u00e9coliers, qui doivent se voir offrir la possibilit\u00e9 de publier et s&rsquo;exprimer. <strong>L&rsquo;\u00e9ducation aux m\u00e9dias<\/strong> peut s&rsquo;enrichir de la n\u00e9gociation avec les \u00e9l\u00e8ves de r\u00e8gles de vie consensuelles et adapt\u00e9es au milieu scolaire.<\/p>\n<p><img loading=\"lazy\" decoding=\"async\" class=\"alignleft size-medium wp-image-3233\" src=\"http:\/\/www.culture-numerique.fr\/wp-content\/uploads\/2015\/05\/Diapositive23-300x169.png\" alt=\"Diapositive23\" width=\"300\" height=\"169\" srcset=\"https:\/\/www.culture-numerique.fr\/wp-content\/uploads\/2015\/05\/Diapositive23-300x169.png 300w, https:\/\/www.culture-numerique.fr\/wp-content\/uploads\/2015\/05\/Diapositive23-100x56.png 100w, https:\/\/www.culture-numerique.fr\/wp-content\/uploads\/2015\/05\/Diapositive23-150x84.png 150w, https:\/\/www.culture-numerique.fr\/wp-content\/uploads\/2015\/05\/Diapositive23-200x113.png 200w, https:\/\/www.culture-numerique.fr\/wp-content\/uploads\/2015\/05\/Diapositive23-450x253.png 450w, https:\/\/www.culture-numerique.fr\/wp-content\/uploads\/2015\/05\/Diapositive23-600x338.png 600w, https:\/\/www.culture-numerique.fr\/wp-content\/uploads\/2015\/05\/Diapositive23-900x506.png 900w, https:\/\/www.culture-numerique.fr\/wp-content\/uploads\/2015\/05\/Diapositive23.png 960w\" sizes=\"auto, (max-width: 300px) 100vw, 300px\" \/><\/p>\n<p>L&rsquo;institution, comme beaucoup de ses acteurs, a peur. C&rsquo;est cette peur\u00a0qui motive des r\u00e9ponses techniques toujours r\u00e9pressives aux difficult\u00e9s rencontr\u00e9es sur le chemin. C&rsquo;est d&rsquo;autant plus stupide qu&rsquo;il est possible, dans la tr\u00e8s grande majorit\u00e9 des cas, de s&rsquo;adapter et de trouver, voire de n\u00e9gocier, <strong>des r\u00e9ponses \u00e9ducatives<\/strong> et\u2026 p\u00e9dagogiques.<\/p>\n<p><img loading=\"lazy\" decoding=\"async\" class=\"alignleft size-medium wp-image-3234\" src=\"http:\/\/www.culture-numerique.fr\/wp-content\/uploads\/2015\/05\/Diapositive24-300x169.png\" alt=\"Diapositive24\" width=\"300\" height=\"169\" srcset=\"https:\/\/www.culture-numerique.fr\/wp-content\/uploads\/2015\/05\/Diapositive24-300x169.png 300w, https:\/\/www.culture-numerique.fr\/wp-content\/uploads\/2015\/05\/Diapositive24-100x56.png 100w, https:\/\/www.culture-numerique.fr\/wp-content\/uploads\/2015\/05\/Diapositive24-150x84.png 150w, https:\/\/www.culture-numerique.fr\/wp-content\/uploads\/2015\/05\/Diapositive24-200x113.png 200w, https:\/\/www.culture-numerique.fr\/wp-content\/uploads\/2015\/05\/Diapositive24-450x253.png 450w, https:\/\/www.culture-numerique.fr\/wp-content\/uploads\/2015\/05\/Diapositive24-600x338.png 600w, https:\/\/www.culture-numerique.fr\/wp-content\/uploads\/2015\/05\/Diapositive24-900x506.png 900w, https:\/\/www.culture-numerique.fr\/wp-content\/uploads\/2015\/05\/Diapositive24.png 960w\" sizes=\"auto, (max-width: 300px) 100vw, 300px\" \/>L&rsquo;internet scolaire est massivement censur\u00e9 et filtr\u00e9. S&rsquo;il est possible de r\u00e9fl\u00e9chir, de mani\u00e8re raisonn\u00e9e et \u00e9ducative, \u00e0 la meilleure mani\u00e8re de prot\u00e9ger les mineurs, dans la plupart des cas, <strong>cette censure impitoyable ne se justifie pas<\/strong>. Par ailleurs, de mani\u00e8re tr\u00e8s paradoxale, cette censure s&rsquo;oppose \u00e0 nombre de pratiques p\u00e9dagogiques dont, naturellement, l&rsquo;\u00e9ducation aux m\u00e9dias et \u00e0 l&rsquo;information, mais aussi les activit\u00e9s qui mettent en \u0153uvre les r\u00e9seaux sociaux g\u00e9n\u00e9ralement inaccessibles.<\/p>\n<p><img loading=\"lazy\" decoding=\"async\" class=\"alignleft size-medium wp-image-3235\" src=\"http:\/\/www.culture-numerique.fr\/wp-content\/uploads\/2015\/05\/Diapositive25-300x169.png\" alt=\"Diapositive25\" width=\"300\" height=\"169\" srcset=\"https:\/\/www.culture-numerique.fr\/wp-content\/uploads\/2015\/05\/Diapositive25-300x169.png 300w, https:\/\/www.culture-numerique.fr\/wp-content\/uploads\/2015\/05\/Diapositive25-100x56.png 100w, https:\/\/www.culture-numerique.fr\/wp-content\/uploads\/2015\/05\/Diapositive25-150x84.png 150w, https:\/\/www.culture-numerique.fr\/wp-content\/uploads\/2015\/05\/Diapositive25-200x113.png 200w, https:\/\/www.culture-numerique.fr\/wp-content\/uploads\/2015\/05\/Diapositive25-450x253.png 450w, https:\/\/www.culture-numerique.fr\/wp-content\/uploads\/2015\/05\/Diapositive25-600x338.png 600w, https:\/\/www.culture-numerique.fr\/wp-content\/uploads\/2015\/05\/Diapositive25-900x506.png 900w, https:\/\/www.culture-numerique.fr\/wp-content\/uploads\/2015\/05\/Diapositive25.png 960w\" sizes=\"auto, (max-width: 300px) 100vw, 300px\" \/><\/p>\n<p>C&rsquo;est un nouvel enjeu qui est apparu de la n\u00e9cessit\u00e9 de d\u00e9chiffrer et de d\u00e9construire les croyances n\u00e9es de la consultation de sites ou de r\u00e9seaux qui v\u00e9hiculent la d\u00e9sinformation. On n&rsquo;en con\u00e7oit que plus ais\u00e9ment la n\u00e9cessit\u00e9 d&rsquo;<strong>une \u00e9ducation \u00e0 l&rsquo;information<\/strong>, dans le cadre des enseignements documentaires mais pas seulement.<\/p>\n<p><img loading=\"lazy\" decoding=\"async\" class=\"alignleft size-medium wp-image-3236\" src=\"http:\/\/www.culture-numerique.fr\/wp-content\/uploads\/2015\/05\/Diapositive26-300x169.png\" alt=\"Diapositive26\" width=\"300\" height=\"169\" srcset=\"https:\/\/www.culture-numerique.fr\/wp-content\/uploads\/2015\/05\/Diapositive26-300x169.png 300w, https:\/\/www.culture-numerique.fr\/wp-content\/uploads\/2015\/05\/Diapositive26-100x56.png 100w, https:\/\/www.culture-numerique.fr\/wp-content\/uploads\/2015\/05\/Diapositive26-150x84.png 150w, https:\/\/www.culture-numerique.fr\/wp-content\/uploads\/2015\/05\/Diapositive26-200x113.png 200w, https:\/\/www.culture-numerique.fr\/wp-content\/uploads\/2015\/05\/Diapositive26-450x253.png 450w, https:\/\/www.culture-numerique.fr\/wp-content\/uploads\/2015\/05\/Diapositive26-600x338.png 600w, https:\/\/www.culture-numerique.fr\/wp-content\/uploads\/2015\/05\/Diapositive26-900x506.png 900w, https:\/\/www.culture-numerique.fr\/wp-content\/uploads\/2015\/05\/Diapositive26.png 960w\" sizes=\"auto, (max-width: 300px) 100vw, 300px\" \/><\/p>\n<p>Ce point est sensible. Il faut pourtant comprendre qu&rsquo;il n&rsquo;y a plus grand monde, au-del\u00e0 du baccalaur\u00e9at, \u00e0 l&rsquo;Universit\u00e9 ou dans le monde du travail, qui \u00e9crive encore de mani\u00e8re cursive. N&rsquo;est-il pas n\u00e9cessaire, comme d&rsquo;autres pays l&rsquo;ont d\u00e9j\u00e0 fait, de se concentrer davantage sur <strong>l&rsquo;apprentissage d&rsquo;une \u00e9criture manuelle scripte<\/strong> dont les caract\u00e8res sont plus proches que ceux que l&rsquo;on peut observer ou saisir \u00e0 l&rsquo;\u00e9cran et imprimer\u00a0?<\/p>\n<p><img loading=\"lazy\" decoding=\"async\" class=\"alignleft size-medium wp-image-3237\" src=\"http:\/\/www.culture-numerique.fr\/wp-content\/uploads\/2015\/05\/Diapositive27-300x169.png\" alt=\"Diapositive27\" width=\"300\" height=\"169\" srcset=\"https:\/\/www.culture-numerique.fr\/wp-content\/uploads\/2015\/05\/Diapositive27-300x169.png 300w, https:\/\/www.culture-numerique.fr\/wp-content\/uploads\/2015\/05\/Diapositive27-100x56.png 100w, https:\/\/www.culture-numerique.fr\/wp-content\/uploads\/2015\/05\/Diapositive27-150x84.png 150w, https:\/\/www.culture-numerique.fr\/wp-content\/uploads\/2015\/05\/Diapositive27-200x113.png 200w, https:\/\/www.culture-numerique.fr\/wp-content\/uploads\/2015\/05\/Diapositive27-450x253.png 450w, https:\/\/www.culture-numerique.fr\/wp-content\/uploads\/2015\/05\/Diapositive27-600x338.png 600w, https:\/\/www.culture-numerique.fr\/wp-content\/uploads\/2015\/05\/Diapositive27-900x506.png 900w, https:\/\/www.culture-numerique.fr\/wp-content\/uploads\/2015\/05\/Diapositive27.png 960w\" sizes=\"auto, (max-width: 300px) 100vw, 300px\" \/><\/p>\n<p>Ce d\u00e9fi concerne l&rsquo;encadrement administratif comme p\u00e9dagogique qui doit s&rsquo;adapter et changer ses m\u00e9thodes de management. \u00c0 l&rsquo;heure du num\u00e9rique, il doit se concentrer sur <strong>l&rsquo;animation des communaut\u00e9s en ligne<\/strong> de professeurs et valoriser et diffuser l&rsquo;innovation n\u00e9e dans les classes, \u00e0 leur impulsion. C&rsquo;est l&rsquo;ensemble des missions de l&rsquo;encadrement qui doit \u00eatre repens\u00e9.<\/p>\n<p><img loading=\"lazy\" decoding=\"async\" class=\"alignleft size-medium wp-image-3238\" src=\"http:\/\/www.culture-numerique.fr\/wp-content\/uploads\/2015\/05\/Diapositive28-300x169.png\" alt=\"Diapositive28\" width=\"300\" height=\"169\" srcset=\"https:\/\/www.culture-numerique.fr\/wp-content\/uploads\/2015\/05\/Diapositive28-300x169.png 300w, https:\/\/www.culture-numerique.fr\/wp-content\/uploads\/2015\/05\/Diapositive28-100x56.png 100w, https:\/\/www.culture-numerique.fr\/wp-content\/uploads\/2015\/05\/Diapositive28-150x84.png 150w, https:\/\/www.culture-numerique.fr\/wp-content\/uploads\/2015\/05\/Diapositive28-200x113.png 200w, https:\/\/www.culture-numerique.fr\/wp-content\/uploads\/2015\/05\/Diapositive28-450x253.png 450w, https:\/\/www.culture-numerique.fr\/wp-content\/uploads\/2015\/05\/Diapositive28-600x338.png 600w, https:\/\/www.culture-numerique.fr\/wp-content\/uploads\/2015\/05\/Diapositive28-900x506.png 900w, https:\/\/www.culture-numerique.fr\/wp-content\/uploads\/2015\/05\/Diapositive28.png 960w\" sizes=\"auto, (max-width: 300px) 100vw, 300px\" \/><\/p>\n<p>Il existe une tendance naturelle \u00e0 diff\u00e9rer les d\u00e9cisions \u00e0 prendre en multipliant les temps d&rsquo;observation, d&rsquo;exp\u00e9rimentation \u2014\u00a0comme s&rsquo;il s&rsquo;agissait une fois de plus de v\u00e9rifier que le num\u00e9rique a sa place dans les pratiques d&rsquo;enseignement. Par ailleurs, la recherche a sa place \u00e9videmment \u00e0 condition qu&rsquo;elle soit capable d&rsquo;<strong>\u00e9valuer en avan\u00e7ant<\/strong>. La recherche ne peut \u00eatre un temps d&rsquo;arr\u00eat au changement.<\/p>\n<p><img loading=\"lazy\" decoding=\"async\" class=\"alignleft size-medium wp-image-3239\" src=\"http:\/\/www.culture-numerique.fr\/wp-content\/uploads\/2015\/05\/Diapositive29-300x169.png\" alt=\"Diapositive29\" width=\"300\" height=\"169\" srcset=\"https:\/\/www.culture-numerique.fr\/wp-content\/uploads\/2015\/05\/Diapositive29-300x169.png 300w, https:\/\/www.culture-numerique.fr\/wp-content\/uploads\/2015\/05\/Diapositive29-100x56.png 100w, https:\/\/www.culture-numerique.fr\/wp-content\/uploads\/2015\/05\/Diapositive29-150x84.png 150w, https:\/\/www.culture-numerique.fr\/wp-content\/uploads\/2015\/05\/Diapositive29-200x113.png 200w, https:\/\/www.culture-numerique.fr\/wp-content\/uploads\/2015\/05\/Diapositive29-450x253.png 450w, https:\/\/www.culture-numerique.fr\/wp-content\/uploads\/2015\/05\/Diapositive29-600x338.png 600w, https:\/\/www.culture-numerique.fr\/wp-content\/uploads\/2015\/05\/Diapositive29-900x506.png 900w, https:\/\/www.culture-numerique.fr\/wp-content\/uploads\/2015\/05\/Diapositive29.png 960w\" sizes=\"auto, (max-width: 300px) 100vw, 300px\" \/><\/p>\n<p>Depuis des ann\u00e9es, le langage commun a install\u00e9 comme une vertu le d\u00e9veloppement des usages. Or, bien souvent et en cons\u00e9quence, les cadres et les professeurs ont adopt\u00e9 des\u00a0postures d&rsquo;usagers, voire de simples consommateurs du num\u00e9rique, non comme moteurs du changement mais \u00e0 la remorque de ce dernier. C&rsquo;est ce mod\u00e8le anesth\u00e9siant qu&rsquo;il faut changer pour adopter, <em>a contrario<\/em>, <strong>une attitude engag\u00e9e et volontaire<\/strong> qui ouvre la voie \u00e0 l&rsquo;acquisition d&rsquo;une culture num\u00e9rique.<\/p>\n<p><img loading=\"lazy\" decoding=\"async\" class=\"alignleft size-medium wp-image-3240\" src=\"http:\/\/www.culture-numerique.fr\/wp-content\/uploads\/2015\/05\/Diapositive30-300x169.png\" alt=\"Diapositive30\" width=\"300\" height=\"169\" srcset=\"https:\/\/www.culture-numerique.fr\/wp-content\/uploads\/2015\/05\/Diapositive30-300x169.png 300w, https:\/\/www.culture-numerique.fr\/wp-content\/uploads\/2015\/05\/Diapositive30-100x56.png 100w, https:\/\/www.culture-numerique.fr\/wp-content\/uploads\/2015\/05\/Diapositive30-150x84.png 150w, https:\/\/www.culture-numerique.fr\/wp-content\/uploads\/2015\/05\/Diapositive30-200x113.png 200w, https:\/\/www.culture-numerique.fr\/wp-content\/uploads\/2015\/05\/Diapositive30-450x253.png 450w, https:\/\/www.culture-numerique.fr\/wp-content\/uploads\/2015\/05\/Diapositive30-600x338.png 600w, https:\/\/www.culture-numerique.fr\/wp-content\/uploads\/2015\/05\/Diapositive30-900x506.png 900w, https:\/\/www.culture-numerique.fr\/wp-content\/uploads\/2015\/05\/Diapositive30.png 960w\" sizes=\"auto, (max-width: 300px) 100vw, 300px\" \/><\/p>\n<p>Il persiste l&rsquo;id\u00e9e que la meilleure \u00e9cole est celle qu&rsquo;on a fr\u00e9quent\u00e9, vingt ou trente ans auparavant. Il est n\u00e9cessaire de d\u00e9construire cette croyance persistante qui emp\u00eache d&rsquo;ouvrir les yeux et d&rsquo;\u00eatre <strong>moteur du changement<\/strong>. Les parents, en particulier, voient d&rsquo;un tr\u00e8s mauvais \u0153il que l&rsquo;enseignement qui est prodigu\u00e9 \u00e0 leur ch\u00e9rubin soit diff\u00e9rent de celui qu&rsquo;ils ont re\u00e7u eux-m\u00eames. C&rsquo;est souvent source d&rsquo;incompr\u00e9hension.<\/p>\n<p><img loading=\"lazy\" decoding=\"async\" class=\"alignleft size-medium wp-image-3241\" src=\"http:\/\/www.culture-numerique.fr\/wp-content\/uploads\/2015\/05\/Diapositive31-300x169.png\" alt=\"Diapositive31\" width=\"300\" height=\"169\" srcset=\"https:\/\/www.culture-numerique.fr\/wp-content\/uploads\/2015\/05\/Diapositive31-300x169.png 300w, https:\/\/www.culture-numerique.fr\/wp-content\/uploads\/2015\/05\/Diapositive31-100x56.png 100w, https:\/\/www.culture-numerique.fr\/wp-content\/uploads\/2015\/05\/Diapositive31-150x84.png 150w, https:\/\/www.culture-numerique.fr\/wp-content\/uploads\/2015\/05\/Diapositive31-200x113.png 200w, https:\/\/www.culture-numerique.fr\/wp-content\/uploads\/2015\/05\/Diapositive31-450x253.png 450w, https:\/\/www.culture-numerique.fr\/wp-content\/uploads\/2015\/05\/Diapositive31-600x338.png 600w, https:\/\/www.culture-numerique.fr\/wp-content\/uploads\/2015\/05\/Diapositive31-900x506.png 900w, https:\/\/www.culture-numerique.fr\/wp-content\/uploads\/2015\/05\/Diapositive31.png 960w\" sizes=\"auto, (max-width: 300px) 100vw, 300px\" \/><\/p>\n<p>Est-ce la peine de commenter\u00a0? Cet argument ultime du d\u00e9bat sur l&rsquo;\u00e9cole ne vaut plus tripette. <strong>Tout a chang\u00e9<\/strong>, la soci\u00e9t\u00e9 bien s\u00fbr mais surtout les \u00e9l\u00e8ves.<\/p>\n<hr \/>\n<p><iframe loading=\"lazy\" style=\"border: 1px solid #CCC; border-width: 1px; margin-bottom: 5px; max-width: 100%;\" src=\"\/\/fr.slideshare.net\/slideshow\/embed_code\/key\/hgS02Mcz7aX6Q8\" width=\"510\" height=\"420\" frameborder=\"0\" marginwidth=\"0\" marginheight=\"0\" scrolling=\"no\" allowfullscreen=\"allowfullscreen\"> <\/iframe><\/p>\n<div style=\"margin-bottom: 5px;\"><strong> <a title=\"Des pratiques num\u00e9riques des jeunes aux enjeux pour l'\u00e9cole\" href=\"\/\/fr.slideshare.net\/mguillou\/des-pratiques-numriques-des-jeunes-aux-les-enjeux-pour-lcole-2\" target=\"_blank\">Des pratiques num\u00e9riques des jeunes aux enjeux pour l&rsquo;\u00e9cole<\/a> <\/strong> de <strong><a href=\"\/\/www.slideshare.net\/mguillou\" target=\"_blank\">Michel Guillou<\/a><\/strong><\/div>\n<p>Michel Guillou\u00a0<a href=\"https:\/\/twitter.com\/michelguillou\" target=\"_blank\">@michelguillou<\/a><\/p>\n<p><a href=\"http:\/\/creativecommons.org\/licenses\/by-nc-sa\/2.0\/fr\/\" target=\"_blank\"><img loading=\"lazy\" decoding=\"async\" src=\"http:\/\/i.creativecommons.org\/l\/by-nc-sa\/2.0\/fr\/80x15.png\" alt=\"image\" width=\"80\" height=\"15\" \/><\/a><\/p>\n<p>Cr\u00e9dit photo\u00a0:\u00a0<a href=\"http:\/\/www.flickr.com\/photos\/56581343@N04\/15705894061\">Coll\u00e8ge le Racinay<\/a> via <a href=\"http:\/\/photopin.com\">photopin<\/a> <a href=\"https:\/\/creativecommons.org\/licenses\/by-nd\/2.0\/\">(licence)<\/a><\/p>\n","protected":false},"excerpt":{"rendered":"<p><img loading=\"lazy\" decoding=\"async\" class=\"aligncenter size-full wp-image-3242\" src=\"http:\/\/www.culture-numerique.fr\/wp-content\/uploads\/2015\/05\/15705894061_4b8db7ff6f_b.jpg\" alt=\"Le Racinay\" width=\"1024\" height=\"683\" srcset=\"https:\/\/www.culture-numerique.fr\/wp-content\/uploads\/2015\/05\/15705894061_4b8db7ff6f_b.jpg 1024w, https:\/\/www.culture-numerique.fr\/wp-content\/uploads\/2015\/05\/15705894061_4b8db7ff6f_b-300x200.jpg 300w, https:\/\/www.culture-numerique.fr\/wp-content\/uploads\/2015\/05\/15705894061_4b8db7ff6f_b-100x67.jpg 100w, https:\/\/www.culture-numerique.fr\/wp-content\/uploads\/2015\/05\/15705894061_4b8db7ff6f_b-150x100.jpg 150w, https:\/\/www.culture-numerique.fr\/wp-content\/uploads\/2015\/05\/15705894061_4b8db7ff6f_b-200x133.jpg 200w, https:\/\/www.culture-numerique.fr\/wp-content\/uploads\/2015\/05\/15705894061_4b8db7ff6f_b-450x300.jpg 450w, https:\/\/www.culture-numerique.fr\/wp-content\/uploads\/2015\/05\/15705894061_4b8db7ff6f_b-600x400.jpg 600w, https:\/\/www.culture-numerique.fr\/wp-content\/uploads\/2015\/05\/15705894061_4b8db7ff6f_b-900x600.jpg 900w\" sizes=\"auto, (max-width: 1024px) 100vw, 1024px\" \/><\/p>\n<p><strong>Pour tout vous dire<\/strong>, j&rsquo;ai un peu de mal avec la r\u00e9forme du coll\u00e8ge telle qu&rsquo;elle fut mise au d\u00e9bat et telle qu&rsquo;elle a \u00e9t\u00e9 d\u00e9cid\u00e9e r\u00e9cemment. Les arguments avanc\u00e9s s\u00e9rieusement\u00a0\u2014\u00a0je n&rsquo;ai tenu strictement aucun compte des pitreries politiques ass\u00e9n\u00e9es par les anciens ministres de l&rsquo;\u00c9ducation nationale\u00a0\u2014 ne m&rsquo;ont gu\u00e8re convaincu,<\/p>\n<p><span class=\"ellipsis\">&hellip;<\/span><\/p>\n<div class=\"read-more\"><a href=\"https:\/\/www.culture-numerique.fr\/?p=3207\">Lire la suite &#8250;<\/a><\/div>\n<p><!-- end of .read-more --><\/p>\n","protected":false},"author":1,"featured_media":3242,"comment_status":"open","ping_status":"open","sticky":false,"template":"","format":"standard","meta":{"jetpack_post_was_ever_published":false,"_jetpack_newsletter_access":"","_jetpack_dont_email_post_to_subs":false,"_jetpack_newsletter_tier_id":0,"_jetpack_memberships_contains_paywalled_content":false,"_jetpack_memberships_contains_paid_content":false,"footnotes":""},"categories":[9,36],"tags":[596,593,52,599,367,386,111,80,400,460,598,597,4,31,491,229],"class_list":["post-3207","post","type-post","status-publish","format-standard","has-post-thumbnail","hentry","category-billets-dhumeur","category-ressources","tag-changement","tag-changer-lecole","tag-culture-numerique","tag-defis","tag-diaporama","tag-education-a-linformation","tag-education-aux-medias","tag-engagement-numerique","tag-enjeux-du-numerique","tag-humanites-numeriques","tag-immobilisme","tag-interdisciplinarite","tag-numerique-educatif","tag-pratiques-des-jeunes","tag-referents-numeriques","tag-transdisciplinarite"],"jetpack_featured_media_url":"https:\/\/www.culture-numerique.fr\/wp-content\/uploads\/2015\/05\/15705894061_4b8db7ff6f_b.jpg","jetpack_sharing_enabled":true,"_links":{"self":[{"href":"https:\/\/www.culture-numerique.fr\/index.php?rest_route=\/wp\/v2\/posts\/3207","targetHints":{"allow":["GET"]}}],"collection":[{"href":"https:\/\/www.culture-numerique.fr\/index.php?rest_route=\/wp\/v2\/posts"}],"about":[{"href":"https:\/\/www.culture-numerique.fr\/index.php?rest_route=\/wp\/v2\/types\/post"}],"author":[{"embeddable":true,"href":"https:\/\/www.culture-numerique.fr\/index.php?rest_route=\/wp\/v2\/users\/1"}],"replies":[{"embeddable":true,"href":"https:\/\/www.culture-numerique.fr\/index.php?rest_route=%2Fwp%2Fv2%2Fcomments&post=3207"}],"version-history":[{"count":53,"href":"https:\/\/www.culture-numerique.fr\/index.php?rest_route=\/wp\/v2\/posts\/3207\/revisions"}],"predecessor-version":[{"id":3292,"href":"https:\/\/www.culture-numerique.fr\/index.php?rest_route=\/wp\/v2\/posts\/3207\/revisions\/3292"}],"wp:featuredmedia":[{"embeddable":true,"href":"https:\/\/www.culture-numerique.fr\/index.php?rest_route=\/wp\/v2\/media\/3242"}],"wp:attachment":[{"href":"https:\/\/www.culture-numerique.fr\/index.php?rest_route=%2Fwp%2Fv2%2Fmedia&parent=3207"}],"wp:term":[{"taxonomy":"category","embeddable":true,"href":"https:\/\/www.culture-numerique.fr\/index.php?rest_route=%2Fwp%2Fv2%2Fcategories&post=3207"},{"taxonomy":"post_tag","embeddable":true,"href":"https:\/\/www.culture-numerique.fr\/index.php?rest_route=%2Fwp%2Fv2%2Ftags&post=3207"}],"curies":[{"name":"wp","href":"https:\/\/api.w.org\/{rel}","templated":true}]}}