{"id":3167,"date":"2015-05-18T09:41:42","date_gmt":"2015-05-18T07:41:42","guid":{"rendered":"http:\/\/www.culture-numerique.fr\/?p=3167"},"modified":"2019-06-11T12:23:47","modified_gmt":"2019-06-11T10:23:47","slug":"les-nouveaux-inquisiteurs-des-autodafes-numeriques","status":"publish","type":"post","link":"https:\/\/www.culture-numerique.fr\/?p=3167","title":{"rendered":"Les nouveaux inquisiteurs des autodaf\u00e9s num\u00e9riques"},"content":{"rendered":"<p><img loading=\"lazy\" decoding=\"async\" class=\" size-full wp-image-3170 aligncenter\" src=\"http:\/\/www.culture-numerique.fr\/wp-content\/uploads\/2015\/05\/smartphone-597284_1280.jpg\" alt=\"Smartphones\" width=\"1280\" height=\"853\" srcset=\"https:\/\/www.culture-numerique.fr\/wp-content\/uploads\/2015\/05\/smartphone-597284_1280.jpg 1280w, https:\/\/www.culture-numerique.fr\/wp-content\/uploads\/2015\/05\/smartphone-597284_1280-300x200.jpg 300w, https:\/\/www.culture-numerique.fr\/wp-content\/uploads\/2015\/05\/smartphone-597284_1280-1024x682.jpg 1024w, https:\/\/www.culture-numerique.fr\/wp-content\/uploads\/2015\/05\/smartphone-597284_1280-100x67.jpg 100w, https:\/\/www.culture-numerique.fr\/wp-content\/uploads\/2015\/05\/smartphone-597284_1280-150x100.jpg 150w, https:\/\/www.culture-numerique.fr\/wp-content\/uploads\/2015\/05\/smartphone-597284_1280-200x133.jpg 200w, https:\/\/www.culture-numerique.fr\/wp-content\/uploads\/2015\/05\/smartphone-597284_1280-450x300.jpg 450w, https:\/\/www.culture-numerique.fr\/wp-content\/uploads\/2015\/05\/smartphone-597284_1280-600x400.jpg 600w, https:\/\/www.culture-numerique.fr\/wp-content\/uploads\/2015\/05\/smartphone-597284_1280-900x600.jpg 900w\" sizes=\"auto, (max-width: 1280px) 100vw, 1280px\" \/><\/p>\n<p><strong>Bon, c&rsquo;est vrai<\/strong>, il y a cette incroyable campagne de \u2014\u00a0mauvaise\u00a0\u2014 presse dirigeant ses attaques contre la r\u00e9forme du coll\u00e8ge \u00e0 coups d&rsquo;arguments plus outranciers et lamentables les uns que les autres\u2026 relayant parfois les propos fielleux de la cohorte habituelle des r\u00e9actionnaires dogmatiques qui ne peuvent imaginer qu&rsquo;on touche quoi que ce soit \u00e0 leur \u00e9cole, celle qui les a accueillis il y a\u2026 cinquante ans\u00a0! Vous savez, les tenants du \u00ab\u00a0c&rsquo;\u00e9tait mieux avant\u00a0\u00bb !<\/p>\n<p>Mais comment croyez-vous que je sois au courant de ces pantalonnades\u00a0? Par leurs auteurs, bien s\u00fbr, qui n&rsquo;ont peur de rien, quoique je m&rsquo;efforce d&rsquo;\u00e9viter la lecture de certains m\u00e9dias. Mais ceux qui mettent le plus souvent en avant\u00a0complaisamment ces d\u00e9lires et les partagent sur les r\u00e9seaux sont ceux-l\u00e0 m\u00eames qui croient les combattre de cette mani\u00e8re, sans \u00eatre bien souvent en capacit\u00e9 d&rsquo;avancer quelque argument que ce soit en faveur de ladite\u00a0r\u00e9forme.<\/p>\n<p>Je plains vraiment celui qui cherche ainsi \u00e0 se construire une\u00a0opinion \u00e0 ce sujet.<\/p>\n<p><a href=\"https:\/\/twitter.com\/davidenkoff\" target=\"_blank\" rel=\"noopener noreferrer\">Emmanuel Davidenkoff<\/a> <a href=\"http:\/\/www.lexpress.fr\/education\/les-trois-revolutions-numeriques-qui-attendent-l-ecole_1679682.html\">avan\u00e7ait r\u00e9cemment<\/a> que le chantier du num\u00e9rique \u00e0 l&rsquo;\u00e9cole pouvait peut-\u00eatre tirer profit du\u00a0fait qu&rsquo;il\u00a0ait \u00e9t\u00e9 rel\u00e9gu\u00e9 \u00e0 cette occasion au second plan m\u00e9diatique ce qui, paradoxalement, lui donnait une\u00a0meilleure chance d&rsquo;aboutir.<\/p>\n<p><strong>Je n&rsquo;y crois pas une seconde<\/strong>.<\/p>\n<p>Tout simplement parce que le quarteron de ceux qui s&rsquo;opposent avec tant de force \u00e0 la r\u00e9forme du coll\u00e8ge sont exactement les m\u00eames que ceux qui s&rsquo;opposent aux changements induits dans l&rsquo;\u00e9cole avec le num\u00e9rique. Cela saute aux yeux, ce sont les m\u00eames, vous dis-je, qui, <strong>apeur\u00e9s et incapables d&rsquo;exercer leur raison<\/strong>, s&rsquo;auto-persuadent que demain sera responsable de la crise de la transmission, de la m\u00e9diation, de l&rsquo;inattention des \u00e9l\u00e8ves, de la disparition de l&rsquo;\u00e9criture cursive, de la transversalit\u00e9 de certaines comp\u00e9tences et donc de l&rsquo;explosion des disciplines, de la\u00a0casse des chaires, estrades et autres pi\u00e9destaux et de la perte de confiance dans la parole magistrale et de consid\u00e9ration pour le noble m\u00e9tier d&rsquo;enseignant. Idem hors de l&rsquo;\u00e9cole pour\u00a0la mise \u00e0 mal des valeurs familiales, des piliers de la R\u00e9publique, la mont\u00e9e des incivilit\u00e9s, sans compter la recrudescence des vols de sacs \u00e0 main, la chute de l&rsquo;euro, le r\u00e9chauffement climatique et les maladies sexuellement transmissibles\u2026<\/p>\n<p><strong>Mais qui sont ces gens transis de peur\u00a0?<\/strong> Quels sont leurs r\u00e9seaux\u00a0? Prenez au hasard un sujet sensible comme celui de l&rsquo;\u00e9criture cursive ou\u00a0celui des manuels scolaires et lancez-le, \u00e0 l&rsquo;occasion, dans une soir\u00e9e entre amis\u2026 Vous verrez les nuques se raidir, les yeux se r\u00e9vulser, les mains trembler\u2026 Ces gens-l\u00e0, vos amis, que vous croyiez ouverts \u00e0 une certaine forme de modernit\u00e9 et perm\u00e9ables au changement, dont vous savez qu&rsquo;ils poss\u00e8dent des liseuses et n&rsquo;\u00e9crivent plus jamais \u00e0 la main, ces gens-l\u00e0 vous diront tout de go que les pleins et les d\u00e9li\u00e9s, c&rsquo;est trop beau, que \u00e7a donne le go\u00fbt de l&rsquo;effort aux enfants ou que les <a href=\"https:\/\/fr.wikipedia.org\/wiki\/Gaffiot\" target=\"_blank\" rel=\"noopener noreferrer\">Gaffiot<\/a> sentaient si bon\u2026 Pire, \u00e0 l&rsquo;instar de\u00a0certains\u00a0linguistes complaisamment invit\u00e9s\u00a0sur de grands m\u00e9dias r\u00e9cemment, ils vous sortiront de derri\u00e8re les fagots une \u00e9tude non dat\u00e9e mais de premier choix \u2014\u00a0que dire contre une \u00e9tude scientifique\u00a0?\u00a0\u2014 qui vous\u00a0ass\u00e9nera que non, justement, la ligature cursive entre le \u00ab\u00a0m\u00a0\u00bb et le \u00ab\u00a0e\u00a0\u00bb se construit dans telle zone du cortex c\u00e9r\u00e9bral qui est justement, c&rsquo;est bien connu, le si\u00e8ge de l&rsquo;intelligence, alors que, <em>a contrario<\/em>, la cr\u00e9tinerie guette l&rsquo;apprenant scripteur s&rsquo;il ne lie pas ces deux lettres\u2026 Sic.<\/p>\n<h3>On croyait d\u00e9j\u00e0 au pire<\/h3>\n<p>Les r\u00e9actionnaires frileux et angoiss\u00e9s sont partout. Tenez, tout r\u00e9cemment, le\u00a0minist\u00e8re de l&rsquo;\u00c9ducation nationale prend l&rsquo;initiative, de distiller, <a href=\"http:\/\/www.education.gouv.fr\/cid87732\/bac-2015-nos-conseils-pour-bien-se-preparer.html\" target=\"_blank\" rel=\"noopener noreferrer\">sur son site<\/a>, des conseils de pr\u00e9paration aux futurs bacheliers. On ne sait trop \u00e0 l&rsquo;initiative de qui, d&rsquo;ailleurs\u2026 Bon, c&rsquo;est un brin paternaliste et sexiste\u00a0\u2014\u00a0ce sont les filles qu&rsquo;on montre en train de papoter au t\u00e9l\u00e9phone, voir ci-dessous, alors que les gar\u00e7ons boivent du caf\u00e9 et fument au lit \u2014 mais c&rsquo;est techniquement bien fait. Je souhaite, en revanche, m&rsquo;attarder sur la vision ahurissante qu&rsquo;ont ces conseilleurs de ce que font vraiment les \u00e9l\u00e8ves avec leurs mobiles.<\/p>\n<p><img loading=\"lazy\" decoding=\"async\" class=\" size-full wp-image-3173 aligncenter\" src=\"http:\/\/www.culture-numerique.fr\/wp-content\/uploads\/2015\/05\/Rester-\u00e0-distance.jpg\" alt=\"Rester \u00e0 distance\" width=\"736\" height=\"480\" srcset=\"https:\/\/www.culture-numerique.fr\/wp-content\/uploads\/2015\/05\/Rester-\u00e0-distance.jpg 736w, https:\/\/www.culture-numerique.fr\/wp-content\/uploads\/2015\/05\/Rester-\u00e0-distance-300x196.jpg 300w, https:\/\/www.culture-numerique.fr\/wp-content\/uploads\/2015\/05\/Rester-\u00e0-distance-100x65.jpg 100w, https:\/\/www.culture-numerique.fr\/wp-content\/uploads\/2015\/05\/Rester-\u00e0-distance-150x98.jpg 150w, https:\/\/www.culture-numerique.fr\/wp-content\/uploads\/2015\/05\/Rester-\u00e0-distance-200x130.jpg 200w, https:\/\/www.culture-numerique.fr\/wp-content\/uploads\/2015\/05\/Rester-\u00e0-distance-450x293.jpg 450w, https:\/\/www.culture-numerique.fr\/wp-content\/uploads\/2015\/05\/Rester-\u00e0-distance-600x391.jpg 600w\" sizes=\"auto, (max-width: 736px) 100vw, 736px\" \/><\/p>\n<p>Comment dire ? Il \u00a0faut vraiment m\u00e9conna\u00eetre profond\u00e9ment les jeunes pour imaginer que les smartphones soient d&rsquo;abord de vrais t\u00e9l\u00e9phones, pour t\u00e9l\u00e9phoner ce que font rarement les jeunes, ou m\u00eame des causes de la perturbation du travail et, en l&rsquo;occurrence, des r\u00e9visions du bac. Il faut aussi projeter beaucoup d&rsquo;anxi\u00e9t\u00e9 sur ces objets pour ne pas savoir m\u00eame ce qu&rsquo;on peut faire avec\u2026<\/p>\n<p>Au-del\u00e0 du fait g\u00e9n\u00e9ralement admis qu&rsquo;ils sont le vecteur principal de la socialisation, donc de l&rsquo;appartenance \u00e0 un ou des groupes sociaux, qu&rsquo;ils contribuent ainsi grandement \u00e0 former une identit\u00e9 et une r\u00e9putation au sein de ces groupes, ils sont aussi <strong>un des moyens d&rsquo;\u00e9change et d&rsquo;acc\u00e8s \u00e0 la connaissance<\/strong> et aux savoirs du Monde, comme disait <a href=\"https:\/\/fr.wikipedia.org\/wiki\/Michel_Serres\" target=\"_blank\" rel=\"noopener noreferrer\">Michel Serres<\/a>, ce qui, au moment du baccalaur\u00e9at, peut s&rsquo;av\u00e9rer particuli\u00e8rement utile. Il s&rsquo;agit en l&rsquo;occurrence d&rsquo;acc\u00e9der aux documents qui peuvent avoir \u00e9t\u00e9 d\u00e9pos\u00e9s par les professeurs sur l&rsquo;Espace num\u00e9rique de travail, \u00e0 ceux que les camarades partagent eux-m\u00eames en ligne ou aux applications sp\u00e9cifiques\u00a0\u2014\u00a0tapez \u00ab\u00a0applications\u00a0\u00bb et \u00ab\u00a0baccalaur\u00e9at\u00a0\u00bb dans votre moteur de recherche favori pour vous faire une id\u00e9e de l&rsquo;offre pl\u00e9thorique.<\/p>\n<p>Bref, ces recommandations\u00a0et conseils sont stupides et m\u00e9prisants.<\/p>\n<h3>Mais le pire est \u00e0 venir<\/h3>\n<p>Figurez-vous que la presse <a href=\"http:\/\/www.lemonde.fr\/societe\/article\/2015\/05\/15\/enquete-sur-des-attouchements-entre-eleves-au-college-montaigne_4634367_3224.html\" target=\"_blank\" rel=\"noopener noreferrer\">relaie l&rsquo;information<\/a> selon laquelle de jeunes gar\u00e7ons de sixi\u00e8me d&rsquo;un coll\u00e8ge parisien de bonne r\u00e9putation auraient commis des attouchements sexuels sur des jeunes filles de leur classe. Ce n&rsquo;est tout de m\u00eame pas une grande nouveaut\u00e9 et cela est d\u00e9j\u00e0 arriv\u00e9 et arrivera encore, malheureusement. On se dit juste que les \u00e9l\u00e8ves d&rsquo;aujourd&rsquo;hui commencent bien t\u00f4t et on met en \u0153uvre, avec les parents, un travail \u00e9ducatif de rappel aux convenances et \u00e0 la loi. Peut-\u00eatre m\u00eame, pour les plus concern\u00e9s d&rsquo;entre eux, est-il possible de penser \u00e0 des sanctions et \u00e0 un accompagnement psychologique ad\u00e9quat\u2026<\/p>\n<p>La presse s&#8217;empare de l&rsquo;affaire et, profitant de sa pr\u00e9sence en direct de sa bonne ville de Pau, <em><a href=\"http:\/\/www.bfmtv.com\/\" target=\"_blank\" rel=\"noopener noreferrer\">BFM TV<\/a><\/em> interroge \u00e0 ce sujet <a href=\"https:\/\/fr.wikipedia.org\/wiki\/Fran%C3%A7ois_Bayrou\" target=\"_blank\" rel=\"noopener noreferrer\">Fran\u00e7ois Bayrou<\/a>, ex-ministre de l&rsquo;\u00c9ducation nationale qui nous d\u00e9livre sa r\u00e9flexion. \u00c9coutez, \u00e7a vaut son pesant de boudin b\u00e9arnais\u2026<\/p>\n<p><iframe loading=\"lazy\" src=\"https:\/\/www.youtube.com\/embed\/8T7Tpe6Ck4w\" width=\"560\" height=\"315\" frameborder=\"0\" allowfullscreen=\"allowfullscreen\"><\/iframe><\/p>\n<p>Bon, il faudrait rappeler \u00e0 cet ancien d\u00e9put\u00e9 que ses camarades s\u00e9nateurs ont fait ajouter, pendant l&rsquo;\u00e9t\u00e9 2010, un article au Code de l&rsquo;\u00e9ducation, <a href=\"http:\/\/www.legifrance.gouv.fr\/affichCodeArticle.do;jsessionid=9C42A3529777024F5E8D033F43A798B0.tpdjo11v_2?idArticle=LEGIARTI000022494861&amp;cidTexte=LEGITEXT000006071191&amp;dateTexte=vig\" target=\"_blank\" rel=\"noopener noreferrer\">l&rsquo;article\u00a0L511-5<\/a>, qui interdit, de fait, toute utilisation d&rsquo;un mobile dans les \u00e9coles et coll\u00e8ges. Peut-\u00eatre aussi conviendrait-il ensuite d&rsquo;expliquer \u00e0 cet \u00e9dile que les\u00a0jeunes ne sont \u00e9l\u00e8ves qu&rsquo;une petite partie de leur temps, que ce sont les parents qui ont offert \u00e0 leurs bambins cet objet\u00a0pour leur s\u00e9curit\u00e9 et qu&rsquo;une bonne action \u00e9ducative pour son\u00a0utilisation raisonn\u00e9e se fait d&rsquo;abord en famille\u2026<\/p>\n<p>Enfin, puisque c&rsquo;est l\u00e0 la question, <strong>quel est le rapport<\/strong> avec notre probl\u00e8me initial, celui d&rsquo;attouchements sur des jeunes filles\u00a0? Parce que ces mobiles permettent d&rsquo;acc\u00e9der \u00e0 des contenus peu adapt\u00e9s \u00e0 leur \u00e2ge, ce qui semble \u00eatre le cas ici aussi ? Sans doute cela existe-t-il et la famille doit-elle s&rsquo;en pr\u00e9occuper en construisant une relation de confiance et un dialogue pertinent \u00e0 ce sujet avec ces jeunes\u2026 Mais les attouchements existaient malheureusement d\u00e9j\u00e0 au mill\u00e9naire dernier et bien avant sans doute encore alors que l&rsquo;Internet et son\u00a0imagerie pornographique n&rsquo;existaient pas encore\u00a0!<\/p>\n<p>Tout cela n&rsquo;est pas tr\u00e8s s\u00e9rieux ni tr\u00e8s responsable de la part d&rsquo;un homme politique qui a souhait\u00e9 acc\u00e9der aux plus hautes responsabilit\u00e9s. De lui, comme de beaucoup d&rsquo;autres, on attend simplement un peu de discernement, d&rsquo;entendement, d&#8217;empathie avec son temps et les jeunes, <strong>de compr\u00e9hension bienveillante, de raison enfin<\/strong>.<\/p>\n<blockquote><p>\u00ab\u00a0La raison est g\u00e9n\u00e9ralement consid\u00e9r\u00e9e comme une facult\u00e9 propre de l&rsquo;esprit humain dont la mise en \u0153uvre lui permet de fixer des crit\u00e8res de v\u00e9rit\u00e9 et d&rsquo;erreur, de discerner le bien et le mal et aussi de mettre en \u0153uvre des moyens en vue d&rsquo;une fin donn\u00e9e.\u00a0\u00bb<\/p><\/blockquote>\n<p>Nos \u00e9lites et nos dirigeants inquisiteurs sembleraient, promoteurs des nouveaux autodaf\u00e9s de ce mill\u00e9naire \u00e0 l&rsquo;encontre des t\u00e9l\u00e9phones mobiles \u00e0 qui ils attribuent des fonctions diaboliques, au moment o\u00f9 on r\u00e9fl\u00e9chit par ailleurs \u00e0 leur mise en \u0153uvre raisonn\u00e9e, manquer du plus \u00e9l\u00e9mentaire de <strong>cette fameuse facult\u00e9 propre \u00e0 l&rsquo;esprit humain<\/strong>, comme nous l&rsquo;explique ci-dessus le tout aussi honni <a href=\"https:\/\/fr.wikipedia.org\/wiki\/Accueil\" target=\"_blank\" rel=\"noopener noreferrer\">Wikip\u00e9dia<\/a>.<\/p>\n<blockquote><p>\u00ab\u00a0La chose dont je suis certain, c\u2019est que ce n\u2019est pas avec la trouille qu\u2019on invente, qu\u2019on fait l\u2019avenir et qu\u2019on aide les enfants.\u00a0\u00bb<\/p><\/blockquote>\n<p><a href=\"http:\/\/www.lejdd.fr\/Societe\/Michel-Serres-ce-n-est-pas-avec-la-trouille-qu-on-invente-732636\" target=\"_blank\" rel=\"noopener noreferrer\">Ainsi s&rsquo;exprimait<\/a> tout r\u00e9cemment <a href=\"https:\/\/fr.wikipedia.org\/wiki\/Michel_Serres\" target=\"_blank\" rel=\"noopener noreferrer\">Michel Serres<\/a>, encore, \u00e0 propos des mutations technologiques. Il me donne l&rsquo;occasion de la conclusion car ce n&rsquo;est pas non plus avec la trouille qu&rsquo;on gouverne, qu&rsquo;on d\u00e9cide et, surtout, qu&rsquo;on \u00e9duque !<\/p>\n<p>Michel Guillou\u00a0<a href=\"https:\/\/twitter.com\/michelguillou\" target=\"_blank\" rel=\"noopener noreferrer\">@michelguillou<\/a><\/p>\n<p><a href=\"http:\/\/creativecommons.org\/licenses\/by-nc-sa\/2.0\/fr\/\" target=\"_blank\" rel=\"noopener noreferrer\"><img loading=\"lazy\" decoding=\"async\" src=\"http:\/\/i.creativecommons.org\/l\/by-nc-sa\/2.0\/fr\/80x15.png\" alt=\"image\" width=\"80\" height=\"15\" \/><\/a><\/p>\n<p>Cr\u00e9dit photo : <a href=\"http:\/\/pixabay.com\/fr\/users\/TaniaVdB-54472\/\">TaniaVdB<\/a>\u00a0sous licence\u00a0CC0 Public Domain via <a href=\"http:\/\/pixabay.com\/\">Pixabay<\/a><\/p>\n","protected":false},"excerpt":{"rendered":"<p><img loading=\"lazy\" decoding=\"async\" class=\" size-full wp-image-3170 aligncenter\" src=\"http:\/\/www.culture-numerique.fr\/wp-content\/uploads\/2015\/05\/smartphone-597284_1280.jpg\" alt=\"Smartphones\" width=\"1280\" height=\"853\" srcset=\"https:\/\/www.culture-numerique.fr\/wp-content\/uploads\/2015\/05\/smartphone-597284_1280.jpg 1280w, https:\/\/www.culture-numerique.fr\/wp-content\/uploads\/2015\/05\/smartphone-597284_1280-300x200.jpg 300w, https:\/\/www.culture-numerique.fr\/wp-content\/uploads\/2015\/05\/smartphone-597284_1280-1024x682.jpg 1024w, https:\/\/www.culture-numerique.fr\/wp-content\/uploads\/2015\/05\/smartphone-597284_1280-100x67.jpg 100w, https:\/\/www.culture-numerique.fr\/wp-content\/uploads\/2015\/05\/smartphone-597284_1280-150x100.jpg 150w, https:\/\/www.culture-numerique.fr\/wp-content\/uploads\/2015\/05\/smartphone-597284_1280-200x133.jpg 200w, https:\/\/www.culture-numerique.fr\/wp-content\/uploads\/2015\/05\/smartphone-597284_1280-450x300.jpg 450w, https:\/\/www.culture-numerique.fr\/wp-content\/uploads\/2015\/05\/smartphone-597284_1280-600x400.jpg 600w, https:\/\/www.culture-numerique.fr\/wp-content\/uploads\/2015\/05\/smartphone-597284_1280-900x600.jpg 900w\" sizes=\"auto, (max-width: 1280px) 100vw, 1280px\" \/><\/p>\n<p><strong>Bon, c&rsquo;est vrai<\/strong>, il y a cette incroyable campagne de \u2014\u00a0mauvaise\u00a0\u2014 presse dirigeant ses attaques contre la r\u00e9forme du coll\u00e8ge \u00e0 coups d&rsquo;arguments plus outranciers et lamentables les uns que les autres\u2026 relayant parfois les propos fielleux de la cohorte habituelle des r\u00e9actionnaires dogmatiques qui ne peuvent imaginer qu&rsquo;on touche quoi que ce soit \u00e0 leur \u00e9cole,<\/p>\n<p><span class=\"ellipsis\">&hellip;<\/span><\/p>\n<div class=\"read-more\"><a href=\"https:\/\/www.culture-numerique.fr\/?p=3167\">Lire la suite &#8250;<\/a><\/div>\n<p><!-- end of .read-more --><\/p>\n","protected":false},"author":1,"featured_media":3170,"comment_status":"open","ping_status":"open","sticky":false,"template":"","format":"standard","meta":{"jetpack_post_was_ever_published":false,"_jetpack_newsletter_access":"","_jetpack_dont_email_post_to_subs":false,"_jetpack_newsletter_tier_id":0,"_jetpack_memberships_contains_paywalled_content":false,"_jetpack_memberships_contains_paid_content":false,"footnotes":""},"categories":[9],"tags":[125,4,10,31,11,581,261,44,595,572],"class_list":["post-3167","post","type-post","status-publish","format-standard","has-post-thumbnail","hentry","category-billets-dhumeur","tag-baccalaureat","tag-numerique-educatif","tag-peur","tag-pratiques-des-jeunes","tag-raison","tag-reforme-du-college","tag-reputation","tag-smartphone","tag-socialisation","tag-usages-raisonnes"],"jetpack_featured_media_url":"https:\/\/www.culture-numerique.fr\/wp-content\/uploads\/2015\/05\/smartphone-597284_1280.jpg","jetpack_sharing_enabled":true,"_links":{"self":[{"href":"https:\/\/www.culture-numerique.fr\/index.php?rest_route=\/wp\/v2\/posts\/3167","targetHints":{"allow":["GET"]}}],"collection":[{"href":"https:\/\/www.culture-numerique.fr\/index.php?rest_route=\/wp\/v2\/posts"}],"about":[{"href":"https:\/\/www.culture-numerique.fr\/index.php?rest_route=\/wp\/v2\/types\/post"}],"author":[{"embeddable":true,"href":"https:\/\/www.culture-numerique.fr\/index.php?rest_route=\/wp\/v2\/users\/1"}],"replies":[{"embeddable":true,"href":"https:\/\/www.culture-numerique.fr\/index.php?rest_route=%2Fwp%2Fv2%2Fcomments&post=3167"}],"version-history":[{"count":36,"href":"https:\/\/www.culture-numerique.fr\/index.php?rest_route=\/wp\/v2\/posts\/3167\/revisions"}],"predecessor-version":[{"id":7989,"href":"https:\/\/www.culture-numerique.fr\/index.php?rest_route=\/wp\/v2\/posts\/3167\/revisions\/7989"}],"wp:featuredmedia":[{"embeddable":true,"href":"https:\/\/www.culture-numerique.fr\/index.php?rest_route=\/wp\/v2\/media\/3170"}],"wp:attachment":[{"href":"https:\/\/www.culture-numerique.fr\/index.php?rest_route=%2Fwp%2Fv2%2Fmedia&parent=3167"}],"wp:term":[{"taxonomy":"category","embeddable":true,"href":"https:\/\/www.culture-numerique.fr\/index.php?rest_route=%2Fwp%2Fv2%2Fcategories&post=3167"},{"taxonomy":"post_tag","embeddable":true,"href":"https:\/\/www.culture-numerique.fr\/index.php?rest_route=%2Fwp%2Fv2%2Ftags&post=3167"}],"curies":[{"name":"wp","href":"https:\/\/api.w.org\/{rel}","templated":true}]}}